{"id":58292,"date":"2020-09-29T14:11:26","date_gmt":"2020-09-29T17:11:26","guid":{"rendered":"https:\/\/portalnpm.com\/index.php\/2020\/09\/29\/cel-viana-e-junior-nobre-apresentam-plano-de-governo-participativo-e-confirma-participacao-no-debate-a-ser-realizado-pela-acinpi\/"},"modified":"2024-01-15T21:23:47","modified_gmt":"2024-01-16T00:23:47","slug":"cel-viana-e-junior-nobre-apresentam-plano-de-governo-participativo-e-confirma-participacao-no-debate-a-ser-realizado-pela-acinpi","status":"publish","type":"post","link":"https:\/\/portalnpm.com\/index.php\/2020\/09\/29\/cel-viana-e-junior-nobre-apresentam-plano-de-governo-participativo-e-confirma-participacao-no-debate-a-ser-realizado-pela-acinpi\/","title":{"rendered":"Cel. Viana e J\u00fanior Nobre apresentam Plano de Governo Participativo e confirma participa\u00e7\u00e3o no debate a ser realizado pela ACINPI"},"content":{"rendered":"<p><p style=\"text-align: justify;\">Na noite desta segunda-feira (28) os candidatos &agrave; prefeito e vice-prefeito, respectivamente, Cel. Edwaldo Viana (PSL) e o empres&aacute;rio e Policial Rodovi&aacute;rio Federal, J&uacute;nior Nobre (PSD), estiveram reunidos no centro da cidade com os candidatos de seus partidos que disputam as vagas do legislativo picoense.<\/p>\n<p style=\"text-align: justify;\">\n<p style=\"text-align: justify;\">Durante o encontro, Viana e Nobre falaram com os candidatos sobre a import&acirc;ncia de uma campanha limpa e feita no corpo a corpo, visitando as pessoas, caminhando e levando propostas &agrave; popula&ccedil;&atilde;o.<\/p>\n<figure id=\"attachment_26373\" aria-describedby=\"caption-attachment-26373\" style=\"width: 1280px\" class=\"wp-caption aligncenter\"><img fetchpriority=\"high\" decoding=\"async\" class=\"size-full wp-image-26373\" src=\"https:\/\/portalnpm.com\/wp-content\/uploads\/2024\/01\/IMG-20200929-WA0224.jpg\" alt=\"\" width=\"1280\" height=\"853\"><figcaption id=\"caption-attachment-26373\" class=\"wp-caption-text\">Coronel Viana e J&uacute;nior Nobre forma uni&atilde;o do PSL e PSD em Picos<\/figcaption><\/figure>\n<p style=\"text-align: justify;\">Na oportunidade, o Cel. Viana apresentou o Plano do Governo Participativo j&aacute; finalizado. Ele traz as propostas que foram pensadas nas necessidades da cidade e das pessoas: &ldquo;nosso plano de governo pensa a cidade integralmente, seja em seu meio urbano ou rural. A promo&ccedil;&atilde;o cont&iacute;nua da participa&ccedil;&atilde;o da sociedade civil, dos agentes p&uacute;blicos e dos empres&aacute;rios no planejamento estrat&eacute;gico do munic&iacute;pio, &eacute; o caminho mais efetivo para o enfrentamento dos obst&aacute;culos que impedem o desenvolvimento. Essa abordagem participativa instala um ciclo virtuoso de compromisso coletivo pela cidade de Picos, onde responsabilidades s&atilde;o compartilhadas. Nosso plano de governo &eacute; fruto de uma discuss&atilde;o conduzida por t&eacute;cnicos, lideran&ccedil;as locais e entidades representativas de diversos segmentos&rdquo;, afirma o Cel. Viana na apresenta&ccedil;&atilde;o do plano.<\/p>\n<p style=\"text-align: justify;\">Cel. Viana e J&uacute;nior Nobre continuam com a agenda de visitas, caminhadas e reuni&otilde;es, como j&aacute; faziam durante a pr&eacute;-campanha. A agenda dos candidatos pode ser acessada no Instagram oficial do Cel. Viana.<\/p>\n<p style=\"text-align: justify;\">Hoje (29):<br \/>\n8h: reuni&atilde;o com a presidente da Associa&ccedil;&atilde;o Comercial e Industrial de Picos, Raylla Rufino, para tratar sobre o debate a ser realizado pela institui&ccedil;&atilde;o. Nosso primeiro debate j&aacute; tem data marcada: ser&aacute; dia 06 outubro, pr&oacute;xima ter&ccedil;a-feira, &agrave;s 20h, no Audit&oacute;rio da Associa&ccedil;&atilde;o Comercial e Industrial de Picos.<\/p>\n<p style=\"text-align: justify;\">16h: caminhada e reuni&atilde;o no povoado Alto dos Canutos.<\/p>\n<p style=\"text-align: justify;\">20h30: visitas com o candidato a Vereador, Jhonata Moura, no bairro Parque de Exposi&ccedil;&atilde;o.<\/p>\n<p><strong>Fonte<\/strong><\/p>\n<p>: Assessoria<\/p><\/p>\n","protected":false},"excerpt":{"rendered":"<p>Na noite desta segunda-feira (28) os candidatos &agrave; prefeito e vice-prefeito, respectivamente, Cel. Edwaldo Viana (PSL) e o empres&aacute;rio e Policial Rodovi&aacute;rio Federal, J&uacute;nior Nobre (PSD), estiveram reunidos no centro da cidade com os candidatos de seus partidos que disputam as vagas do legislativo picoense. Durante o encontro, Viana e Nobre falaram com os candidatos &hellip;<\/p>\n","protected":false},"author":8,"featured_media":58293,"comment_status":"open","ping_status":"open","sticky":false,"template":"","format":"standard","meta":{"content-type":"","rop_custom_images_group":[],"rop_custom_messages_group":[],"rop_publish_now":"initial","rop_publish_now_accounts":{"facebook_2648258775420054_1618374048415101":""},"rop_publish_now_history":[],"rop_publish_now_status":"pending","footnotes":"","_jetpack_memberships_contains_paid_content":false},"categories":[113,127,130],"tags":[6766,745,524,6228],"yoast_head":"<!-- This site is optimized with the Yoast SEO plugin v22.3 - https:\/\/yoast.com\/wordpress\/plugins\/seo\/ -->\n<title>Cel. Viana e J\u00fanior Nobre apresentam Plano de Governo Participativo e confirma participa\u00e7\u00e3o no debate a ser realizado pela ACINPI<\/title>\n<meta name=\"robots\" content=\"index, follow, max-snippet:-1, max-image-preview:large, max-video-preview:-1\" \/>\n<link rel=\"canonical\" href=\"https:\/\/portalnpm.com\/index.php\/2020\/09\/29\/cel-viana-e-junior-nobre-apresentam-plano-de-governo-participativo-e-confirma-participacao-no-debate-a-ser-realizado-pela-acinpi\/\" \/>\n<meta property=\"og:locale\" content=\"pt_BR\" \/>\n<meta property=\"og:type\" content=\"article\" \/>\n<meta property=\"og:title\" content=\"Cel. Viana e J\u00fanior Nobre apresentam Plano de Governo Participativo e confirma participa\u00e7\u00e3o no debate a ser realizado pela ACINPI\" \/>\n<meta property=\"og:description\" content=\"Na noite desta segunda-feira (28) os candidatos &agrave; prefeito e vice-prefeito, respectivamente, Cel. Edwaldo Viana (PSL) e o empres&aacute;rio e Policial Rodovi&aacute;rio Federal, J&uacute;nior Nobre (PSD), estiveram reunidos no centro da cidade com os candidatos de seus partidos que disputam as vagas do legislativo picoense. Durante o encontro, Viana e Nobre falaram com os candidatos &hellip;\" \/>\n<meta property=\"og:url\" content=\"https:\/\/portalnpm.com\/index.php\/2020\/09\/29\/cel-viana-e-junior-nobre-apresentam-plano-de-governo-participativo-e-confirma-participacao-no-debate-a-ser-realizado-pela-acinpi\/\" \/>\n<meta property=\"og:site_name\" content=\"Portal NPM\" \/>\n<meta property=\"article:published_time\" content=\"2020-09-29T17:11:26+00:00\" \/>\n<meta property=\"article:modified_time\" content=\"2024-01-16T00:23:47+00:00\" \/>\n<meta property=\"og:image\" content=\"https:\/\/portalnpm.com\/wp-content\/uploads\/2024\/01\/IMG-20200929-WA0223.jpg\" \/>\n\t<meta property=\"og:image:width\" content=\"1280\" \/>\n\t<meta property=\"og:image:height\" content=\"853\" \/>\n\t<meta property=\"og:image:type\" content=\"image\/jpeg\" \/>\n<meta name=\"author\" content=\"Zenilton Lima\" \/>\n<meta name=\"twitter:card\" content=\"summary_large_image\" \/>\n<meta name=\"twitter:label1\" content=\"Escrito por\" \/>\n\t<meta name=\"twitter:data1\" content=\"Zenilton Lima\" \/>\n\t<meta name=\"twitter:label2\" content=\"Est. tempo de leitura\" \/>\n\t<meta name=\"twitter:data2\" content=\"2 minutos\" \/>\n<script type=\"application\/ld+json\" class=\"yoast-schema-graph\">{\"@context\":\"https:\/\/schema.org\",\"@graph\":[{\"@type\":\"WebPage\",\"@id\":\"https:\/\/portalnpm.com\/index.php\/2020\/09\/29\/cel-viana-e-junior-nobre-apresentam-plano-de-governo-participativo-e-confirma-participacao-no-debate-a-ser-realizado-pela-acinpi\/\",\"url\":\"https:\/\/portalnpm.com\/index.php\/2020\/09\/29\/cel-viana-e-junior-nobre-apresentam-plano-de-governo-participativo-e-confirma-participacao-no-debate-a-ser-realizado-pela-acinpi\/\",\"name\":\"Cel. Viana e J\u00fanior Nobre apresentam Plano de Governo Participativo e confirma participa\u00e7\u00e3o no debate a ser realizado pela ACINPI\",\"isPartOf\":{\"@id\":\"https:\/\/portalnpm.com\/#website\"},\"primaryImageOfPage\":{\"@id\":\"https:\/\/portalnpm.com\/index.php\/2020\/09\/29\/cel-viana-e-junior-nobre-apresentam-plano-de-governo-participativo-e-confirma-participacao-no-debate-a-ser-realizado-pela-acinpi\/#primaryimage\"},\"image\":{\"@id\":\"https:\/\/portalnpm.com\/index.php\/2020\/09\/29\/cel-viana-e-junior-nobre-apresentam-plano-de-governo-participativo-e-confirma-participacao-no-debate-a-ser-realizado-pela-acinpi\/#primaryimage\"},\"thumbnailUrl\":\"https:\/\/portalnpm.com\/wp-content\/uploads\/2024\/01\/IMG-20200929-WA0223.jpg\",\"datePublished\":\"2020-09-29T17:11:26+00:00\",\"dateModified\":\"2024-01-16T00:23:47+00:00\",\"author\":{\"@id\":\"https:\/\/portalnpm.com\/#\/schema\/person\/35cb55186eae3f074b6783da6d35591e\"},\"breadcrumb\":{\"@id\":\"https:\/\/portalnpm.com\/index.php\/2020\/09\/29\/cel-viana-e-junior-nobre-apresentam-plano-de-governo-participativo-e-confirma-participacao-no-debate-a-ser-realizado-pela-acinpi\/#breadcrumb\"},\"inLanguage\":\"pt-BR\",\"potentialAction\":[{\"@type\":\"ReadAction\",\"target\":[\"https:\/\/portalnpm.com\/index.php\/2020\/09\/29\/cel-viana-e-junior-nobre-apresentam-plano-de-governo-participativo-e-confirma-participacao-no-debate-a-ser-realizado-pela-acinpi\/\"]}]},{\"@type\":\"ImageObject\",\"inLanguage\":\"pt-BR\",\"@id\":\"https:\/\/portalnpm.com\/index.php\/2020\/09\/29\/cel-viana-e-junior-nobre-apresentam-plano-de-governo-participativo-e-confirma-participacao-no-debate-a-ser-realizado-pela-acinpi\/#primaryimage\",\"url\":\"https:\/\/portalnpm.com\/wp-content\/uploads\/2024\/01\/IMG-20200929-WA0223.jpg\",\"contentUrl\":\"https:\/\/portalnpm.com\/wp-content\/uploads\/2024\/01\/IMG-20200929-WA0223.jpg\",\"width\":1280,\"height\":853},{\"@type\":\"BreadcrumbList\",\"@id\":\"https:\/\/portalnpm.com\/index.php\/2020\/09\/29\/cel-viana-e-junior-nobre-apresentam-plano-de-governo-participativo-e-confirma-participacao-no-debate-a-ser-realizado-pela-acinpi\/#breadcrumb\",\"itemListElement\":[{\"@type\":\"ListItem\",\"position\":1,\"name\":\"In\u00edcio\",\"item\":\"https:\/\/portalnpm.com\/\"},{\"@type\":\"ListItem\",\"position\":2,\"name\":\"Cel. Viana e J\u00fanior Nobre apresentam Plano de Governo Participativo e confirma participa\u00e7\u00e3o no debate a ser realizado pela ACINPI\"}]},{\"@type\":\"WebSite\",\"@id\":\"https:\/\/portalnpm.com\/#website\",\"url\":\"https:\/\/portalnpm.com\/\",\"name\":\"Portal NPM\",\"description\":\"Not\u00edcias em Primeira M\u00e3o\",\"potentialAction\":[{\"@type\":\"SearchAction\",\"target\":{\"@type\":\"EntryPoint\",\"urlTemplate\":\"https:\/\/portalnpm.com\/?s={search_term_string}\"},\"query-input\":\"required name=search_term_string\"}],\"inLanguage\":\"pt-BR\"},{\"@type\":\"Person\",\"@id\":\"https:\/\/portalnpm.com\/#\/schema\/person\/35cb55186eae3f074b6783da6d35591e\",\"name\":\"Zenilton Lima\",\"image\":{\"@type\":\"ImageObject\",\"inLanguage\":\"pt-BR\",\"@id\":\"https:\/\/portalnpm.com\/#\/schema\/person\/image\/\",\"url\":\"https:\/\/portalnpm.com\/wp-content\/uploads\/2024\/12\/avatar_user_8_1733658137-96x96.jpeg\",\"contentUrl\":\"https:\/\/portalnpm.com\/wp-content\/uploads\/2024\/12\/avatar_user_8_1733658137-96x96.jpeg\",\"caption\":\"Zenilton Lima\"},\"url\":\"https:\/\/portalnpm.com\/index.php\/author\/zenilton\/\"}]}<\/script>\n<!-- \/ Yoast SEO plugin. -->","yoast_head_json":{"title":"Cel. Viana e J\u00fanior Nobre apresentam Plano de Governo Participativo e confirma participa\u00e7\u00e3o no debate a ser realizado pela ACINPI","robots":{"index":"index","follow":"follow","max-snippet":"max-snippet:-1","max-image-preview":"max-image-preview:large","max-video-preview":"max-video-preview:-1"},"canonical":"https:\/\/portalnpm.com\/index.php\/2020\/09\/29\/cel-viana-e-junior-nobre-apresentam-plano-de-governo-participativo-e-confirma-participacao-no-debate-a-ser-realizado-pela-acinpi\/","og_locale":"pt_BR","og_type":"article","og_title":"Cel. Viana e J\u00fanior Nobre apresentam Plano de Governo Participativo e confirma participa\u00e7\u00e3o no debate a ser realizado pela ACINPI","og_description":"Na noite desta segunda-feira (28) os candidatos &agrave; prefeito e vice-prefeito, respectivamente, Cel. Edwaldo Viana (PSL) e o empres&aacute;rio e Policial Rodovi&aacute;rio Federal, J&uacute;nior Nobre (PSD), estiveram reunidos no centro da cidade com os candidatos de seus partidos que disputam as vagas do legislativo picoense. Durante o encontro, Viana e Nobre falaram com os candidatos &hellip;","og_url":"https:\/\/portalnpm.com\/index.php\/2020\/09\/29\/cel-viana-e-junior-nobre-apresentam-plano-de-governo-participativo-e-confirma-participacao-no-debate-a-ser-realizado-pela-acinpi\/","og_site_name":"Portal NPM","article_published_time":"2020-09-29T17:11:26+00:00","article_modified_time":"2024-01-16T00:23:47+00:00","og_image":[{"width":1280,"height":853,"url":"https:\/\/portalnpm.com\/wp-content\/uploads\/2024\/01\/IMG-20200929-WA0223.jpg","type":"image\/jpeg"}],"author":"Zenilton Lima","twitter_card":"summary_large_image","twitter_misc":{"Escrito por":"Zenilton Lima","Est. tempo de leitura":"2 minutos"},"schema":{"@context":"https:\/\/schema.org","@graph":[{"@type":"WebPage","@id":"https:\/\/portalnpm.com\/index.php\/2020\/09\/29\/cel-viana-e-junior-nobre-apresentam-plano-de-governo-participativo-e-confirma-participacao-no-debate-a-ser-realizado-pela-acinpi\/","url":"https:\/\/portalnpm.com\/index.php\/2020\/09\/29\/cel-viana-e-junior-nobre-apresentam-plano-de-governo-participativo-e-confirma-participacao-no-debate-a-ser-realizado-pela-acinpi\/","name":"Cel. Viana e J\u00fanior Nobre apresentam Plano de Governo Participativo e confirma participa\u00e7\u00e3o no debate a ser realizado pela ACINPI","isPartOf":{"@id":"https:\/\/portalnpm.com\/#website"},"primaryImageOfPage":{"@id":"https:\/\/portalnpm.com\/index.php\/2020\/09\/29\/cel-viana-e-junior-nobre-apresentam-plano-de-governo-participativo-e-confirma-participacao-no-debate-a-ser-realizado-pela-acinpi\/#primaryimage"},"image":{"@id":"https:\/\/portalnpm.com\/index.php\/2020\/09\/29\/cel-viana-e-junior-nobre-apresentam-plano-de-governo-participativo-e-confirma-participacao-no-debate-a-ser-realizado-pela-acinpi\/#primaryimage"},"thumbnailUrl":"https:\/\/portalnpm.com\/wp-content\/uploads\/2024\/01\/IMG-20200929-WA0223.jpg","datePublished":"2020-09-29T17:11:26+00:00","dateModified":"2024-01-16T00:23:47+00:00","author":{"@id":"https:\/\/portalnpm.com\/#\/schema\/person\/35cb55186eae3f074b6783da6d35591e"},"breadcrumb":{"@id":"https:\/\/portalnpm.com\/index.php\/2020\/09\/29\/cel-viana-e-junior-nobre-apresentam-plano-de-governo-participativo-e-confirma-participacao-no-debate-a-ser-realizado-pela-acinpi\/#breadcrumb"},"inLanguage":"pt-BR","potentialAction":[{"@type":"ReadAction","target":["https:\/\/portalnpm.com\/index.php\/2020\/09\/29\/cel-viana-e-junior-nobre-apresentam-plano-de-governo-participativo-e-confirma-participacao-no-debate-a-ser-realizado-pela-acinpi\/"]}]},{"@type":"ImageObject","inLanguage":"pt-BR","@id":"https:\/\/portalnpm.com\/index.php\/2020\/09\/29\/cel-viana-e-junior-nobre-apresentam-plano-de-governo-participativo-e-confirma-participacao-no-debate-a-ser-realizado-pela-acinpi\/#primaryimage","url":"https:\/\/portalnpm.com\/wp-content\/uploads\/2024\/01\/IMG-20200929-WA0223.jpg","contentUrl":"https:\/\/portalnpm.com\/wp-content\/uploads\/2024\/01\/IMG-20200929-WA0223.jpg","width":1280,"height":853},{"@type":"BreadcrumbList","@id":"https:\/\/portalnpm.com\/index.php\/2020\/09\/29\/cel-viana-e-junior-nobre-apresentam-plano-de-governo-participativo-e-confirma-participacao-no-debate-a-ser-realizado-pela-acinpi\/#breadcrumb","itemListElement":[{"@type":"ListItem","position":1,"name":"In\u00edcio","item":"https:\/\/portalnpm.com\/"},{"@type":"ListItem","position":2,"name":"Cel. Viana e J\u00fanior Nobre apresentam Plano de Governo Participativo e confirma participa\u00e7\u00e3o no debate a ser realizado pela ACINPI"}]},{"@type":"WebSite","@id":"https:\/\/portalnpm.com\/#website","url":"https:\/\/portalnpm.com\/","name":"Portal NPM","description":"Not\u00edcias em Primeira M\u00e3o","potentialAction":[{"@type":"SearchAction","target":{"@type":"EntryPoint","urlTemplate":"https:\/\/portalnpm.com\/?s={search_term_string}"},"query-input":"required name=search_term_string"}],"inLanguage":"pt-BR"},{"@type":"Person","@id":"https:\/\/portalnpm.com\/#\/schema\/person\/35cb55186eae3f074b6783da6d35591e","name":"Zenilton Lima","image":{"@type":"ImageObject","inLanguage":"pt-BR","@id":"https:\/\/portalnpm.com\/#\/schema\/person\/image\/","url":"https:\/\/portalnpm.com\/wp-content\/uploads\/2024\/12\/avatar_user_8_1733658137-96x96.jpeg","contentUrl":"https:\/\/portalnpm.com\/wp-content\/uploads\/2024\/12\/avatar_user_8_1733658137-96x96.jpeg","caption":"Zenilton Lima"},"url":"https:\/\/portalnpm.com\/index.php\/author\/zenilton\/"}]}},"jetpack_sharing_enabled":true,"jetpack_featured_media_url":"https:\/\/portalnpm.com\/wp-content\/uploads\/2024\/01\/IMG-20200929-WA0223.jpg","_links":{"self":[{"href":"https:\/\/portalnpm.com\/index.php\/wp-json\/wp\/v2\/posts\/58292"}],"collection":[{"href":"https:\/\/portalnpm.com\/index.php\/wp-json\/wp\/v2\/posts"}],"about":[{"href":"https:\/\/portalnpm.com\/index.php\/wp-json\/wp\/v2\/types\/post"}],"author":[{"embeddable":true,"href":"https:\/\/portalnpm.com\/index.php\/wp-json\/wp\/v2\/users\/8"}],"replies":[{"embeddable":true,"href":"https:\/\/portalnpm.com\/index.php\/wp-json\/wp\/v2\/comments?post=58292"}],"version-history":[{"count":1,"href":"https:\/\/portalnpm.com\/index.php\/wp-json\/wp\/v2\/posts\/58292\/revisions"}],"predecessor-version":[{"id":58307,"href":"https:\/\/portalnpm.com\/index.php\/wp-json\/wp\/v2\/posts\/58292\/revisions\/58307"}],"wp:featuredmedia":[{"embeddable":true,"href":"https:\/\/portalnpm.com\/index.php\/wp-json\/wp\/v2\/media\/58293"}],"wp:attachment":[{"href":"https:\/\/portalnpm.com\/index.php\/wp-json\/wp\/v2\/media?parent=58292"}],"wp:term":[{"taxonomy":"category","embeddable":true,"href":"https:\/\/portalnpm.com\/index.php\/wp-json\/wp\/v2\/categories?post=58292"},{"taxonomy":"post_tag","embeddable":true,"href":"https:\/\/portalnpm.com\/index.php\/wp-json\/wp\/v2\/tags?post=58292"}],"curies":[{"name":"wp","href":"https:\/\/api.w.org\/{rel}","templated":true}]}}