{"id":58296,"date":"2020-09-29T18:59:17","date_gmt":"2020-09-29T21:59:17","guid":{"rendered":"https:\/\/portalnpm.com\/index.php\/2020\/09\/29\/criciuma-confirma-quatro-casos-e-chega-a-11-diagnosticados-com-covid-19\/"},"modified":"2020-09-29T18:59:17","modified_gmt":"2020-09-29T21:59:17","slug":"criciuma-confirma-quatro-casos-e-chega-a-11-diagnosticados-com-covid-19","status":"publish","type":"post","link":"https:\/\/portalnpm.com\/index.php\/2020\/09\/29\/criciuma-confirma-quatro-casos-e-chega-a-11-diagnosticados-com-covid-19\/","title":{"rendered":"Crici\u00fama confirma quatro casos e chega a 11 diagnosticados com covid-19"},"content":{"rendered":"<p style=\"text-align: justify;\">Dentro da zona de classifica\u00e7\u00e3o para a segunda fase da S\u00e9rie C do Campeonato Brasileiro, o Crici\u00fama-SC confirmou, atrav\u00e9s de nota oficial, mais quatro casos de covid-19, nesta segunda-feira. Dessa forma, em uma semana, foram 11 diagn\u00f3sticos positivos para o novo coronav\u00edrus, respons\u00e1vel pela pandemia. S\u00e3o seis integrantes do elenco, tr\u00eas membros do estafe do futebol profissional, um diretor e um integrante da comiss\u00e3o t\u00e9cnica.<\/p>\n<p style=\"text-align: justify;\">\n<p style=\"text-align: justify;\">\n<p style=\"text-align: justify;\">&#8220;Diante dos resultados, os profissionais foram prontamente afastados para cumprir o per\u00edodo de quarentena e seguem observados pelo m\u00e9dico do clube, Ricardo Furtado. O clube ressalta que desde o in\u00edcio da pandemia segue cumprindo os protocolos de sa\u00fade do Governo do Estado, assim como os da Confedera\u00e7\u00e3o Brasileira de Futebol (CBF) referentes aos treinamentos e jogos&#8221;, registrou a diretoria do clube catarinense.<\/p>\n<p style=\"text-align: justify;\">Nos \u00faltimos meses, o Crici\u00fama j\u00e1 havia sido atingido pela doen\u00e7a. No final de julho, perto do retorno do Campeonato Catarinense, foram tr\u00eas atletas e um integrante da comiss\u00e3o t\u00e9cnica. Pouco depois, na primeira quinzena de agosto, tr\u00eas jogadores ficaram de fora da estreia na S\u00e9rie C, no Est\u00e1dio do Caf\u00e9, no norte do Paran\u00e1, diante do Londrina-PR.<\/p>\n<p style=\"text-align: justify;\">Os comandados do t\u00e9cnico Roberto Cavalo aparecem dentro do G-4 do Grupo B. Com 12 pontos, ocupam a quarta coloca\u00e7\u00e3o do Grupo B, abaixo de Ypiranga-RS, com 17, Brusque-SC, com 16, e Volta Redonda-RJ, com 13. Londrina-PR, com 11, \u00e9 o primeiro fora. A faixa de descenso \u00e9 composta por S\u00e3o Bento-SP e Boa-MG, com quatro cada.<\/p>\n<p style=\"text-align: justify;\">Estad\u00e3o Conte\u00fado<\/p>\n","protected":false},"excerpt":{"rendered":"<p>Dentro da zona de classifica\u00e7\u00e3o para a segunda fase da S\u00e9rie C do Campeonato Brasileiro, o Crici\u00fama-SC confirmou, atrav\u00e9s de nota oficial, mais quatro casos de covid-19, nesta segunda-feira. Dessa forma, em uma semana, foram 11 diagn\u00f3sticos positivos para o novo coronav\u00edrus, respons\u00e1vel pela pandemia. S\u00e3o seis integrantes do elenco, tr\u00eas membros do estafe do &hellip;<\/p>\n","protected":false},"author":2,"featured_media":58297,"comment_status":"open","ping_status":"open","sticky":false,"template":"","format":"standard","meta":{"content-type":"","rop_custom_images_group":[],"rop_custom_messages_group":[],"rop_publish_now":"initial","rop_publish_now_accounts":{"facebook_2648258775420054_1618374048415101":""},"rop_publish_now_history":[],"rop_publish_now_status":"pending","footnotes":"","_jetpack_memberships_contains_paid_content":false},"categories":[108],"tags":[6770,864,1113,6771],"yoast_head":"<!-- This site is optimized with the Yoast SEO plugin v22.3 - https:\/\/yoast.com\/wordpress\/plugins\/seo\/ -->\n<title>Crici\u00fama confirma quatro casos e chega a 11 diagnosticados com covid-19<\/title>\n<meta name=\"robots\" content=\"index, follow, max-snippet:-1, max-image-preview:large, max-video-preview:-1\" \/>\n<link rel=\"canonical\" href=\"https:\/\/portalnpm.com\/index.php\/2020\/09\/29\/criciuma-confirma-quatro-casos-e-chega-a-11-diagnosticados-com-covid-19\/\" \/>\n<meta property=\"og:locale\" content=\"pt_BR\" \/>\n<meta property=\"og:type\" content=\"article\" \/>\n<meta property=\"og:title\" content=\"Crici\u00fama confirma quatro casos e chega a 11 diagnosticados com covid-19\" \/>\n<meta property=\"og:description\" content=\"Dentro da zona de classifica\u00e7\u00e3o para a segunda fase da S\u00e9rie C do Campeonato Brasileiro, o Crici\u00fama-SC confirmou, atrav\u00e9s de nota oficial, mais quatro casos de covid-19, nesta segunda-feira. Dessa forma, em uma semana, foram 11 diagn\u00f3sticos positivos para o novo coronav\u00edrus, respons\u00e1vel pela pandemia. S\u00e3o seis integrantes do elenco, tr\u00eas membros do estafe do &hellip;\" \/>\n<meta property=\"og:url\" content=\"https:\/\/portalnpm.com\/index.php\/2020\/09\/29\/criciuma-confirma-quatro-casos-e-chega-a-11-diagnosticados-com-covid-19\/\" \/>\n<meta property=\"og:site_name\" content=\"Portal NPM\" \/>\n<meta property=\"article:published_time\" content=\"2020-09-29T21:59:17+00:00\" \/>\n<meta property=\"og:image\" content=\"https:\/\/portalnpm.com\/wp-content\/uploads\/2024\/01\/8ff27880-b11d-0137-8653-0a58a9feac2a-minified.jpg\" \/>\n\t<meta property=\"og:image:width\" content=\"1080\" \/>\n\t<meta property=\"og:image:height\" content=\"931\" \/>\n\t<meta property=\"og:image:type\" content=\"image\/jpeg\" \/>\n<meta name=\"author\" content=\"Genival Barbosa\" \/>\n<meta name=\"twitter:card\" content=\"summary_large_image\" \/>\n<meta name=\"twitter:label1\" content=\"Escrito por\" \/>\n\t<meta name=\"twitter:data1\" content=\"Genival Barbosa\" \/>\n\t<meta name=\"twitter:label2\" content=\"Est. tempo de leitura\" \/>\n\t<meta name=\"twitter:data2\" content=\"1 minuto\" \/>\n<script type=\"application\/ld+json\" class=\"yoast-schema-graph\">{\"@context\":\"https:\/\/schema.org\",\"@graph\":[{\"@type\":\"WebPage\",\"@id\":\"https:\/\/portalnpm.com\/index.php\/2020\/09\/29\/criciuma-confirma-quatro-casos-e-chega-a-11-diagnosticados-com-covid-19\/\",\"url\":\"https:\/\/portalnpm.com\/index.php\/2020\/09\/29\/criciuma-confirma-quatro-casos-e-chega-a-11-diagnosticados-com-covid-19\/\",\"name\":\"Crici\u00fama confirma quatro casos e chega a 11 diagnosticados com covid-19\",\"isPartOf\":{\"@id\":\"https:\/\/portalnpm.com\/#website\"},\"primaryImageOfPage\":{\"@id\":\"https:\/\/portalnpm.com\/index.php\/2020\/09\/29\/criciuma-confirma-quatro-casos-e-chega-a-11-diagnosticados-com-covid-19\/#primaryimage\"},\"image\":{\"@id\":\"https:\/\/portalnpm.com\/index.php\/2020\/09\/29\/criciuma-confirma-quatro-casos-e-chega-a-11-diagnosticados-com-covid-19\/#primaryimage\"},\"thumbnailUrl\":\"https:\/\/portalnpm.com\/wp-content\/uploads\/2024\/01\/8ff27880-b11d-0137-8653-0a58a9feac2a-minified.jpg\",\"datePublished\":\"2020-09-29T21:59:17+00:00\",\"dateModified\":\"2020-09-29T21:59:17+00:00\",\"author\":{\"@id\":\"https:\/\/portalnpm.com\/#\/schema\/person\/49313e563cfdefcc167f1ee4c017c294\"},\"breadcrumb\":{\"@id\":\"https:\/\/portalnpm.com\/index.php\/2020\/09\/29\/criciuma-confirma-quatro-casos-e-chega-a-11-diagnosticados-com-covid-19\/#breadcrumb\"},\"inLanguage\":\"pt-BR\",\"potentialAction\":[{\"@type\":\"ReadAction\",\"target\":[\"https:\/\/portalnpm.com\/index.php\/2020\/09\/29\/criciuma-confirma-quatro-casos-e-chega-a-11-diagnosticados-com-covid-19\/\"]}]},{\"@type\":\"ImageObject\",\"inLanguage\":\"pt-BR\",\"@id\":\"https:\/\/portalnpm.com\/index.php\/2020\/09\/29\/criciuma-confirma-quatro-casos-e-chega-a-11-diagnosticados-com-covid-19\/#primaryimage\",\"url\":\"https:\/\/portalnpm.com\/wp-content\/uploads\/2024\/01\/8ff27880-b11d-0137-8653-0a58a9feac2a-minified.jpg\",\"contentUrl\":\"https:\/\/portalnpm.com\/wp-content\/uploads\/2024\/01\/8ff27880-b11d-0137-8653-0a58a9feac2a-minified.jpg\",\"width\":1080,\"height\":931},{\"@type\":\"BreadcrumbList\",\"@id\":\"https:\/\/portalnpm.com\/index.php\/2020\/09\/29\/criciuma-confirma-quatro-casos-e-chega-a-11-diagnosticados-com-covid-19\/#breadcrumb\",\"itemListElement\":[{\"@type\":\"ListItem\",\"position\":1,\"name\":\"In\u00edcio\",\"item\":\"https:\/\/portalnpm.com\/\"},{\"@type\":\"ListItem\",\"position\":2,\"name\":\"Crici\u00fama confirma quatro casos e chega a 11 diagnosticados com covid-19\"}]},{\"@type\":\"WebSite\",\"@id\":\"https:\/\/portalnpm.com\/#website\",\"url\":\"https:\/\/portalnpm.com\/\",\"name\":\"Portal NPM\",\"description\":\"Not\u00edcias em Primeira M\u00e3o\",\"potentialAction\":[{\"@type\":\"SearchAction\",\"target\":{\"@type\":\"EntryPoint\",\"urlTemplate\":\"https:\/\/portalnpm.com\/?s={search_term_string}\"},\"query-input\":\"required name=search_term_string\"}],\"inLanguage\":\"pt-BR\"},{\"@type\":\"Person\",\"@id\":\"https:\/\/portalnpm.com\/#\/schema\/person\/49313e563cfdefcc167f1ee4c017c294\",\"name\":\"Genival Barbosa\",\"image\":{\"@type\":\"ImageObject\",\"inLanguage\":\"pt-BR\",\"@id\":\"https:\/\/portalnpm.com\/#\/schema\/person\/image\/\",\"url\":\"https:\/\/portalnpm.com\/wp-content\/uploads\/2024\/02\/avatar_user_2_1707743258-96x96.jpeg\",\"contentUrl\":\"https:\/\/portalnpm.com\/wp-content\/uploads\/2024\/02\/avatar_user_2_1707743258-96x96.jpeg\",\"caption\":\"Genival Barbosa\"},\"url\":\"https:\/\/portalnpm.com\/index.php\/author\/genival\/\"}]}<\/script>\n<!-- \/ Yoast SEO plugin. -->","yoast_head_json":{"title":"Crici\u00fama confirma quatro casos e chega a 11 diagnosticados com covid-19","robots":{"index":"index","follow":"follow","max-snippet":"max-snippet:-1","max-image-preview":"max-image-preview:large","max-video-preview":"max-video-preview:-1"},"canonical":"https:\/\/portalnpm.com\/index.php\/2020\/09\/29\/criciuma-confirma-quatro-casos-e-chega-a-11-diagnosticados-com-covid-19\/","og_locale":"pt_BR","og_type":"article","og_title":"Crici\u00fama confirma quatro casos e chega a 11 diagnosticados com covid-19","og_description":"Dentro da zona de classifica\u00e7\u00e3o para a segunda fase da S\u00e9rie C do Campeonato Brasileiro, o Crici\u00fama-SC confirmou, atrav\u00e9s de nota oficial, mais quatro casos de covid-19, nesta segunda-feira. Dessa forma, em uma semana, foram 11 diagn\u00f3sticos positivos para o novo coronav\u00edrus, respons\u00e1vel pela pandemia. S\u00e3o seis integrantes do elenco, tr\u00eas membros do estafe do &hellip;","og_url":"https:\/\/portalnpm.com\/index.php\/2020\/09\/29\/criciuma-confirma-quatro-casos-e-chega-a-11-diagnosticados-com-covid-19\/","og_site_name":"Portal NPM","article_published_time":"2020-09-29T21:59:17+00:00","og_image":[{"width":1080,"height":931,"url":"https:\/\/portalnpm.com\/wp-content\/uploads\/2024\/01\/8ff27880-b11d-0137-8653-0a58a9feac2a-minified.jpg","type":"image\/jpeg"}],"author":"Genival Barbosa","twitter_card":"summary_large_image","twitter_misc":{"Escrito por":"Genival Barbosa","Est. tempo de leitura":"1 minuto"},"schema":{"@context":"https:\/\/schema.org","@graph":[{"@type":"WebPage","@id":"https:\/\/portalnpm.com\/index.php\/2020\/09\/29\/criciuma-confirma-quatro-casos-e-chega-a-11-diagnosticados-com-covid-19\/","url":"https:\/\/portalnpm.com\/index.php\/2020\/09\/29\/criciuma-confirma-quatro-casos-e-chega-a-11-diagnosticados-com-covid-19\/","name":"Crici\u00fama confirma quatro casos e chega a 11 diagnosticados com covid-19","isPartOf":{"@id":"https:\/\/portalnpm.com\/#website"},"primaryImageOfPage":{"@id":"https:\/\/portalnpm.com\/index.php\/2020\/09\/29\/criciuma-confirma-quatro-casos-e-chega-a-11-diagnosticados-com-covid-19\/#primaryimage"},"image":{"@id":"https:\/\/portalnpm.com\/index.php\/2020\/09\/29\/criciuma-confirma-quatro-casos-e-chega-a-11-diagnosticados-com-covid-19\/#primaryimage"},"thumbnailUrl":"https:\/\/portalnpm.com\/wp-content\/uploads\/2024\/01\/8ff27880-b11d-0137-8653-0a58a9feac2a-minified.jpg","datePublished":"2020-09-29T21:59:17+00:00","dateModified":"2020-09-29T21:59:17+00:00","author":{"@id":"https:\/\/portalnpm.com\/#\/schema\/person\/49313e563cfdefcc167f1ee4c017c294"},"breadcrumb":{"@id":"https:\/\/portalnpm.com\/index.php\/2020\/09\/29\/criciuma-confirma-quatro-casos-e-chega-a-11-diagnosticados-com-covid-19\/#breadcrumb"},"inLanguage":"pt-BR","potentialAction":[{"@type":"ReadAction","target":["https:\/\/portalnpm.com\/index.php\/2020\/09\/29\/criciuma-confirma-quatro-casos-e-chega-a-11-diagnosticados-com-covid-19\/"]}]},{"@type":"ImageObject","inLanguage":"pt-BR","@id":"https:\/\/portalnpm.com\/index.php\/2020\/09\/29\/criciuma-confirma-quatro-casos-e-chega-a-11-diagnosticados-com-covid-19\/#primaryimage","url":"https:\/\/portalnpm.com\/wp-content\/uploads\/2024\/01\/8ff27880-b11d-0137-8653-0a58a9feac2a-minified.jpg","contentUrl":"https:\/\/portalnpm.com\/wp-content\/uploads\/2024\/01\/8ff27880-b11d-0137-8653-0a58a9feac2a-minified.jpg","width":1080,"height":931},{"@type":"BreadcrumbList","@id":"https:\/\/portalnpm.com\/index.php\/2020\/09\/29\/criciuma-confirma-quatro-casos-e-chega-a-11-diagnosticados-com-covid-19\/#breadcrumb","itemListElement":[{"@type":"ListItem","position":1,"name":"In\u00edcio","item":"https:\/\/portalnpm.com\/"},{"@type":"ListItem","position":2,"name":"Crici\u00fama confirma quatro casos e chega a 11 diagnosticados com covid-19"}]},{"@type":"WebSite","@id":"https:\/\/portalnpm.com\/#website","url":"https:\/\/portalnpm.com\/","name":"Portal NPM","description":"Not\u00edcias em Primeira M\u00e3o","potentialAction":[{"@type":"SearchAction","target":{"@type":"EntryPoint","urlTemplate":"https:\/\/portalnpm.com\/?s={search_term_string}"},"query-input":"required name=search_term_string"}],"inLanguage":"pt-BR"},{"@type":"Person","@id":"https:\/\/portalnpm.com\/#\/schema\/person\/49313e563cfdefcc167f1ee4c017c294","name":"Genival Barbosa","image":{"@type":"ImageObject","inLanguage":"pt-BR","@id":"https:\/\/portalnpm.com\/#\/schema\/person\/image\/","url":"https:\/\/portalnpm.com\/wp-content\/uploads\/2024\/02\/avatar_user_2_1707743258-96x96.jpeg","contentUrl":"https:\/\/portalnpm.com\/wp-content\/uploads\/2024\/02\/avatar_user_2_1707743258-96x96.jpeg","caption":"Genival Barbosa"},"url":"https:\/\/portalnpm.com\/index.php\/author\/genival\/"}]}},"jetpack_sharing_enabled":true,"jetpack_featured_media_url":"https:\/\/portalnpm.com\/wp-content\/uploads\/2024\/01\/8ff27880-b11d-0137-8653-0a58a9feac2a-minified.jpg","_links":{"self":[{"href":"https:\/\/portalnpm.com\/index.php\/wp-json\/wp\/v2\/posts\/58296"}],"collection":[{"href":"https:\/\/portalnpm.com\/index.php\/wp-json\/wp\/v2\/posts"}],"about":[{"href":"https:\/\/portalnpm.com\/index.php\/wp-json\/wp\/v2\/types\/post"}],"author":[{"embeddable":true,"href":"https:\/\/portalnpm.com\/index.php\/wp-json\/wp\/v2\/users\/2"}],"replies":[{"embeddable":true,"href":"https:\/\/portalnpm.com\/index.php\/wp-json\/wp\/v2\/comments?post=58296"}],"version-history":[{"count":0,"href":"https:\/\/portalnpm.com\/index.php\/wp-json\/wp\/v2\/posts\/58296\/revisions"}],"wp:featuredmedia":[{"embeddable":true,"href":"https:\/\/portalnpm.com\/index.php\/wp-json\/wp\/v2\/media\/58297"}],"wp:attachment":[{"href":"https:\/\/portalnpm.com\/index.php\/wp-json\/wp\/v2\/media?parent=58296"}],"wp:term":[{"taxonomy":"category","embeddable":true,"href":"https:\/\/portalnpm.com\/index.php\/wp-json\/wp\/v2\/categories?post=58296"},{"taxonomy":"post_tag","embeddable":true,"href":"https:\/\/portalnpm.com\/index.php\/wp-json\/wp\/v2\/tags?post=58296"}],"curies":[{"name":"wp","href":"https:\/\/api.w.org\/{rel}","templated":true}]}}