{"id":58376,"date":"2020-10-01T17:36:35","date_gmt":"2020-10-01T20:36:35","guid":{"rendered":"https:\/\/portalnpm.com\/index.php\/2020\/10\/01\/botafogo-define-saida-de-paulo-autuori-do-comando-tecnico-e-reuniao-vai-selar-desligamento\/"},"modified":"2020-10-01T17:36:35","modified_gmt":"2020-10-01T20:36:35","slug":"botafogo-define-saida-de-paulo-autuori-do-comando-tecnico-e-reuniao-vai-selar-desligamento","status":"publish","type":"post","link":"https:\/\/portalnpm.com\/index.php\/2020\/10\/01\/botafogo-define-saida-de-paulo-autuori-do-comando-tecnico-e-reuniao-vai-selar-desligamento\/","title":{"rendered":"Botafogo define sa\u00edda de Paulo Autuori do comando t\u00e9cnico, e reuni\u00e3o vai selar desligamento"},"content":{"rendered":"<p style=\"text-align: justify;\">A diretoria do Botafogo vai se reunir virtualmente com Paulo Autuori na tarde desta quinta-feira para definir o futuro do treinador no clube. A sequ\u00eancia ruim no Campeonato Brasileiro faz o Bota optar por uma mudan\u00e7a no comando t\u00e9cnico, e a tend\u00eancia \u00e9 que o comandante seja desligado.<\/p>\n<p style=\"text-align: justify;\">\n<p style=\"text-align: justify;\">\n<p style=\"text-align: justify;\">A rela\u00e7\u00e3o entre clube e treinador \u00e9 amistosa, por isso a diretoria pretende ouvir Paulo Autuori e oferec\u00ea-lo o cargo de gestor t\u00e9cnico, um desejo do profissional. Caso ele aceite, a posi\u00e7\u00e3o s\u00f3 dever\u00e1 ser ocupada com a transforma\u00e7\u00e3o do Botafogo em S\/A.<\/p>\n<p style=\"text-align: justify;\">O Botafogo ainda n\u00e3o discute poss\u00edveis substitutos. No primeiro momento, o auxiliar t\u00e9cnico Bruno Lazaroni dever\u00e1 comandar a equipe. Afastado nos \u00faltimos dias em raz\u00e3o de uma cirurgia, Bruno vai retornar ao trabalho nesta sexta-feira.<\/p>\n<p style=\"text-align: justify;\">Autuori falou algumas vezes publicamente que a carreira de treinador, no Brasil, estava praticamente encerrada. A exce\u00e7\u00e3o foi feita ao Botafogo por gratid\u00e3o, mas com planos futuros ap\u00f3s a consolida\u00e7\u00e3o do projeto S\/A, que ainda n\u00e3o saiu do papel. Nos \u00faltimos clubes brasileiros, Fluminense e Santos, a passagem j\u00e1 foi como dirigente.<\/p>\n<p style=\"text-align: justify;\">A diretoria \u00e9 pressionada por parte da torcida devido \u00e0 sequ\u00eancia de nove jogos sem vencer no Campeonato Brasileiro. A \u00fanica vit\u00f3ria na competi\u00e7\u00e3o foi na quarta rodada, contra o Atl\u00e9tico-MG, em casa. Com a derrota desta quarta-feira, o time caiu para a vice-lanterna, com 11 pontos, sendo que o \u00faltimo colocado, o Goi\u00e1s, tem tr\u00eas jogos a menos.<\/p>\n<p style=\"text-align: justify;\">Globo Esporte<\/p>\n","protected":false},"excerpt":{"rendered":"<p>A diretoria do Botafogo vai se reunir virtualmente com Paulo Autuori na tarde desta quinta-feira para definir o futuro do treinador no clube. A sequ\u00eancia ruim no Campeonato Brasileiro faz o Bota optar por uma mudan\u00e7a no comando t\u00e9cnico, e a tend\u00eancia \u00e9 que o comandante seja desligado. A rela\u00e7\u00e3o entre clube e treinador \u00e9 &hellip;<\/p>\n","protected":false},"author":2,"featured_media":58377,"comment_status":"open","ping_status":"open","sticky":false,"template":"","format":"standard","meta":{"content-type":"","rop_custom_images_group":[],"rop_custom_messages_group":[],"rop_publish_now":"initial","rop_publish_now_accounts":{"facebook_2648258775420054_1618374048415101":""},"rop_publish_now_history":[],"rop_publish_now_status":"pending","footnotes":"","_jetpack_memberships_contains_paid_content":false},"categories":[108],"tags":[160,6832,6833,6834],"yoast_head":"<!-- This site is optimized with the Yoast SEO plugin v22.3 - https:\/\/yoast.com\/wordpress\/plugins\/seo\/ -->\n<title>Botafogo define sa\u00edda de Paulo Autuori do comando t\u00e9cnico, e reuni\u00e3o vai selar desligamento<\/title>\n<meta name=\"robots\" content=\"index, follow, max-snippet:-1, max-image-preview:large, max-video-preview:-1\" \/>\n<link rel=\"canonical\" href=\"https:\/\/portalnpm.com\/index.php\/2020\/10\/01\/botafogo-define-saida-de-paulo-autuori-do-comando-tecnico-e-reuniao-vai-selar-desligamento\/\" \/>\n<meta property=\"og:locale\" content=\"pt_BR\" \/>\n<meta property=\"og:type\" content=\"article\" \/>\n<meta property=\"og:title\" content=\"Botafogo define sa\u00edda de Paulo Autuori do comando t\u00e9cnico, e reuni\u00e3o vai selar desligamento\" \/>\n<meta property=\"og:description\" content=\"A diretoria do Botafogo vai se reunir virtualmente com Paulo Autuori na tarde desta quinta-feira para definir o futuro do treinador no clube. A sequ\u00eancia ruim no Campeonato Brasileiro faz o Bota optar por uma mudan\u00e7a no comando t\u00e9cnico, e a tend\u00eancia \u00e9 que o comandante seja desligado. A rela\u00e7\u00e3o entre clube e treinador \u00e9 &hellip;\" \/>\n<meta property=\"og:url\" content=\"https:\/\/portalnpm.com\/index.php\/2020\/10\/01\/botafogo-define-saida-de-paulo-autuori-do-comando-tecnico-e-reuniao-vai-selar-desligamento\/\" \/>\n<meta property=\"og:site_name\" content=\"Portal NPM\" \/>\n<meta property=\"article:published_time\" content=\"2020-10-01T20:36:35+00:00\" \/>\n<meta property=\"og:image\" content=\"https:\/\/portalnpm.com\/wp-content\/uploads\/2024\/01\/autuori.jpg\" \/>\n\t<meta property=\"og:image:width\" content=\"600\" \/>\n\t<meta property=\"og:image:height\" content=\"511\" \/>\n\t<meta property=\"og:image:type\" content=\"image\/jpeg\" \/>\n<meta name=\"author\" content=\"Genival Barbosa\" \/>\n<meta name=\"twitter:card\" content=\"summary_large_image\" \/>\n<meta name=\"twitter:label1\" content=\"Escrito por\" \/>\n\t<meta name=\"twitter:data1\" content=\"Genival Barbosa\" \/>\n\t<meta name=\"twitter:label2\" content=\"Est. tempo de leitura\" \/>\n\t<meta name=\"twitter:data2\" content=\"1 minuto\" \/>\n<script type=\"application\/ld+json\" class=\"yoast-schema-graph\">{\"@context\":\"https:\/\/schema.org\",\"@graph\":[{\"@type\":\"WebPage\",\"@id\":\"https:\/\/portalnpm.com\/index.php\/2020\/10\/01\/botafogo-define-saida-de-paulo-autuori-do-comando-tecnico-e-reuniao-vai-selar-desligamento\/\",\"url\":\"https:\/\/portalnpm.com\/index.php\/2020\/10\/01\/botafogo-define-saida-de-paulo-autuori-do-comando-tecnico-e-reuniao-vai-selar-desligamento\/\",\"name\":\"Botafogo define sa\u00edda de Paulo Autuori do comando t\u00e9cnico, e reuni\u00e3o vai selar desligamento\",\"isPartOf\":{\"@id\":\"https:\/\/portalnpm.com\/#website\"},\"primaryImageOfPage\":{\"@id\":\"https:\/\/portalnpm.com\/index.php\/2020\/10\/01\/botafogo-define-saida-de-paulo-autuori-do-comando-tecnico-e-reuniao-vai-selar-desligamento\/#primaryimage\"},\"image\":{\"@id\":\"https:\/\/portalnpm.com\/index.php\/2020\/10\/01\/botafogo-define-saida-de-paulo-autuori-do-comando-tecnico-e-reuniao-vai-selar-desligamento\/#primaryimage\"},\"thumbnailUrl\":\"https:\/\/portalnpm.com\/wp-content\/uploads\/2024\/01\/autuori.jpg\",\"datePublished\":\"2020-10-01T20:36:35+00:00\",\"dateModified\":\"2020-10-01T20:36:35+00:00\",\"author\":{\"@id\":\"https:\/\/portalnpm.com\/#\/schema\/person\/49313e563cfdefcc167f1ee4c017c294\"},\"breadcrumb\":{\"@id\":\"https:\/\/portalnpm.com\/index.php\/2020\/10\/01\/botafogo-define-saida-de-paulo-autuori-do-comando-tecnico-e-reuniao-vai-selar-desligamento\/#breadcrumb\"},\"inLanguage\":\"pt-BR\",\"potentialAction\":[{\"@type\":\"ReadAction\",\"target\":[\"https:\/\/portalnpm.com\/index.php\/2020\/10\/01\/botafogo-define-saida-de-paulo-autuori-do-comando-tecnico-e-reuniao-vai-selar-desligamento\/\"]}]},{\"@type\":\"ImageObject\",\"inLanguage\":\"pt-BR\",\"@id\":\"https:\/\/portalnpm.com\/index.php\/2020\/10\/01\/botafogo-define-saida-de-paulo-autuori-do-comando-tecnico-e-reuniao-vai-selar-desligamento\/#primaryimage\",\"url\":\"https:\/\/portalnpm.com\/wp-content\/uploads\/2024\/01\/autuori.jpg\",\"contentUrl\":\"https:\/\/portalnpm.com\/wp-content\/uploads\/2024\/01\/autuori.jpg\",\"width\":600,\"height\":511},{\"@type\":\"BreadcrumbList\",\"@id\":\"https:\/\/portalnpm.com\/index.php\/2020\/10\/01\/botafogo-define-saida-de-paulo-autuori-do-comando-tecnico-e-reuniao-vai-selar-desligamento\/#breadcrumb\",\"itemListElement\":[{\"@type\":\"ListItem\",\"position\":1,\"name\":\"In\u00edcio\",\"item\":\"https:\/\/portalnpm.com\/\"},{\"@type\":\"ListItem\",\"position\":2,\"name\":\"Botafogo define sa\u00edda de Paulo Autuori do comando t\u00e9cnico, e reuni\u00e3o vai selar desligamento\"}]},{\"@type\":\"WebSite\",\"@id\":\"https:\/\/portalnpm.com\/#website\",\"url\":\"https:\/\/portalnpm.com\/\",\"name\":\"Portal NPM\",\"description\":\"Not\u00edcias em Primeira M\u00e3o\",\"potentialAction\":[{\"@type\":\"SearchAction\",\"target\":{\"@type\":\"EntryPoint\",\"urlTemplate\":\"https:\/\/portalnpm.com\/?s={search_term_string}\"},\"query-input\":\"required name=search_term_string\"}],\"inLanguage\":\"pt-BR\"},{\"@type\":\"Person\",\"@id\":\"https:\/\/portalnpm.com\/#\/schema\/person\/49313e563cfdefcc167f1ee4c017c294\",\"name\":\"Genival Barbosa\",\"image\":{\"@type\":\"ImageObject\",\"inLanguage\":\"pt-BR\",\"@id\":\"https:\/\/portalnpm.com\/#\/schema\/person\/image\/\",\"url\":\"https:\/\/portalnpm.com\/wp-content\/uploads\/2024\/02\/avatar_user_2_1707743258-96x96.jpeg\",\"contentUrl\":\"https:\/\/portalnpm.com\/wp-content\/uploads\/2024\/02\/avatar_user_2_1707743258-96x96.jpeg\",\"caption\":\"Genival Barbosa\"},\"url\":\"https:\/\/portalnpm.com\/index.php\/author\/genival\/\"}]}<\/script>\n<!-- \/ Yoast SEO plugin. -->","yoast_head_json":{"title":"Botafogo define sa\u00edda de Paulo Autuori do comando t\u00e9cnico, e reuni\u00e3o vai selar desligamento","robots":{"index":"index","follow":"follow","max-snippet":"max-snippet:-1","max-image-preview":"max-image-preview:large","max-video-preview":"max-video-preview:-1"},"canonical":"https:\/\/portalnpm.com\/index.php\/2020\/10\/01\/botafogo-define-saida-de-paulo-autuori-do-comando-tecnico-e-reuniao-vai-selar-desligamento\/","og_locale":"pt_BR","og_type":"article","og_title":"Botafogo define sa\u00edda de Paulo Autuori do comando t\u00e9cnico, e reuni\u00e3o vai selar desligamento","og_description":"A diretoria do Botafogo vai se reunir virtualmente com Paulo Autuori na tarde desta quinta-feira para definir o futuro do treinador no clube. A sequ\u00eancia ruim no Campeonato Brasileiro faz o Bota optar por uma mudan\u00e7a no comando t\u00e9cnico, e a tend\u00eancia \u00e9 que o comandante seja desligado. A rela\u00e7\u00e3o entre clube e treinador \u00e9 &hellip;","og_url":"https:\/\/portalnpm.com\/index.php\/2020\/10\/01\/botafogo-define-saida-de-paulo-autuori-do-comando-tecnico-e-reuniao-vai-selar-desligamento\/","og_site_name":"Portal NPM","article_published_time":"2020-10-01T20:36:35+00:00","og_image":[{"width":600,"height":511,"url":"https:\/\/portalnpm.com\/wp-content\/uploads\/2024\/01\/autuori.jpg","type":"image\/jpeg"}],"author":"Genival Barbosa","twitter_card":"summary_large_image","twitter_misc":{"Escrito por":"Genival Barbosa","Est. tempo de leitura":"1 minuto"},"schema":{"@context":"https:\/\/schema.org","@graph":[{"@type":"WebPage","@id":"https:\/\/portalnpm.com\/index.php\/2020\/10\/01\/botafogo-define-saida-de-paulo-autuori-do-comando-tecnico-e-reuniao-vai-selar-desligamento\/","url":"https:\/\/portalnpm.com\/index.php\/2020\/10\/01\/botafogo-define-saida-de-paulo-autuori-do-comando-tecnico-e-reuniao-vai-selar-desligamento\/","name":"Botafogo define sa\u00edda de Paulo Autuori do comando t\u00e9cnico, e reuni\u00e3o vai selar desligamento","isPartOf":{"@id":"https:\/\/portalnpm.com\/#website"},"primaryImageOfPage":{"@id":"https:\/\/portalnpm.com\/index.php\/2020\/10\/01\/botafogo-define-saida-de-paulo-autuori-do-comando-tecnico-e-reuniao-vai-selar-desligamento\/#primaryimage"},"image":{"@id":"https:\/\/portalnpm.com\/index.php\/2020\/10\/01\/botafogo-define-saida-de-paulo-autuori-do-comando-tecnico-e-reuniao-vai-selar-desligamento\/#primaryimage"},"thumbnailUrl":"https:\/\/portalnpm.com\/wp-content\/uploads\/2024\/01\/autuori.jpg","datePublished":"2020-10-01T20:36:35+00:00","dateModified":"2020-10-01T20:36:35+00:00","author":{"@id":"https:\/\/portalnpm.com\/#\/schema\/person\/49313e563cfdefcc167f1ee4c017c294"},"breadcrumb":{"@id":"https:\/\/portalnpm.com\/index.php\/2020\/10\/01\/botafogo-define-saida-de-paulo-autuori-do-comando-tecnico-e-reuniao-vai-selar-desligamento\/#breadcrumb"},"inLanguage":"pt-BR","potentialAction":[{"@type":"ReadAction","target":["https:\/\/portalnpm.com\/index.php\/2020\/10\/01\/botafogo-define-saida-de-paulo-autuori-do-comando-tecnico-e-reuniao-vai-selar-desligamento\/"]}]},{"@type":"ImageObject","inLanguage":"pt-BR","@id":"https:\/\/portalnpm.com\/index.php\/2020\/10\/01\/botafogo-define-saida-de-paulo-autuori-do-comando-tecnico-e-reuniao-vai-selar-desligamento\/#primaryimage","url":"https:\/\/portalnpm.com\/wp-content\/uploads\/2024\/01\/autuori.jpg","contentUrl":"https:\/\/portalnpm.com\/wp-content\/uploads\/2024\/01\/autuori.jpg","width":600,"height":511},{"@type":"BreadcrumbList","@id":"https:\/\/portalnpm.com\/index.php\/2020\/10\/01\/botafogo-define-saida-de-paulo-autuori-do-comando-tecnico-e-reuniao-vai-selar-desligamento\/#breadcrumb","itemListElement":[{"@type":"ListItem","position":1,"name":"In\u00edcio","item":"https:\/\/portalnpm.com\/"},{"@type":"ListItem","position":2,"name":"Botafogo define sa\u00edda de Paulo Autuori do comando t\u00e9cnico, e reuni\u00e3o vai selar desligamento"}]},{"@type":"WebSite","@id":"https:\/\/portalnpm.com\/#website","url":"https:\/\/portalnpm.com\/","name":"Portal NPM","description":"Not\u00edcias em Primeira M\u00e3o","potentialAction":[{"@type":"SearchAction","target":{"@type":"EntryPoint","urlTemplate":"https:\/\/portalnpm.com\/?s={search_term_string}"},"query-input":"required name=search_term_string"}],"inLanguage":"pt-BR"},{"@type":"Person","@id":"https:\/\/portalnpm.com\/#\/schema\/person\/49313e563cfdefcc167f1ee4c017c294","name":"Genival Barbosa","image":{"@type":"ImageObject","inLanguage":"pt-BR","@id":"https:\/\/portalnpm.com\/#\/schema\/person\/image\/","url":"https:\/\/portalnpm.com\/wp-content\/uploads\/2024\/02\/avatar_user_2_1707743258-96x96.jpeg","contentUrl":"https:\/\/portalnpm.com\/wp-content\/uploads\/2024\/02\/avatar_user_2_1707743258-96x96.jpeg","caption":"Genival Barbosa"},"url":"https:\/\/portalnpm.com\/index.php\/author\/genival\/"}]}},"jetpack_sharing_enabled":true,"jetpack_featured_media_url":"https:\/\/portalnpm.com\/wp-content\/uploads\/2024\/01\/autuori.jpg","_links":{"self":[{"href":"https:\/\/portalnpm.com\/index.php\/wp-json\/wp\/v2\/posts\/58376"}],"collection":[{"href":"https:\/\/portalnpm.com\/index.php\/wp-json\/wp\/v2\/posts"}],"about":[{"href":"https:\/\/portalnpm.com\/index.php\/wp-json\/wp\/v2\/types\/post"}],"author":[{"embeddable":true,"href":"https:\/\/portalnpm.com\/index.php\/wp-json\/wp\/v2\/users\/2"}],"replies":[{"embeddable":true,"href":"https:\/\/portalnpm.com\/index.php\/wp-json\/wp\/v2\/comments?post=58376"}],"version-history":[{"count":0,"href":"https:\/\/portalnpm.com\/index.php\/wp-json\/wp\/v2\/posts\/58376\/revisions"}],"wp:featuredmedia":[{"embeddable":true,"href":"https:\/\/portalnpm.com\/index.php\/wp-json\/wp\/v2\/media\/58377"}],"wp:attachment":[{"href":"https:\/\/portalnpm.com\/index.php\/wp-json\/wp\/v2\/media?parent=58376"}],"wp:term":[{"taxonomy":"category","embeddable":true,"href":"https:\/\/portalnpm.com\/index.php\/wp-json\/wp\/v2\/categories?post=58376"},{"taxonomy":"post_tag","embeddable":true,"href":"https:\/\/portalnpm.com\/index.php\/wp-json\/wp\/v2\/tags?post=58376"}],"curies":[{"name":"wp","href":"https:\/\/api.w.org\/{rel}","templated":true}]}}