{"id":58494,"date":"2020-10-05T17:18:35","date_gmt":"2020-10-05T20:18:35","guid":{"rendered":"https:\/\/portalnpm.com\/index.php\/2020\/10\/05\/ufrj-inicia-ensaios-clinicos-com-a-vacina-bcg-contra-covid-19\/"},"modified":"2020-10-05T17:18:35","modified_gmt":"2020-10-05T20:18:35","slug":"ufrj-inicia-ensaios-clinicos-com-a-vacina-bcg-contra-covid-19","status":"publish","type":"post","link":"https:\/\/portalnpm.com\/index.php\/2020\/10\/05\/ufrj-inicia-ensaios-clinicos-com-a-vacina-bcg-contra-covid-19\/","title":{"rendered":"UFRJ inicia ensaios cl\u00ednicos com a vacina BCG contra covid-19"},"content":{"rendered":"<p style=\"text-align: justify;\">Come\u00e7am hoje (5) os ensaios cl\u00ednicos com a vacina BCG, usada contra a tuberculose, para verificar a preven\u00e7\u00e3o tamb\u00e9m contra a covid-19. O trabalho ser\u00e1 conduzido pelo Hospital Universit\u00e1rio Clementino Fraga Filho, da Universidade Federal do Rio de Janeiro (UFRJ), Hospital Universit\u00e1rio Pedro Ernesto, da Universidade do Estado do Rio de Janeiro (UERJ), e pelo Hospital Municipal de Barueri Dr. Francisco Moran, no estado de S\u00e3o Paulo.<\/p>\n<p style=\"text-align: justify;\">\n<p style=\"text-align: justify;\">\n<p style=\"text-align: justify;\">A iniciativa \u00e9 da RedeV\u00edrus, do Minist\u00e9rio da Ci\u00eancia, Tecnologia e Inova\u00e7\u00f5es e conta com investimentos de R$ 1 milh\u00e3o em recursos do Fundo Nacional de Desenvolvimento Cient\u00edfico e Tecnol\u00f3gico, disponibilizados pela Financiadora de Estudos e Projetos. Participar\u00e3o do ensaio mil profissionais da sa\u00fade. A Funda\u00e7\u00e3o Oswaldo Cruz Fiocruz tamb\u00e9m est\u00e1 desenvolvendo ensaios cl\u00ednicos com a BCG contra o v\u00edrus Sars-Cov-2, causador da covid-19.<\/p>\n<p style=\"text-align: justify;\">De acordo com a coordenadora da pesquisa, Fernanda Mello, que \u00e9 professora de Tisiologia e Pneumologia do Instituto de Doen\u00e7as do T\u00f3rax da Universidade Federal do Rio de Janeiro (UFRJ), os estudos buscam responder se a vacina ajuda na preven\u00e7\u00e3o da infec\u00e7\u00e3o e na ocorr\u00eancia de formas graves da covid-19.<\/p>\n<p style=\"text-align: justify;\">\u201cAo avaliarmos o efeito da vacina BCG entre profissionais de sa\u00fade, esperamos verificar seu potencial para evitar o adoecimento e as formas graves da doen\u00e7a entre eles, que representam o bra\u00e7o operacional da linha de cuidado aos pacientes covid-19. A manuten\u00e7\u00e3o desta for\u00e7a de trabalho \u00e9 fundamental para que seja garantido o melhor cuidado aos portadores do novo coronav\u00edrus\u201d.<\/p>\n<p style=\"text-align: justify;\">A vacina BCG, cuja sigla vem de bacilo Calmette\u2013Gu\u00e9rin, est\u00e1 dispon\u00edvel no Sistema \u00danico de Sa\u00fade (SUS) e, no Brasil, \u00e9 obrigat\u00f3ria para rec\u00e9m-nascidos desde 1976, devendo ser tomada at\u00e9 os quatro anos de idade. O imunizante protege crian\u00e7as de at\u00e9 5 anos das formas mais graves da tuberculose.<\/p>\n<p style=\"text-align: justify;\">Indicativos<\/p>\n<p style=\"text-align: justify;\">A investiga\u00e7\u00e3o para verificar a efic\u00e1cia da BCG tamb\u00e9m contra o novo coronav\u00edrus se baseia na hip\u00f3tese de que pa\u00edses que mant\u00e9m o uso da vacina apresentaram menor incid\u00eancia de covid-19, quando comparado com pa\u00edses que suspenderam o uso universal, como Estados Unidos, Espanha e It\u00e1lia. Segundo a Fiocruz, pesquisadores australianos verificaram que a BCG funciona contra outras infec\u00e7\u00f5es respirat\u00f3rias virais.<\/p>\n<p style=\"text-align: justify;\">Segundo dados do site Worldometer, os Estados Unidos est\u00e3o com incid\u00eancia de covid-19 na faixa de 23 mil casos por milh\u00e3o de habitantes e de 647 mortes por milh\u00e3o. A Espanha est\u00e1 com 17.340 casos e 686 mortes por milh\u00e3o de habitantes. J\u00e1 a It\u00e1lia tem 5.383 casos e 595 mortes por milh\u00e3o. No Brasil, a incid\u00eancia est\u00e1 parecida com a dos Estados Unidos, de 23 mil casos e 687 mortes por milh\u00e3o de habitantes.<\/p>\n<p style=\"text-align: justify;\">Dados do Sistema Infogripe mostram que as interna\u00e7\u00f5es por S\u00edndrome Respirat\u00f3ria Aguda Grave (SARG) este ano no Brasil est\u00e1 baixa entre crian\u00e7as e adolescentes, at\u00e9 19 anos, e se concentra na faixa acima de 40 anos, principalmente acima de 60, mesma popula\u00e7\u00e3o que n\u00e3o foi vacinada com a BCG quando crian\u00e7a. Este ano 97,6% dos casos e 99,3% dos \u00f3bitos reportados que tiveram comprova\u00e7\u00e3o laboratorial para a causa da interna\u00e7\u00e3o deram positivo para o v\u00edrus Sars-CoV-2. No ano passado, as interna\u00e7\u00f5es por SARG se concentraram em crian\u00e7as at\u00e9 os 2 anos de idade, com incid\u00eancia grande de v\u00edrus sincicial respirat\u00f3rio e Influenza A.<\/p>\n<p style=\"text-align: justify;\">Fonte: Ag\u00eancia Brasil<\/p>\n","protected":false},"excerpt":{"rendered":"<p>Come\u00e7am hoje (5) os ensaios cl\u00ednicos com a vacina BCG, usada contra a tuberculose, para verificar a preven\u00e7\u00e3o tamb\u00e9m contra a covid-19. O trabalho ser\u00e1 conduzido pelo Hospital Universit\u00e1rio Clementino Fraga Filho, da Universidade Federal do Rio de Janeiro (UFRJ), Hospital Universit\u00e1rio Pedro Ernesto, da Universidade do Estado do Rio de Janeiro (UERJ), e pelo &hellip;<\/p>\n","protected":false},"author":2,"featured_media":58495,"comment_status":"open","ping_status":"open","sticky":false,"template":"","format":"standard","meta":{"content-type":"","rop_custom_images_group":[],"rop_custom_messages_group":[],"rop_publish_now":"initial","rop_publish_now_accounts":{"facebook_2648258775420054_1618374048415101":""},"rop_publish_now_history":[],"rop_publish_now_status":"pending","footnotes":"","_jetpack_memberships_contains_paid_content":false},"categories":[125],"tags":[5689,6892,6893,6894],"yoast_head":"<!-- This site is optimized with the Yoast SEO plugin v22.3 - https:\/\/yoast.com\/wordpress\/plugins\/seo\/ -->\n<title>UFRJ inicia ensaios cl\u00ednicos com a vacina BCG contra covid-19<\/title>\n<meta name=\"robots\" content=\"index, follow, max-snippet:-1, max-image-preview:large, max-video-preview:-1\" \/>\n<link rel=\"canonical\" href=\"https:\/\/portalnpm.com\/index.php\/2020\/10\/05\/ufrj-inicia-ensaios-clinicos-com-a-vacina-bcg-contra-covid-19\/\" \/>\n<meta property=\"og:locale\" content=\"pt_BR\" \/>\n<meta property=\"og:type\" content=\"article\" \/>\n<meta property=\"og:title\" content=\"UFRJ inicia ensaios cl\u00ednicos com a vacina BCG contra covid-19\" \/>\n<meta property=\"og:description\" content=\"Come\u00e7am hoje (5) os ensaios cl\u00ednicos com a vacina BCG, usada contra a tuberculose, para verificar a preven\u00e7\u00e3o tamb\u00e9m contra a covid-19. O trabalho ser\u00e1 conduzido pelo Hospital Universit\u00e1rio Clementino Fraga Filho, da Universidade Federal do Rio de Janeiro (UFRJ), Hospital Universit\u00e1rio Pedro Ernesto, da Universidade do Estado do Rio de Janeiro (UERJ), e pelo &hellip;\" \/>\n<meta property=\"og:url\" content=\"https:\/\/portalnpm.com\/index.php\/2020\/10\/05\/ufrj-inicia-ensaios-clinicos-com-a-vacina-bcg-contra-covid-19\/\" \/>\n<meta property=\"og:site_name\" content=\"Portal NPM\" \/>\n<meta property=\"article:published_time\" content=\"2020-10-05T20:18:35+00:00\" \/>\n<meta property=\"og:image\" content=\"https:\/\/portalnpm.com\/wp-content\/uploads\/2024\/01\/not-5331-20201005101901.jpg\" \/>\n\t<meta property=\"og:image:width\" content=\"650\" \/>\n\t<meta property=\"og:image:height\" content=\"488\" \/>\n\t<meta property=\"og:image:type\" content=\"image\/jpeg\" \/>\n<meta name=\"author\" content=\"Genival Barbosa\" \/>\n<meta name=\"twitter:card\" content=\"summary_large_image\" \/>\n<meta name=\"twitter:label1\" content=\"Escrito por\" \/>\n\t<meta name=\"twitter:data1\" content=\"Genival Barbosa\" \/>\n\t<meta name=\"twitter:label2\" content=\"Est. tempo de leitura\" \/>\n\t<meta name=\"twitter:data2\" content=\"3 minutos\" \/>\n<script type=\"application\/ld+json\" class=\"yoast-schema-graph\">{\"@context\":\"https:\/\/schema.org\",\"@graph\":[{\"@type\":\"WebPage\",\"@id\":\"https:\/\/portalnpm.com\/index.php\/2020\/10\/05\/ufrj-inicia-ensaios-clinicos-com-a-vacina-bcg-contra-covid-19\/\",\"url\":\"https:\/\/portalnpm.com\/index.php\/2020\/10\/05\/ufrj-inicia-ensaios-clinicos-com-a-vacina-bcg-contra-covid-19\/\",\"name\":\"UFRJ inicia ensaios cl\u00ednicos com a vacina BCG contra covid-19\",\"isPartOf\":{\"@id\":\"https:\/\/portalnpm.com\/#website\"},\"primaryImageOfPage\":{\"@id\":\"https:\/\/portalnpm.com\/index.php\/2020\/10\/05\/ufrj-inicia-ensaios-clinicos-com-a-vacina-bcg-contra-covid-19\/#primaryimage\"},\"image\":{\"@id\":\"https:\/\/portalnpm.com\/index.php\/2020\/10\/05\/ufrj-inicia-ensaios-clinicos-com-a-vacina-bcg-contra-covid-19\/#primaryimage\"},\"thumbnailUrl\":\"https:\/\/portalnpm.com\/wp-content\/uploads\/2024\/01\/not-5331-20201005101901.jpg\",\"datePublished\":\"2020-10-05T20:18:35+00:00\",\"dateModified\":\"2020-10-05T20:18:35+00:00\",\"author\":{\"@id\":\"https:\/\/portalnpm.com\/#\/schema\/person\/49313e563cfdefcc167f1ee4c017c294\"},\"breadcrumb\":{\"@id\":\"https:\/\/portalnpm.com\/index.php\/2020\/10\/05\/ufrj-inicia-ensaios-clinicos-com-a-vacina-bcg-contra-covid-19\/#breadcrumb\"},\"inLanguage\":\"pt-BR\",\"potentialAction\":[{\"@type\":\"ReadAction\",\"target\":[\"https:\/\/portalnpm.com\/index.php\/2020\/10\/05\/ufrj-inicia-ensaios-clinicos-com-a-vacina-bcg-contra-covid-19\/\"]}]},{\"@type\":\"ImageObject\",\"inLanguage\":\"pt-BR\",\"@id\":\"https:\/\/portalnpm.com\/index.php\/2020\/10\/05\/ufrj-inicia-ensaios-clinicos-com-a-vacina-bcg-contra-covid-19\/#primaryimage\",\"url\":\"https:\/\/portalnpm.com\/wp-content\/uploads\/2024\/01\/not-5331-20201005101901.jpg\",\"contentUrl\":\"https:\/\/portalnpm.com\/wp-content\/uploads\/2024\/01\/not-5331-20201005101901.jpg\",\"width\":650,\"height\":488},{\"@type\":\"BreadcrumbList\",\"@id\":\"https:\/\/portalnpm.com\/index.php\/2020\/10\/05\/ufrj-inicia-ensaios-clinicos-com-a-vacina-bcg-contra-covid-19\/#breadcrumb\",\"itemListElement\":[{\"@type\":\"ListItem\",\"position\":1,\"name\":\"In\u00edcio\",\"item\":\"https:\/\/portalnpm.com\/\"},{\"@type\":\"ListItem\",\"position\":2,\"name\":\"UFRJ inicia ensaios cl\u00ednicos com a vacina BCG contra covid-19\"}]},{\"@type\":\"WebSite\",\"@id\":\"https:\/\/portalnpm.com\/#website\",\"url\":\"https:\/\/portalnpm.com\/\",\"name\":\"Portal NPM\",\"description\":\"Not\u00edcias em Primeira M\u00e3o\",\"potentialAction\":[{\"@type\":\"SearchAction\",\"target\":{\"@type\":\"EntryPoint\",\"urlTemplate\":\"https:\/\/portalnpm.com\/?s={search_term_string}\"},\"query-input\":\"required name=search_term_string\"}],\"inLanguage\":\"pt-BR\"},{\"@type\":\"Person\",\"@id\":\"https:\/\/portalnpm.com\/#\/schema\/person\/49313e563cfdefcc167f1ee4c017c294\",\"name\":\"Genival Barbosa\",\"image\":{\"@type\":\"ImageObject\",\"inLanguage\":\"pt-BR\",\"@id\":\"https:\/\/portalnpm.com\/#\/schema\/person\/image\/\",\"url\":\"https:\/\/portalnpm.com\/wp-content\/uploads\/2024\/02\/avatar_user_2_1707743258-96x96.jpeg\",\"contentUrl\":\"https:\/\/portalnpm.com\/wp-content\/uploads\/2024\/02\/avatar_user_2_1707743258-96x96.jpeg\",\"caption\":\"Genival Barbosa\"},\"url\":\"https:\/\/portalnpm.com\/index.php\/author\/genival\/\"}]}<\/script>\n<!-- \/ Yoast SEO plugin. -->","yoast_head_json":{"title":"UFRJ inicia ensaios cl\u00ednicos com a vacina BCG contra covid-19","robots":{"index":"index","follow":"follow","max-snippet":"max-snippet:-1","max-image-preview":"max-image-preview:large","max-video-preview":"max-video-preview:-1"},"canonical":"https:\/\/portalnpm.com\/index.php\/2020\/10\/05\/ufrj-inicia-ensaios-clinicos-com-a-vacina-bcg-contra-covid-19\/","og_locale":"pt_BR","og_type":"article","og_title":"UFRJ inicia ensaios cl\u00ednicos com a vacina BCG contra covid-19","og_description":"Come\u00e7am hoje (5) os ensaios cl\u00ednicos com a vacina BCG, usada contra a tuberculose, para verificar a preven\u00e7\u00e3o tamb\u00e9m contra a covid-19. O trabalho ser\u00e1 conduzido pelo Hospital Universit\u00e1rio Clementino Fraga Filho, da Universidade Federal do Rio de Janeiro (UFRJ), Hospital Universit\u00e1rio Pedro Ernesto, da Universidade do Estado do Rio de Janeiro (UERJ), e pelo &hellip;","og_url":"https:\/\/portalnpm.com\/index.php\/2020\/10\/05\/ufrj-inicia-ensaios-clinicos-com-a-vacina-bcg-contra-covid-19\/","og_site_name":"Portal NPM","article_published_time":"2020-10-05T20:18:35+00:00","og_image":[{"width":650,"height":488,"url":"https:\/\/portalnpm.com\/wp-content\/uploads\/2024\/01\/not-5331-20201005101901.jpg","type":"image\/jpeg"}],"author":"Genival Barbosa","twitter_card":"summary_large_image","twitter_misc":{"Escrito por":"Genival Barbosa","Est. tempo de leitura":"3 minutos"},"schema":{"@context":"https:\/\/schema.org","@graph":[{"@type":"WebPage","@id":"https:\/\/portalnpm.com\/index.php\/2020\/10\/05\/ufrj-inicia-ensaios-clinicos-com-a-vacina-bcg-contra-covid-19\/","url":"https:\/\/portalnpm.com\/index.php\/2020\/10\/05\/ufrj-inicia-ensaios-clinicos-com-a-vacina-bcg-contra-covid-19\/","name":"UFRJ inicia ensaios cl\u00ednicos com a vacina BCG contra covid-19","isPartOf":{"@id":"https:\/\/portalnpm.com\/#website"},"primaryImageOfPage":{"@id":"https:\/\/portalnpm.com\/index.php\/2020\/10\/05\/ufrj-inicia-ensaios-clinicos-com-a-vacina-bcg-contra-covid-19\/#primaryimage"},"image":{"@id":"https:\/\/portalnpm.com\/index.php\/2020\/10\/05\/ufrj-inicia-ensaios-clinicos-com-a-vacina-bcg-contra-covid-19\/#primaryimage"},"thumbnailUrl":"https:\/\/portalnpm.com\/wp-content\/uploads\/2024\/01\/not-5331-20201005101901.jpg","datePublished":"2020-10-05T20:18:35+00:00","dateModified":"2020-10-05T20:18:35+00:00","author":{"@id":"https:\/\/portalnpm.com\/#\/schema\/person\/49313e563cfdefcc167f1ee4c017c294"},"breadcrumb":{"@id":"https:\/\/portalnpm.com\/index.php\/2020\/10\/05\/ufrj-inicia-ensaios-clinicos-com-a-vacina-bcg-contra-covid-19\/#breadcrumb"},"inLanguage":"pt-BR","potentialAction":[{"@type":"ReadAction","target":["https:\/\/portalnpm.com\/index.php\/2020\/10\/05\/ufrj-inicia-ensaios-clinicos-com-a-vacina-bcg-contra-covid-19\/"]}]},{"@type":"ImageObject","inLanguage":"pt-BR","@id":"https:\/\/portalnpm.com\/index.php\/2020\/10\/05\/ufrj-inicia-ensaios-clinicos-com-a-vacina-bcg-contra-covid-19\/#primaryimage","url":"https:\/\/portalnpm.com\/wp-content\/uploads\/2024\/01\/not-5331-20201005101901.jpg","contentUrl":"https:\/\/portalnpm.com\/wp-content\/uploads\/2024\/01\/not-5331-20201005101901.jpg","width":650,"height":488},{"@type":"BreadcrumbList","@id":"https:\/\/portalnpm.com\/index.php\/2020\/10\/05\/ufrj-inicia-ensaios-clinicos-com-a-vacina-bcg-contra-covid-19\/#breadcrumb","itemListElement":[{"@type":"ListItem","position":1,"name":"In\u00edcio","item":"https:\/\/portalnpm.com\/"},{"@type":"ListItem","position":2,"name":"UFRJ inicia ensaios cl\u00ednicos com a vacina BCG contra covid-19"}]},{"@type":"WebSite","@id":"https:\/\/portalnpm.com\/#website","url":"https:\/\/portalnpm.com\/","name":"Portal NPM","description":"Not\u00edcias em Primeira M\u00e3o","potentialAction":[{"@type":"SearchAction","target":{"@type":"EntryPoint","urlTemplate":"https:\/\/portalnpm.com\/?s={search_term_string}"},"query-input":"required name=search_term_string"}],"inLanguage":"pt-BR"},{"@type":"Person","@id":"https:\/\/portalnpm.com\/#\/schema\/person\/49313e563cfdefcc167f1ee4c017c294","name":"Genival Barbosa","image":{"@type":"ImageObject","inLanguage":"pt-BR","@id":"https:\/\/portalnpm.com\/#\/schema\/person\/image\/","url":"https:\/\/portalnpm.com\/wp-content\/uploads\/2024\/02\/avatar_user_2_1707743258-96x96.jpeg","contentUrl":"https:\/\/portalnpm.com\/wp-content\/uploads\/2024\/02\/avatar_user_2_1707743258-96x96.jpeg","caption":"Genival Barbosa"},"url":"https:\/\/portalnpm.com\/index.php\/author\/genival\/"}]}},"jetpack_sharing_enabled":true,"jetpack_featured_media_url":"https:\/\/portalnpm.com\/wp-content\/uploads\/2024\/01\/not-5331-20201005101901.jpg","_links":{"self":[{"href":"https:\/\/portalnpm.com\/index.php\/wp-json\/wp\/v2\/posts\/58494"}],"collection":[{"href":"https:\/\/portalnpm.com\/index.php\/wp-json\/wp\/v2\/posts"}],"about":[{"href":"https:\/\/portalnpm.com\/index.php\/wp-json\/wp\/v2\/types\/post"}],"author":[{"embeddable":true,"href":"https:\/\/portalnpm.com\/index.php\/wp-json\/wp\/v2\/users\/2"}],"replies":[{"embeddable":true,"href":"https:\/\/portalnpm.com\/index.php\/wp-json\/wp\/v2\/comments?post=58494"}],"version-history":[{"count":0,"href":"https:\/\/portalnpm.com\/index.php\/wp-json\/wp\/v2\/posts\/58494\/revisions"}],"wp:featuredmedia":[{"embeddable":true,"href":"https:\/\/portalnpm.com\/index.php\/wp-json\/wp\/v2\/media\/58495"}],"wp:attachment":[{"href":"https:\/\/portalnpm.com\/index.php\/wp-json\/wp\/v2\/media?parent=58494"}],"wp:term":[{"taxonomy":"category","embeddable":true,"href":"https:\/\/portalnpm.com\/index.php\/wp-json\/wp\/v2\/categories?post=58494"},{"taxonomy":"post_tag","embeddable":true,"href":"https:\/\/portalnpm.com\/index.php\/wp-json\/wp\/v2\/tags?post=58494"}],"curies":[{"name":"wp","href":"https:\/\/api.w.org\/{rel}","templated":true}]}}