{"id":58496,"date":"2020-10-06T14:57:38","date_gmt":"2020-10-06T17:57:38","guid":{"rendered":"https:\/\/portalnpm.com\/index.php\/2020\/10\/06\/candidato-a-vereador-e-agredido-em-municipio-do-piaui\/"},"modified":"2024-01-15T21:26:23","modified_gmt":"2024-01-16T00:26:23","slug":"candidato-a-vereador-e-agredido-em-municipio-do-piaui","status":"publish","type":"post","link":"https:\/\/portalnpm.com\/index.php\/2020\/10\/06\/candidato-a-vereador-e-agredido-em-municipio-do-piaui\/","title":{"rendered":"Candidato a vereador \u00e9 agredido em Munic\u00edpio do Piau\u00ed"},"content":{"rendered":"<p><p style=\"text-align: justify;\">O candidato a vereador na cidade de Palmeirais, Vav&aacute; Rab&ecirc;lo (PTB) procurou a Central de Flagrantes em Teresina para denunciar que foi agredido.<\/p>\n<p style=\"text-align: justify;\">\n<p style=\"text-align: justify;\">\n<p style=\"text-align: justify;\">Em entrevista &agrave; TV Meio Norte, ele afirmou que estava abastecendo o carro quando dois homens chegaram em uma D-20 e come&ccedil;aram as agress&otilde;es.<\/p>\n<p style=\"text-align: justify;\">O jovem disse que os criminosos agiram com bastante viol&ecirc;ncia e disseram que da pr&oacute;xima vez seria na bala.<\/p>\n<p style=\"text-align: justify;\">O candidato afirmou que n&atilde;o identificou os agressores e que n&atilde;o sabe se s&atilde;o opositores pol&iacute;ticos.<\/p>\n<p style=\"text-align: justify;\">Ap&oacute;s a den&uacute;ncia na Central de Flagrantes, ele deve realizar exame de corpo de delito.<\/p>\n<figure id=\"attachment_26591\" aria-describedby=\"caption-attachment-26591\" style=\"width: 1045px\" class=\"wp-caption alignnone\"><img fetchpriority=\"high\" decoding=\"async\" class=\"size-full wp-image-26591\" src=\"https:\/\/portalnpm.com\/wp-content\/uploads\/2024\/01\/a4.jpeg\" alt=\"\" width=\"1045\" height=\"447\"><figcaption id=\"caption-attachment-26591\" class=\"wp-caption-text\">Reprodu&ccedil;&atilde;o TV Meio Norte<\/figcaption><\/figure>\n<figure id=\"attachment_26592\" aria-describedby=\"caption-attachment-26592\" style=\"width: 1047px\" class=\"wp-caption alignnone\"><img decoding=\"async\" class=\"size-full wp-image-26592\" src=\"https:\/\/portalnpm.com\/wp-content\/uploads\/2024\/01\/a5.jpeg\" alt=\"\" width=\"1047\" height=\"446\"><figcaption id=\"caption-attachment-26592\" class=\"wp-caption-text\">Reprodu&ccedil;&atilde;o TV Meio Norte<\/figcaption><\/figure>\n<p style=\"text-align: justify;\"><strong>Por TV Meio Norte<\/strong><\/p><\/p>\n","protected":false},"excerpt":{"rendered":"<p>O candidato a vereador na cidade de Palmeirais, Vav&aacute; Rab&ecirc;lo (PTB) procurou a Central de Flagrantes em Teresina para denunciar que foi agredido. Em entrevista &agrave; TV Meio Norte, ele afirmou que estava abastecendo o carro quando dois homens chegaram em uma D-20 e come&ccedil;aram as agress&otilde;es. O jovem disse que os criminosos agiram com &hellip;<\/p>\n","protected":false},"author":2,"featured_media":26590,"comment_status":"open","ping_status":"open","sticky":false,"template":"","format":"standard","meta":{"content-type":"","rop_custom_images_group":[],"rop_custom_messages_group":[],"rop_publish_now":"initial","rop_publish_now_accounts":{"facebook_2648258775420054_1618374048415101":""},"rop_publish_now_history":[],"rop_publish_now_status":"pending","footnotes":"","_jetpack_memberships_contains_paid_content":false},"categories":[188],"tags":[1055,6895,6896],"yoast_head":"<!-- This site is optimized with the Yoast SEO plugin v22.3 - https:\/\/yoast.com\/wordpress\/plugins\/seo\/ -->\n<title>Candidato a vereador \u00e9 agredido em Munic\u00edpio do Piau\u00ed<\/title>\n<meta name=\"robots\" content=\"index, follow, max-snippet:-1, max-image-preview:large, max-video-preview:-1\" \/>\n<link rel=\"canonical\" href=\"https:\/\/portalnpm.com\/index.php\/2020\/10\/06\/candidato-a-vereador-e-agredido-em-municipio-do-piaui\/\" \/>\n<meta property=\"og:locale\" content=\"pt_BR\" \/>\n<meta property=\"og:type\" content=\"article\" \/>\n<meta property=\"og:title\" content=\"Candidato a vereador \u00e9 agredido em Munic\u00edpio do Piau\u00ed\" \/>\n<meta property=\"og:description\" content=\"O candidato a vereador na cidade de Palmeirais, Vav&aacute; Rab&ecirc;lo (PTB) procurou a Central de Flagrantes em Teresina para denunciar que foi agredido. Em entrevista &agrave; TV Meio Norte, ele afirmou que estava abastecendo o carro quando dois homens chegaram em uma D-20 e come&ccedil;aram as agress&otilde;es. O jovem disse que os criminosos agiram com &hellip;\" \/>\n<meta property=\"og:url\" content=\"https:\/\/portalnpm.com\/index.php\/2020\/10\/06\/candidato-a-vereador-e-agredido-em-municipio-do-piaui\/\" \/>\n<meta property=\"og:site_name\" content=\"Portal NPM\" \/>\n<meta property=\"article:published_time\" content=\"2020-10-06T17:57:38+00:00\" \/>\n<meta property=\"article:modified_time\" content=\"2024-01-16T00:26:23+00:00\" \/>\n<meta name=\"author\" content=\"Genival Barbosa\" \/>\n<meta name=\"twitter:card\" content=\"summary_large_image\" \/>\n<meta name=\"twitter:label1\" content=\"Escrito por\" \/>\n\t<meta name=\"twitter:data1\" content=\"Genival Barbosa\" \/>\n\t<meta name=\"twitter:label2\" content=\"Est. tempo de leitura\" \/>\n\t<meta name=\"twitter:data2\" content=\"1 minuto\" \/>\n<script type=\"application\/ld+json\" class=\"yoast-schema-graph\">{\"@context\":\"https:\/\/schema.org\",\"@graph\":[{\"@type\":\"WebPage\",\"@id\":\"https:\/\/portalnpm.com\/index.php\/2020\/10\/06\/candidato-a-vereador-e-agredido-em-municipio-do-piaui\/\",\"url\":\"https:\/\/portalnpm.com\/index.php\/2020\/10\/06\/candidato-a-vereador-e-agredido-em-municipio-do-piaui\/\",\"name\":\"Candidato a vereador \u00e9 agredido em Munic\u00edpio do Piau\u00ed\",\"isPartOf\":{\"@id\":\"https:\/\/portalnpm.com\/#website\"},\"primaryImageOfPage\":{\"@id\":\"https:\/\/portalnpm.com\/index.php\/2020\/10\/06\/candidato-a-vereador-e-agredido-em-municipio-do-piaui\/#primaryimage\"},\"image\":{\"@id\":\"https:\/\/portalnpm.com\/index.php\/2020\/10\/06\/candidato-a-vereador-e-agredido-em-municipio-do-piaui\/#primaryimage\"},\"thumbnailUrl\":\"\",\"datePublished\":\"2020-10-06T17:57:38+00:00\",\"dateModified\":\"2024-01-16T00:26:23+00:00\",\"author\":{\"@id\":\"https:\/\/portalnpm.com\/#\/schema\/person\/49313e563cfdefcc167f1ee4c017c294\"},\"breadcrumb\":{\"@id\":\"https:\/\/portalnpm.com\/index.php\/2020\/10\/06\/candidato-a-vereador-e-agredido-em-municipio-do-piaui\/#breadcrumb\"},\"inLanguage\":\"pt-BR\",\"potentialAction\":[{\"@type\":\"ReadAction\",\"target\":[\"https:\/\/portalnpm.com\/index.php\/2020\/10\/06\/candidato-a-vereador-e-agredido-em-municipio-do-piaui\/\"]}]},{\"@type\":\"ImageObject\",\"inLanguage\":\"pt-BR\",\"@id\":\"https:\/\/portalnpm.com\/index.php\/2020\/10\/06\/candidato-a-vereador-e-agredido-em-municipio-do-piaui\/#primaryimage\",\"url\":\"\",\"contentUrl\":\"\"},{\"@type\":\"BreadcrumbList\",\"@id\":\"https:\/\/portalnpm.com\/index.php\/2020\/10\/06\/candidato-a-vereador-e-agredido-em-municipio-do-piaui\/#breadcrumb\",\"itemListElement\":[{\"@type\":\"ListItem\",\"position\":1,\"name\":\"In\u00edcio\",\"item\":\"https:\/\/portalnpm.com\/\"},{\"@type\":\"ListItem\",\"position\":2,\"name\":\"Candidato a vereador \u00e9 agredido em Munic\u00edpio do Piau\u00ed\"}]},{\"@type\":\"WebSite\",\"@id\":\"https:\/\/portalnpm.com\/#website\",\"url\":\"https:\/\/portalnpm.com\/\",\"name\":\"Portal NPM\",\"description\":\"Not\u00edcias em Primeira M\u00e3o\",\"potentialAction\":[{\"@type\":\"SearchAction\",\"target\":{\"@type\":\"EntryPoint\",\"urlTemplate\":\"https:\/\/portalnpm.com\/?s={search_term_string}\"},\"query-input\":\"required name=search_term_string\"}],\"inLanguage\":\"pt-BR\"},{\"@type\":\"Person\",\"@id\":\"https:\/\/portalnpm.com\/#\/schema\/person\/49313e563cfdefcc167f1ee4c017c294\",\"name\":\"Genival Barbosa\",\"image\":{\"@type\":\"ImageObject\",\"inLanguage\":\"pt-BR\",\"@id\":\"https:\/\/portalnpm.com\/#\/schema\/person\/image\/\",\"url\":\"https:\/\/portalnpm.com\/wp-content\/uploads\/2024\/02\/avatar_user_2_1707743258-96x96.jpeg\",\"contentUrl\":\"https:\/\/portalnpm.com\/wp-content\/uploads\/2024\/02\/avatar_user_2_1707743258-96x96.jpeg\",\"caption\":\"Genival Barbosa\"},\"url\":\"https:\/\/portalnpm.com\/index.php\/author\/genival\/\"}]}<\/script>\n<!-- \/ Yoast SEO plugin. -->","yoast_head_json":{"title":"Candidato a vereador \u00e9 agredido em Munic\u00edpio do Piau\u00ed","robots":{"index":"index","follow":"follow","max-snippet":"max-snippet:-1","max-image-preview":"max-image-preview:large","max-video-preview":"max-video-preview:-1"},"canonical":"https:\/\/portalnpm.com\/index.php\/2020\/10\/06\/candidato-a-vereador-e-agredido-em-municipio-do-piaui\/","og_locale":"pt_BR","og_type":"article","og_title":"Candidato a vereador \u00e9 agredido em Munic\u00edpio do Piau\u00ed","og_description":"O candidato a vereador na cidade de Palmeirais, Vav&aacute; Rab&ecirc;lo (PTB) procurou a Central de Flagrantes em Teresina para denunciar que foi agredido. Em entrevista &agrave; TV Meio Norte, ele afirmou que estava abastecendo o carro quando dois homens chegaram em uma D-20 e come&ccedil;aram as agress&otilde;es. O jovem disse que os criminosos agiram com &hellip;","og_url":"https:\/\/portalnpm.com\/index.php\/2020\/10\/06\/candidato-a-vereador-e-agredido-em-municipio-do-piaui\/","og_site_name":"Portal NPM","article_published_time":"2020-10-06T17:57:38+00:00","article_modified_time":"2024-01-16T00:26:23+00:00","author":"Genival Barbosa","twitter_card":"summary_large_image","twitter_misc":{"Escrito por":"Genival Barbosa","Est. tempo de leitura":"1 minuto"},"schema":{"@context":"https:\/\/schema.org","@graph":[{"@type":"WebPage","@id":"https:\/\/portalnpm.com\/index.php\/2020\/10\/06\/candidato-a-vereador-e-agredido-em-municipio-do-piaui\/","url":"https:\/\/portalnpm.com\/index.php\/2020\/10\/06\/candidato-a-vereador-e-agredido-em-municipio-do-piaui\/","name":"Candidato a vereador \u00e9 agredido em Munic\u00edpio do Piau\u00ed","isPartOf":{"@id":"https:\/\/portalnpm.com\/#website"},"primaryImageOfPage":{"@id":"https:\/\/portalnpm.com\/index.php\/2020\/10\/06\/candidato-a-vereador-e-agredido-em-municipio-do-piaui\/#primaryimage"},"image":{"@id":"https:\/\/portalnpm.com\/index.php\/2020\/10\/06\/candidato-a-vereador-e-agredido-em-municipio-do-piaui\/#primaryimage"},"thumbnailUrl":"","datePublished":"2020-10-06T17:57:38+00:00","dateModified":"2024-01-16T00:26:23+00:00","author":{"@id":"https:\/\/portalnpm.com\/#\/schema\/person\/49313e563cfdefcc167f1ee4c017c294"},"breadcrumb":{"@id":"https:\/\/portalnpm.com\/index.php\/2020\/10\/06\/candidato-a-vereador-e-agredido-em-municipio-do-piaui\/#breadcrumb"},"inLanguage":"pt-BR","potentialAction":[{"@type":"ReadAction","target":["https:\/\/portalnpm.com\/index.php\/2020\/10\/06\/candidato-a-vereador-e-agredido-em-municipio-do-piaui\/"]}]},{"@type":"ImageObject","inLanguage":"pt-BR","@id":"https:\/\/portalnpm.com\/index.php\/2020\/10\/06\/candidato-a-vereador-e-agredido-em-municipio-do-piaui\/#primaryimage","url":"","contentUrl":""},{"@type":"BreadcrumbList","@id":"https:\/\/portalnpm.com\/index.php\/2020\/10\/06\/candidato-a-vereador-e-agredido-em-municipio-do-piaui\/#breadcrumb","itemListElement":[{"@type":"ListItem","position":1,"name":"In\u00edcio","item":"https:\/\/portalnpm.com\/"},{"@type":"ListItem","position":2,"name":"Candidato a vereador \u00e9 agredido em Munic\u00edpio do Piau\u00ed"}]},{"@type":"WebSite","@id":"https:\/\/portalnpm.com\/#website","url":"https:\/\/portalnpm.com\/","name":"Portal NPM","description":"Not\u00edcias em Primeira M\u00e3o","potentialAction":[{"@type":"SearchAction","target":{"@type":"EntryPoint","urlTemplate":"https:\/\/portalnpm.com\/?s={search_term_string}"},"query-input":"required name=search_term_string"}],"inLanguage":"pt-BR"},{"@type":"Person","@id":"https:\/\/portalnpm.com\/#\/schema\/person\/49313e563cfdefcc167f1ee4c017c294","name":"Genival Barbosa","image":{"@type":"ImageObject","inLanguage":"pt-BR","@id":"https:\/\/portalnpm.com\/#\/schema\/person\/image\/","url":"https:\/\/portalnpm.com\/wp-content\/uploads\/2024\/02\/avatar_user_2_1707743258-96x96.jpeg","contentUrl":"https:\/\/portalnpm.com\/wp-content\/uploads\/2024\/02\/avatar_user_2_1707743258-96x96.jpeg","caption":"Genival Barbosa"},"url":"https:\/\/portalnpm.com\/index.php\/author\/genival\/"}]}},"jetpack_sharing_enabled":true,"jetpack_featured_media_url":"","_links":{"self":[{"href":"https:\/\/portalnpm.com\/index.php\/wp-json\/wp\/v2\/posts\/58496"}],"collection":[{"href":"https:\/\/portalnpm.com\/index.php\/wp-json\/wp\/v2\/posts"}],"about":[{"href":"https:\/\/portalnpm.com\/index.php\/wp-json\/wp\/v2\/types\/post"}],"author":[{"embeddable":true,"href":"https:\/\/portalnpm.com\/index.php\/wp-json\/wp\/v2\/users\/2"}],"replies":[{"embeddable":true,"href":"https:\/\/portalnpm.com\/index.php\/wp-json\/wp\/v2\/comments?post=58496"}],"version-history":[{"count":1,"href":"https:\/\/portalnpm.com\/index.php\/wp-json\/wp\/v2\/posts\/58496\/revisions"}],"predecessor-version":[{"id":58501,"href":"https:\/\/portalnpm.com\/index.php\/wp-json\/wp\/v2\/posts\/58496\/revisions\/58501"}],"wp:featuredmedia":[{"embeddable":true,"href":"https:\/\/portalnpm.com\/index.php\/wp-json\/"}],"wp:attachment":[{"href":"https:\/\/portalnpm.com\/index.php\/wp-json\/wp\/v2\/media?parent=58496"}],"wp:term":[{"taxonomy":"category","embeddable":true,"href":"https:\/\/portalnpm.com\/index.php\/wp-json\/wp\/v2\/categories?post=58496"},{"taxonomy":"post_tag","embeddable":true,"href":"https:\/\/portalnpm.com\/index.php\/wp-json\/wp\/v2\/tags?post=58496"}],"curies":[{"name":"wp","href":"https:\/\/api.w.org\/{rel}","templated":true}]}}