{"id":58517,"date":"2020-10-07T15:39:19","date_gmt":"2020-10-07T18:39:19","guid":{"rendered":"https:\/\/portalnpm.com\/index.php\/2020\/10\/07\/apos-derrota-para-o-america-mg-vitoria-demite-tecnico-bruno-pivetti\/"},"modified":"2020-10-07T15:39:19","modified_gmt":"2020-10-07T18:39:19","slug":"apos-derrota-para-o-america-mg-vitoria-demite-tecnico-bruno-pivetti","status":"publish","type":"post","link":"https:\/\/portalnpm.com\/index.php\/2020\/10\/07\/apos-derrota-para-o-america-mg-vitoria-demite-tecnico-bruno-pivetti\/","title":{"rendered":"Ap\u00f3s derrota para o Am\u00e9rica-MG, Vit\u00f3ria demite t\u00e9cnico Bruno Pivetti"},"content":{"rendered":"<p style=\"text-align: justify;\">Bruno Pivetti n\u00e3o \u00e9 mais t\u00e9cnico do Vit\u00f3ria. O clube anunciou a demiss\u00e3o do treinador na manh\u00e3 desta quarta-feira. A decis\u00e3o ocorre alguns dias depois de o presidente do clube, Paulo Carneiro, elogiar o treinador e dizer que era um dos melhores com que havia trabalhado. Pivetti foi demitido do Vit\u00f3ria depois da derrota por 2 a 1 para o Am\u00e9rica-MG, pela S\u00e9rie B do Campeonato Brasileiro.<\/p>\n<p style=\"text-align: justify;\">\n<p style=\"text-align: justify;\">\n<p style=\"text-align: justify;\">Na semana passada, durante uma live realizada com Thiago Mastroianni, narrador da TV Bahia, o presidente do Vit\u00f3ria deixou transparecer a press\u00e3o para a demiss\u00e3o do treinador. Situa\u00e7\u00e3o que foi confirmada por Paulo Vin\u00edcius Coelho, que revelou insatisfa\u00e7\u00e3o dos conselheiros do Vit\u00f3ria. Paulo Carneiro, no entanto, elogiou Bruno Pivetti e disse que estava longe de uma situa\u00e7\u00e3o de poss\u00edvel demiss\u00e3o.<\/p>\n<p style=\"text-align: justify;\">&#8211; Treinador sai do clube quando os resultados negativos s\u00e3o insuport\u00e1veis ou quando ele perde o comando do grupo. Bruno nem de longe perdeu o comando do grupo, at\u00e9 porque tem pulso firme e sabe interagir. Ele \u00e9 muito querido pelos jogadores. E estamos longe de ter derrotas insuport\u00e1veis. Estamos com parece 50% de aproveitamento, mas precisamos de mais, estamos trabalhando para ter mais. J\u00e1 pod\u00edamos estar entre os quatro? J\u00e1. Infelizmente n\u00e3o estamos. Mas faltam 24 ou 25 rodadas. Aprendi na vida que calma e caldo de galinha n\u00e3o faz mal a ningu\u00e9m &#8211; disse o dirigente, que parecia resistir \u00e0 press\u00e3o para a demiss\u00e3o do t\u00e9cnico.<\/p>\n<p style=\"text-align: justify;\">Bruno Pivetti chegou ao Vit\u00f3ria em agosto do ano passado para ser coordenador t\u00e9cnico da base e auxiliar de Carlos Amadeu, ent\u00e3o treinador do time principal. Com rela\u00e7\u00e3o com o presidente do Vit\u00f3ria, Paulo Carneiro, desde os tempos de Athletico-PR, a ideia era que ele fosse preparado para assumir o comando do time, o que acontece neste ano com a demiss\u00e3o de Geninho durante a paralisa\u00e7\u00e3o do futebol por conta da pandemia.<\/p>\n<p style=\"text-align: justify;\">Efetivado como treinador, Bruno Pivetti comandou o Vit\u00f3ria em 19 partidas. Foram quatro vit\u00f3rias, nove empates e seis derrotas. Ele deixa o Rubro-Negro com um aproveitamento de 36,8%.<\/p>\n<p style=\"text-align: justify;\">Confira o comunicado oficial do Vit\u00f3ria sobre a demiss\u00e3o de Bruno Pivetti<br \/>\nA Diretoria do Esporte Clube Vit\u00f3ria comunica o desligamento do t\u00e9cnico Bruno Pivetti. Ele assumiu o Rubro-Negro no retorno do futebol ap\u00f3s a interrup\u00e7\u00e3o das atividades por causa da pandemia do coronav\u00edrus.<\/p>\n<p style=\"text-align: justify;\">A Diretoria agradece ao jovem treinador pelos servi\u00e7os prestados desde que chegou ao clube em agosto de 2019, inicialmente como assistente t\u00e9cnico, deseja boa sorte na sequ\u00eancia de sua carreira e, acima de tudo, reconhece o grande legado deixado pelo excelente profissional em favor do Vit\u00f3ria.<\/p>\n<p style=\"text-align: justify;\">O clube est\u00e1 em negocia\u00e7\u00f5es para a contrata\u00e7\u00e3o imediata de um substituto.<\/p>\n<p style=\"text-align: justify;\">Globo Esporte<\/p>\n","protected":false},"excerpt":{"rendered":"<p>Bruno Pivetti n\u00e3o \u00e9 mais t\u00e9cnico do Vit\u00f3ria. O clube anunciou a demiss\u00e3o do treinador na manh\u00e3 desta quarta-feira. A decis\u00e3o ocorre alguns dias depois de o presidente do clube, Paulo Carneiro, elogiar o treinador e dizer que era um dos melhores com que havia trabalhado. Pivetti foi demitido do Vit\u00f3ria depois da derrota por &hellip;<\/p>\n","protected":false},"author":2,"featured_media":58518,"comment_status":"open","ping_status":"open","sticky":false,"template":"","format":"standard","meta":{"content-type":"","rop_custom_images_group":[],"rop_custom_messages_group":[],"rop_publish_now":"initial","rop_publish_now_accounts":{"facebook_2648258775420054_1618374048415101":""},"rop_publish_now_history":[],"rop_publish_now_status":"pending","footnotes":"","_jetpack_memberships_contains_paid_content":false},"categories":[108],"tags":[6938,1076,6939],"yoast_head":"<!-- This site is optimized with the Yoast SEO plugin v22.3 - https:\/\/yoast.com\/wordpress\/plugins\/seo\/ -->\n<title>Ap\u00f3s derrota para o Am\u00e9rica-MG, Vit\u00f3ria demite t\u00e9cnico Bruno Pivetti<\/title>\n<meta name=\"robots\" content=\"index, follow, max-snippet:-1, max-image-preview:large, max-video-preview:-1\" \/>\n<link rel=\"canonical\" href=\"https:\/\/portalnpm.com\/index.php\/2020\/10\/07\/apos-derrota-para-o-america-mg-vitoria-demite-tecnico-bruno-pivetti\/\" \/>\n<meta property=\"og:locale\" content=\"pt_BR\" \/>\n<meta property=\"og:type\" content=\"article\" \/>\n<meta property=\"og:title\" content=\"Ap\u00f3s derrota para o Am\u00e9rica-MG, Vit\u00f3ria demite t\u00e9cnico Bruno Pivetti\" \/>\n<meta property=\"og:description\" content=\"Bruno Pivetti n\u00e3o \u00e9 mais t\u00e9cnico do Vit\u00f3ria. O clube anunciou a demiss\u00e3o do treinador na manh\u00e3 desta quarta-feira. A decis\u00e3o ocorre alguns dias depois de o presidente do clube, Paulo Carneiro, elogiar o treinador e dizer que era um dos melhores com que havia trabalhado. Pivetti foi demitido do Vit\u00f3ria depois da derrota por &hellip;\" \/>\n<meta property=\"og:url\" content=\"https:\/\/portalnpm.com\/index.php\/2020\/10\/07\/apos-derrota-para-o-america-mg-vitoria-demite-tecnico-bruno-pivetti\/\" \/>\n<meta property=\"og:site_name\" content=\"Portal NPM\" \/>\n<meta property=\"article:published_time\" content=\"2020-10-07T18:39:19+00:00\" \/>\n<meta property=\"og:image\" content=\"https:\/\/portalnpm.com\/wp-content\/uploads\/2024\/01\/50222712191-1b480a18f3-c.jpg\" \/>\n\t<meta property=\"og:image:width\" content=\"600\" \/>\n\t<meta property=\"og:image:height\" content=\"434\" \/>\n\t<meta property=\"og:image:type\" content=\"image\/jpeg\" \/>\n<meta name=\"author\" content=\"Genival Barbosa\" \/>\n<meta name=\"twitter:card\" content=\"summary_large_image\" \/>\n<meta name=\"twitter:label1\" content=\"Escrito por\" \/>\n\t<meta name=\"twitter:data1\" content=\"Genival Barbosa\" \/>\n\t<meta name=\"twitter:label2\" content=\"Est. tempo de leitura\" \/>\n\t<meta name=\"twitter:data2\" content=\"2 minutos\" \/>\n<script type=\"application\/ld+json\" class=\"yoast-schema-graph\">{\"@context\":\"https:\/\/schema.org\",\"@graph\":[{\"@type\":\"WebPage\",\"@id\":\"https:\/\/portalnpm.com\/index.php\/2020\/10\/07\/apos-derrota-para-o-america-mg-vitoria-demite-tecnico-bruno-pivetti\/\",\"url\":\"https:\/\/portalnpm.com\/index.php\/2020\/10\/07\/apos-derrota-para-o-america-mg-vitoria-demite-tecnico-bruno-pivetti\/\",\"name\":\"Ap\u00f3s derrota para o Am\u00e9rica-MG, Vit\u00f3ria demite t\u00e9cnico Bruno Pivetti\",\"isPartOf\":{\"@id\":\"https:\/\/portalnpm.com\/#website\"},\"primaryImageOfPage\":{\"@id\":\"https:\/\/portalnpm.com\/index.php\/2020\/10\/07\/apos-derrota-para-o-america-mg-vitoria-demite-tecnico-bruno-pivetti\/#primaryimage\"},\"image\":{\"@id\":\"https:\/\/portalnpm.com\/index.php\/2020\/10\/07\/apos-derrota-para-o-america-mg-vitoria-demite-tecnico-bruno-pivetti\/#primaryimage\"},\"thumbnailUrl\":\"https:\/\/portalnpm.com\/wp-content\/uploads\/2024\/01\/50222712191-1b480a18f3-c.jpg\",\"datePublished\":\"2020-10-07T18:39:19+00:00\",\"dateModified\":\"2020-10-07T18:39:19+00:00\",\"author\":{\"@id\":\"https:\/\/portalnpm.com\/#\/schema\/person\/49313e563cfdefcc167f1ee4c017c294\"},\"breadcrumb\":{\"@id\":\"https:\/\/portalnpm.com\/index.php\/2020\/10\/07\/apos-derrota-para-o-america-mg-vitoria-demite-tecnico-bruno-pivetti\/#breadcrumb\"},\"inLanguage\":\"pt-BR\",\"potentialAction\":[{\"@type\":\"ReadAction\",\"target\":[\"https:\/\/portalnpm.com\/index.php\/2020\/10\/07\/apos-derrota-para-o-america-mg-vitoria-demite-tecnico-bruno-pivetti\/\"]}]},{\"@type\":\"ImageObject\",\"inLanguage\":\"pt-BR\",\"@id\":\"https:\/\/portalnpm.com\/index.php\/2020\/10\/07\/apos-derrota-para-o-america-mg-vitoria-demite-tecnico-bruno-pivetti\/#primaryimage\",\"url\":\"https:\/\/portalnpm.com\/wp-content\/uploads\/2024\/01\/50222712191-1b480a18f3-c.jpg\",\"contentUrl\":\"https:\/\/portalnpm.com\/wp-content\/uploads\/2024\/01\/50222712191-1b480a18f3-c.jpg\",\"width\":600,\"height\":434},{\"@type\":\"BreadcrumbList\",\"@id\":\"https:\/\/portalnpm.com\/index.php\/2020\/10\/07\/apos-derrota-para-o-america-mg-vitoria-demite-tecnico-bruno-pivetti\/#breadcrumb\",\"itemListElement\":[{\"@type\":\"ListItem\",\"position\":1,\"name\":\"In\u00edcio\",\"item\":\"https:\/\/portalnpm.com\/\"},{\"@type\":\"ListItem\",\"position\":2,\"name\":\"Ap\u00f3s derrota para o Am\u00e9rica-MG, Vit\u00f3ria demite t\u00e9cnico Bruno Pivetti\"}]},{\"@type\":\"WebSite\",\"@id\":\"https:\/\/portalnpm.com\/#website\",\"url\":\"https:\/\/portalnpm.com\/\",\"name\":\"Portal NPM\",\"description\":\"Not\u00edcias em Primeira M\u00e3o\",\"potentialAction\":[{\"@type\":\"SearchAction\",\"target\":{\"@type\":\"EntryPoint\",\"urlTemplate\":\"https:\/\/portalnpm.com\/?s={search_term_string}\"},\"query-input\":\"required name=search_term_string\"}],\"inLanguage\":\"pt-BR\"},{\"@type\":\"Person\",\"@id\":\"https:\/\/portalnpm.com\/#\/schema\/person\/49313e563cfdefcc167f1ee4c017c294\",\"name\":\"Genival Barbosa\",\"image\":{\"@type\":\"ImageObject\",\"inLanguage\":\"pt-BR\",\"@id\":\"https:\/\/portalnpm.com\/#\/schema\/person\/image\/\",\"url\":\"https:\/\/portalnpm.com\/wp-content\/uploads\/2024\/02\/avatar_user_2_1707743258-96x96.jpeg\",\"contentUrl\":\"https:\/\/portalnpm.com\/wp-content\/uploads\/2024\/02\/avatar_user_2_1707743258-96x96.jpeg\",\"caption\":\"Genival Barbosa\"},\"url\":\"https:\/\/portalnpm.com\/index.php\/author\/genival\/\"}]}<\/script>\n<!-- \/ Yoast SEO plugin. -->","yoast_head_json":{"title":"Ap\u00f3s derrota para o Am\u00e9rica-MG, Vit\u00f3ria demite t\u00e9cnico Bruno Pivetti","robots":{"index":"index","follow":"follow","max-snippet":"max-snippet:-1","max-image-preview":"max-image-preview:large","max-video-preview":"max-video-preview:-1"},"canonical":"https:\/\/portalnpm.com\/index.php\/2020\/10\/07\/apos-derrota-para-o-america-mg-vitoria-demite-tecnico-bruno-pivetti\/","og_locale":"pt_BR","og_type":"article","og_title":"Ap\u00f3s derrota para o Am\u00e9rica-MG, Vit\u00f3ria demite t\u00e9cnico Bruno Pivetti","og_description":"Bruno Pivetti n\u00e3o \u00e9 mais t\u00e9cnico do Vit\u00f3ria. O clube anunciou a demiss\u00e3o do treinador na manh\u00e3 desta quarta-feira. A decis\u00e3o ocorre alguns dias depois de o presidente do clube, Paulo Carneiro, elogiar o treinador e dizer que era um dos melhores com que havia trabalhado. Pivetti foi demitido do Vit\u00f3ria depois da derrota por &hellip;","og_url":"https:\/\/portalnpm.com\/index.php\/2020\/10\/07\/apos-derrota-para-o-america-mg-vitoria-demite-tecnico-bruno-pivetti\/","og_site_name":"Portal NPM","article_published_time":"2020-10-07T18:39:19+00:00","og_image":[{"width":600,"height":434,"url":"https:\/\/portalnpm.com\/wp-content\/uploads\/2024\/01\/50222712191-1b480a18f3-c.jpg","type":"image\/jpeg"}],"author":"Genival Barbosa","twitter_card":"summary_large_image","twitter_misc":{"Escrito por":"Genival Barbosa","Est. tempo de leitura":"2 minutos"},"schema":{"@context":"https:\/\/schema.org","@graph":[{"@type":"WebPage","@id":"https:\/\/portalnpm.com\/index.php\/2020\/10\/07\/apos-derrota-para-o-america-mg-vitoria-demite-tecnico-bruno-pivetti\/","url":"https:\/\/portalnpm.com\/index.php\/2020\/10\/07\/apos-derrota-para-o-america-mg-vitoria-demite-tecnico-bruno-pivetti\/","name":"Ap\u00f3s derrota para o Am\u00e9rica-MG, Vit\u00f3ria demite t\u00e9cnico Bruno Pivetti","isPartOf":{"@id":"https:\/\/portalnpm.com\/#website"},"primaryImageOfPage":{"@id":"https:\/\/portalnpm.com\/index.php\/2020\/10\/07\/apos-derrota-para-o-america-mg-vitoria-demite-tecnico-bruno-pivetti\/#primaryimage"},"image":{"@id":"https:\/\/portalnpm.com\/index.php\/2020\/10\/07\/apos-derrota-para-o-america-mg-vitoria-demite-tecnico-bruno-pivetti\/#primaryimage"},"thumbnailUrl":"https:\/\/portalnpm.com\/wp-content\/uploads\/2024\/01\/50222712191-1b480a18f3-c.jpg","datePublished":"2020-10-07T18:39:19+00:00","dateModified":"2020-10-07T18:39:19+00:00","author":{"@id":"https:\/\/portalnpm.com\/#\/schema\/person\/49313e563cfdefcc167f1ee4c017c294"},"breadcrumb":{"@id":"https:\/\/portalnpm.com\/index.php\/2020\/10\/07\/apos-derrota-para-o-america-mg-vitoria-demite-tecnico-bruno-pivetti\/#breadcrumb"},"inLanguage":"pt-BR","potentialAction":[{"@type":"ReadAction","target":["https:\/\/portalnpm.com\/index.php\/2020\/10\/07\/apos-derrota-para-o-america-mg-vitoria-demite-tecnico-bruno-pivetti\/"]}]},{"@type":"ImageObject","inLanguage":"pt-BR","@id":"https:\/\/portalnpm.com\/index.php\/2020\/10\/07\/apos-derrota-para-o-america-mg-vitoria-demite-tecnico-bruno-pivetti\/#primaryimage","url":"https:\/\/portalnpm.com\/wp-content\/uploads\/2024\/01\/50222712191-1b480a18f3-c.jpg","contentUrl":"https:\/\/portalnpm.com\/wp-content\/uploads\/2024\/01\/50222712191-1b480a18f3-c.jpg","width":600,"height":434},{"@type":"BreadcrumbList","@id":"https:\/\/portalnpm.com\/index.php\/2020\/10\/07\/apos-derrota-para-o-america-mg-vitoria-demite-tecnico-bruno-pivetti\/#breadcrumb","itemListElement":[{"@type":"ListItem","position":1,"name":"In\u00edcio","item":"https:\/\/portalnpm.com\/"},{"@type":"ListItem","position":2,"name":"Ap\u00f3s derrota para o Am\u00e9rica-MG, Vit\u00f3ria demite t\u00e9cnico Bruno Pivetti"}]},{"@type":"WebSite","@id":"https:\/\/portalnpm.com\/#website","url":"https:\/\/portalnpm.com\/","name":"Portal NPM","description":"Not\u00edcias em Primeira M\u00e3o","potentialAction":[{"@type":"SearchAction","target":{"@type":"EntryPoint","urlTemplate":"https:\/\/portalnpm.com\/?s={search_term_string}"},"query-input":"required name=search_term_string"}],"inLanguage":"pt-BR"},{"@type":"Person","@id":"https:\/\/portalnpm.com\/#\/schema\/person\/49313e563cfdefcc167f1ee4c017c294","name":"Genival Barbosa","image":{"@type":"ImageObject","inLanguage":"pt-BR","@id":"https:\/\/portalnpm.com\/#\/schema\/person\/image\/","url":"https:\/\/portalnpm.com\/wp-content\/uploads\/2024\/02\/avatar_user_2_1707743258-96x96.jpeg","contentUrl":"https:\/\/portalnpm.com\/wp-content\/uploads\/2024\/02\/avatar_user_2_1707743258-96x96.jpeg","caption":"Genival Barbosa"},"url":"https:\/\/portalnpm.com\/index.php\/author\/genival\/"}]}},"jetpack_sharing_enabled":true,"jetpack_featured_media_url":"https:\/\/portalnpm.com\/wp-content\/uploads\/2024\/01\/50222712191-1b480a18f3-c.jpg","_links":{"self":[{"href":"https:\/\/portalnpm.com\/index.php\/wp-json\/wp\/v2\/posts\/58517"}],"collection":[{"href":"https:\/\/portalnpm.com\/index.php\/wp-json\/wp\/v2\/posts"}],"about":[{"href":"https:\/\/portalnpm.com\/index.php\/wp-json\/wp\/v2\/types\/post"}],"author":[{"embeddable":true,"href":"https:\/\/portalnpm.com\/index.php\/wp-json\/wp\/v2\/users\/2"}],"replies":[{"embeddable":true,"href":"https:\/\/portalnpm.com\/index.php\/wp-json\/wp\/v2\/comments?post=58517"}],"version-history":[{"count":0,"href":"https:\/\/portalnpm.com\/index.php\/wp-json\/wp\/v2\/posts\/58517\/revisions"}],"wp:featuredmedia":[{"embeddable":true,"href":"https:\/\/portalnpm.com\/index.php\/wp-json\/wp\/v2\/media\/58518"}],"wp:attachment":[{"href":"https:\/\/portalnpm.com\/index.php\/wp-json\/wp\/v2\/media?parent=58517"}],"wp:term":[{"taxonomy":"category","embeddable":true,"href":"https:\/\/portalnpm.com\/index.php\/wp-json\/wp\/v2\/categories?post=58517"},{"taxonomy":"post_tag","embeddable":true,"href":"https:\/\/portalnpm.com\/index.php\/wp-json\/wp\/v2\/tags?post=58517"}],"curies":[{"name":"wp","href":"https:\/\/api.w.org\/{rel}","templated":true}]}}