{"id":58520,"date":"2020-10-07T15:49:01","date_gmt":"2020-10-07T18:49:01","guid":{"rendered":"https:\/\/portalnpm.com\/index.php\/2020\/10\/07\/medica-kele-cristina-nunes-deixa-chefia-da-secretaria-de-saude-de-picos\/"},"modified":"2020-10-07T15:49:01","modified_gmt":"2020-10-07T18:49:01","slug":"medica-kele-cristina-nunes-deixa-chefia-da-secretaria-de-saude-de-picos","status":"publish","type":"post","link":"https:\/\/portalnpm.com\/index.php\/2020\/10\/07\/medica-kele-cristina-nunes-deixa-chefia-da-secretaria-de-saude-de-picos\/","title":{"rendered":"M\u00e9dica Kele Cristina Nunes deixa chefia da Secretaria de Sa\u00fade de Picos"},"content":{"rendered":"<p style=\"text-align: justify;\">Ap\u00f3s dois meses \u00e0 frente da Secretaria Municipal de Picos, a m\u00e9dica Kele Cristina Nunes, anunciou na manh\u00e3 desta quarta-feira (7) o afastamento da pasta. Em nota, ela agradece a oportunidade de contribuir com o Munic\u00edpio.<\/p>\n<p style=\"text-align: justify;\">\n<p style=\"text-align: justify;\">\n<p style=\"text-align: justify;\">Ainda na nota, Kele Cristina diz que por motivos profissionais e pessoais ficou dif\u00edcil conciliar a carreira m\u00e9dica com a gest\u00e3o e preferiu se afastar.<\/p>\n<p style=\"text-align: justify;\"><em><strong>Confira mensagem na \u00edntegra:<\/strong><\/em><\/p>\n<p style=\"text-align: justify;\">Como todos sabem, sou m\u00e9dica intensivista e por um convite do Prefeito Padre Walmir, resolvi entrar neste novo mundo que \u00e9 a Gest\u00e3o. Minha vida \u00e9 repleta de desafios e por isso resolvi aceitar mais um! Por motivos profissionais e pessoais ficou dif\u00edcil conciliar a carreira m\u00e9dica com a gest\u00e3o e como a medicina foi minha grande escolha eu preferi me afastar. Apesar do pouco tempo em que estive a frente da secretaria, acredito ter feito o que poder\u00edamos!<\/p>\n<p style=\"text-align: justify;\">Em dois meses de gest\u00e3o iniciamos o retorno gradativo das atividades de consultas e exames diagn\u00f3sticos que estavam parados h\u00e1 5 meses e que hoje se encontram funcionando 100% da sua capacidade, sem esquecer, em nenhum momento, do combate ao Covid-19, isso foi poss\u00edvel gra\u00e7as a sensibilidade que nossa equipe teve em identificar uma enorme demanda reprimida da nossa popula\u00e7\u00e3o que estava \u00e0 espera, desses servi\u00e7os, por um longo per\u00edodo. Ao mesmo tempo retomamos os atendimentos em unidades b\u00e1sicas de sa\u00fade (3 unidades) que estavam paradas, uma inclusive h\u00e1 180 dias, mas uma vez sem deixar de lado os cuidados necess\u00e1rios e as precau\u00e7\u00f5es que a pandemia nos exige.<\/p>\n<p style=\"text-align: justify;\">Foram entregues cadeiras odontol\u00f3gicas para as unidades que solicitaram, para que houvesse uma melhor assist\u00eancia e presta\u00e7\u00e3o de servi\u00e7o a popula\u00e7\u00e3o. Entregamos 31 cadeiras de rodas e 12 cadeiras de banhos para os usu\u00e1rios que necessitavam e j\u00e1 aguardavam h\u00e1 algum tempo.<\/p>\n<p style=\"text-align: justify;\">Neste pequeno per\u00edodo ( 60 dias) tamb\u00e9m conseguimos fazer o pagamento de 3 parcelas dos prestadores ( Abril, Maio e junho) que estavam atrasadas. Vale ressaltar tamb\u00e9m que fizemos o pagamento dos 3 meses dos profissionais da linha de frente ao covid e de duas parcelas da RUE, referente ao HRJL.<\/p>\n<p style=\"text-align: justify;\">Neste per\u00edodo colocamos ainda em funcionamento a unidade b\u00e1sica de sa\u00fade do EMAUS, pois existe uma grande demanda e n\u00e3o conv\u00e9m mant\u00ea-la fechada aguardando o t\u00e9rmino de alguns detalhes que n\u00e3o inviabilizam o atendimento qualificado das esquipes.<\/p>\n<p style=\"text-align: justify;\">Quero aqui agradecer ao Padre Walmir, e a toda equipe da SMS, pessoas que tive o prazer de conviver por esses dois meses, que se dispuseram a n\u00f3s ajudar, a fazer o trabalho acontecer. Como m\u00e9dica me mantenho a disposi\u00e7\u00e3o para ajudar a popula\u00e7\u00e3o e ao fortalecimento do SUS.<br \/>\nObrigada, Dra. Kele Nunes.<\/p>\n<p style=\"text-align: justify;\">Fonte: Riach\u00e3o Net<\/p>\n","protected":false},"excerpt":{"rendered":"<p>Ap\u00f3s dois meses \u00e0 frente da Secretaria Municipal de Picos, a m\u00e9dica Kele Cristina Nunes, anunciou na manh\u00e3 desta quarta-feira (7) o afastamento da pasta. Em nota, ela agradece a oportunidade de contribuir com o Munic\u00edpio. Ainda na nota, Kele Cristina diz que por motivos profissionais e pessoais ficou dif\u00edcil conciliar a carreira m\u00e9dica com &hellip;<\/p>\n","protected":false},"author":2,"featured_media":26656,"comment_status":"open","ping_status":"open","sticky":false,"template":"","format":"standard","meta":{"content-type":"","rop_custom_images_group":[],"rop_custom_messages_group":[],"rop_publish_now":"initial","rop_publish_now_accounts":{"facebook_2648258775420054_1618374048415101":""},"rop_publish_now_history":[],"rop_publish_now_status":"pending","footnotes":"","_jetpack_memberships_contains_paid_content":false},"categories":[109,127],"tags":[894,6944,3131,128,6945],"yoast_head":"<!-- This site is optimized with the Yoast SEO plugin v22.3 - https:\/\/yoast.com\/wordpress\/plugins\/seo\/ -->\n<title>M\u00e9dica Kele Cristina Nunes deixa chefia da Secretaria de Sa\u00fade de Picos<\/title>\n<meta name=\"robots\" content=\"index, follow, max-snippet:-1, max-image-preview:large, max-video-preview:-1\" \/>\n<link rel=\"canonical\" href=\"https:\/\/portalnpm.com\/index.php\/2020\/10\/07\/medica-kele-cristina-nunes-deixa-chefia-da-secretaria-de-saude-de-picos\/\" \/>\n<meta property=\"og:locale\" content=\"pt_BR\" \/>\n<meta property=\"og:type\" content=\"article\" \/>\n<meta property=\"og:title\" content=\"M\u00e9dica Kele Cristina Nunes deixa chefia da Secretaria de Sa\u00fade de Picos\" \/>\n<meta property=\"og:description\" content=\"Ap\u00f3s dois meses \u00e0 frente da Secretaria Municipal de Picos, a m\u00e9dica Kele Cristina Nunes, anunciou na manh\u00e3 desta quarta-feira (7) o afastamento da pasta. Em nota, ela agradece a oportunidade de contribuir com o Munic\u00edpio. Ainda na nota, Kele Cristina diz que por motivos profissionais e pessoais ficou dif\u00edcil conciliar a carreira m\u00e9dica com &hellip;\" \/>\n<meta property=\"og:url\" content=\"https:\/\/portalnpm.com\/index.php\/2020\/10\/07\/medica-kele-cristina-nunes-deixa-chefia-da-secretaria-de-saude-de-picos\/\" \/>\n<meta property=\"og:site_name\" content=\"Portal NPM\" \/>\n<meta property=\"article:published_time\" content=\"2020-10-07T18:49:01+00:00\" \/>\n<meta name=\"author\" content=\"Genival Barbosa\" \/>\n<meta name=\"twitter:card\" content=\"summary_large_image\" \/>\n<meta name=\"twitter:label1\" content=\"Escrito por\" \/>\n\t<meta name=\"twitter:data1\" content=\"Genival Barbosa\" \/>\n\t<meta name=\"twitter:label2\" content=\"Est. tempo de leitura\" \/>\n\t<meta name=\"twitter:data2\" content=\"2 minutos\" \/>\n<script type=\"application\/ld+json\" class=\"yoast-schema-graph\">{\"@context\":\"https:\/\/schema.org\",\"@graph\":[{\"@type\":\"WebPage\",\"@id\":\"https:\/\/portalnpm.com\/index.php\/2020\/10\/07\/medica-kele-cristina-nunes-deixa-chefia-da-secretaria-de-saude-de-picos\/\",\"url\":\"https:\/\/portalnpm.com\/index.php\/2020\/10\/07\/medica-kele-cristina-nunes-deixa-chefia-da-secretaria-de-saude-de-picos\/\",\"name\":\"M\u00e9dica Kele Cristina Nunes deixa chefia da Secretaria de Sa\u00fade de Picos\",\"isPartOf\":{\"@id\":\"https:\/\/portalnpm.com\/#website\"},\"primaryImageOfPage\":{\"@id\":\"https:\/\/portalnpm.com\/index.php\/2020\/10\/07\/medica-kele-cristina-nunes-deixa-chefia-da-secretaria-de-saude-de-picos\/#primaryimage\"},\"image\":{\"@id\":\"https:\/\/portalnpm.com\/index.php\/2020\/10\/07\/medica-kele-cristina-nunes-deixa-chefia-da-secretaria-de-saude-de-picos\/#primaryimage\"},\"thumbnailUrl\":\"\",\"datePublished\":\"2020-10-07T18:49:01+00:00\",\"dateModified\":\"2020-10-07T18:49:01+00:00\",\"author\":{\"@id\":\"https:\/\/portalnpm.com\/#\/schema\/person\/49313e563cfdefcc167f1ee4c017c294\"},\"breadcrumb\":{\"@id\":\"https:\/\/portalnpm.com\/index.php\/2020\/10\/07\/medica-kele-cristina-nunes-deixa-chefia-da-secretaria-de-saude-de-picos\/#breadcrumb\"},\"inLanguage\":\"pt-BR\",\"potentialAction\":[{\"@type\":\"ReadAction\",\"target\":[\"https:\/\/portalnpm.com\/index.php\/2020\/10\/07\/medica-kele-cristina-nunes-deixa-chefia-da-secretaria-de-saude-de-picos\/\"]}]},{\"@type\":\"ImageObject\",\"inLanguage\":\"pt-BR\",\"@id\":\"https:\/\/portalnpm.com\/index.php\/2020\/10\/07\/medica-kele-cristina-nunes-deixa-chefia-da-secretaria-de-saude-de-picos\/#primaryimage\",\"url\":\"\",\"contentUrl\":\"\"},{\"@type\":\"BreadcrumbList\",\"@id\":\"https:\/\/portalnpm.com\/index.php\/2020\/10\/07\/medica-kele-cristina-nunes-deixa-chefia-da-secretaria-de-saude-de-picos\/#breadcrumb\",\"itemListElement\":[{\"@type\":\"ListItem\",\"position\":1,\"name\":\"In\u00edcio\",\"item\":\"https:\/\/portalnpm.com\/\"},{\"@type\":\"ListItem\",\"position\":2,\"name\":\"M\u00e9dica Kele Cristina Nunes deixa chefia da Secretaria de Sa\u00fade de Picos\"}]},{\"@type\":\"WebSite\",\"@id\":\"https:\/\/portalnpm.com\/#website\",\"url\":\"https:\/\/portalnpm.com\/\",\"name\":\"Portal NPM\",\"description\":\"Not\u00edcias em Primeira M\u00e3o\",\"potentialAction\":[{\"@type\":\"SearchAction\",\"target\":{\"@type\":\"EntryPoint\",\"urlTemplate\":\"https:\/\/portalnpm.com\/?s={search_term_string}\"},\"query-input\":\"required name=search_term_string\"}],\"inLanguage\":\"pt-BR\"},{\"@type\":\"Person\",\"@id\":\"https:\/\/portalnpm.com\/#\/schema\/person\/49313e563cfdefcc167f1ee4c017c294\",\"name\":\"Genival Barbosa\",\"image\":{\"@type\":\"ImageObject\",\"inLanguage\":\"pt-BR\",\"@id\":\"https:\/\/portalnpm.com\/#\/schema\/person\/image\/\",\"url\":\"https:\/\/portalnpm.com\/wp-content\/uploads\/2024\/02\/avatar_user_2_1707743258-96x96.jpeg\",\"contentUrl\":\"https:\/\/portalnpm.com\/wp-content\/uploads\/2024\/02\/avatar_user_2_1707743258-96x96.jpeg\",\"caption\":\"Genival Barbosa\"},\"url\":\"https:\/\/portalnpm.com\/index.php\/author\/genival\/\"}]}<\/script>\n<!-- \/ Yoast SEO plugin. -->","yoast_head_json":{"title":"M\u00e9dica Kele Cristina Nunes deixa chefia da Secretaria de Sa\u00fade de Picos","robots":{"index":"index","follow":"follow","max-snippet":"max-snippet:-1","max-image-preview":"max-image-preview:large","max-video-preview":"max-video-preview:-1"},"canonical":"https:\/\/portalnpm.com\/index.php\/2020\/10\/07\/medica-kele-cristina-nunes-deixa-chefia-da-secretaria-de-saude-de-picos\/","og_locale":"pt_BR","og_type":"article","og_title":"M\u00e9dica Kele Cristina Nunes deixa chefia da Secretaria de Sa\u00fade de Picos","og_description":"Ap\u00f3s dois meses \u00e0 frente da Secretaria Municipal de Picos, a m\u00e9dica Kele Cristina Nunes, anunciou na manh\u00e3 desta quarta-feira (7) o afastamento da pasta. Em nota, ela agradece a oportunidade de contribuir com o Munic\u00edpio. Ainda na nota, Kele Cristina diz que por motivos profissionais e pessoais ficou dif\u00edcil conciliar a carreira m\u00e9dica com &hellip;","og_url":"https:\/\/portalnpm.com\/index.php\/2020\/10\/07\/medica-kele-cristina-nunes-deixa-chefia-da-secretaria-de-saude-de-picos\/","og_site_name":"Portal NPM","article_published_time":"2020-10-07T18:49:01+00:00","author":"Genival Barbosa","twitter_card":"summary_large_image","twitter_misc":{"Escrito por":"Genival Barbosa","Est. tempo de leitura":"2 minutos"},"schema":{"@context":"https:\/\/schema.org","@graph":[{"@type":"WebPage","@id":"https:\/\/portalnpm.com\/index.php\/2020\/10\/07\/medica-kele-cristina-nunes-deixa-chefia-da-secretaria-de-saude-de-picos\/","url":"https:\/\/portalnpm.com\/index.php\/2020\/10\/07\/medica-kele-cristina-nunes-deixa-chefia-da-secretaria-de-saude-de-picos\/","name":"M\u00e9dica Kele Cristina Nunes deixa chefia da Secretaria de Sa\u00fade de Picos","isPartOf":{"@id":"https:\/\/portalnpm.com\/#website"},"primaryImageOfPage":{"@id":"https:\/\/portalnpm.com\/index.php\/2020\/10\/07\/medica-kele-cristina-nunes-deixa-chefia-da-secretaria-de-saude-de-picos\/#primaryimage"},"image":{"@id":"https:\/\/portalnpm.com\/index.php\/2020\/10\/07\/medica-kele-cristina-nunes-deixa-chefia-da-secretaria-de-saude-de-picos\/#primaryimage"},"thumbnailUrl":"","datePublished":"2020-10-07T18:49:01+00:00","dateModified":"2020-10-07T18:49:01+00:00","author":{"@id":"https:\/\/portalnpm.com\/#\/schema\/person\/49313e563cfdefcc167f1ee4c017c294"},"breadcrumb":{"@id":"https:\/\/portalnpm.com\/index.php\/2020\/10\/07\/medica-kele-cristina-nunes-deixa-chefia-da-secretaria-de-saude-de-picos\/#breadcrumb"},"inLanguage":"pt-BR","potentialAction":[{"@type":"ReadAction","target":["https:\/\/portalnpm.com\/index.php\/2020\/10\/07\/medica-kele-cristina-nunes-deixa-chefia-da-secretaria-de-saude-de-picos\/"]}]},{"@type":"ImageObject","inLanguage":"pt-BR","@id":"https:\/\/portalnpm.com\/index.php\/2020\/10\/07\/medica-kele-cristina-nunes-deixa-chefia-da-secretaria-de-saude-de-picos\/#primaryimage","url":"","contentUrl":""},{"@type":"BreadcrumbList","@id":"https:\/\/portalnpm.com\/index.php\/2020\/10\/07\/medica-kele-cristina-nunes-deixa-chefia-da-secretaria-de-saude-de-picos\/#breadcrumb","itemListElement":[{"@type":"ListItem","position":1,"name":"In\u00edcio","item":"https:\/\/portalnpm.com\/"},{"@type":"ListItem","position":2,"name":"M\u00e9dica Kele Cristina Nunes deixa chefia da Secretaria de Sa\u00fade de Picos"}]},{"@type":"WebSite","@id":"https:\/\/portalnpm.com\/#website","url":"https:\/\/portalnpm.com\/","name":"Portal NPM","description":"Not\u00edcias em Primeira M\u00e3o","potentialAction":[{"@type":"SearchAction","target":{"@type":"EntryPoint","urlTemplate":"https:\/\/portalnpm.com\/?s={search_term_string}"},"query-input":"required name=search_term_string"}],"inLanguage":"pt-BR"},{"@type":"Person","@id":"https:\/\/portalnpm.com\/#\/schema\/person\/49313e563cfdefcc167f1ee4c017c294","name":"Genival Barbosa","image":{"@type":"ImageObject","inLanguage":"pt-BR","@id":"https:\/\/portalnpm.com\/#\/schema\/person\/image\/","url":"https:\/\/portalnpm.com\/wp-content\/uploads\/2024\/02\/avatar_user_2_1707743258-96x96.jpeg","contentUrl":"https:\/\/portalnpm.com\/wp-content\/uploads\/2024\/02\/avatar_user_2_1707743258-96x96.jpeg","caption":"Genival Barbosa"},"url":"https:\/\/portalnpm.com\/index.php\/author\/genival\/"}]}},"jetpack_sharing_enabled":true,"jetpack_featured_media_url":"","_links":{"self":[{"href":"https:\/\/portalnpm.com\/index.php\/wp-json\/wp\/v2\/posts\/58520"}],"collection":[{"href":"https:\/\/portalnpm.com\/index.php\/wp-json\/wp\/v2\/posts"}],"about":[{"href":"https:\/\/portalnpm.com\/index.php\/wp-json\/wp\/v2\/types\/post"}],"author":[{"embeddable":true,"href":"https:\/\/portalnpm.com\/index.php\/wp-json\/wp\/v2\/users\/2"}],"replies":[{"embeddable":true,"href":"https:\/\/portalnpm.com\/index.php\/wp-json\/wp\/v2\/comments?post=58520"}],"version-history":[{"count":0,"href":"https:\/\/portalnpm.com\/index.php\/wp-json\/wp\/v2\/posts\/58520\/revisions"}],"wp:featuredmedia":[{"embeddable":true,"href":"https:\/\/portalnpm.com\/index.php\/wp-json\/"}],"wp:attachment":[{"href":"https:\/\/portalnpm.com\/index.php\/wp-json\/wp\/v2\/media?parent=58520"}],"wp:term":[{"taxonomy":"category","embeddable":true,"href":"https:\/\/portalnpm.com\/index.php\/wp-json\/wp\/v2\/categories?post=58520"},{"taxonomy":"post_tag","embeddable":true,"href":"https:\/\/portalnpm.com\/index.php\/wp-json\/wp\/v2\/tags?post=58520"}],"curies":[{"name":"wp","href":"https:\/\/api.w.org\/{rel}","templated":true}]}}