{"id":58529,"date":"2020-10-10T11:15:40","date_gmt":"2020-10-10T14:15:40","guid":{"rendered":"https:\/\/portalnpm.com\/index.php\/2020\/10\/10\/fim-do-auxilio-emergencial-levara-um-terco-do-pais-a-pobreza\/"},"modified":"2020-10-10T11:15:40","modified_gmt":"2020-10-10T14:15:40","slug":"fim-do-auxilio-emergencial-levara-um-terco-do-pais-a-pobreza","status":"publish","type":"post","link":"https:\/\/portalnpm.com\/index.php\/2020\/10\/10\/fim-do-auxilio-emergencial-levara-um-terco-do-pais-a-pobreza\/","title":{"rendered":"Fim do aux\u00edlio emergencial levar\u00e1 um ter\u00e7o do pa\u00eds \u00e0 pobreza"},"content":{"rendered":"<p style=\"text-align: justify;\">Em um cen\u00e1rio considerado otimista, o Brasil ampliar\u00e1 em cerca de 16 milh\u00f5es o total de pessoas consideradas pobres quando o aux\u00edlio emergencial pago aos mais vulner\u00e1veis terminar, no final de 2020.<\/p>\n<p style=\"text-align: justify;\">\n<p style=\"text-align: justify;\">\n<p style=\"text-align: justify;\">Equivalente \u00e0 metade da popula\u00e7\u00e3o da Venezuela, esse contingente de \u201cnovos pobres\u201d ampliar\u00e1 para quase um ter\u00e7o os brasileiros que passar\u00e3o a viver com menos de R$ 522,50 ao m\u00eas, em m\u00e9dia. O valor representa menos de meio sal\u00e1rio m\u00ednimo e cerca de US$ 3 ao dia.<\/p>\n<p style=\"text-align: justify;\">O pagamento do aux\u00edlio emergencial durante a pandemia do coronav\u00edrus a mais de 65 milh\u00f5es de brasileiros reduziu de forma in\u00e9dita e abrupta a pobreza no pa\u00eds, trazendo-a ao seu menor patamar.<\/p>\n<p style=\"text-align: justify;\">O fim do benef\u00edcio ter\u00e1 o efeito contr\u00e1rio \u2013 e r\u00e1pido. A interrup\u00e7\u00e3o dos pagamentos aumentar\u00e1 o total de pobres de 23,6% (50,1 milh\u00f5es de pessoas) para cerca de 31% (66,2 milh\u00f5es).<\/p>\n<p style=\"text-align: justify;\">Fonte: Di\u00e1rio do Nordeste<\/p>\n","protected":false},"excerpt":{"rendered":"<p>Em um cen\u00e1rio considerado otimista, o Brasil ampliar\u00e1 em cerca de 16 milh\u00f5es o total de pessoas consideradas pobres quando o aux\u00edlio emergencial pago aos mais vulner\u00e1veis terminar, no final de 2020. Equivalente \u00e0 metade da popula\u00e7\u00e3o da Venezuela, esse contingente de \u201cnovos pobres\u201d ampliar\u00e1 para quase um ter\u00e7o os brasileiros que passar\u00e3o a viver &hellip;<\/p>\n","protected":false},"author":2,"featured_media":26677,"comment_status":"open","ping_status":"open","sticky":false,"template":"","format":"standard","meta":{"content-type":"","rop_custom_images_group":[],"rop_custom_messages_group":[],"rop_publish_now":"initial","rop_publish_now_accounts":{"facebook_2648258775420054_1618374048415101":""},"rop_publish_now_history":[],"rop_publish_now_status":"pending","footnotes":"","_jetpack_memberships_contains_paid_content":false},"categories":[113,414],"tags":[6957,6958,6959],"yoast_head":"<!-- This site is optimized with the Yoast SEO plugin v22.3 - https:\/\/yoast.com\/wordpress\/plugins\/seo\/ -->\n<title>Fim do aux\u00edlio emergencial levar\u00e1 um ter\u00e7o do pa\u00eds \u00e0 pobreza<\/title>\n<meta name=\"robots\" content=\"index, follow, max-snippet:-1, max-image-preview:large, max-video-preview:-1\" \/>\n<link rel=\"canonical\" href=\"https:\/\/portalnpm.com\/index.php\/2020\/10\/10\/fim-do-auxilio-emergencial-levara-um-terco-do-pais-a-pobreza\/\" \/>\n<meta property=\"og:locale\" content=\"pt_BR\" \/>\n<meta property=\"og:type\" content=\"article\" \/>\n<meta property=\"og:title\" content=\"Fim do aux\u00edlio emergencial levar\u00e1 um ter\u00e7o do pa\u00eds \u00e0 pobreza\" \/>\n<meta property=\"og:description\" content=\"Em um cen\u00e1rio considerado otimista, o Brasil ampliar\u00e1 em cerca de 16 milh\u00f5es o total de pessoas consideradas pobres quando o aux\u00edlio emergencial pago aos mais vulner\u00e1veis terminar, no final de 2020. Equivalente \u00e0 metade da popula\u00e7\u00e3o da Venezuela, esse contingente de \u201cnovos pobres\u201d ampliar\u00e1 para quase um ter\u00e7o os brasileiros que passar\u00e3o a viver &hellip;\" \/>\n<meta property=\"og:url\" content=\"https:\/\/portalnpm.com\/index.php\/2020\/10\/10\/fim-do-auxilio-emergencial-levara-um-terco-do-pais-a-pobreza\/\" \/>\n<meta property=\"og:site_name\" content=\"Portal NPM\" \/>\n<meta property=\"article:published_time\" content=\"2020-10-10T14:15:40+00:00\" \/>\n<meta name=\"author\" content=\"Genival Barbosa\" \/>\n<meta name=\"twitter:card\" content=\"summary_large_image\" \/>\n<meta name=\"twitter:label1\" content=\"Escrito por\" \/>\n\t<meta name=\"twitter:data1\" content=\"Genival Barbosa\" \/>\n\t<meta name=\"twitter:label2\" content=\"Est. tempo de leitura\" \/>\n\t<meta name=\"twitter:data2\" content=\"1 minuto\" \/>\n<script type=\"application\/ld+json\" class=\"yoast-schema-graph\">{\"@context\":\"https:\/\/schema.org\",\"@graph\":[{\"@type\":\"WebPage\",\"@id\":\"https:\/\/portalnpm.com\/index.php\/2020\/10\/10\/fim-do-auxilio-emergencial-levara-um-terco-do-pais-a-pobreza\/\",\"url\":\"https:\/\/portalnpm.com\/index.php\/2020\/10\/10\/fim-do-auxilio-emergencial-levara-um-terco-do-pais-a-pobreza\/\",\"name\":\"Fim do aux\u00edlio emergencial levar\u00e1 um ter\u00e7o do pa\u00eds \u00e0 pobreza\",\"isPartOf\":{\"@id\":\"https:\/\/portalnpm.com\/#website\"},\"primaryImageOfPage\":{\"@id\":\"https:\/\/portalnpm.com\/index.php\/2020\/10\/10\/fim-do-auxilio-emergencial-levara-um-terco-do-pais-a-pobreza\/#primaryimage\"},\"image\":{\"@id\":\"https:\/\/portalnpm.com\/index.php\/2020\/10\/10\/fim-do-auxilio-emergencial-levara-um-terco-do-pais-a-pobreza\/#primaryimage\"},\"thumbnailUrl\":\"\",\"datePublished\":\"2020-10-10T14:15:40+00:00\",\"dateModified\":\"2020-10-10T14:15:40+00:00\",\"author\":{\"@id\":\"https:\/\/portalnpm.com\/#\/schema\/person\/49313e563cfdefcc167f1ee4c017c294\"},\"breadcrumb\":{\"@id\":\"https:\/\/portalnpm.com\/index.php\/2020\/10\/10\/fim-do-auxilio-emergencial-levara-um-terco-do-pais-a-pobreza\/#breadcrumb\"},\"inLanguage\":\"pt-BR\",\"potentialAction\":[{\"@type\":\"ReadAction\",\"target\":[\"https:\/\/portalnpm.com\/index.php\/2020\/10\/10\/fim-do-auxilio-emergencial-levara-um-terco-do-pais-a-pobreza\/\"]}]},{\"@type\":\"ImageObject\",\"inLanguage\":\"pt-BR\",\"@id\":\"https:\/\/portalnpm.com\/index.php\/2020\/10\/10\/fim-do-auxilio-emergencial-levara-um-terco-do-pais-a-pobreza\/#primaryimage\",\"url\":\"\",\"contentUrl\":\"\"},{\"@type\":\"BreadcrumbList\",\"@id\":\"https:\/\/portalnpm.com\/index.php\/2020\/10\/10\/fim-do-auxilio-emergencial-levara-um-terco-do-pais-a-pobreza\/#breadcrumb\",\"itemListElement\":[{\"@type\":\"ListItem\",\"position\":1,\"name\":\"In\u00edcio\",\"item\":\"https:\/\/portalnpm.com\/\"},{\"@type\":\"ListItem\",\"position\":2,\"name\":\"Fim do aux\u00edlio emergencial levar\u00e1 um ter\u00e7o do pa\u00eds \u00e0 pobreza\"}]},{\"@type\":\"WebSite\",\"@id\":\"https:\/\/portalnpm.com\/#website\",\"url\":\"https:\/\/portalnpm.com\/\",\"name\":\"Portal NPM\",\"description\":\"Not\u00edcias em Primeira M\u00e3o\",\"potentialAction\":[{\"@type\":\"SearchAction\",\"target\":{\"@type\":\"EntryPoint\",\"urlTemplate\":\"https:\/\/portalnpm.com\/?s={search_term_string}\"},\"query-input\":\"required name=search_term_string\"}],\"inLanguage\":\"pt-BR\"},{\"@type\":\"Person\",\"@id\":\"https:\/\/portalnpm.com\/#\/schema\/person\/49313e563cfdefcc167f1ee4c017c294\",\"name\":\"Genival Barbosa\",\"image\":{\"@type\":\"ImageObject\",\"inLanguage\":\"pt-BR\",\"@id\":\"https:\/\/portalnpm.com\/#\/schema\/person\/image\/\",\"url\":\"https:\/\/portalnpm.com\/wp-content\/uploads\/2024\/02\/avatar_user_2_1707743258-96x96.jpeg\",\"contentUrl\":\"https:\/\/portalnpm.com\/wp-content\/uploads\/2024\/02\/avatar_user_2_1707743258-96x96.jpeg\",\"caption\":\"Genival Barbosa\"},\"url\":\"https:\/\/portalnpm.com\/index.php\/author\/genival\/\"}]}<\/script>\n<!-- \/ Yoast SEO plugin. -->","yoast_head_json":{"title":"Fim do aux\u00edlio emergencial levar\u00e1 um ter\u00e7o do pa\u00eds \u00e0 pobreza","robots":{"index":"index","follow":"follow","max-snippet":"max-snippet:-1","max-image-preview":"max-image-preview:large","max-video-preview":"max-video-preview:-1"},"canonical":"https:\/\/portalnpm.com\/index.php\/2020\/10\/10\/fim-do-auxilio-emergencial-levara-um-terco-do-pais-a-pobreza\/","og_locale":"pt_BR","og_type":"article","og_title":"Fim do aux\u00edlio emergencial levar\u00e1 um ter\u00e7o do pa\u00eds \u00e0 pobreza","og_description":"Em um cen\u00e1rio considerado otimista, o Brasil ampliar\u00e1 em cerca de 16 milh\u00f5es o total de pessoas consideradas pobres quando o aux\u00edlio emergencial pago aos mais vulner\u00e1veis terminar, no final de 2020. Equivalente \u00e0 metade da popula\u00e7\u00e3o da Venezuela, esse contingente de \u201cnovos pobres\u201d ampliar\u00e1 para quase um ter\u00e7o os brasileiros que passar\u00e3o a viver &hellip;","og_url":"https:\/\/portalnpm.com\/index.php\/2020\/10\/10\/fim-do-auxilio-emergencial-levara-um-terco-do-pais-a-pobreza\/","og_site_name":"Portal NPM","article_published_time":"2020-10-10T14:15:40+00:00","author":"Genival Barbosa","twitter_card":"summary_large_image","twitter_misc":{"Escrito por":"Genival Barbosa","Est. tempo de leitura":"1 minuto"},"schema":{"@context":"https:\/\/schema.org","@graph":[{"@type":"WebPage","@id":"https:\/\/portalnpm.com\/index.php\/2020\/10\/10\/fim-do-auxilio-emergencial-levara-um-terco-do-pais-a-pobreza\/","url":"https:\/\/portalnpm.com\/index.php\/2020\/10\/10\/fim-do-auxilio-emergencial-levara-um-terco-do-pais-a-pobreza\/","name":"Fim do aux\u00edlio emergencial levar\u00e1 um ter\u00e7o do pa\u00eds \u00e0 pobreza","isPartOf":{"@id":"https:\/\/portalnpm.com\/#website"},"primaryImageOfPage":{"@id":"https:\/\/portalnpm.com\/index.php\/2020\/10\/10\/fim-do-auxilio-emergencial-levara-um-terco-do-pais-a-pobreza\/#primaryimage"},"image":{"@id":"https:\/\/portalnpm.com\/index.php\/2020\/10\/10\/fim-do-auxilio-emergencial-levara-um-terco-do-pais-a-pobreza\/#primaryimage"},"thumbnailUrl":"","datePublished":"2020-10-10T14:15:40+00:00","dateModified":"2020-10-10T14:15:40+00:00","author":{"@id":"https:\/\/portalnpm.com\/#\/schema\/person\/49313e563cfdefcc167f1ee4c017c294"},"breadcrumb":{"@id":"https:\/\/portalnpm.com\/index.php\/2020\/10\/10\/fim-do-auxilio-emergencial-levara-um-terco-do-pais-a-pobreza\/#breadcrumb"},"inLanguage":"pt-BR","potentialAction":[{"@type":"ReadAction","target":["https:\/\/portalnpm.com\/index.php\/2020\/10\/10\/fim-do-auxilio-emergencial-levara-um-terco-do-pais-a-pobreza\/"]}]},{"@type":"ImageObject","inLanguage":"pt-BR","@id":"https:\/\/portalnpm.com\/index.php\/2020\/10\/10\/fim-do-auxilio-emergencial-levara-um-terco-do-pais-a-pobreza\/#primaryimage","url":"","contentUrl":""},{"@type":"BreadcrumbList","@id":"https:\/\/portalnpm.com\/index.php\/2020\/10\/10\/fim-do-auxilio-emergencial-levara-um-terco-do-pais-a-pobreza\/#breadcrumb","itemListElement":[{"@type":"ListItem","position":1,"name":"In\u00edcio","item":"https:\/\/portalnpm.com\/"},{"@type":"ListItem","position":2,"name":"Fim do aux\u00edlio emergencial levar\u00e1 um ter\u00e7o do pa\u00eds \u00e0 pobreza"}]},{"@type":"WebSite","@id":"https:\/\/portalnpm.com\/#website","url":"https:\/\/portalnpm.com\/","name":"Portal NPM","description":"Not\u00edcias em Primeira M\u00e3o","potentialAction":[{"@type":"SearchAction","target":{"@type":"EntryPoint","urlTemplate":"https:\/\/portalnpm.com\/?s={search_term_string}"},"query-input":"required name=search_term_string"}],"inLanguage":"pt-BR"},{"@type":"Person","@id":"https:\/\/portalnpm.com\/#\/schema\/person\/49313e563cfdefcc167f1ee4c017c294","name":"Genival Barbosa","image":{"@type":"ImageObject","inLanguage":"pt-BR","@id":"https:\/\/portalnpm.com\/#\/schema\/person\/image\/","url":"https:\/\/portalnpm.com\/wp-content\/uploads\/2024\/02\/avatar_user_2_1707743258-96x96.jpeg","contentUrl":"https:\/\/portalnpm.com\/wp-content\/uploads\/2024\/02\/avatar_user_2_1707743258-96x96.jpeg","caption":"Genival Barbosa"},"url":"https:\/\/portalnpm.com\/index.php\/author\/genival\/"}]}},"jetpack_sharing_enabled":true,"jetpack_featured_media_url":"","_links":{"self":[{"href":"https:\/\/portalnpm.com\/index.php\/wp-json\/wp\/v2\/posts\/58529"}],"collection":[{"href":"https:\/\/portalnpm.com\/index.php\/wp-json\/wp\/v2\/posts"}],"about":[{"href":"https:\/\/portalnpm.com\/index.php\/wp-json\/wp\/v2\/types\/post"}],"author":[{"embeddable":true,"href":"https:\/\/portalnpm.com\/index.php\/wp-json\/wp\/v2\/users\/2"}],"replies":[{"embeddable":true,"href":"https:\/\/portalnpm.com\/index.php\/wp-json\/wp\/v2\/comments?post=58529"}],"version-history":[{"count":0,"href":"https:\/\/portalnpm.com\/index.php\/wp-json\/wp\/v2\/posts\/58529\/revisions"}],"wp:featuredmedia":[{"embeddable":true,"href":"https:\/\/portalnpm.com\/index.php\/wp-json\/"}],"wp:attachment":[{"href":"https:\/\/portalnpm.com\/index.php\/wp-json\/wp\/v2\/media?parent=58529"}],"wp:term":[{"taxonomy":"category","embeddable":true,"href":"https:\/\/portalnpm.com\/index.php\/wp-json\/wp\/v2\/categories?post=58529"},{"taxonomy":"post_tag","embeddable":true,"href":"https:\/\/portalnpm.com\/index.php\/wp-json\/wp\/v2\/tags?post=58529"}],"curies":[{"name":"wp","href":"https:\/\/api.w.org\/{rel}","templated":true}]}}