{"id":58574,"date":"2020-10-13T17:02:43","date_gmt":"2020-10-13T20:02:43","guid":{"rendered":"https:\/\/portalnpm.com\/index.php\/2020\/10\/13\/cristiano-ronaldo-testa-positivo-para-covid-19-e-e-dispensado-da-selecao-portuguesa\/"},"modified":"2020-10-13T17:02:43","modified_gmt":"2020-10-13T20:02:43","slug":"cristiano-ronaldo-testa-positivo-para-covid-19-e-e-dispensado-da-selecao-portuguesa","status":"publish","type":"post","link":"https:\/\/portalnpm.com\/index.php\/2020\/10\/13\/cristiano-ronaldo-testa-positivo-para-covid-19-e-e-dispensado-da-selecao-portuguesa\/","title":{"rendered":"Cristiano Ronaldo testa positivo para Covid-19 e \u00e9 dispensado da sele\u00e7\u00e3o portuguesa"},"content":{"rendered":"<p style=\"text-align: justify;\">A Covid-19 chegou a um dos principais astros do futebol mundial. O craque Cristiano Ronaldo testou positivo para a doen\u00e7a e foi dispensado da sele\u00e7\u00e3o de Portugal, conforme anunciou a federa\u00e7\u00e3o do pa\u00eds nesta ter\u00e7a-feira. De acordo com comunicado da FPF, o jogador est\u00e1 assintom\u00e1tico e se sente bem, j\u00e1 se encontrando em isolamento. Na noite da \u00faltima segunda, por\u00e9m, ele postou uma foto em que todo o elenco da sele\u00e7\u00e3o estava reunido para jantar.<\/p>\n<p style=\"text-align: justify;\">\n<p style=\"text-align: justify;\">\n<p style=\"text-align: justify;\">Ap\u00f3s a confirma\u00e7\u00e3o da infec\u00e7\u00e3o de Cristiano, todos os jogadores da sele\u00e7\u00e3o lusa realizaram novos exames nesta ter\u00e7a-feira, e nenhum deles testou positivo. Desta forma, o camisa 7 ser\u00e1 o \u00fanico desfalque de \u00faltima hora para o t\u00e9cnico Fernando Santos diante da Su\u00e9cia, pela Liga das Na\u00e7\u00f5es, nesta quarta-feira, em Lisboa.<\/p>\n<p style=\"text-align: justify;\">A sele\u00e7\u00e3o portuguesa treinaria na manh\u00e3 desta ter\u00e7a-feira, quando o t\u00e9cnico Fernando Santos tamb\u00e9m concederia entrevista coletiva. A atividade acabou adiada, sem motivo oficial divulgado pela federa\u00e7\u00e3o. A imprensa portuguesa, ent\u00e3o, trouxe \u00e0 tona que o teste feito por Cristiano Ronaldo havia dado um resultado inconclusivo. O atacante precisou fazer um novo exame, e as atividades ficaram suspensas at\u00e9 o novo resultado.<\/p>\n<p style=\"text-align: justify;\">A confirma\u00e7\u00e3o da infec\u00e7\u00e3o de CR7 surge apenas dois dias depois de o craque ir a campo para enfrentar a Fran\u00e7a, no \u00faltimo domingo, tamb\u00e9m pela Liga das Na\u00e7\u00f5es, em Paris. Antes, ele havia participado do amistoso contra a Espanha, na quarta-feira passada, em Lisboa. Ele viajou junto \u00e0 delega\u00e7\u00e3o para a capital francesa no fim de semana, retornando \u00e0 capital portuguesa para o confronto desta quarta.<\/p>\n<p style=\"text-align: justify;\">A Juventus ainda n\u00e3o se manifestou oficialmente sobre a infec\u00e7\u00e3o de Cristiano Ronaldo, mas o jogador deve ser desfalque para Andrea Pirlo em pelo dois compromissos da equipe italiana. Ele n\u00e3o estar\u00e1 dispon\u00edvel diante do Crotone, pelo Campeonato Italiano, no pr\u00f3ximo s\u00e1bado, e contra o D\u00ednamo de Kiev, na estreia na Liga dos Campe\u00f5es, na ter\u00e7a-feira que vem.<\/p>\n<p style=\"text-align: justify;\">Ainda n\u00e3o h\u00e1 confirma\u00e7\u00e3o se o craque luso poder\u00e1 atuar diante do Verona, tamb\u00e9m pela S\u00e9rie A, no dia 20. Para al\u00edvio dos f\u00e3s da Juventus e dos ansiosos pelo reencontro com Messi, Cristiano deve estar liberado para enfrentar o Barcelona, no dia 28, uma vez que ter\u00e1 completado os 14 dias desde a confirma\u00e7\u00e3o da infec\u00e7\u00e3o.<\/p>\n<p style=\"text-align: justify;\">Cristiano Ronaldo foi um dos atletas a se envolver em pol\u00eamica na It\u00e1lia ao deixar a concentra\u00e7\u00e3o da Juventus no dia 4 de outubro para poder se apresentar \u00e0 sele\u00e7\u00e3o. Dois funcion\u00e1rios do clube italiano testaram positivo para a Covid-19 na \u00e9poca, demandando que o elenco ficasse isolado em uma bolha no CT da equipe, como exigem as autoridades locais. Por\u00e9m, CR7, Danilo, Bentancur, Dybala e Cuadrado deixaram o local e viajaram para atuar com suas equipes.<\/p>\n<p style=\"text-align: justify;\">Globo Esporte<\/p>\n","protected":false},"excerpt":{"rendered":"<p>A Covid-19 chegou a um dos principais astros do futebol mundial. O craque Cristiano Ronaldo testou positivo para a doen\u00e7a e foi dispensado da sele\u00e7\u00e3o de Portugal, conforme anunciou a federa\u00e7\u00e3o do pa\u00eds nesta ter\u00e7a-feira. De acordo com comunicado da FPF, o jogador est\u00e1 assintom\u00e1tico e se sente bem, j\u00e1 se encontrando em isolamento. Na &hellip;<\/p>\n","protected":false},"author":2,"featured_media":2741,"comment_status":"open","ping_status":"open","sticky":false,"template":"","format":"standard","meta":{"content-type":"","rop_custom_images_group":[],"rop_custom_messages_group":[],"rop_publish_now":"initial","rop_publish_now_accounts":{"facebook_2648258775420054_1618374048415101":""},"rop_publish_now_history":[],"rop_publish_now_status":"pending","footnotes":"","_jetpack_memberships_contains_paid_content":false},"categories":[108,118],"tags":[1113,3334,4155],"yoast_head":"<!-- This site is optimized with the Yoast SEO plugin v22.3 - https:\/\/yoast.com\/wordpress\/plugins\/seo\/ -->\n<title>Cristiano Ronaldo testa positivo para Covid-19 e \u00e9 dispensado da sele\u00e7\u00e3o portuguesa<\/title>\n<meta name=\"robots\" content=\"index, follow, max-snippet:-1, max-image-preview:large, max-video-preview:-1\" \/>\n<link rel=\"canonical\" href=\"https:\/\/portalnpm.com\/index.php\/2020\/10\/13\/cristiano-ronaldo-testa-positivo-para-covid-19-e-e-dispensado-da-selecao-portuguesa\/\" \/>\n<meta property=\"og:locale\" content=\"pt_BR\" \/>\n<meta property=\"og:type\" content=\"article\" \/>\n<meta property=\"og:title\" content=\"Cristiano Ronaldo testa positivo para Covid-19 e \u00e9 dispensado da sele\u00e7\u00e3o portuguesa\" \/>\n<meta property=\"og:description\" content=\"A Covid-19 chegou a um dos principais astros do futebol mundial. O craque Cristiano Ronaldo testou positivo para a doen\u00e7a e foi dispensado da sele\u00e7\u00e3o de Portugal, conforme anunciou a federa\u00e7\u00e3o do pa\u00eds nesta ter\u00e7a-feira. De acordo com comunicado da FPF, o jogador est\u00e1 assintom\u00e1tico e se sente bem, j\u00e1 se encontrando em isolamento. Na &hellip;\" \/>\n<meta property=\"og:url\" content=\"https:\/\/portalnpm.com\/index.php\/2020\/10\/13\/cristiano-ronaldo-testa-positivo-para-covid-19-e-e-dispensado-da-selecao-portuguesa\/\" \/>\n<meta property=\"og:site_name\" content=\"Portal NPM\" \/>\n<meta property=\"article:published_time\" content=\"2020-10-13T20:02:43+00:00\" \/>\n<meta property=\"og:image\" content=\"https:\/\/portalnpm.com\/wp-content\/uploads\/2018\/11\/images.jpeg\" \/>\n\t<meta property=\"og:image:width\" content=\"676\" \/>\n\t<meta property=\"og:image:height\" content=\"454\" \/>\n\t<meta property=\"og:image:type\" content=\"image\/jpeg\" \/>\n<meta name=\"author\" content=\"Genival Barbosa\" \/>\n<meta name=\"twitter:card\" content=\"summary_large_image\" \/>\n<meta name=\"twitter:label1\" content=\"Escrito por\" \/>\n\t<meta name=\"twitter:data1\" content=\"Genival Barbosa\" \/>\n\t<meta name=\"twitter:label2\" content=\"Est. tempo de leitura\" \/>\n\t<meta name=\"twitter:data2\" content=\"2 minutos\" \/>\n<script type=\"application\/ld+json\" class=\"yoast-schema-graph\">{\"@context\":\"https:\/\/schema.org\",\"@graph\":[{\"@type\":\"WebPage\",\"@id\":\"https:\/\/portalnpm.com\/index.php\/2020\/10\/13\/cristiano-ronaldo-testa-positivo-para-covid-19-e-e-dispensado-da-selecao-portuguesa\/\",\"url\":\"https:\/\/portalnpm.com\/index.php\/2020\/10\/13\/cristiano-ronaldo-testa-positivo-para-covid-19-e-e-dispensado-da-selecao-portuguesa\/\",\"name\":\"Cristiano Ronaldo testa positivo para Covid-19 e \u00e9 dispensado da sele\u00e7\u00e3o portuguesa\",\"isPartOf\":{\"@id\":\"https:\/\/portalnpm.com\/#website\"},\"primaryImageOfPage\":{\"@id\":\"https:\/\/portalnpm.com\/index.php\/2020\/10\/13\/cristiano-ronaldo-testa-positivo-para-covid-19-e-e-dispensado-da-selecao-portuguesa\/#primaryimage\"},\"image\":{\"@id\":\"https:\/\/portalnpm.com\/index.php\/2020\/10\/13\/cristiano-ronaldo-testa-positivo-para-covid-19-e-e-dispensado-da-selecao-portuguesa\/#primaryimage\"},\"thumbnailUrl\":\"https:\/\/portalnpm.com\/wp-content\/uploads\/2018\/11\/images.jpeg\",\"datePublished\":\"2020-10-13T20:02:43+00:00\",\"dateModified\":\"2020-10-13T20:02:43+00:00\",\"author\":{\"@id\":\"https:\/\/portalnpm.com\/#\/schema\/person\/49313e563cfdefcc167f1ee4c017c294\"},\"breadcrumb\":{\"@id\":\"https:\/\/portalnpm.com\/index.php\/2020\/10\/13\/cristiano-ronaldo-testa-positivo-para-covid-19-e-e-dispensado-da-selecao-portuguesa\/#breadcrumb\"},\"inLanguage\":\"pt-BR\",\"potentialAction\":[{\"@type\":\"ReadAction\",\"target\":[\"https:\/\/portalnpm.com\/index.php\/2020\/10\/13\/cristiano-ronaldo-testa-positivo-para-covid-19-e-e-dispensado-da-selecao-portuguesa\/\"]}]},{\"@type\":\"ImageObject\",\"inLanguage\":\"pt-BR\",\"@id\":\"https:\/\/portalnpm.com\/index.php\/2020\/10\/13\/cristiano-ronaldo-testa-positivo-para-covid-19-e-e-dispensado-da-selecao-portuguesa\/#primaryimage\",\"url\":\"https:\/\/portalnpm.com\/wp-content\/uploads\/2018\/11\/images.jpeg\",\"contentUrl\":\"https:\/\/portalnpm.com\/wp-content\/uploads\/2018\/11\/images.jpeg\",\"width\":676,\"height\":454},{\"@type\":\"BreadcrumbList\",\"@id\":\"https:\/\/portalnpm.com\/index.php\/2020\/10\/13\/cristiano-ronaldo-testa-positivo-para-covid-19-e-e-dispensado-da-selecao-portuguesa\/#breadcrumb\",\"itemListElement\":[{\"@type\":\"ListItem\",\"position\":1,\"name\":\"In\u00edcio\",\"item\":\"https:\/\/portalnpm.com\/\"},{\"@type\":\"ListItem\",\"position\":2,\"name\":\"Cristiano Ronaldo testa positivo para Covid-19 e \u00e9 dispensado da sele\u00e7\u00e3o portuguesa\"}]},{\"@type\":\"WebSite\",\"@id\":\"https:\/\/portalnpm.com\/#website\",\"url\":\"https:\/\/portalnpm.com\/\",\"name\":\"Portal NPM\",\"description\":\"Not\u00edcias em Primeira M\u00e3o\",\"potentialAction\":[{\"@type\":\"SearchAction\",\"target\":{\"@type\":\"EntryPoint\",\"urlTemplate\":\"https:\/\/portalnpm.com\/?s={search_term_string}\"},\"query-input\":\"required name=search_term_string\"}],\"inLanguage\":\"pt-BR\"},{\"@type\":\"Person\",\"@id\":\"https:\/\/portalnpm.com\/#\/schema\/person\/49313e563cfdefcc167f1ee4c017c294\",\"name\":\"Genival Barbosa\",\"image\":{\"@type\":\"ImageObject\",\"inLanguage\":\"pt-BR\",\"@id\":\"https:\/\/portalnpm.com\/#\/schema\/person\/image\/\",\"url\":\"https:\/\/portalnpm.com\/wp-content\/uploads\/2024\/02\/avatar_user_2_1707743258-96x96.jpeg\",\"contentUrl\":\"https:\/\/portalnpm.com\/wp-content\/uploads\/2024\/02\/avatar_user_2_1707743258-96x96.jpeg\",\"caption\":\"Genival Barbosa\"},\"url\":\"https:\/\/portalnpm.com\/index.php\/author\/genival\/\"}]}<\/script>\n<!-- \/ Yoast SEO plugin. -->","yoast_head_json":{"title":"Cristiano Ronaldo testa positivo para Covid-19 e \u00e9 dispensado da sele\u00e7\u00e3o portuguesa","robots":{"index":"index","follow":"follow","max-snippet":"max-snippet:-1","max-image-preview":"max-image-preview:large","max-video-preview":"max-video-preview:-1"},"canonical":"https:\/\/portalnpm.com\/index.php\/2020\/10\/13\/cristiano-ronaldo-testa-positivo-para-covid-19-e-e-dispensado-da-selecao-portuguesa\/","og_locale":"pt_BR","og_type":"article","og_title":"Cristiano Ronaldo testa positivo para Covid-19 e \u00e9 dispensado da sele\u00e7\u00e3o portuguesa","og_description":"A Covid-19 chegou a um dos principais astros do futebol mundial. O craque Cristiano Ronaldo testou positivo para a doen\u00e7a e foi dispensado da sele\u00e7\u00e3o de Portugal, conforme anunciou a federa\u00e7\u00e3o do pa\u00eds nesta ter\u00e7a-feira. De acordo com comunicado da FPF, o jogador est\u00e1 assintom\u00e1tico e se sente bem, j\u00e1 se encontrando em isolamento. Na &hellip;","og_url":"https:\/\/portalnpm.com\/index.php\/2020\/10\/13\/cristiano-ronaldo-testa-positivo-para-covid-19-e-e-dispensado-da-selecao-portuguesa\/","og_site_name":"Portal NPM","article_published_time":"2020-10-13T20:02:43+00:00","og_image":[{"width":676,"height":454,"url":"https:\/\/portalnpm.com\/wp-content\/uploads\/2018\/11\/images.jpeg","type":"image\/jpeg"}],"author":"Genival Barbosa","twitter_card":"summary_large_image","twitter_misc":{"Escrito por":"Genival Barbosa","Est. tempo de leitura":"2 minutos"},"schema":{"@context":"https:\/\/schema.org","@graph":[{"@type":"WebPage","@id":"https:\/\/portalnpm.com\/index.php\/2020\/10\/13\/cristiano-ronaldo-testa-positivo-para-covid-19-e-e-dispensado-da-selecao-portuguesa\/","url":"https:\/\/portalnpm.com\/index.php\/2020\/10\/13\/cristiano-ronaldo-testa-positivo-para-covid-19-e-e-dispensado-da-selecao-portuguesa\/","name":"Cristiano Ronaldo testa positivo para Covid-19 e \u00e9 dispensado da sele\u00e7\u00e3o portuguesa","isPartOf":{"@id":"https:\/\/portalnpm.com\/#website"},"primaryImageOfPage":{"@id":"https:\/\/portalnpm.com\/index.php\/2020\/10\/13\/cristiano-ronaldo-testa-positivo-para-covid-19-e-e-dispensado-da-selecao-portuguesa\/#primaryimage"},"image":{"@id":"https:\/\/portalnpm.com\/index.php\/2020\/10\/13\/cristiano-ronaldo-testa-positivo-para-covid-19-e-e-dispensado-da-selecao-portuguesa\/#primaryimage"},"thumbnailUrl":"https:\/\/portalnpm.com\/wp-content\/uploads\/2018\/11\/images.jpeg","datePublished":"2020-10-13T20:02:43+00:00","dateModified":"2020-10-13T20:02:43+00:00","author":{"@id":"https:\/\/portalnpm.com\/#\/schema\/person\/49313e563cfdefcc167f1ee4c017c294"},"breadcrumb":{"@id":"https:\/\/portalnpm.com\/index.php\/2020\/10\/13\/cristiano-ronaldo-testa-positivo-para-covid-19-e-e-dispensado-da-selecao-portuguesa\/#breadcrumb"},"inLanguage":"pt-BR","potentialAction":[{"@type":"ReadAction","target":["https:\/\/portalnpm.com\/index.php\/2020\/10\/13\/cristiano-ronaldo-testa-positivo-para-covid-19-e-e-dispensado-da-selecao-portuguesa\/"]}]},{"@type":"ImageObject","inLanguage":"pt-BR","@id":"https:\/\/portalnpm.com\/index.php\/2020\/10\/13\/cristiano-ronaldo-testa-positivo-para-covid-19-e-e-dispensado-da-selecao-portuguesa\/#primaryimage","url":"https:\/\/portalnpm.com\/wp-content\/uploads\/2018\/11\/images.jpeg","contentUrl":"https:\/\/portalnpm.com\/wp-content\/uploads\/2018\/11\/images.jpeg","width":676,"height":454},{"@type":"BreadcrumbList","@id":"https:\/\/portalnpm.com\/index.php\/2020\/10\/13\/cristiano-ronaldo-testa-positivo-para-covid-19-e-e-dispensado-da-selecao-portuguesa\/#breadcrumb","itemListElement":[{"@type":"ListItem","position":1,"name":"In\u00edcio","item":"https:\/\/portalnpm.com\/"},{"@type":"ListItem","position":2,"name":"Cristiano Ronaldo testa positivo para Covid-19 e \u00e9 dispensado da sele\u00e7\u00e3o portuguesa"}]},{"@type":"WebSite","@id":"https:\/\/portalnpm.com\/#website","url":"https:\/\/portalnpm.com\/","name":"Portal NPM","description":"Not\u00edcias em Primeira M\u00e3o","potentialAction":[{"@type":"SearchAction","target":{"@type":"EntryPoint","urlTemplate":"https:\/\/portalnpm.com\/?s={search_term_string}"},"query-input":"required name=search_term_string"}],"inLanguage":"pt-BR"},{"@type":"Person","@id":"https:\/\/portalnpm.com\/#\/schema\/person\/49313e563cfdefcc167f1ee4c017c294","name":"Genival Barbosa","image":{"@type":"ImageObject","inLanguage":"pt-BR","@id":"https:\/\/portalnpm.com\/#\/schema\/person\/image\/","url":"https:\/\/portalnpm.com\/wp-content\/uploads\/2024\/02\/avatar_user_2_1707743258-96x96.jpeg","contentUrl":"https:\/\/portalnpm.com\/wp-content\/uploads\/2024\/02\/avatar_user_2_1707743258-96x96.jpeg","caption":"Genival Barbosa"},"url":"https:\/\/portalnpm.com\/index.php\/author\/genival\/"}]}},"jetpack_sharing_enabled":true,"jetpack_featured_media_url":"https:\/\/portalnpm.com\/wp-content\/uploads\/2018\/11\/images.jpeg","_links":{"self":[{"href":"https:\/\/portalnpm.com\/index.php\/wp-json\/wp\/v2\/posts\/58574"}],"collection":[{"href":"https:\/\/portalnpm.com\/index.php\/wp-json\/wp\/v2\/posts"}],"about":[{"href":"https:\/\/portalnpm.com\/index.php\/wp-json\/wp\/v2\/types\/post"}],"author":[{"embeddable":true,"href":"https:\/\/portalnpm.com\/index.php\/wp-json\/wp\/v2\/users\/2"}],"replies":[{"embeddable":true,"href":"https:\/\/portalnpm.com\/index.php\/wp-json\/wp\/v2\/comments?post=58574"}],"version-history":[{"count":0,"href":"https:\/\/portalnpm.com\/index.php\/wp-json\/wp\/v2\/posts\/58574\/revisions"}],"wp:featuredmedia":[{"embeddable":true,"href":"https:\/\/portalnpm.com\/index.php\/wp-json\/wp\/v2\/media\/2741"}],"wp:attachment":[{"href":"https:\/\/portalnpm.com\/index.php\/wp-json\/wp\/v2\/media?parent=58574"}],"wp:term":[{"taxonomy":"category","embeddable":true,"href":"https:\/\/portalnpm.com\/index.php\/wp-json\/wp\/v2\/categories?post=58574"},{"taxonomy":"post_tag","embeddable":true,"href":"https:\/\/portalnpm.com\/index.php\/wp-json\/wp\/v2\/tags?post=58574"}],"curies":[{"name":"wp","href":"https:\/\/api.w.org\/{rel}","templated":true}]}}