{"id":58576,"date":"2020-10-13T19:03:04","date_gmt":"2020-10-13T22:03:04","guid":{"rendered":"https:\/\/portalnpm.com\/index.php\/2020\/10\/13\/candidato-a-vereador-e-morto-a-tiros-em-bar\/"},"modified":"2020-10-13T19:03:04","modified_gmt":"2020-10-13T22:03:04","slug":"candidato-a-vereador-e-morto-a-tiros-em-bar","status":"publish","type":"post","link":"https:\/\/portalnpm.com\/index.php\/2020\/10\/13\/candidato-a-vereador-e-morto-a-tiros-em-bar\/","title":{"rendered":"Candidato a vereador \u00e9 morto a tiros em bar"},"content":{"rendered":"<p style=\"text-align: justify;\">Candidato a vereador de Embu das Artes, Denis Viana (PSC) foi morto a tiros na madrugada deste domingo, 11, ap\u00f3s uma confus\u00e3o generalizada em um bar da periferia da cidade, na Grande S\u00e3o Paulo. Outras tr\u00eas pessoas foram baleadas, uma delas \u00e9 policial militar, e seguem internadas.<\/p>\n<p style=\"text-align: justify;\">\n<p style=\"text-align: justify;\">\n<p style=\"text-align: justify;\">Segundo o prefeito Ney Santos (Republicanos), o crime &#8220;est\u00e1 sendo apurado&#8221;. &#8220;N\u00e3o temos ainda informa\u00e7\u00f5es precisas sobre o ocorrido&#8221;, escreveu o prefeito em suas redes sociais. De acordo com a Secretaria de Seguran\u00e7a P\u00fablica, a Corregedoria da PM acompanha o caso.<\/p>\n<p style=\"text-align: justify;\">O crime ocorreu por volta das 4h em um bar na Rua Flor do Campo, em um bairro da periferia da cidade.<\/p>\n<p style=\"text-align: justify;\">Viana era guarda civil municipal e ocupou a Secretaria de Seguran\u00e7a do munic\u00edpio at\u00e9 maio, quando pediu descompatibiliza\u00e7\u00e3o para concorrer \u00e0 C\u00e2mara Municipal.<\/p>\n<p style=\"text-align: justify;\"><em><strong>Fonte: Folha de Vit\u00f3ria<\/strong><\/em><\/p>\n","protected":false},"excerpt":{"rendered":"<p>Candidato a vereador de Embu das Artes, Denis Viana (PSC) foi morto a tiros na madrugada deste domingo, 11, ap\u00f3s uma confus\u00e3o generalizada em um bar da periferia da cidade, na Grande S\u00e3o Paulo. Outras tr\u00eas pessoas foram baleadas, uma delas \u00e9 policial militar, e seguem internadas. Segundo o prefeito Ney Santos (Republicanos), o crime &hellip;<\/p>\n","protected":false},"author":2,"featured_media":58577,"comment_status":"open","ping_status":"open","sticky":false,"template":"","format":"standard","meta":{"content-type":"","rop_custom_images_group":[],"rop_custom_messages_group":[],"rop_publish_now":"initial","rop_publish_now_accounts":{"facebook_2648258775420054_1618374048415101":""},"rop_publish_now_history":[],"rop_publish_now_status":"pending","footnotes":"","_jetpack_memberships_contains_paid_content":false},"categories":[118,130],"tags":[1331,508,460,194],"yoast_head":"<!-- This site is optimized with the Yoast SEO plugin v22.3 - https:\/\/yoast.com\/wordpress\/plugins\/seo\/ -->\n<title>Candidato a vereador \u00e9 morto a tiros em bar<\/title>\n<meta name=\"robots\" content=\"index, follow, max-snippet:-1, max-image-preview:large, max-video-preview:-1\" \/>\n<link rel=\"canonical\" href=\"https:\/\/portalnpm.com\/index.php\/2020\/10\/13\/candidato-a-vereador-e-morto-a-tiros-em-bar\/\" \/>\n<meta property=\"og:locale\" content=\"pt_BR\" \/>\n<meta property=\"og:type\" content=\"article\" \/>\n<meta property=\"og:title\" content=\"Candidato a vereador \u00e9 morto a tiros em bar\" \/>\n<meta property=\"og:description\" content=\"Candidato a vereador de Embu das Artes, Denis Viana (PSC) foi morto a tiros na madrugada deste domingo, 11, ap\u00f3s uma confus\u00e3o generalizada em um bar da periferia da cidade, na Grande S\u00e3o Paulo. Outras tr\u00eas pessoas foram baleadas, uma delas \u00e9 policial militar, e seguem internadas. Segundo o prefeito Ney Santos (Republicanos), o crime &hellip;\" \/>\n<meta property=\"og:url\" content=\"https:\/\/portalnpm.com\/index.php\/2020\/10\/13\/candidato-a-vereador-e-morto-a-tiros-em-bar\/\" \/>\n<meta property=\"og:site_name\" content=\"Portal NPM\" \/>\n<meta property=\"article:published_time\" content=\"2020-10-13T22:03:04+00:00\" \/>\n<meta property=\"og:image\" content=\"https:\/\/portalnpm.com\/wp-content\/uploads\/2024\/01\/30124c50-0c73-11eb-b532-0bce439543a6-minified.jpg\" \/>\n\t<meta property=\"og:image:width\" content=\"900\" \/>\n\t<meta property=\"og:image:height\" content=\"600\" \/>\n\t<meta property=\"og:image:type\" content=\"image\/jpeg\" \/>\n<meta name=\"author\" content=\"Genival Barbosa\" \/>\n<meta name=\"twitter:card\" content=\"summary_large_image\" \/>\n<meta name=\"twitter:label1\" content=\"Escrito por\" \/>\n\t<meta name=\"twitter:data1\" content=\"Genival Barbosa\" \/>\n\t<meta name=\"twitter:label2\" content=\"Est. tempo de leitura\" \/>\n\t<meta name=\"twitter:data2\" content=\"1 minuto\" \/>\n<script type=\"application\/ld+json\" class=\"yoast-schema-graph\">{\"@context\":\"https:\/\/schema.org\",\"@graph\":[{\"@type\":\"WebPage\",\"@id\":\"https:\/\/portalnpm.com\/index.php\/2020\/10\/13\/candidato-a-vereador-e-morto-a-tiros-em-bar\/\",\"url\":\"https:\/\/portalnpm.com\/index.php\/2020\/10\/13\/candidato-a-vereador-e-morto-a-tiros-em-bar\/\",\"name\":\"Candidato a vereador \u00e9 morto a tiros em bar\",\"isPartOf\":{\"@id\":\"https:\/\/portalnpm.com\/#website\"},\"primaryImageOfPage\":{\"@id\":\"https:\/\/portalnpm.com\/index.php\/2020\/10\/13\/candidato-a-vereador-e-morto-a-tiros-em-bar\/#primaryimage\"},\"image\":{\"@id\":\"https:\/\/portalnpm.com\/index.php\/2020\/10\/13\/candidato-a-vereador-e-morto-a-tiros-em-bar\/#primaryimage\"},\"thumbnailUrl\":\"https:\/\/portalnpm.com\/wp-content\/uploads\/2024\/01\/30124c50-0c73-11eb-b532-0bce439543a6-minified.jpg\",\"datePublished\":\"2020-10-13T22:03:04+00:00\",\"dateModified\":\"2020-10-13T22:03:04+00:00\",\"author\":{\"@id\":\"https:\/\/portalnpm.com\/#\/schema\/person\/49313e563cfdefcc167f1ee4c017c294\"},\"breadcrumb\":{\"@id\":\"https:\/\/portalnpm.com\/index.php\/2020\/10\/13\/candidato-a-vereador-e-morto-a-tiros-em-bar\/#breadcrumb\"},\"inLanguage\":\"pt-BR\",\"potentialAction\":[{\"@type\":\"ReadAction\",\"target\":[\"https:\/\/portalnpm.com\/index.php\/2020\/10\/13\/candidato-a-vereador-e-morto-a-tiros-em-bar\/\"]}]},{\"@type\":\"ImageObject\",\"inLanguage\":\"pt-BR\",\"@id\":\"https:\/\/portalnpm.com\/index.php\/2020\/10\/13\/candidato-a-vereador-e-morto-a-tiros-em-bar\/#primaryimage\",\"url\":\"https:\/\/portalnpm.com\/wp-content\/uploads\/2024\/01\/30124c50-0c73-11eb-b532-0bce439543a6-minified.jpg\",\"contentUrl\":\"https:\/\/portalnpm.com\/wp-content\/uploads\/2024\/01\/30124c50-0c73-11eb-b532-0bce439543a6-minified.jpg\",\"width\":900,\"height\":600},{\"@type\":\"BreadcrumbList\",\"@id\":\"https:\/\/portalnpm.com\/index.php\/2020\/10\/13\/candidato-a-vereador-e-morto-a-tiros-em-bar\/#breadcrumb\",\"itemListElement\":[{\"@type\":\"ListItem\",\"position\":1,\"name\":\"In\u00edcio\",\"item\":\"https:\/\/portalnpm.com\/\"},{\"@type\":\"ListItem\",\"position\":2,\"name\":\"Candidato a vereador \u00e9 morto a tiros em bar\"}]},{\"@type\":\"WebSite\",\"@id\":\"https:\/\/portalnpm.com\/#website\",\"url\":\"https:\/\/portalnpm.com\/\",\"name\":\"Portal NPM\",\"description\":\"Not\u00edcias em Primeira M\u00e3o\",\"potentialAction\":[{\"@type\":\"SearchAction\",\"target\":{\"@type\":\"EntryPoint\",\"urlTemplate\":\"https:\/\/portalnpm.com\/?s={search_term_string}\"},\"query-input\":\"required name=search_term_string\"}],\"inLanguage\":\"pt-BR\"},{\"@type\":\"Person\",\"@id\":\"https:\/\/portalnpm.com\/#\/schema\/person\/49313e563cfdefcc167f1ee4c017c294\",\"name\":\"Genival Barbosa\",\"image\":{\"@type\":\"ImageObject\",\"inLanguage\":\"pt-BR\",\"@id\":\"https:\/\/portalnpm.com\/#\/schema\/person\/image\/\",\"url\":\"https:\/\/portalnpm.com\/wp-content\/uploads\/2024\/02\/avatar_user_2_1707743258-96x96.jpeg\",\"contentUrl\":\"https:\/\/portalnpm.com\/wp-content\/uploads\/2024\/02\/avatar_user_2_1707743258-96x96.jpeg\",\"caption\":\"Genival Barbosa\"},\"url\":\"https:\/\/portalnpm.com\/index.php\/author\/genival\/\"}]}<\/script>\n<!-- \/ Yoast SEO plugin. -->","yoast_head_json":{"title":"Candidato a vereador \u00e9 morto a tiros em bar","robots":{"index":"index","follow":"follow","max-snippet":"max-snippet:-1","max-image-preview":"max-image-preview:large","max-video-preview":"max-video-preview:-1"},"canonical":"https:\/\/portalnpm.com\/index.php\/2020\/10\/13\/candidato-a-vereador-e-morto-a-tiros-em-bar\/","og_locale":"pt_BR","og_type":"article","og_title":"Candidato a vereador \u00e9 morto a tiros em bar","og_description":"Candidato a vereador de Embu das Artes, Denis Viana (PSC) foi morto a tiros na madrugada deste domingo, 11, ap\u00f3s uma confus\u00e3o generalizada em um bar da periferia da cidade, na Grande S\u00e3o Paulo. Outras tr\u00eas pessoas foram baleadas, uma delas \u00e9 policial militar, e seguem internadas. Segundo o prefeito Ney Santos (Republicanos), o crime &hellip;","og_url":"https:\/\/portalnpm.com\/index.php\/2020\/10\/13\/candidato-a-vereador-e-morto-a-tiros-em-bar\/","og_site_name":"Portal NPM","article_published_time":"2020-10-13T22:03:04+00:00","og_image":[{"width":900,"height":600,"url":"https:\/\/portalnpm.com\/wp-content\/uploads\/2024\/01\/30124c50-0c73-11eb-b532-0bce439543a6-minified.jpg","type":"image\/jpeg"}],"author":"Genival Barbosa","twitter_card":"summary_large_image","twitter_misc":{"Escrito por":"Genival Barbosa","Est. tempo de leitura":"1 minuto"},"schema":{"@context":"https:\/\/schema.org","@graph":[{"@type":"WebPage","@id":"https:\/\/portalnpm.com\/index.php\/2020\/10\/13\/candidato-a-vereador-e-morto-a-tiros-em-bar\/","url":"https:\/\/portalnpm.com\/index.php\/2020\/10\/13\/candidato-a-vereador-e-morto-a-tiros-em-bar\/","name":"Candidato a vereador \u00e9 morto a tiros em bar","isPartOf":{"@id":"https:\/\/portalnpm.com\/#website"},"primaryImageOfPage":{"@id":"https:\/\/portalnpm.com\/index.php\/2020\/10\/13\/candidato-a-vereador-e-morto-a-tiros-em-bar\/#primaryimage"},"image":{"@id":"https:\/\/portalnpm.com\/index.php\/2020\/10\/13\/candidato-a-vereador-e-morto-a-tiros-em-bar\/#primaryimage"},"thumbnailUrl":"https:\/\/portalnpm.com\/wp-content\/uploads\/2024\/01\/30124c50-0c73-11eb-b532-0bce439543a6-minified.jpg","datePublished":"2020-10-13T22:03:04+00:00","dateModified":"2020-10-13T22:03:04+00:00","author":{"@id":"https:\/\/portalnpm.com\/#\/schema\/person\/49313e563cfdefcc167f1ee4c017c294"},"breadcrumb":{"@id":"https:\/\/portalnpm.com\/index.php\/2020\/10\/13\/candidato-a-vereador-e-morto-a-tiros-em-bar\/#breadcrumb"},"inLanguage":"pt-BR","potentialAction":[{"@type":"ReadAction","target":["https:\/\/portalnpm.com\/index.php\/2020\/10\/13\/candidato-a-vereador-e-morto-a-tiros-em-bar\/"]}]},{"@type":"ImageObject","inLanguage":"pt-BR","@id":"https:\/\/portalnpm.com\/index.php\/2020\/10\/13\/candidato-a-vereador-e-morto-a-tiros-em-bar\/#primaryimage","url":"https:\/\/portalnpm.com\/wp-content\/uploads\/2024\/01\/30124c50-0c73-11eb-b532-0bce439543a6-minified.jpg","contentUrl":"https:\/\/portalnpm.com\/wp-content\/uploads\/2024\/01\/30124c50-0c73-11eb-b532-0bce439543a6-minified.jpg","width":900,"height":600},{"@type":"BreadcrumbList","@id":"https:\/\/portalnpm.com\/index.php\/2020\/10\/13\/candidato-a-vereador-e-morto-a-tiros-em-bar\/#breadcrumb","itemListElement":[{"@type":"ListItem","position":1,"name":"In\u00edcio","item":"https:\/\/portalnpm.com\/"},{"@type":"ListItem","position":2,"name":"Candidato a vereador \u00e9 morto a tiros em bar"}]},{"@type":"WebSite","@id":"https:\/\/portalnpm.com\/#website","url":"https:\/\/portalnpm.com\/","name":"Portal NPM","description":"Not\u00edcias em Primeira M\u00e3o","potentialAction":[{"@type":"SearchAction","target":{"@type":"EntryPoint","urlTemplate":"https:\/\/portalnpm.com\/?s={search_term_string}"},"query-input":"required name=search_term_string"}],"inLanguage":"pt-BR"},{"@type":"Person","@id":"https:\/\/portalnpm.com\/#\/schema\/person\/49313e563cfdefcc167f1ee4c017c294","name":"Genival Barbosa","image":{"@type":"ImageObject","inLanguage":"pt-BR","@id":"https:\/\/portalnpm.com\/#\/schema\/person\/image\/","url":"https:\/\/portalnpm.com\/wp-content\/uploads\/2024\/02\/avatar_user_2_1707743258-96x96.jpeg","contentUrl":"https:\/\/portalnpm.com\/wp-content\/uploads\/2024\/02\/avatar_user_2_1707743258-96x96.jpeg","caption":"Genival Barbosa"},"url":"https:\/\/portalnpm.com\/index.php\/author\/genival\/"}]}},"jetpack_sharing_enabled":true,"jetpack_featured_media_url":"https:\/\/portalnpm.com\/wp-content\/uploads\/2024\/01\/30124c50-0c73-11eb-b532-0bce439543a6-minified.jpg","_links":{"self":[{"href":"https:\/\/portalnpm.com\/index.php\/wp-json\/wp\/v2\/posts\/58576"}],"collection":[{"href":"https:\/\/portalnpm.com\/index.php\/wp-json\/wp\/v2\/posts"}],"about":[{"href":"https:\/\/portalnpm.com\/index.php\/wp-json\/wp\/v2\/types\/post"}],"author":[{"embeddable":true,"href":"https:\/\/portalnpm.com\/index.php\/wp-json\/wp\/v2\/users\/2"}],"replies":[{"embeddable":true,"href":"https:\/\/portalnpm.com\/index.php\/wp-json\/wp\/v2\/comments?post=58576"}],"version-history":[{"count":0,"href":"https:\/\/portalnpm.com\/index.php\/wp-json\/wp\/v2\/posts\/58576\/revisions"}],"wp:featuredmedia":[{"embeddable":true,"href":"https:\/\/portalnpm.com\/index.php\/wp-json\/wp\/v2\/media\/58577"}],"wp:attachment":[{"href":"https:\/\/portalnpm.com\/index.php\/wp-json\/wp\/v2\/media?parent=58576"}],"wp:term":[{"taxonomy":"category","embeddable":true,"href":"https:\/\/portalnpm.com\/index.php\/wp-json\/wp\/v2\/categories?post=58576"},{"taxonomy":"post_tag","embeddable":true,"href":"https:\/\/portalnpm.com\/index.php\/wp-json\/wp\/v2\/tags?post=58576"}],"curies":[{"name":"wp","href":"https:\/\/api.w.org\/{rel}","templated":true}]}}