{"id":5860,"date":"2019-02-25T13:31:23","date_gmt":"2019-02-25T16:31:23","guid":{"rendered":"http:\/\/srv.portalnpm.com.br\/?p=5860"},"modified":"2019-02-25T13:31:23","modified_gmt":"2019-02-25T16:31:23","slug":"deputados-se-reunem-com-governo-para-apresentar-pontos-divergentes-da-reforma","status":"publish","type":"post","link":"https:\/\/portalnpm.com\/index.php\/2019\/02\/25\/deputados-se-reunem-com-governo-para-apresentar-pontos-divergentes-da-reforma\/","title":{"rendered":"Deputados se re\u00fanem com governo para apresentar pontos divergentes da reforma"},"content":{"rendered":"<p style=\"text-align: justify;\">Os deputados que comp\u00f5em as comiss\u00f5es t\u00e9cnicas de Constitui\u00e7\u00e3o e Justi\u00e7a, Administra\u00e7\u00e3o e Finan\u00e7as ir\u00e3o se reunir na tarde desta segunda(25) com o secret\u00e1rio de Administra\u00e7\u00e3o Ricardo Pontes.<\/p>\n<p style=\"text-align: justify;\">O grupo de parlamentares ir\u00e1 levar \u00e0 equipe econ\u00f4mica no governo, os pontos que est\u00e3o gerando pol\u00eamica na Assembleia.<\/p>\n<p style=\"text-align: justify;\">De acordo com o deputado Francisco Limma, l\u00edder do governo na Casa, os pontos de principal diverg\u00eancia s\u00e3o a extin\u00e7\u00e3o da Funda\u00e7\u00e3o Hospitalar e a proposta de congelamento dos sal\u00e1rios.<\/p>\n<p style=\"text-align: justify;\">Limma avalia que \u00e9 preciso um di\u00e1logo maior para discutir esses pontos. \u201cOs deputados querem o esclarecimentos que n\u00e3o ficaram muito claro na proposta enviada para a Casa. Em alguns casos parece ser apenas uma quest\u00e3o de reda\u00e7\u00e3o, mas outros\u00a0 s\u00e3o mais pol\u00eamicos como a extin\u00e7\u00e3o da Funda\u00e7\u00e3o Hospitalar e a proposta que se liga a lei de responsabilidade fiscal. O secret\u00e1rio de Administra\u00e7\u00e3o vai receber os deputados e acreditamos que essa diverg\u00eancias ser\u00e3o sanadas\u201d, afirmou.<\/p>\n<p style=\"text-align: justify;\">Na Assembleia, os parlamentares estipulam que a proposta de reforma administrativa deve ser votada em 40 dias. O pr\u00f3prio governo n\u00e3o pediu car\u00e1ter de urg\u00eancia na tramita\u00e7\u00e3o da mat\u00e9ria. Enquanto o texto n\u00e3o \u00e9 aprovado, o governador evitar falar sobre composi\u00e7\u00e3o do secretariado.<\/p>\n<p style=\"text-align: justify;\">Alguns partidos, como o MDB j\u00e1 iniciaram discuss\u00f5es para cargos. O partido tem a maior bancada na Alepi com seis deputados e espera ter o espa\u00e7o no governo, correspondente ao tamanho da bancada.<\/p>\n<p style=\"text-align: justify;\">O presidente da CCJ, deputado Wilson Brand\u00e3o (Progressistas), afirma que \u00e9 preciso um di\u00e1logo maior sobre o projeto de congelamento dos sal\u00e1rios.<\/p>\n<p style=\"text-align: justify;\">\u201cVamos participar da conversa hoje com o secret\u00e1rio de Administra\u00e7\u00e3o. O ponto mais divergente \u00e9 essa proposta de congelamento dos sal\u00e1rios. Acredito que a discuss\u00e3o maior ser\u00e1 na Comiss\u00e3o de Administra\u00e7\u00e3o\u201d, declarou.<\/p>\n<p style=\"text-align: justify;\">\n<p style=\"text-align: justify;\"><strong>Fonte: Cidade Verde<\/strong><\/p>\n","protected":false},"excerpt":{"rendered":"<p>Os deputados que comp\u00f5em as comiss\u00f5es t\u00e9cnicas de Constitui\u00e7\u00e3o e Justi\u00e7a, Administra\u00e7\u00e3o e Finan\u00e7as ir\u00e3o se reunir na tarde desta segunda(25) com o secret\u00e1rio de Administra\u00e7\u00e3o Ricardo Pontes. O grupo de parlamentares ir\u00e1 levar \u00e0 equipe econ\u00f4mica no governo, os pontos que est\u00e3o gerando pol\u00eamica na Assembleia. De acordo com o deputado Francisco Limma, l\u00edder &hellip;<\/p>\n","protected":false},"author":4,"featured_media":5861,"comment_status":"open","ping_status":"open","sticky":false,"template":"","format":"standard","meta":{"content-type":"","rop_custom_images_group":[],"rop_custom_messages_group":[],"rop_publish_now":"initial","rop_publish_now_accounts":{"facebook_2648258775420054_1618374048415101":""},"rop_publish_now_history":[],"rop_publish_now_status":"pending","footnotes":"","_jetpack_memberships_contains_paid_content":false},"categories":[113,130],"tags":[527,2284,524,2285,1476,2286],"yoast_head":"<!-- This site is optimized with the Yoast SEO plugin v22.3 - https:\/\/yoast.com\/wordpress\/plugins\/seo\/ -->\n<title>Deputados se re\u00fanem com governo para apresentar pontos divergentes da reforma - Portal NPM<\/title>\n<meta name=\"robots\" content=\"index, follow, max-snippet:-1, max-image-preview:large, max-video-preview:-1\" \/>\n<link rel=\"canonical\" href=\"https:\/\/portalnpm.com\/index.php\/2019\/02\/25\/deputados-se-reunem-com-governo-para-apresentar-pontos-divergentes-da-reforma\/\" \/>\n<meta property=\"og:locale\" content=\"pt_BR\" \/>\n<meta property=\"og:type\" content=\"article\" \/>\n<meta property=\"og:title\" content=\"Deputados se re\u00fanem com governo para apresentar pontos divergentes da reforma - Portal NPM\" \/>\n<meta property=\"og:description\" content=\"Os deputados que comp\u00f5em as comiss\u00f5es t\u00e9cnicas de Constitui\u00e7\u00e3o e Justi\u00e7a, Administra\u00e7\u00e3o e Finan\u00e7as ir\u00e3o se reunir na tarde desta segunda(25) com o secret\u00e1rio de Administra\u00e7\u00e3o Ricardo Pontes. O grupo de parlamentares ir\u00e1 levar \u00e0 equipe econ\u00f4mica no governo, os pontos que est\u00e3o gerando pol\u00eamica na Assembleia. De acordo com o deputado Francisco Limma, l\u00edder &hellip;\" \/>\n<meta property=\"og:url\" content=\"https:\/\/portalnpm.com\/index.php\/2019\/02\/25\/deputados-se-reunem-com-governo-para-apresentar-pontos-divergentes-da-reforma\/\" \/>\n<meta property=\"og:site_name\" content=\"Portal NPM\" \/>\n<meta property=\"article:published_time\" content=\"2019-02-25T16:31:23+00:00\" \/>\n<meta name=\"author\" content=\"Reda\u00e7\u00e3o\" \/>\n<meta name=\"twitter:card\" content=\"summary_large_image\" \/>\n<meta name=\"twitter:label1\" content=\"Escrito por\" \/>\n\t<meta name=\"twitter:data1\" content=\"Reda\u00e7\u00e3o\" \/>\n\t<meta name=\"twitter:label2\" content=\"Est. tempo de leitura\" \/>\n\t<meta name=\"twitter:data2\" content=\"2 minutos\" \/>\n<script type=\"application\/ld+json\" class=\"yoast-schema-graph\">{\"@context\":\"https:\/\/schema.org\",\"@graph\":[{\"@type\":\"WebPage\",\"@id\":\"https:\/\/portalnpm.com\/index.php\/2019\/02\/25\/deputados-se-reunem-com-governo-para-apresentar-pontos-divergentes-da-reforma\/\",\"url\":\"https:\/\/portalnpm.com\/index.php\/2019\/02\/25\/deputados-se-reunem-com-governo-para-apresentar-pontos-divergentes-da-reforma\/\",\"name\":\"Deputados se re\u00fanem com governo para apresentar pontos divergentes da reforma - Portal NPM\",\"isPartOf\":{\"@id\":\"https:\/\/portalnpm.com\/#website\"},\"primaryImageOfPage\":{\"@id\":\"https:\/\/portalnpm.com\/index.php\/2019\/02\/25\/deputados-se-reunem-com-governo-para-apresentar-pontos-divergentes-da-reforma\/#primaryimage\"},\"image\":{\"@id\":\"https:\/\/portalnpm.com\/index.php\/2019\/02\/25\/deputados-se-reunem-com-governo-para-apresentar-pontos-divergentes-da-reforma\/#primaryimage\"},\"thumbnailUrl\":\"\",\"datePublished\":\"2019-02-25T16:31:23+00:00\",\"dateModified\":\"2019-02-25T16:31:23+00:00\",\"author\":{\"@id\":\"https:\/\/portalnpm.com\/#\/schema\/person\/0b5f230ec96cee25504fa328e7f2b733\"},\"breadcrumb\":{\"@id\":\"https:\/\/portalnpm.com\/index.php\/2019\/02\/25\/deputados-se-reunem-com-governo-para-apresentar-pontos-divergentes-da-reforma\/#breadcrumb\"},\"inLanguage\":\"pt-BR\",\"potentialAction\":[{\"@type\":\"ReadAction\",\"target\":[\"https:\/\/portalnpm.com\/index.php\/2019\/02\/25\/deputados-se-reunem-com-governo-para-apresentar-pontos-divergentes-da-reforma\/\"]}]},{\"@type\":\"ImageObject\",\"inLanguage\":\"pt-BR\",\"@id\":\"https:\/\/portalnpm.com\/index.php\/2019\/02\/25\/deputados-se-reunem-com-governo-para-apresentar-pontos-divergentes-da-reforma\/#primaryimage\",\"url\":\"\",\"contentUrl\":\"\"},{\"@type\":\"BreadcrumbList\",\"@id\":\"https:\/\/portalnpm.com\/index.php\/2019\/02\/25\/deputados-se-reunem-com-governo-para-apresentar-pontos-divergentes-da-reforma\/#breadcrumb\",\"itemListElement\":[{\"@type\":\"ListItem\",\"position\":1,\"name\":\"In\u00edcio\",\"item\":\"https:\/\/portalnpm.com\/\"},{\"@type\":\"ListItem\",\"position\":2,\"name\":\"Deputados se re\u00fanem com governo para apresentar pontos divergentes da reforma\"}]},{\"@type\":\"WebSite\",\"@id\":\"https:\/\/portalnpm.com\/#website\",\"url\":\"https:\/\/portalnpm.com\/\",\"name\":\"Portal NPM\",\"description\":\"Not\u00edcias em Primeira M\u00e3o\",\"potentialAction\":[{\"@type\":\"SearchAction\",\"target\":{\"@type\":\"EntryPoint\",\"urlTemplate\":\"https:\/\/portalnpm.com\/?s={search_term_string}\"},\"query-input\":\"required name=search_term_string\"}],\"inLanguage\":\"pt-BR\"},{\"@type\":\"Person\",\"@id\":\"https:\/\/portalnpm.com\/#\/schema\/person\/0b5f230ec96cee25504fa328e7f2b733\",\"name\":\"Reda\u00e7\u00e3o\",\"image\":{\"@type\":\"ImageObject\",\"inLanguage\":\"pt-BR\",\"@id\":\"https:\/\/portalnpm.com\/#\/schema\/person\/image\/\",\"url\":\"https:\/\/portalnpm.com\/wp-content\/uploads\/2024\/03\/avatar_user_4_1710097212-96x96.png\",\"contentUrl\":\"https:\/\/portalnpm.com\/wp-content\/uploads\/2024\/03\/avatar_user_4_1710097212-96x96.png\",\"caption\":\"Reda\u00e7\u00e3o\"},\"url\":\"https:\/\/portalnpm.com\/index.php\/author\/redacao\/\"}]}<\/script>\n<!-- \/ Yoast SEO plugin. -->","yoast_head_json":{"title":"Deputados se re\u00fanem com governo para apresentar pontos divergentes da reforma - Portal NPM","robots":{"index":"index","follow":"follow","max-snippet":"max-snippet:-1","max-image-preview":"max-image-preview:large","max-video-preview":"max-video-preview:-1"},"canonical":"https:\/\/portalnpm.com\/index.php\/2019\/02\/25\/deputados-se-reunem-com-governo-para-apresentar-pontos-divergentes-da-reforma\/","og_locale":"pt_BR","og_type":"article","og_title":"Deputados se re\u00fanem com governo para apresentar pontos divergentes da reforma - Portal NPM","og_description":"Os deputados que comp\u00f5em as comiss\u00f5es t\u00e9cnicas de Constitui\u00e7\u00e3o e Justi\u00e7a, Administra\u00e7\u00e3o e Finan\u00e7as ir\u00e3o se reunir na tarde desta segunda(25) com o secret\u00e1rio de Administra\u00e7\u00e3o Ricardo Pontes. O grupo de parlamentares ir\u00e1 levar \u00e0 equipe econ\u00f4mica no governo, os pontos que est\u00e3o gerando pol\u00eamica na Assembleia. De acordo com o deputado Francisco Limma, l\u00edder &hellip;","og_url":"https:\/\/portalnpm.com\/index.php\/2019\/02\/25\/deputados-se-reunem-com-governo-para-apresentar-pontos-divergentes-da-reforma\/","og_site_name":"Portal NPM","article_published_time":"2019-02-25T16:31:23+00:00","author":"Reda\u00e7\u00e3o","twitter_card":"summary_large_image","twitter_misc":{"Escrito por":"Reda\u00e7\u00e3o","Est. tempo de leitura":"2 minutos"},"schema":{"@context":"https:\/\/schema.org","@graph":[{"@type":"WebPage","@id":"https:\/\/portalnpm.com\/index.php\/2019\/02\/25\/deputados-se-reunem-com-governo-para-apresentar-pontos-divergentes-da-reforma\/","url":"https:\/\/portalnpm.com\/index.php\/2019\/02\/25\/deputados-se-reunem-com-governo-para-apresentar-pontos-divergentes-da-reforma\/","name":"Deputados se re\u00fanem com governo para apresentar pontos divergentes da reforma - Portal NPM","isPartOf":{"@id":"https:\/\/portalnpm.com\/#website"},"primaryImageOfPage":{"@id":"https:\/\/portalnpm.com\/index.php\/2019\/02\/25\/deputados-se-reunem-com-governo-para-apresentar-pontos-divergentes-da-reforma\/#primaryimage"},"image":{"@id":"https:\/\/portalnpm.com\/index.php\/2019\/02\/25\/deputados-se-reunem-com-governo-para-apresentar-pontos-divergentes-da-reforma\/#primaryimage"},"thumbnailUrl":"","datePublished":"2019-02-25T16:31:23+00:00","dateModified":"2019-02-25T16:31:23+00:00","author":{"@id":"https:\/\/portalnpm.com\/#\/schema\/person\/0b5f230ec96cee25504fa328e7f2b733"},"breadcrumb":{"@id":"https:\/\/portalnpm.com\/index.php\/2019\/02\/25\/deputados-se-reunem-com-governo-para-apresentar-pontos-divergentes-da-reforma\/#breadcrumb"},"inLanguage":"pt-BR","potentialAction":[{"@type":"ReadAction","target":["https:\/\/portalnpm.com\/index.php\/2019\/02\/25\/deputados-se-reunem-com-governo-para-apresentar-pontos-divergentes-da-reforma\/"]}]},{"@type":"ImageObject","inLanguage":"pt-BR","@id":"https:\/\/portalnpm.com\/index.php\/2019\/02\/25\/deputados-se-reunem-com-governo-para-apresentar-pontos-divergentes-da-reforma\/#primaryimage","url":"","contentUrl":""},{"@type":"BreadcrumbList","@id":"https:\/\/portalnpm.com\/index.php\/2019\/02\/25\/deputados-se-reunem-com-governo-para-apresentar-pontos-divergentes-da-reforma\/#breadcrumb","itemListElement":[{"@type":"ListItem","position":1,"name":"In\u00edcio","item":"https:\/\/portalnpm.com\/"},{"@type":"ListItem","position":2,"name":"Deputados se re\u00fanem com governo para apresentar pontos divergentes da reforma"}]},{"@type":"WebSite","@id":"https:\/\/portalnpm.com\/#website","url":"https:\/\/portalnpm.com\/","name":"Portal NPM","description":"Not\u00edcias em Primeira M\u00e3o","potentialAction":[{"@type":"SearchAction","target":{"@type":"EntryPoint","urlTemplate":"https:\/\/portalnpm.com\/?s={search_term_string}"},"query-input":"required name=search_term_string"}],"inLanguage":"pt-BR"},{"@type":"Person","@id":"https:\/\/portalnpm.com\/#\/schema\/person\/0b5f230ec96cee25504fa328e7f2b733","name":"Reda\u00e7\u00e3o","image":{"@type":"ImageObject","inLanguage":"pt-BR","@id":"https:\/\/portalnpm.com\/#\/schema\/person\/image\/","url":"https:\/\/portalnpm.com\/wp-content\/uploads\/2024\/03\/avatar_user_4_1710097212-96x96.png","contentUrl":"https:\/\/portalnpm.com\/wp-content\/uploads\/2024\/03\/avatar_user_4_1710097212-96x96.png","caption":"Reda\u00e7\u00e3o"},"url":"https:\/\/portalnpm.com\/index.php\/author\/redacao\/"}]}},"jetpack_sharing_enabled":true,"jetpack_featured_media_url":"","_links":{"self":[{"href":"https:\/\/portalnpm.com\/index.php\/wp-json\/wp\/v2\/posts\/5860"}],"collection":[{"href":"https:\/\/portalnpm.com\/index.php\/wp-json\/wp\/v2\/posts"}],"about":[{"href":"https:\/\/portalnpm.com\/index.php\/wp-json\/wp\/v2\/types\/post"}],"author":[{"embeddable":true,"href":"https:\/\/portalnpm.com\/index.php\/wp-json\/wp\/v2\/users\/4"}],"replies":[{"embeddable":true,"href":"https:\/\/portalnpm.com\/index.php\/wp-json\/wp\/v2\/comments?post=5860"}],"version-history":[{"count":0,"href":"https:\/\/portalnpm.com\/index.php\/wp-json\/wp\/v2\/posts\/5860\/revisions"}],"wp:featuredmedia":[{"embeddable":true,"href":"https:\/\/portalnpm.com\/index.php\/wp-json\/"}],"wp:attachment":[{"href":"https:\/\/portalnpm.com\/index.php\/wp-json\/wp\/v2\/media?parent=5860"}],"wp:term":[{"taxonomy":"category","embeddable":true,"href":"https:\/\/portalnpm.com\/index.php\/wp-json\/wp\/v2\/categories?post=5860"},{"taxonomy":"post_tag","embeddable":true,"href":"https:\/\/portalnpm.com\/index.php\/wp-json\/wp\/v2\/tags?post=5860"}],"curies":[{"name":"wp","href":"https:\/\/api.w.org\/{rel}","templated":true}]}}