{"id":58713,"date":"2020-10-20T19:14:01","date_gmt":"2020-10-20T22:14:01","guid":{"rendered":"https:\/\/portalnpm.com\/index.php\/2020\/10\/20\/prefeitura-de-bocaina-suspende-parte-das-atividades-eleitorais-do-municipio\/"},"modified":"2020-10-20T19:14:01","modified_gmt":"2020-10-20T22:14:01","slug":"prefeitura-de-bocaina-suspende-parte-das-atividades-eleitorais-do-municipio","status":"publish","type":"post","link":"https:\/\/portalnpm.com\/index.php\/2020\/10\/20\/prefeitura-de-bocaina-suspende-parte-das-atividades-eleitorais-do-municipio\/","title":{"rendered":"Prefeitura de Bocaina suspende parte das atividades eleitorais do munic\u00edpio"},"content":{"rendered":"<p style=\"text-align: justify;\">A Prefeitura de Bocaina decretou neste domingo, 18, a suspens\u00e3o de parte das atividades eleitorais que tenham aglomera\u00e7\u00f5es de pessoas. O fato se deu por causa do aumento da quantidade de infectados pelo covid-19.<\/p>\n<p style=\"text-align: justify;\">\n<p style=\"text-align: justify;\">\n<p style=\"text-align: justify;\">O decreto foi publicado em entendimento pelas duas partes que pleiteiam a candidatura a prefeito do munic\u00edpio, onde ambos entenderam que o mais importante neste momento \u00e9 preservar a sa\u00fade da popula\u00e7\u00e3o.<\/p>\n<p style=\"text-align: justify;\">O munic\u00edpio foi neste momento apenas 6 pessoas positivadas para o v\u00edrus.<\/p>\n<p style=\"text-align: justify;\">Veja os principais pontos do novo decreto:<\/p>\n<p style=\"text-align: justify;\">Art. 1\u00b0 &#8211; Fica determinada a suspens\u00e3o:<\/p>\n<p style=\"text-align: justify;\">I &#8211; De com\u00edcios;<\/p>\n<p style=\"text-align: justify;\">II &#8211; De carreatas;<\/p>\n<p style=\"text-align: justify;\">III &#8211; De poeir\u00f5es;<\/p>\n<p style=\"text-align: justify;\">IV &#8211; De eventos que ocasionem grandes aglomera\u00e7\u00f5es de<\/p>\n<p style=\"text-align: justify;\">pessoas;<\/p>\n<p style=\"text-align: justify;\">V- De caminhadas;<\/p>\n<p style=\"text-align: justify;\">VI &#8211; Que reduzam o fluxo e perman\u00eancia de pessoas dentro do comit\u00ea ou locais de reuni\u00e3o para uma ocupa\u00e7\u00e3o de 2 metros por pessoa (Exemplo: \u00e1rea livre de 32 m&#8221;&#8216; \/ 4 m> = a pessoas no m\u00e1ximo). Caso n\u00e3o seja poss\u00edvel o distanciamento m\u00ednimo exigido, utilizar barreiras f\u00edsicas entre as esta\u00e7\u00f5es de trabalho e\/ou a Implementa\u00e7\u00e3o tempor\u00e1ria de rod\u00edzio de pessoas.<\/p>\n<p style=\"text-align: justify;\">Par\u00e1grafo \u00fanico \u2013 A suspens\u00e3o das atividades e eventos determinados neste artigo ter\u00e1 vig\u00eancia, a partir das 00:00hrs do dia 19 de outubro de 2020 at\u00e9 o dia 31 de outubro de 2020, podendo ser prorrogado.<\/p>\n<p style=\"text-align: justify;\">Art. 2\u00aa &#8211; Fica estabelecido que a realiza\u00e7\u00e3o de reuni\u00f5es presenciais e\/ou eventos eleitorais, obedecer\u00e1 ao disposto no PACTO PELA RETOMADA 0RGANIZAO0NAL NO PIAU\u00cd COVID -19, protocolo especifico n\u00b0 44\/2020, bem como \u00e0s normas de estabelecidas pela OMS, pelo minist\u00e9rio da Sa\u00fade, pela Secretaria de Sa\u00fade do Estado do Piau\u00ed, pela Secretaria Municipal de Sa\u00fade.<\/p>\n<p style=\"text-align: justify;\">Art. 3\u00ba &#8211; Em todo e qualquer estabelecimento e reuni\u00f5es de pessoas, \u00e9 Indispens\u00e1vel e obrigat\u00f3rio uso de m\u00e1scara e de \u00e1lcool em gel, segundo orienta\u00e7\u00f5es da Organiza\u00e7\u00e3o Mundial de Sa\u00fade -OMS, do Minist\u00e9rio da Sa\u00fade, da Secretaria de Estado da Sa\u00fade do Piau\u00ed e da Secretaria Municipal de Sa\u00fade.<\/p>\n<p style=\"text-align: justify;\"><a href=\"https:\/\/cidadesnanet.com\/news\/wp-content\/uploads\/2020\/10\/DECRETO-BOCAINA.pdf\">DECRETO<\/a><\/p>\n<p style=\"text-align: justify;\">Fonte:\u00a0 Agora ED<\/p>\n","protected":false},"excerpt":{"rendered":"<p>A Prefeitura de Bocaina decretou neste domingo, 18, a suspens\u00e3o de parte das atividades eleitorais que tenham aglomera\u00e7\u00f5es de pessoas. O fato se deu por causa do aumento da quantidade de infectados pelo covid-19. O decreto foi publicado em entendimento pelas duas partes que pleiteiam a candidatura a prefeito do munic\u00edpio, onde ambos entenderam que &hellip;<\/p>\n","protected":false},"author":2,"featured_media":58714,"comment_status":"open","ping_status":"open","sticky":false,"template":"","format":"standard","meta":{"content-type":"","rop_custom_images_group":[],"rop_custom_messages_group":[],"rop_publish_now":"initial","rop_publish_now_accounts":{"facebook_2648258775420054_1618374048415101":""},"rop_publish_now_history":[],"rop_publish_now_status":"pending","footnotes":"","_jetpack_memberships_contains_paid_content":false},"categories":[109],"tags":[7105,2548,602,222,7106],"yoast_head":"<!-- This site is optimized with the Yoast SEO plugin v22.3 - https:\/\/yoast.com\/wordpress\/plugins\/seo\/ -->\n<title>Prefeitura de Bocaina suspende parte das atividades eleitorais do munic\u00edpio<\/title>\n<meta name=\"robots\" content=\"index, follow, max-snippet:-1, max-image-preview:large, max-video-preview:-1\" \/>\n<link rel=\"canonical\" href=\"https:\/\/portalnpm.com\/index.php\/2020\/10\/20\/prefeitura-de-bocaina-suspende-parte-das-atividades-eleitorais-do-municipio\/\" \/>\n<meta property=\"og:locale\" content=\"pt_BR\" \/>\n<meta property=\"og:type\" content=\"article\" \/>\n<meta property=\"og:title\" content=\"Prefeitura de Bocaina suspende parte das atividades eleitorais do munic\u00edpio\" \/>\n<meta property=\"og:description\" content=\"A Prefeitura de Bocaina decretou neste domingo, 18, a suspens\u00e3o de parte das atividades eleitorais que tenham aglomera\u00e7\u00f5es de pessoas. O fato se deu por causa do aumento da quantidade de infectados pelo covid-19. O decreto foi publicado em entendimento pelas duas partes que pleiteiam a candidatura a prefeito do munic\u00edpio, onde ambos entenderam que &hellip;\" \/>\n<meta property=\"og:url\" content=\"https:\/\/portalnpm.com\/index.php\/2020\/10\/20\/prefeitura-de-bocaina-suspende-parte-das-atividades-eleitorais-do-municipio\/\" \/>\n<meta property=\"og:site_name\" content=\"Portal NPM\" \/>\n<meta property=\"article:published_time\" content=\"2020-10-20T22:14:01+00:00\" \/>\n<meta property=\"og:image\" content=\"https:\/\/portalnpm.com\/wp-content\/uploads\/2024\/01\/38c582bce1e2e8e3887c3ff6806b.jpg\" \/>\n\t<meta property=\"og:image:width\" content=\"799\" \/>\n\t<meta property=\"og:image:height\" content=\"591\" \/>\n\t<meta property=\"og:image:type\" content=\"image\/jpeg\" \/>\n<meta name=\"author\" content=\"Genival Barbosa\" \/>\n<meta name=\"twitter:card\" content=\"summary_large_image\" \/>\n<meta name=\"twitter:label1\" content=\"Escrito por\" \/>\n\t<meta name=\"twitter:data1\" content=\"Genival Barbosa\" \/>\n\t<meta name=\"twitter:label2\" content=\"Est. tempo de leitura\" \/>\n\t<meta name=\"twitter:data2\" content=\"2 minutos\" \/>\n<script type=\"application\/ld+json\" class=\"yoast-schema-graph\">{\"@context\":\"https:\/\/schema.org\",\"@graph\":[{\"@type\":\"WebPage\",\"@id\":\"https:\/\/portalnpm.com\/index.php\/2020\/10\/20\/prefeitura-de-bocaina-suspende-parte-das-atividades-eleitorais-do-municipio\/\",\"url\":\"https:\/\/portalnpm.com\/index.php\/2020\/10\/20\/prefeitura-de-bocaina-suspende-parte-das-atividades-eleitorais-do-municipio\/\",\"name\":\"Prefeitura de Bocaina suspende parte das atividades eleitorais do munic\u00edpio\",\"isPartOf\":{\"@id\":\"https:\/\/portalnpm.com\/#website\"},\"primaryImageOfPage\":{\"@id\":\"https:\/\/portalnpm.com\/index.php\/2020\/10\/20\/prefeitura-de-bocaina-suspende-parte-das-atividades-eleitorais-do-municipio\/#primaryimage\"},\"image\":{\"@id\":\"https:\/\/portalnpm.com\/index.php\/2020\/10\/20\/prefeitura-de-bocaina-suspende-parte-das-atividades-eleitorais-do-municipio\/#primaryimage\"},\"thumbnailUrl\":\"https:\/\/portalnpm.com\/wp-content\/uploads\/2024\/01\/38c582bce1e2e8e3887c3ff6806b.jpg\",\"datePublished\":\"2020-10-20T22:14:01+00:00\",\"dateModified\":\"2020-10-20T22:14:01+00:00\",\"author\":{\"@id\":\"https:\/\/portalnpm.com\/#\/schema\/person\/49313e563cfdefcc167f1ee4c017c294\"},\"breadcrumb\":{\"@id\":\"https:\/\/portalnpm.com\/index.php\/2020\/10\/20\/prefeitura-de-bocaina-suspende-parte-das-atividades-eleitorais-do-municipio\/#breadcrumb\"},\"inLanguage\":\"pt-BR\",\"potentialAction\":[{\"@type\":\"ReadAction\",\"target\":[\"https:\/\/portalnpm.com\/index.php\/2020\/10\/20\/prefeitura-de-bocaina-suspende-parte-das-atividades-eleitorais-do-municipio\/\"]}]},{\"@type\":\"ImageObject\",\"inLanguage\":\"pt-BR\",\"@id\":\"https:\/\/portalnpm.com\/index.php\/2020\/10\/20\/prefeitura-de-bocaina-suspende-parte-das-atividades-eleitorais-do-municipio\/#primaryimage\",\"url\":\"https:\/\/portalnpm.com\/wp-content\/uploads\/2024\/01\/38c582bce1e2e8e3887c3ff6806b.jpg\",\"contentUrl\":\"https:\/\/portalnpm.com\/wp-content\/uploads\/2024\/01\/38c582bce1e2e8e3887c3ff6806b.jpg\",\"width\":799,\"height\":591},{\"@type\":\"BreadcrumbList\",\"@id\":\"https:\/\/portalnpm.com\/index.php\/2020\/10\/20\/prefeitura-de-bocaina-suspende-parte-das-atividades-eleitorais-do-municipio\/#breadcrumb\",\"itemListElement\":[{\"@type\":\"ListItem\",\"position\":1,\"name\":\"In\u00edcio\",\"item\":\"https:\/\/portalnpm.com\/\"},{\"@type\":\"ListItem\",\"position\":2,\"name\":\"Prefeitura de Bocaina suspende parte das atividades eleitorais do munic\u00edpio\"}]},{\"@type\":\"WebSite\",\"@id\":\"https:\/\/portalnpm.com\/#website\",\"url\":\"https:\/\/portalnpm.com\/\",\"name\":\"Portal NPM\",\"description\":\"Not\u00edcias em Primeira M\u00e3o\",\"potentialAction\":[{\"@type\":\"SearchAction\",\"target\":{\"@type\":\"EntryPoint\",\"urlTemplate\":\"https:\/\/portalnpm.com\/?s={search_term_string}\"},\"query-input\":\"required name=search_term_string\"}],\"inLanguage\":\"pt-BR\"},{\"@type\":\"Person\",\"@id\":\"https:\/\/portalnpm.com\/#\/schema\/person\/49313e563cfdefcc167f1ee4c017c294\",\"name\":\"Genival Barbosa\",\"image\":{\"@type\":\"ImageObject\",\"inLanguage\":\"pt-BR\",\"@id\":\"https:\/\/portalnpm.com\/#\/schema\/person\/image\/\",\"url\":\"https:\/\/portalnpm.com\/wp-content\/uploads\/2024\/02\/avatar_user_2_1707743258-96x96.jpeg\",\"contentUrl\":\"https:\/\/portalnpm.com\/wp-content\/uploads\/2024\/02\/avatar_user_2_1707743258-96x96.jpeg\",\"caption\":\"Genival Barbosa\"},\"url\":\"https:\/\/portalnpm.com\/index.php\/author\/genival\/\"}]}<\/script>\n<!-- \/ Yoast SEO plugin. -->","yoast_head_json":{"title":"Prefeitura de Bocaina suspende parte das atividades eleitorais do munic\u00edpio","robots":{"index":"index","follow":"follow","max-snippet":"max-snippet:-1","max-image-preview":"max-image-preview:large","max-video-preview":"max-video-preview:-1"},"canonical":"https:\/\/portalnpm.com\/index.php\/2020\/10\/20\/prefeitura-de-bocaina-suspende-parte-das-atividades-eleitorais-do-municipio\/","og_locale":"pt_BR","og_type":"article","og_title":"Prefeitura de Bocaina suspende parte das atividades eleitorais do munic\u00edpio","og_description":"A Prefeitura de Bocaina decretou neste domingo, 18, a suspens\u00e3o de parte das atividades eleitorais que tenham aglomera\u00e7\u00f5es de pessoas. O fato se deu por causa do aumento da quantidade de infectados pelo covid-19. O decreto foi publicado em entendimento pelas duas partes que pleiteiam a candidatura a prefeito do munic\u00edpio, onde ambos entenderam que &hellip;","og_url":"https:\/\/portalnpm.com\/index.php\/2020\/10\/20\/prefeitura-de-bocaina-suspende-parte-das-atividades-eleitorais-do-municipio\/","og_site_name":"Portal NPM","article_published_time":"2020-10-20T22:14:01+00:00","og_image":[{"width":799,"height":591,"url":"https:\/\/portalnpm.com\/wp-content\/uploads\/2024\/01\/38c582bce1e2e8e3887c3ff6806b.jpg","type":"image\/jpeg"}],"author":"Genival Barbosa","twitter_card":"summary_large_image","twitter_misc":{"Escrito por":"Genival Barbosa","Est. tempo de leitura":"2 minutos"},"schema":{"@context":"https:\/\/schema.org","@graph":[{"@type":"WebPage","@id":"https:\/\/portalnpm.com\/index.php\/2020\/10\/20\/prefeitura-de-bocaina-suspende-parte-das-atividades-eleitorais-do-municipio\/","url":"https:\/\/portalnpm.com\/index.php\/2020\/10\/20\/prefeitura-de-bocaina-suspende-parte-das-atividades-eleitorais-do-municipio\/","name":"Prefeitura de Bocaina suspende parte das atividades eleitorais do munic\u00edpio","isPartOf":{"@id":"https:\/\/portalnpm.com\/#website"},"primaryImageOfPage":{"@id":"https:\/\/portalnpm.com\/index.php\/2020\/10\/20\/prefeitura-de-bocaina-suspende-parte-das-atividades-eleitorais-do-municipio\/#primaryimage"},"image":{"@id":"https:\/\/portalnpm.com\/index.php\/2020\/10\/20\/prefeitura-de-bocaina-suspende-parte-das-atividades-eleitorais-do-municipio\/#primaryimage"},"thumbnailUrl":"https:\/\/portalnpm.com\/wp-content\/uploads\/2024\/01\/38c582bce1e2e8e3887c3ff6806b.jpg","datePublished":"2020-10-20T22:14:01+00:00","dateModified":"2020-10-20T22:14:01+00:00","author":{"@id":"https:\/\/portalnpm.com\/#\/schema\/person\/49313e563cfdefcc167f1ee4c017c294"},"breadcrumb":{"@id":"https:\/\/portalnpm.com\/index.php\/2020\/10\/20\/prefeitura-de-bocaina-suspende-parte-das-atividades-eleitorais-do-municipio\/#breadcrumb"},"inLanguage":"pt-BR","potentialAction":[{"@type":"ReadAction","target":["https:\/\/portalnpm.com\/index.php\/2020\/10\/20\/prefeitura-de-bocaina-suspende-parte-das-atividades-eleitorais-do-municipio\/"]}]},{"@type":"ImageObject","inLanguage":"pt-BR","@id":"https:\/\/portalnpm.com\/index.php\/2020\/10\/20\/prefeitura-de-bocaina-suspende-parte-das-atividades-eleitorais-do-municipio\/#primaryimage","url":"https:\/\/portalnpm.com\/wp-content\/uploads\/2024\/01\/38c582bce1e2e8e3887c3ff6806b.jpg","contentUrl":"https:\/\/portalnpm.com\/wp-content\/uploads\/2024\/01\/38c582bce1e2e8e3887c3ff6806b.jpg","width":799,"height":591},{"@type":"BreadcrumbList","@id":"https:\/\/portalnpm.com\/index.php\/2020\/10\/20\/prefeitura-de-bocaina-suspende-parte-das-atividades-eleitorais-do-municipio\/#breadcrumb","itemListElement":[{"@type":"ListItem","position":1,"name":"In\u00edcio","item":"https:\/\/portalnpm.com\/"},{"@type":"ListItem","position":2,"name":"Prefeitura de Bocaina suspende parte das atividades eleitorais do munic\u00edpio"}]},{"@type":"WebSite","@id":"https:\/\/portalnpm.com\/#website","url":"https:\/\/portalnpm.com\/","name":"Portal NPM","description":"Not\u00edcias em Primeira M\u00e3o","potentialAction":[{"@type":"SearchAction","target":{"@type":"EntryPoint","urlTemplate":"https:\/\/portalnpm.com\/?s={search_term_string}"},"query-input":"required name=search_term_string"}],"inLanguage":"pt-BR"},{"@type":"Person","@id":"https:\/\/portalnpm.com\/#\/schema\/person\/49313e563cfdefcc167f1ee4c017c294","name":"Genival Barbosa","image":{"@type":"ImageObject","inLanguage":"pt-BR","@id":"https:\/\/portalnpm.com\/#\/schema\/person\/image\/","url":"https:\/\/portalnpm.com\/wp-content\/uploads\/2024\/02\/avatar_user_2_1707743258-96x96.jpeg","contentUrl":"https:\/\/portalnpm.com\/wp-content\/uploads\/2024\/02\/avatar_user_2_1707743258-96x96.jpeg","caption":"Genival Barbosa"},"url":"https:\/\/portalnpm.com\/index.php\/author\/genival\/"}]}},"jetpack_sharing_enabled":true,"jetpack_featured_media_url":"https:\/\/portalnpm.com\/wp-content\/uploads\/2024\/01\/38c582bce1e2e8e3887c3ff6806b.jpg","_links":{"self":[{"href":"https:\/\/portalnpm.com\/index.php\/wp-json\/wp\/v2\/posts\/58713"}],"collection":[{"href":"https:\/\/portalnpm.com\/index.php\/wp-json\/wp\/v2\/posts"}],"about":[{"href":"https:\/\/portalnpm.com\/index.php\/wp-json\/wp\/v2\/types\/post"}],"author":[{"embeddable":true,"href":"https:\/\/portalnpm.com\/index.php\/wp-json\/wp\/v2\/users\/2"}],"replies":[{"embeddable":true,"href":"https:\/\/portalnpm.com\/index.php\/wp-json\/wp\/v2\/comments?post=58713"}],"version-history":[{"count":0,"href":"https:\/\/portalnpm.com\/index.php\/wp-json\/wp\/v2\/posts\/58713\/revisions"}],"wp:featuredmedia":[{"embeddable":true,"href":"https:\/\/portalnpm.com\/index.php\/wp-json\/wp\/v2\/media\/58714"}],"wp:attachment":[{"href":"https:\/\/portalnpm.com\/index.php\/wp-json\/wp\/v2\/media?parent=58713"}],"wp:term":[{"taxonomy":"category","embeddable":true,"href":"https:\/\/portalnpm.com\/index.php\/wp-json\/wp\/v2\/categories?post=58713"},{"taxonomy":"post_tag","embeddable":true,"href":"https:\/\/portalnpm.com\/index.php\/wp-json\/wp\/v2\/tags?post=58713"}],"curies":[{"name":"wp","href":"https:\/\/api.w.org\/{rel}","templated":true}]}}