{"id":58715,"date":"2020-10-20T19:18:46","date_gmt":"2020-10-20T22:18:46","guid":{"rendered":"https:\/\/portalnpm.com\/index.php\/2020\/10\/20\/eleitor-nao-e-obrigado-a-portar-titulo-para-votar-decide-stf\/"},"modified":"2020-10-20T19:18:46","modified_gmt":"2020-10-20T22:18:46","slug":"eleitor-nao-e-obrigado-a-portar-titulo-para-votar-decide-stf","status":"publish","type":"post","link":"https:\/\/portalnpm.com\/index.php\/2020\/10\/20\/eleitor-nao-e-obrigado-a-portar-titulo-para-votar-decide-stf\/","title":{"rendered":"Eleitor n\u00e3o \u00e9 obrigado a portar t\u00edtulo para votar, decide STF"},"content":{"rendered":"<p style=\"text-align: justify;\">O plen\u00e1rio do Supremo Tribunal Federal (STF) confirmou, por unanimidade, que o eleitor n\u00e3o pode ser impedido de votar caso n\u00e3o tenha em m\u00e3os o t\u00edtulo de eleitor, sendo obrigat\u00f3ria somente a apresenta\u00e7\u00e3o de documento oficial com foto.<\/p>\n<p style=\"text-align: justify;\">\n<p style=\"text-align: justify;\">\n<p style=\"text-align: justify;\">Com a decis\u00e3o, os ministros do Supremo tornaram definitiva uma decis\u00e3o liminar concedida pelo plen\u00e1rio \u00e0s v\u00e9speras da elei\u00e7\u00e3o geral de 2010, a pedido do PT. O julgamento de m\u00e9rito foi encerrado ontem (19) \u00e0 noite no plen\u00e1rio virtual, ambiente digital em que os ministros t\u00eam um prazo, em geral, de uma semana, para votar por escrito.<\/p>\n<p style=\"text-align: justify;\">Em uma a\u00e7\u00e3o direta de inconstitucionalidade (ADI), o PT havia questionado a validade de dispositivos da minirreforma eleitoral de 2009 (Lei 12.034), que introduziu na Lei das Elei\u00e7\u00f5es (Lei 9.504\/1997) a exig\u00eancia de apresenta\u00e7\u00e3o do t\u00edtulo de eleitor como condi\u00e7\u00e3o para votar.<\/p>\n<p style=\"text-align: justify;\">Os ministros entenderam, agora de modo definitivo, que exigir que o eleitor carregue o t\u00edtulo de eleitor como condi\u00e7\u00e3o para votar n\u00e3o tem efeito pr\u00e1tico para evitar fraudes, uma vez que o documento n\u00e3o tem foto, e constitui \u201c\u00f3bice desnecess\u00e1rio ao exerc\u00edcio do voto pelo eleitor, direito fundamental estruturante da democracia\u201d, conforme escreveu em seu voto a relatora ministra Rosa Weber.<\/p>\n<p style=\"text-align: justify;\">A ministra acrescentou que a utiliza\u00e7\u00e3o da identifica\u00e7\u00e3o por biometria, que vem sendo implementada nos \u00faltimos anos pela Justi\u00e7a Eleitoral, reduziu o risco de fraudes, embora a identifica\u00e7\u00e3o por documento com foto ainda seja necess\u00e1ria como segundo recurso.<\/p>\n<p style=\"text-align: justify;\">Ela destacou tamb\u00e9m que, desde 2018, o eleitor tem tamb\u00e9m a op\u00e7\u00e3o de atrelar uma foto a seu registro eleitoral no aplicativo e-T\u00edtulo, e utilizar a ferramenta para identificar-se na hora de votar, o que esvaziou ainda mais a utilidade de se exigir o t\u00edtulo de eleitor em papel.<\/p>\n<p style=\"text-align: justify;\">\u201cO enfoque deve ser direcionado, portanto, ao eleitor como protagonista do processo eleitoral e verdadeiro detentor do poder democr\u00e1tico, de modo que a ele n\u00e3o devem, em princ\u00edpio, ser impostas limita\u00e7\u00f5es sen\u00e3o aquelas estritamente necess\u00e1rias a assegurar a autenticidade do voto\u201d, escreveu Rosa Weber, que foi acompanhada integralmente pelos demais ministros.<\/p>\n<p style=\"text-align: justify;\">Fonte: Ag\u00eancia Brasil<\/p>\n","protected":false},"excerpt":{"rendered":"<p>O plen\u00e1rio do Supremo Tribunal Federal (STF) confirmou, por unanimidade, que o eleitor n\u00e3o pode ser impedido de votar caso n\u00e3o tenha em m\u00e3os o t\u00edtulo de eleitor, sendo obrigat\u00f3ria somente a apresenta\u00e7\u00e3o de documento oficial com foto. Com a decis\u00e3o, os ministros do Supremo tornaram definitiva uma decis\u00e3o liminar concedida pelo plen\u00e1rio \u00e0s v\u00e9speras &hellip;<\/p>\n","protected":false},"author":2,"featured_media":58716,"comment_status":"open","ping_status":"open","sticky":false,"template":"","format":"standard","meta":{"content-type":"","rop_custom_images_group":[],"rop_custom_messages_group":[],"rop_publish_now":"initial","rop_publish_now_accounts":{"facebook_2648258775420054_1618374048415101":""},"rop_publish_now_history":[],"rop_publish_now_status":"pending","footnotes":"","_jetpack_memberships_contains_paid_content":false},"categories":[125],"tags":[7107,7108,7109,7110],"yoast_head":"<!-- This site is optimized with the Yoast SEO plugin v22.3 - https:\/\/yoast.com\/wordpress\/plugins\/seo\/ -->\n<title>Eleitor n\u00e3o \u00e9 obrigado a portar t\u00edtulo para votar, decide STF<\/title>\n<meta name=\"robots\" content=\"index, follow, max-snippet:-1, max-image-preview:large, max-video-preview:-1\" \/>\n<link rel=\"canonical\" href=\"https:\/\/portalnpm.com\/index.php\/2020\/10\/20\/eleitor-nao-e-obrigado-a-portar-titulo-para-votar-decide-stf\/\" \/>\n<meta property=\"og:locale\" content=\"pt_BR\" \/>\n<meta property=\"og:type\" content=\"article\" \/>\n<meta property=\"og:title\" content=\"Eleitor n\u00e3o \u00e9 obrigado a portar t\u00edtulo para votar, decide STF\" \/>\n<meta property=\"og:description\" content=\"O plen\u00e1rio do Supremo Tribunal Federal (STF) confirmou, por unanimidade, que o eleitor n\u00e3o pode ser impedido de votar caso n\u00e3o tenha em m\u00e3os o t\u00edtulo de eleitor, sendo obrigat\u00f3ria somente a apresenta\u00e7\u00e3o de documento oficial com foto. Com a decis\u00e3o, os ministros do Supremo tornaram definitiva uma decis\u00e3o liminar concedida pelo plen\u00e1rio \u00e0s v\u00e9speras &hellip;\" \/>\n<meta property=\"og:url\" content=\"https:\/\/portalnpm.com\/index.php\/2020\/10\/20\/eleitor-nao-e-obrigado-a-portar-titulo-para-votar-decide-stf\/\" \/>\n<meta property=\"og:site_name\" content=\"Portal NPM\" \/>\n<meta property=\"article:published_time\" content=\"2020-10-20T22:18:46+00:00\" \/>\n<meta property=\"og:image\" content=\"https:\/\/portalnpm.com\/wp-content\/uploads\/2024\/01\/Titulo-de-Eleitor.jpg\" \/>\n\t<meta property=\"og:image:width\" content=\"650\" \/>\n\t<meta property=\"og:image:height\" content=\"300\" \/>\n\t<meta property=\"og:image:type\" content=\"image\/jpeg\" \/>\n<meta name=\"author\" content=\"Genival Barbosa\" \/>\n<meta name=\"twitter:card\" content=\"summary_large_image\" \/>\n<meta name=\"twitter:label1\" content=\"Escrito por\" \/>\n\t<meta name=\"twitter:data1\" content=\"Genival Barbosa\" \/>\n\t<meta name=\"twitter:label2\" content=\"Est. tempo de leitura\" \/>\n\t<meta name=\"twitter:data2\" content=\"2 minutos\" \/>\n<script type=\"application\/ld+json\" class=\"yoast-schema-graph\">{\"@context\":\"https:\/\/schema.org\",\"@graph\":[{\"@type\":\"WebPage\",\"@id\":\"https:\/\/portalnpm.com\/index.php\/2020\/10\/20\/eleitor-nao-e-obrigado-a-portar-titulo-para-votar-decide-stf\/\",\"url\":\"https:\/\/portalnpm.com\/index.php\/2020\/10\/20\/eleitor-nao-e-obrigado-a-portar-titulo-para-votar-decide-stf\/\",\"name\":\"Eleitor n\u00e3o \u00e9 obrigado a portar t\u00edtulo para votar, decide STF\",\"isPartOf\":{\"@id\":\"https:\/\/portalnpm.com\/#website\"},\"primaryImageOfPage\":{\"@id\":\"https:\/\/portalnpm.com\/index.php\/2020\/10\/20\/eleitor-nao-e-obrigado-a-portar-titulo-para-votar-decide-stf\/#primaryimage\"},\"image\":{\"@id\":\"https:\/\/portalnpm.com\/index.php\/2020\/10\/20\/eleitor-nao-e-obrigado-a-portar-titulo-para-votar-decide-stf\/#primaryimage\"},\"thumbnailUrl\":\"https:\/\/portalnpm.com\/wp-content\/uploads\/2024\/01\/Titulo-de-Eleitor.jpg\",\"datePublished\":\"2020-10-20T22:18:46+00:00\",\"dateModified\":\"2020-10-20T22:18:46+00:00\",\"author\":{\"@id\":\"https:\/\/portalnpm.com\/#\/schema\/person\/49313e563cfdefcc167f1ee4c017c294\"},\"breadcrumb\":{\"@id\":\"https:\/\/portalnpm.com\/index.php\/2020\/10\/20\/eleitor-nao-e-obrigado-a-portar-titulo-para-votar-decide-stf\/#breadcrumb\"},\"inLanguage\":\"pt-BR\",\"potentialAction\":[{\"@type\":\"ReadAction\",\"target\":[\"https:\/\/portalnpm.com\/index.php\/2020\/10\/20\/eleitor-nao-e-obrigado-a-portar-titulo-para-votar-decide-stf\/\"]}]},{\"@type\":\"ImageObject\",\"inLanguage\":\"pt-BR\",\"@id\":\"https:\/\/portalnpm.com\/index.php\/2020\/10\/20\/eleitor-nao-e-obrigado-a-portar-titulo-para-votar-decide-stf\/#primaryimage\",\"url\":\"https:\/\/portalnpm.com\/wp-content\/uploads\/2024\/01\/Titulo-de-Eleitor.jpg\",\"contentUrl\":\"https:\/\/portalnpm.com\/wp-content\/uploads\/2024\/01\/Titulo-de-Eleitor.jpg\",\"width\":650,\"height\":300},{\"@type\":\"BreadcrumbList\",\"@id\":\"https:\/\/portalnpm.com\/index.php\/2020\/10\/20\/eleitor-nao-e-obrigado-a-portar-titulo-para-votar-decide-stf\/#breadcrumb\",\"itemListElement\":[{\"@type\":\"ListItem\",\"position\":1,\"name\":\"In\u00edcio\",\"item\":\"https:\/\/portalnpm.com\/\"},{\"@type\":\"ListItem\",\"position\":2,\"name\":\"Eleitor n\u00e3o \u00e9 obrigado a portar t\u00edtulo para votar, decide STF\"}]},{\"@type\":\"WebSite\",\"@id\":\"https:\/\/portalnpm.com\/#website\",\"url\":\"https:\/\/portalnpm.com\/\",\"name\":\"Portal NPM\",\"description\":\"Not\u00edcias em Primeira M\u00e3o\",\"potentialAction\":[{\"@type\":\"SearchAction\",\"target\":{\"@type\":\"EntryPoint\",\"urlTemplate\":\"https:\/\/portalnpm.com\/?s={search_term_string}\"},\"query-input\":\"required name=search_term_string\"}],\"inLanguage\":\"pt-BR\"},{\"@type\":\"Person\",\"@id\":\"https:\/\/portalnpm.com\/#\/schema\/person\/49313e563cfdefcc167f1ee4c017c294\",\"name\":\"Genival Barbosa\",\"image\":{\"@type\":\"ImageObject\",\"inLanguage\":\"pt-BR\",\"@id\":\"https:\/\/portalnpm.com\/#\/schema\/person\/image\/\",\"url\":\"https:\/\/portalnpm.com\/wp-content\/uploads\/2024\/02\/avatar_user_2_1707743258-96x96.jpeg\",\"contentUrl\":\"https:\/\/portalnpm.com\/wp-content\/uploads\/2024\/02\/avatar_user_2_1707743258-96x96.jpeg\",\"caption\":\"Genival Barbosa\"},\"url\":\"https:\/\/portalnpm.com\/index.php\/author\/genival\/\"}]}<\/script>\n<!-- \/ Yoast SEO plugin. -->","yoast_head_json":{"title":"Eleitor n\u00e3o \u00e9 obrigado a portar t\u00edtulo para votar, decide STF","robots":{"index":"index","follow":"follow","max-snippet":"max-snippet:-1","max-image-preview":"max-image-preview:large","max-video-preview":"max-video-preview:-1"},"canonical":"https:\/\/portalnpm.com\/index.php\/2020\/10\/20\/eleitor-nao-e-obrigado-a-portar-titulo-para-votar-decide-stf\/","og_locale":"pt_BR","og_type":"article","og_title":"Eleitor n\u00e3o \u00e9 obrigado a portar t\u00edtulo para votar, decide STF","og_description":"O plen\u00e1rio do Supremo Tribunal Federal (STF) confirmou, por unanimidade, que o eleitor n\u00e3o pode ser impedido de votar caso n\u00e3o tenha em m\u00e3os o t\u00edtulo de eleitor, sendo obrigat\u00f3ria somente a apresenta\u00e7\u00e3o de documento oficial com foto. Com a decis\u00e3o, os ministros do Supremo tornaram definitiva uma decis\u00e3o liminar concedida pelo plen\u00e1rio \u00e0s v\u00e9speras &hellip;","og_url":"https:\/\/portalnpm.com\/index.php\/2020\/10\/20\/eleitor-nao-e-obrigado-a-portar-titulo-para-votar-decide-stf\/","og_site_name":"Portal NPM","article_published_time":"2020-10-20T22:18:46+00:00","og_image":[{"width":650,"height":300,"url":"https:\/\/portalnpm.com\/wp-content\/uploads\/2024\/01\/Titulo-de-Eleitor.jpg","type":"image\/jpeg"}],"author":"Genival Barbosa","twitter_card":"summary_large_image","twitter_misc":{"Escrito por":"Genival Barbosa","Est. tempo de leitura":"2 minutos"},"schema":{"@context":"https:\/\/schema.org","@graph":[{"@type":"WebPage","@id":"https:\/\/portalnpm.com\/index.php\/2020\/10\/20\/eleitor-nao-e-obrigado-a-portar-titulo-para-votar-decide-stf\/","url":"https:\/\/portalnpm.com\/index.php\/2020\/10\/20\/eleitor-nao-e-obrigado-a-portar-titulo-para-votar-decide-stf\/","name":"Eleitor n\u00e3o \u00e9 obrigado a portar t\u00edtulo para votar, decide STF","isPartOf":{"@id":"https:\/\/portalnpm.com\/#website"},"primaryImageOfPage":{"@id":"https:\/\/portalnpm.com\/index.php\/2020\/10\/20\/eleitor-nao-e-obrigado-a-portar-titulo-para-votar-decide-stf\/#primaryimage"},"image":{"@id":"https:\/\/portalnpm.com\/index.php\/2020\/10\/20\/eleitor-nao-e-obrigado-a-portar-titulo-para-votar-decide-stf\/#primaryimage"},"thumbnailUrl":"https:\/\/portalnpm.com\/wp-content\/uploads\/2024\/01\/Titulo-de-Eleitor.jpg","datePublished":"2020-10-20T22:18:46+00:00","dateModified":"2020-10-20T22:18:46+00:00","author":{"@id":"https:\/\/portalnpm.com\/#\/schema\/person\/49313e563cfdefcc167f1ee4c017c294"},"breadcrumb":{"@id":"https:\/\/portalnpm.com\/index.php\/2020\/10\/20\/eleitor-nao-e-obrigado-a-portar-titulo-para-votar-decide-stf\/#breadcrumb"},"inLanguage":"pt-BR","potentialAction":[{"@type":"ReadAction","target":["https:\/\/portalnpm.com\/index.php\/2020\/10\/20\/eleitor-nao-e-obrigado-a-portar-titulo-para-votar-decide-stf\/"]}]},{"@type":"ImageObject","inLanguage":"pt-BR","@id":"https:\/\/portalnpm.com\/index.php\/2020\/10\/20\/eleitor-nao-e-obrigado-a-portar-titulo-para-votar-decide-stf\/#primaryimage","url":"https:\/\/portalnpm.com\/wp-content\/uploads\/2024\/01\/Titulo-de-Eleitor.jpg","contentUrl":"https:\/\/portalnpm.com\/wp-content\/uploads\/2024\/01\/Titulo-de-Eleitor.jpg","width":650,"height":300},{"@type":"BreadcrumbList","@id":"https:\/\/portalnpm.com\/index.php\/2020\/10\/20\/eleitor-nao-e-obrigado-a-portar-titulo-para-votar-decide-stf\/#breadcrumb","itemListElement":[{"@type":"ListItem","position":1,"name":"In\u00edcio","item":"https:\/\/portalnpm.com\/"},{"@type":"ListItem","position":2,"name":"Eleitor n\u00e3o \u00e9 obrigado a portar t\u00edtulo para votar, decide STF"}]},{"@type":"WebSite","@id":"https:\/\/portalnpm.com\/#website","url":"https:\/\/portalnpm.com\/","name":"Portal NPM","description":"Not\u00edcias em Primeira M\u00e3o","potentialAction":[{"@type":"SearchAction","target":{"@type":"EntryPoint","urlTemplate":"https:\/\/portalnpm.com\/?s={search_term_string}"},"query-input":"required name=search_term_string"}],"inLanguage":"pt-BR"},{"@type":"Person","@id":"https:\/\/portalnpm.com\/#\/schema\/person\/49313e563cfdefcc167f1ee4c017c294","name":"Genival Barbosa","image":{"@type":"ImageObject","inLanguage":"pt-BR","@id":"https:\/\/portalnpm.com\/#\/schema\/person\/image\/","url":"https:\/\/portalnpm.com\/wp-content\/uploads\/2024\/02\/avatar_user_2_1707743258-96x96.jpeg","contentUrl":"https:\/\/portalnpm.com\/wp-content\/uploads\/2024\/02\/avatar_user_2_1707743258-96x96.jpeg","caption":"Genival Barbosa"},"url":"https:\/\/portalnpm.com\/index.php\/author\/genival\/"}]}},"jetpack_sharing_enabled":true,"jetpack_featured_media_url":"https:\/\/portalnpm.com\/wp-content\/uploads\/2024\/01\/Titulo-de-Eleitor.jpg","_links":{"self":[{"href":"https:\/\/portalnpm.com\/index.php\/wp-json\/wp\/v2\/posts\/58715"}],"collection":[{"href":"https:\/\/portalnpm.com\/index.php\/wp-json\/wp\/v2\/posts"}],"about":[{"href":"https:\/\/portalnpm.com\/index.php\/wp-json\/wp\/v2\/types\/post"}],"author":[{"embeddable":true,"href":"https:\/\/portalnpm.com\/index.php\/wp-json\/wp\/v2\/users\/2"}],"replies":[{"embeddable":true,"href":"https:\/\/portalnpm.com\/index.php\/wp-json\/wp\/v2\/comments?post=58715"}],"version-history":[{"count":0,"href":"https:\/\/portalnpm.com\/index.php\/wp-json\/wp\/v2\/posts\/58715\/revisions"}],"wp:featuredmedia":[{"embeddable":true,"href":"https:\/\/portalnpm.com\/index.php\/wp-json\/wp\/v2\/media\/58716"}],"wp:attachment":[{"href":"https:\/\/portalnpm.com\/index.php\/wp-json\/wp\/v2\/media?parent=58715"}],"wp:term":[{"taxonomy":"category","embeddable":true,"href":"https:\/\/portalnpm.com\/index.php\/wp-json\/wp\/v2\/categories?post=58715"},{"taxonomy":"post_tag","embeddable":true,"href":"https:\/\/portalnpm.com\/index.php\/wp-json\/wp\/v2\/tags?post=58715"}],"curies":[{"name":"wp","href":"https:\/\/api.w.org\/{rel}","templated":true}]}}