{"id":58725,"date":"2020-10-20T21:57:51","date_gmt":"2020-10-21T00:57:51","guid":{"rendered":"https:\/\/portalnpm.com\/index.php\/2020\/10\/20\/campeao-de-votos-na-ultima-eleicao-vereador-renaldinho-tem-candidatura-deferida-e-disputara-o-quarto-mandato\/"},"modified":"2024-01-15T21:30:00","modified_gmt":"2024-01-16T00:30:00","slug":"campeao-de-votos-na-ultima-eleicao-vereador-renaldinho-tem-candidatura-deferida-e-disputara-o-quarto-mandato","status":"publish","type":"post","link":"https:\/\/portalnpm.com\/index.php\/2020\/10\/20\/campeao-de-votos-na-ultima-eleicao-vereador-renaldinho-tem-candidatura-deferida-e-disputara-o-quarto-mandato\/","title":{"rendered":"Campe\u00e3o de votos na \u00faltima elei\u00e7\u00e3o, Vereador Renaldinho tem candidatura deferida e disputar\u00e1 o quarto mandato"},"content":{"rendered":"<p><p style=\"text-align: justify;\">O vereador Renaldinho (Progressistas), presidente do partido em S&atilde;o Juli&atilde;o-PI, teve sua candidatura deferida pela justi&ccedil;a eleitoral e disputar&aacute; na elei&ccedil;&atilde;o do dia 15 de novembro o seu quarto mandato consecutivo no legislativo municipal.<\/p>\n<p style=\"text-align: justify;\"><img fetchpriority=\"high\" decoding=\"async\" class=\"alignnone size-full wp-image-26937\" src=\"https:\/\/portalnpm.com\/wp-content\/uploads\/2024\/01\/IMG-20201020-WA0858.jpg\" alt=\"\" width=\"540\" height=\"1170\"><\/p>\n<p style=\"text-align: justify;\">Renaldinho foi eleito vereador em 2008, reeleito em 2012 e 2016, essa &uacute;ltima foi o mais votado para a C&acirc;mara Municipal com 467 votos.<\/p>\n<p style=\"text-align: justify;\">Visando as elei&ccedil;&otilde;es deste ano, o parlamentar teve seu nome cotado como pr&eacute;-candidato a prefeito de S&atilde;o Juli&atilde;o pela terceira via, contudo, pregando a uni&atilde;o das oposi&ccedil;&otilde;es, desistiu da disputa e declarou apoio a chapa Rufina Isabel (PT) e Leureny Sobrinho (PSDB), candidata a prefeita e vice-prefeito, respectivamente, pelo campo oposicionista.<\/p>\n<p style=\"text-align: justify;\">Ap&oacute;s a desist&ecirc;ncia do candidato a vereador do Progressistas Erivalton Sousa, o partido decidiu lan&ccedil;ar o vereador Renaldinho como substituto na disputa por uma vaga no parlamento local. Com isso, Renaldinho entra na disputa como puxador de votos dentro do Progressistas. O vereador tem base pol&iacute;tica no povoado Mandacaru e &eacute; primo do ex-prefeito Francimar Pereira, mantendo, dessa forma, a tradi&ccedil;&atilde;o da &#8220;Fam&iacute;lia Pereira&#8221; na pol&iacute;tica de S&atilde;o Juli&atilde;o.<\/p>\n<p style=\"text-align: justify;\">Ao todo, o Partido Progressistas tem 6 candidatos na disputa pelo legislativo municipal, sendo 4 homens e duas mulheres.<\/p><\/p>\n","protected":false},"excerpt":{"rendered":"<p>O vereador Renaldinho (Progressistas), presidente do partido em S&atilde;o Juli&atilde;o-PI, teve sua candidatura deferida pela justi&ccedil;a eleitoral e disputar&aacute; na elei&ccedil;&atilde;o do dia 15 de novembro o seu quarto mandato consecutivo no legislativo municipal. Renaldinho foi eleito vereador em 2008, reeleito em 2012 e 2016, essa &uacute;ltima foi o mais votado para a C&acirc;mara Municipal &hellip;<\/p>\n","protected":false},"author":3,"featured_media":58726,"comment_status":"open","ping_status":"open","sticky":false,"template":"","format":"standard","meta":{"content-type":"","rop_custom_images_group":[],"rop_custom_messages_group":[],"rop_publish_now":"initial","rop_publish_now_accounts":{"facebook_2648258775420054_1618374048415101":""},"rop_publish_now_history":[],"rop_publish_now_status":"pending","footnotes":"","_jetpack_memberships_contains_paid_content":false},"categories":[113,109,130,136],"tags":[539,7119,3898,2984,194],"yoast_head":"<!-- This site is optimized with the Yoast SEO plugin v22.3 - https:\/\/yoast.com\/wordpress\/plugins\/seo\/ -->\n<title>Campe\u00e3o de votos na \u00faltima elei\u00e7\u00e3o, Vereador Renaldinho tem candidatura deferida e disputar\u00e1 o quarto mandato<\/title>\n<meta name=\"robots\" content=\"index, follow, max-snippet:-1, max-image-preview:large, max-video-preview:-1\" \/>\n<link rel=\"canonical\" href=\"https:\/\/portalnpm.com\/index.php\/2020\/10\/20\/campeao-de-votos-na-ultima-eleicao-vereador-renaldinho-tem-candidatura-deferida-e-disputara-o-quarto-mandato\/\" \/>\n<meta property=\"og:locale\" content=\"pt_BR\" \/>\n<meta property=\"og:type\" content=\"article\" \/>\n<meta property=\"og:title\" content=\"Campe\u00e3o de votos na \u00faltima elei\u00e7\u00e3o, Vereador Renaldinho tem candidatura deferida e disputar\u00e1 o quarto mandato\" \/>\n<meta property=\"og:description\" content=\"O vereador Renaldinho (Progressistas), presidente do partido em S&atilde;o Juli&atilde;o-PI, teve sua candidatura deferida pela justi&ccedil;a eleitoral e disputar&aacute; na elei&ccedil;&atilde;o do dia 15 de novembro o seu quarto mandato consecutivo no legislativo municipal. Renaldinho foi eleito vereador em 2008, reeleito em 2012 e 2016, essa &uacute;ltima foi o mais votado para a C&acirc;mara Municipal &hellip;\" \/>\n<meta property=\"og:url\" content=\"https:\/\/portalnpm.com\/index.php\/2020\/10\/20\/campeao-de-votos-na-ultima-eleicao-vereador-renaldinho-tem-candidatura-deferida-e-disputara-o-quarto-mandato\/\" \/>\n<meta property=\"og:site_name\" content=\"Portal NPM\" \/>\n<meta property=\"article:published_time\" content=\"2020-10-21T00:57:51+00:00\" \/>\n<meta property=\"article:modified_time\" content=\"2024-01-16T00:30:00+00:00\" \/>\n<meta property=\"og:image\" content=\"https:\/\/portalnpm.com\/wp-content\/uploads\/2024\/01\/IMG-20201020-WA0876.jpg\" \/>\n\t<meta property=\"og:image:width\" content=\"763\" \/>\n\t<meta property=\"og:image:height\" content=\"728\" \/>\n\t<meta property=\"og:image:type\" content=\"image\/jpeg\" \/>\n<meta name=\"author\" content=\"Luis Alberto\" \/>\n<meta name=\"twitter:card\" content=\"summary_large_image\" \/>\n<meta name=\"twitter:label1\" content=\"Escrito por\" \/>\n\t<meta name=\"twitter:data1\" content=\"Luis Alberto\" \/>\n\t<meta name=\"twitter:label2\" content=\"Est. tempo de leitura\" \/>\n\t<meta name=\"twitter:data2\" content=\"1 minuto\" \/>\n<script type=\"application\/ld+json\" class=\"yoast-schema-graph\">{\"@context\":\"https:\/\/schema.org\",\"@graph\":[{\"@type\":\"WebPage\",\"@id\":\"https:\/\/portalnpm.com\/index.php\/2020\/10\/20\/campeao-de-votos-na-ultima-eleicao-vereador-renaldinho-tem-candidatura-deferida-e-disputara-o-quarto-mandato\/\",\"url\":\"https:\/\/portalnpm.com\/index.php\/2020\/10\/20\/campeao-de-votos-na-ultima-eleicao-vereador-renaldinho-tem-candidatura-deferida-e-disputara-o-quarto-mandato\/\",\"name\":\"Campe\u00e3o de votos na \u00faltima elei\u00e7\u00e3o, Vereador Renaldinho tem candidatura deferida e disputar\u00e1 o quarto mandato\",\"isPartOf\":{\"@id\":\"https:\/\/portalnpm.com\/#website\"},\"primaryImageOfPage\":{\"@id\":\"https:\/\/portalnpm.com\/index.php\/2020\/10\/20\/campeao-de-votos-na-ultima-eleicao-vereador-renaldinho-tem-candidatura-deferida-e-disputara-o-quarto-mandato\/#primaryimage\"},\"image\":{\"@id\":\"https:\/\/portalnpm.com\/index.php\/2020\/10\/20\/campeao-de-votos-na-ultima-eleicao-vereador-renaldinho-tem-candidatura-deferida-e-disputara-o-quarto-mandato\/#primaryimage\"},\"thumbnailUrl\":\"https:\/\/portalnpm.com\/wp-content\/uploads\/2024\/01\/IMG-20201020-WA0876.jpg\",\"datePublished\":\"2020-10-21T00:57:51+00:00\",\"dateModified\":\"2024-01-16T00:30:00+00:00\",\"author\":{\"@id\":\"https:\/\/portalnpm.com\/#\/schema\/person\/5c8006acdf71774cd4e7a5ab98482152\"},\"breadcrumb\":{\"@id\":\"https:\/\/portalnpm.com\/index.php\/2020\/10\/20\/campeao-de-votos-na-ultima-eleicao-vereador-renaldinho-tem-candidatura-deferida-e-disputara-o-quarto-mandato\/#breadcrumb\"},\"inLanguage\":\"pt-BR\",\"potentialAction\":[{\"@type\":\"ReadAction\",\"target\":[\"https:\/\/portalnpm.com\/index.php\/2020\/10\/20\/campeao-de-votos-na-ultima-eleicao-vereador-renaldinho-tem-candidatura-deferida-e-disputara-o-quarto-mandato\/\"]}]},{\"@type\":\"ImageObject\",\"inLanguage\":\"pt-BR\",\"@id\":\"https:\/\/portalnpm.com\/index.php\/2020\/10\/20\/campeao-de-votos-na-ultima-eleicao-vereador-renaldinho-tem-candidatura-deferida-e-disputara-o-quarto-mandato\/#primaryimage\",\"url\":\"https:\/\/portalnpm.com\/wp-content\/uploads\/2024\/01\/IMG-20201020-WA0876.jpg\",\"contentUrl\":\"https:\/\/portalnpm.com\/wp-content\/uploads\/2024\/01\/IMG-20201020-WA0876.jpg\",\"width\":763,\"height\":728},{\"@type\":\"BreadcrumbList\",\"@id\":\"https:\/\/portalnpm.com\/index.php\/2020\/10\/20\/campeao-de-votos-na-ultima-eleicao-vereador-renaldinho-tem-candidatura-deferida-e-disputara-o-quarto-mandato\/#breadcrumb\",\"itemListElement\":[{\"@type\":\"ListItem\",\"position\":1,\"name\":\"In\u00edcio\",\"item\":\"https:\/\/portalnpm.com\/\"},{\"@type\":\"ListItem\",\"position\":2,\"name\":\"Campe\u00e3o de votos na \u00faltima elei\u00e7\u00e3o, Vereador Renaldinho tem candidatura deferida e disputar\u00e1 o quarto mandato\"}]},{\"@type\":\"WebSite\",\"@id\":\"https:\/\/portalnpm.com\/#website\",\"url\":\"https:\/\/portalnpm.com\/\",\"name\":\"Portal NPM\",\"description\":\"Not\u00edcias em Primeira M\u00e3o\",\"potentialAction\":[{\"@type\":\"SearchAction\",\"target\":{\"@type\":\"EntryPoint\",\"urlTemplate\":\"https:\/\/portalnpm.com\/?s={search_term_string}\"},\"query-input\":\"required name=search_term_string\"}],\"inLanguage\":\"pt-BR\"},{\"@type\":\"Person\",\"@id\":\"https:\/\/portalnpm.com\/#\/schema\/person\/5c8006acdf71774cd4e7a5ab98482152\",\"name\":\"Luis Alberto\",\"image\":{\"@type\":\"ImageObject\",\"inLanguage\":\"pt-BR\",\"@id\":\"https:\/\/portalnpm.com\/#\/schema\/person\/image\/\",\"url\":\"https:\/\/portalnpm.com\/wp-content\/uploads\/2024\/12\/avatar_user_3_1734699769-96x96.jpeg\",\"contentUrl\":\"https:\/\/portalnpm.com\/wp-content\/uploads\/2024\/12\/avatar_user_3_1734699769-96x96.jpeg\",\"caption\":\"Luis Alberto\"},\"description\":\"Editor-geral do Portal NPM, \u00e9 formado como T\u00e9cnico em Seguran\u00e7a do Trabalho pela Escola Metropolitana de Cursos T\u00e9cnicos. Det\u00e9m ainda licenciatura em Educa\u00e7\u00e3o F\u00edsica e bacharelado em Ci\u00eancias Pol\u00edticas, ambos obtidos pela institui\u00e7\u00e3o Anhanguera\/UNOPAR.\",\"url\":\"https:\/\/portalnpm.com\/index.php\/author\/pereira\/\"}]}<\/script>\n<!-- \/ Yoast SEO plugin. -->","yoast_head_json":{"title":"Campe\u00e3o de votos na \u00faltima elei\u00e7\u00e3o, Vereador Renaldinho tem candidatura deferida e disputar\u00e1 o quarto mandato","robots":{"index":"index","follow":"follow","max-snippet":"max-snippet:-1","max-image-preview":"max-image-preview:large","max-video-preview":"max-video-preview:-1"},"canonical":"https:\/\/portalnpm.com\/index.php\/2020\/10\/20\/campeao-de-votos-na-ultima-eleicao-vereador-renaldinho-tem-candidatura-deferida-e-disputara-o-quarto-mandato\/","og_locale":"pt_BR","og_type":"article","og_title":"Campe\u00e3o de votos na \u00faltima elei\u00e7\u00e3o, Vereador Renaldinho tem candidatura deferida e disputar\u00e1 o quarto mandato","og_description":"O vereador Renaldinho (Progressistas), presidente do partido em S&atilde;o Juli&atilde;o-PI, teve sua candidatura deferida pela justi&ccedil;a eleitoral e disputar&aacute; na elei&ccedil;&atilde;o do dia 15 de novembro o seu quarto mandato consecutivo no legislativo municipal. Renaldinho foi eleito vereador em 2008, reeleito em 2012 e 2016, essa &uacute;ltima foi o mais votado para a C&acirc;mara Municipal &hellip;","og_url":"https:\/\/portalnpm.com\/index.php\/2020\/10\/20\/campeao-de-votos-na-ultima-eleicao-vereador-renaldinho-tem-candidatura-deferida-e-disputara-o-quarto-mandato\/","og_site_name":"Portal NPM","article_published_time":"2020-10-21T00:57:51+00:00","article_modified_time":"2024-01-16T00:30:00+00:00","og_image":[{"width":763,"height":728,"url":"https:\/\/portalnpm.com\/wp-content\/uploads\/2024\/01\/IMG-20201020-WA0876.jpg","type":"image\/jpeg"}],"author":"Luis Alberto","twitter_card":"summary_large_image","twitter_misc":{"Escrito por":"Luis Alberto","Est. tempo de leitura":"1 minuto"},"schema":{"@context":"https:\/\/schema.org","@graph":[{"@type":"WebPage","@id":"https:\/\/portalnpm.com\/index.php\/2020\/10\/20\/campeao-de-votos-na-ultima-eleicao-vereador-renaldinho-tem-candidatura-deferida-e-disputara-o-quarto-mandato\/","url":"https:\/\/portalnpm.com\/index.php\/2020\/10\/20\/campeao-de-votos-na-ultima-eleicao-vereador-renaldinho-tem-candidatura-deferida-e-disputara-o-quarto-mandato\/","name":"Campe\u00e3o de votos na \u00faltima elei\u00e7\u00e3o, Vereador Renaldinho tem candidatura deferida e disputar\u00e1 o quarto mandato","isPartOf":{"@id":"https:\/\/portalnpm.com\/#website"},"primaryImageOfPage":{"@id":"https:\/\/portalnpm.com\/index.php\/2020\/10\/20\/campeao-de-votos-na-ultima-eleicao-vereador-renaldinho-tem-candidatura-deferida-e-disputara-o-quarto-mandato\/#primaryimage"},"image":{"@id":"https:\/\/portalnpm.com\/index.php\/2020\/10\/20\/campeao-de-votos-na-ultima-eleicao-vereador-renaldinho-tem-candidatura-deferida-e-disputara-o-quarto-mandato\/#primaryimage"},"thumbnailUrl":"https:\/\/portalnpm.com\/wp-content\/uploads\/2024\/01\/IMG-20201020-WA0876.jpg","datePublished":"2020-10-21T00:57:51+00:00","dateModified":"2024-01-16T00:30:00+00:00","author":{"@id":"https:\/\/portalnpm.com\/#\/schema\/person\/5c8006acdf71774cd4e7a5ab98482152"},"breadcrumb":{"@id":"https:\/\/portalnpm.com\/index.php\/2020\/10\/20\/campeao-de-votos-na-ultima-eleicao-vereador-renaldinho-tem-candidatura-deferida-e-disputara-o-quarto-mandato\/#breadcrumb"},"inLanguage":"pt-BR","potentialAction":[{"@type":"ReadAction","target":["https:\/\/portalnpm.com\/index.php\/2020\/10\/20\/campeao-de-votos-na-ultima-eleicao-vereador-renaldinho-tem-candidatura-deferida-e-disputara-o-quarto-mandato\/"]}]},{"@type":"ImageObject","inLanguage":"pt-BR","@id":"https:\/\/portalnpm.com\/index.php\/2020\/10\/20\/campeao-de-votos-na-ultima-eleicao-vereador-renaldinho-tem-candidatura-deferida-e-disputara-o-quarto-mandato\/#primaryimage","url":"https:\/\/portalnpm.com\/wp-content\/uploads\/2024\/01\/IMG-20201020-WA0876.jpg","contentUrl":"https:\/\/portalnpm.com\/wp-content\/uploads\/2024\/01\/IMG-20201020-WA0876.jpg","width":763,"height":728},{"@type":"BreadcrumbList","@id":"https:\/\/portalnpm.com\/index.php\/2020\/10\/20\/campeao-de-votos-na-ultima-eleicao-vereador-renaldinho-tem-candidatura-deferida-e-disputara-o-quarto-mandato\/#breadcrumb","itemListElement":[{"@type":"ListItem","position":1,"name":"In\u00edcio","item":"https:\/\/portalnpm.com\/"},{"@type":"ListItem","position":2,"name":"Campe\u00e3o de votos na \u00faltima elei\u00e7\u00e3o, Vereador Renaldinho tem candidatura deferida e disputar\u00e1 o quarto mandato"}]},{"@type":"WebSite","@id":"https:\/\/portalnpm.com\/#website","url":"https:\/\/portalnpm.com\/","name":"Portal NPM","description":"Not\u00edcias em Primeira M\u00e3o","potentialAction":[{"@type":"SearchAction","target":{"@type":"EntryPoint","urlTemplate":"https:\/\/portalnpm.com\/?s={search_term_string}"},"query-input":"required name=search_term_string"}],"inLanguage":"pt-BR"},{"@type":"Person","@id":"https:\/\/portalnpm.com\/#\/schema\/person\/5c8006acdf71774cd4e7a5ab98482152","name":"Luis Alberto","image":{"@type":"ImageObject","inLanguage":"pt-BR","@id":"https:\/\/portalnpm.com\/#\/schema\/person\/image\/","url":"https:\/\/portalnpm.com\/wp-content\/uploads\/2024\/12\/avatar_user_3_1734699769-96x96.jpeg","contentUrl":"https:\/\/portalnpm.com\/wp-content\/uploads\/2024\/12\/avatar_user_3_1734699769-96x96.jpeg","caption":"Luis Alberto"},"description":"Editor-geral do Portal NPM, \u00e9 formado como T\u00e9cnico em Seguran\u00e7a do Trabalho pela Escola Metropolitana de Cursos T\u00e9cnicos. Det\u00e9m ainda licenciatura em Educa\u00e7\u00e3o F\u00edsica e bacharelado em Ci\u00eancias Pol\u00edticas, ambos obtidos pela institui\u00e7\u00e3o Anhanguera\/UNOPAR.","url":"https:\/\/portalnpm.com\/index.php\/author\/pereira\/"}]}},"jetpack_sharing_enabled":true,"jetpack_featured_media_url":"https:\/\/portalnpm.com\/wp-content\/uploads\/2024\/01\/IMG-20201020-WA0876.jpg","_links":{"self":[{"href":"https:\/\/portalnpm.com\/index.php\/wp-json\/wp\/v2\/posts\/58725"}],"collection":[{"href":"https:\/\/portalnpm.com\/index.php\/wp-json\/wp\/v2\/posts"}],"about":[{"href":"https:\/\/portalnpm.com\/index.php\/wp-json\/wp\/v2\/types\/post"}],"author":[{"embeddable":true,"href":"https:\/\/portalnpm.com\/index.php\/wp-json\/wp\/v2\/users\/3"}],"replies":[{"embeddable":true,"href":"https:\/\/portalnpm.com\/index.php\/wp-json\/wp\/v2\/comments?post=58725"}],"version-history":[{"count":1,"href":"https:\/\/portalnpm.com\/index.php\/wp-json\/wp\/v2\/posts\/58725\/revisions"}],"predecessor-version":[{"id":58734,"href":"https:\/\/portalnpm.com\/index.php\/wp-json\/wp\/v2\/posts\/58725\/revisions\/58734"}],"wp:featuredmedia":[{"embeddable":true,"href":"https:\/\/portalnpm.com\/index.php\/wp-json\/wp\/v2\/media\/58726"}],"wp:attachment":[{"href":"https:\/\/portalnpm.com\/index.php\/wp-json\/wp\/v2\/media?parent=58725"}],"wp:term":[{"taxonomy":"category","embeddable":true,"href":"https:\/\/portalnpm.com\/index.php\/wp-json\/wp\/v2\/categories?post=58725"},{"taxonomy":"post_tag","embeddable":true,"href":"https:\/\/portalnpm.com\/index.php\/wp-json\/wp\/v2\/tags?post=58725"}],"curies":[{"name":"wp","href":"https:\/\/api.w.org\/{rel}","templated":true}]}}