{"id":5873,"date":"2019-02-26T16:41:43","date_gmt":"2019-02-26T19:41:43","guid":{"rendered":"http:\/\/srv.portalnpm.com.br\/?p=5873"},"modified":"2019-02-26T16:41:43","modified_gmt":"2019-02-26T19:41:43","slug":"ex-vigia-de-colegio-em-sao-juliao-assume-a-secretaria-municipal-de-educacao-de-parnaiba","status":"publish","type":"post","link":"https:\/\/portalnpm.com\/index.php\/2019\/02\/26\/ex-vigia-de-colegio-em-sao-juliao-assume-a-secretaria-municipal-de-educacao-de-parnaiba\/","title":{"rendered":"Ex-vigia de col\u00e9gio em S\u00e3o Juli\u00e3o  assume a Secretaria Municipal de Educa\u00e7\u00e3o de Parna\u00edba"},"content":{"rendered":"<blockquote><p>Eliaquim Nunes foi vigia da Unidade Escolar Apr\u00edgio Pereira Bezerra, escola da rede estadual de ensino de S\u00e3o Juli\u00e3o-PI, quando o mesmo residia na cidade.<\/p><\/blockquote>\n<p style=\"text-align: justify;\">Em solenidade realizada na manh\u00e3 de hoje no audit\u00f3rio da FIEPI, o prefeito Francisco de Assis Moraes Sousa, empossou no cargo de Secret\u00e1rio Municipal de Educa\u00e7\u00e3o de Parna\u00edba-PI, Eliaquim Sousa Nunes, que substitui Rafael Alves de Sousa, que pediu exonera\u00e7\u00e3o alegando motivos pessoais.<\/p>\n<p><img fetchpriority=\"high\" decoding=\"async\" class=\"alignnone size-medium wp-image-5875\" src=\"http:\/\/portalnpm.com.br\/wp-content\/uploads\/2019\/02\/IMG-20190226-WA0302-300x196.jpg\" alt=\"\" width=\"300\" height=\"196\" \/><\/p>\n<p style=\"text-align: justify;\">Eliaquim, que \u00e9 advogado e pedagogo, era lotado na Procuradoria Geral do Munic\u00edpio. J\u00e1 Rafael Alves deixa a Secretaria Municipal de Educa\u00e7\u00e3o e assume, a partir de hoje, o cargo de Superintendente de Administra\u00e7\u00e3o da Secretaria Municipal de Gest\u00e3o.<\/p>\n<p style=\"text-align: justify;\">Usando da palavra na ocasi\u00e3o o Prefeito Francisco de Assis Moraes Sousa destacou os avan\u00e7os alcan\u00e7ados pelo seu governo na \u00e1rea da educa\u00e7\u00e3o e disse que atos como o que aconteceu hoje fazem parte da rotina administrativa de qualquer governo que se preocupa com um setor t\u00e3o importante como a educa\u00e7\u00e3o. Ele disse ainda que educa\u00e7\u00e3o e sa\u00fade representam 90 por cento de qualquer governo.<\/p>\n<p style=\"text-align: justify;\">O novo Secret\u00e1rio de Educa\u00e7\u00e3o Eliaquim Sousa Nunes ao falar aos presentes, agradeceu ao prefeito M\u00e3o Santa por ter aceito a indica\u00e7\u00e3o do seu nome para o cargo e destacou tamb\u00e9m as a\u00e7\u00f5es implementadas pelo ex-secret\u00e1rio em prol da melhoria da educa\u00e7\u00e3o municipal.<\/p>\n<p style=\"text-align: justify;\">Ele disse que a partir de hoje se dedicar\u00e1 com muito empenho a um trabalho visando a melhoria do ensino no munic\u00edpio de Parna\u00edba. A meta a ser atingida \u2013 segundo ele \u2013 \u00e9 melhorar o IDEB, garantir a valoriza\u00e7\u00e3o do profissional da educa\u00e7\u00e3o e\u00a0investir em infraestrutura, melhorando as condi\u00e7\u00f5es f\u00edsicas das escolas.<\/p>\n<p style=\"text-align: justify;\">Al\u00e9m do Prefeito M\u00e3o Santa e da Primeira-Dama Adalgisa Moraes Sousa, prestigiaram tamb\u00e9m a solenidade, Secret\u00e1rios Municipais, Vereadores, servidores de diversas secretarias municipais, especialmente da Secretaria de Educa\u00e7\u00e3o.<\/p>\n<p><strong>Texto: Jo\u00e3o C\u00e2ncio<\/strong><\/p>\n<hr \/>\n<p>ACOMPANHE O PORTAL NPM NAS REDES SOCIAIS E VISITE NOSSO CANAL:<\/p>\n<p><a href=\"https:\/\/www.facebook.com\/PortalNPM\/\">https:\/\/www.facebook.com\/PortalNPM\/<\/a><\/p>\n<p><a href=\"https:\/\/www.youtube.com\/channel\/UCpVEqwH3Pt07DvGBk7z3Vcg\">https:\/\/www.youtube.com\/channel\/UCpVEqwH3Pt07DvGBk7z3Vcg<\/a><\/p>\n","protected":false},"excerpt":{"rendered":"<p>Eliaquim Nunes foi vigia da Unidade Escolar Apr\u00edgio Pereira Bezerra, escola da rede estadual de ensino de S\u00e3o Juli\u00e3o-PI, quando o mesmo residia na cidade. Em solenidade realizada na manh\u00e3 de hoje no audit\u00f3rio da FIEPI, o prefeito Francisco de Assis Moraes Sousa, empossou no cargo de Secret\u00e1rio Municipal de Educa\u00e7\u00e3o de Parna\u00edba-PI, Eliaquim Sousa &hellip;<\/p>\n","protected":false},"author":4,"featured_media":5874,"comment_status":"open","ping_status":"open","sticky":false,"template":"","format":"standard","meta":{"content-type":"","rop_custom_images_group":[],"rop_custom_messages_group":[],"rop_publish_now":"initial","rop_publish_now_accounts":{"facebook_2648258775420054_1618374048415101":""},"rop_publish_now_history":[],"rop_publish_now_status":"pending","footnotes":"","_jetpack_memberships_contains_paid_content":false},"categories":[113,109],"tags":[199,598,2024],"yoast_head":"<!-- This site is optimized with the Yoast SEO plugin v22.3 - https:\/\/yoast.com\/wordpress\/plugins\/seo\/ -->\n<title>Ex-vigia de col\u00e9gio em S\u00e3o Juli\u00e3o assume a Secretaria Municipal de Educa\u00e7\u00e3o de Parna\u00edba - Portal NPM<\/title>\n<meta name=\"robots\" content=\"index, follow, max-snippet:-1, max-image-preview:large, max-video-preview:-1\" \/>\n<link rel=\"canonical\" href=\"https:\/\/portalnpm.com\/index.php\/2019\/02\/26\/ex-vigia-de-colegio-em-sao-juliao-assume-a-secretaria-municipal-de-educacao-de-parnaiba\/\" \/>\n<meta property=\"og:locale\" content=\"pt_BR\" \/>\n<meta property=\"og:type\" content=\"article\" \/>\n<meta property=\"og:title\" content=\"Ex-vigia de col\u00e9gio em S\u00e3o Juli\u00e3o assume a Secretaria Municipal de Educa\u00e7\u00e3o de Parna\u00edba - Portal NPM\" \/>\n<meta property=\"og:description\" content=\"Eliaquim Nunes foi vigia da Unidade Escolar Apr\u00edgio Pereira Bezerra, escola da rede estadual de ensino de S\u00e3o Juli\u00e3o-PI, quando o mesmo residia na cidade. Em solenidade realizada na manh\u00e3 de hoje no audit\u00f3rio da FIEPI, o prefeito Francisco de Assis Moraes Sousa, empossou no cargo de Secret\u00e1rio Municipal de Educa\u00e7\u00e3o de Parna\u00edba-PI, Eliaquim Sousa &hellip;\" \/>\n<meta property=\"og:url\" content=\"https:\/\/portalnpm.com\/index.php\/2019\/02\/26\/ex-vigia-de-colegio-em-sao-juliao-assume-a-secretaria-municipal-de-educacao-de-parnaiba\/\" \/>\n<meta property=\"og:site_name\" content=\"Portal NPM\" \/>\n<meta property=\"article:published_time\" content=\"2019-02-26T19:41:43+00:00\" \/>\n<meta name=\"author\" content=\"Reda\u00e7\u00e3o\" \/>\n<meta name=\"twitter:card\" content=\"summary_large_image\" \/>\n<meta name=\"twitter:label1\" content=\"Escrito por\" \/>\n\t<meta name=\"twitter:data1\" content=\"Reda\u00e7\u00e3o\" \/>\n\t<meta name=\"twitter:label2\" content=\"Est. tempo de leitura\" \/>\n\t<meta name=\"twitter:data2\" content=\"2 minutos\" \/>\n<script type=\"application\/ld+json\" class=\"yoast-schema-graph\">{\"@context\":\"https:\/\/schema.org\",\"@graph\":[{\"@type\":\"WebPage\",\"@id\":\"https:\/\/portalnpm.com\/index.php\/2019\/02\/26\/ex-vigia-de-colegio-em-sao-juliao-assume-a-secretaria-municipal-de-educacao-de-parnaiba\/\",\"url\":\"https:\/\/portalnpm.com\/index.php\/2019\/02\/26\/ex-vigia-de-colegio-em-sao-juliao-assume-a-secretaria-municipal-de-educacao-de-parnaiba\/\",\"name\":\"Ex-vigia de col\u00e9gio em S\u00e3o Juli\u00e3o assume a Secretaria Municipal de Educa\u00e7\u00e3o de Parna\u00edba - Portal NPM\",\"isPartOf\":{\"@id\":\"https:\/\/portalnpm.com\/#website\"},\"primaryImageOfPage\":{\"@id\":\"https:\/\/portalnpm.com\/index.php\/2019\/02\/26\/ex-vigia-de-colegio-em-sao-juliao-assume-a-secretaria-municipal-de-educacao-de-parnaiba\/#primaryimage\"},\"image\":{\"@id\":\"https:\/\/portalnpm.com\/index.php\/2019\/02\/26\/ex-vigia-de-colegio-em-sao-juliao-assume-a-secretaria-municipal-de-educacao-de-parnaiba\/#primaryimage\"},\"thumbnailUrl\":\"\",\"datePublished\":\"2019-02-26T19:41:43+00:00\",\"dateModified\":\"2019-02-26T19:41:43+00:00\",\"author\":{\"@id\":\"https:\/\/portalnpm.com\/#\/schema\/person\/0b5f230ec96cee25504fa328e7f2b733\"},\"breadcrumb\":{\"@id\":\"https:\/\/portalnpm.com\/index.php\/2019\/02\/26\/ex-vigia-de-colegio-em-sao-juliao-assume-a-secretaria-municipal-de-educacao-de-parnaiba\/#breadcrumb\"},\"inLanguage\":\"pt-BR\",\"potentialAction\":[{\"@type\":\"ReadAction\",\"target\":[\"https:\/\/portalnpm.com\/index.php\/2019\/02\/26\/ex-vigia-de-colegio-em-sao-juliao-assume-a-secretaria-municipal-de-educacao-de-parnaiba\/\"]}]},{\"@type\":\"ImageObject\",\"inLanguage\":\"pt-BR\",\"@id\":\"https:\/\/portalnpm.com\/index.php\/2019\/02\/26\/ex-vigia-de-colegio-em-sao-juliao-assume-a-secretaria-municipal-de-educacao-de-parnaiba\/#primaryimage\",\"url\":\"\",\"contentUrl\":\"\"},{\"@type\":\"BreadcrumbList\",\"@id\":\"https:\/\/portalnpm.com\/index.php\/2019\/02\/26\/ex-vigia-de-colegio-em-sao-juliao-assume-a-secretaria-municipal-de-educacao-de-parnaiba\/#breadcrumb\",\"itemListElement\":[{\"@type\":\"ListItem\",\"position\":1,\"name\":\"In\u00edcio\",\"item\":\"https:\/\/portalnpm.com\/\"},{\"@type\":\"ListItem\",\"position\":2,\"name\":\"Ex-vigia de col\u00e9gio em S\u00e3o Juli\u00e3o assume a Secretaria Municipal de Educa\u00e7\u00e3o de Parna\u00edba\"}]},{\"@type\":\"WebSite\",\"@id\":\"https:\/\/portalnpm.com\/#website\",\"url\":\"https:\/\/portalnpm.com\/\",\"name\":\"Portal NPM\",\"description\":\"Not\u00edcias em Primeira M\u00e3o\",\"potentialAction\":[{\"@type\":\"SearchAction\",\"target\":{\"@type\":\"EntryPoint\",\"urlTemplate\":\"https:\/\/portalnpm.com\/?s={search_term_string}\"},\"query-input\":\"required name=search_term_string\"}],\"inLanguage\":\"pt-BR\"},{\"@type\":\"Person\",\"@id\":\"https:\/\/portalnpm.com\/#\/schema\/person\/0b5f230ec96cee25504fa328e7f2b733\",\"name\":\"Reda\u00e7\u00e3o\",\"image\":{\"@type\":\"ImageObject\",\"inLanguage\":\"pt-BR\",\"@id\":\"https:\/\/portalnpm.com\/#\/schema\/person\/image\/\",\"url\":\"https:\/\/portalnpm.com\/wp-content\/uploads\/2024\/03\/avatar_user_4_1710097212-96x96.png\",\"contentUrl\":\"https:\/\/portalnpm.com\/wp-content\/uploads\/2024\/03\/avatar_user_4_1710097212-96x96.png\",\"caption\":\"Reda\u00e7\u00e3o\"},\"url\":\"https:\/\/portalnpm.com\/index.php\/author\/redacao\/\"}]}<\/script>\n<!-- \/ Yoast SEO plugin. -->","yoast_head_json":{"title":"Ex-vigia de col\u00e9gio em S\u00e3o Juli\u00e3o assume a Secretaria Municipal de Educa\u00e7\u00e3o de Parna\u00edba - Portal NPM","robots":{"index":"index","follow":"follow","max-snippet":"max-snippet:-1","max-image-preview":"max-image-preview:large","max-video-preview":"max-video-preview:-1"},"canonical":"https:\/\/portalnpm.com\/index.php\/2019\/02\/26\/ex-vigia-de-colegio-em-sao-juliao-assume-a-secretaria-municipal-de-educacao-de-parnaiba\/","og_locale":"pt_BR","og_type":"article","og_title":"Ex-vigia de col\u00e9gio em S\u00e3o Juli\u00e3o assume a Secretaria Municipal de Educa\u00e7\u00e3o de Parna\u00edba - Portal NPM","og_description":"Eliaquim Nunes foi vigia da Unidade Escolar Apr\u00edgio Pereira Bezerra, escola da rede estadual de ensino de S\u00e3o Juli\u00e3o-PI, quando o mesmo residia na cidade. Em solenidade realizada na manh\u00e3 de hoje no audit\u00f3rio da FIEPI, o prefeito Francisco de Assis Moraes Sousa, empossou no cargo de Secret\u00e1rio Municipal de Educa\u00e7\u00e3o de Parna\u00edba-PI, Eliaquim Sousa &hellip;","og_url":"https:\/\/portalnpm.com\/index.php\/2019\/02\/26\/ex-vigia-de-colegio-em-sao-juliao-assume-a-secretaria-municipal-de-educacao-de-parnaiba\/","og_site_name":"Portal NPM","article_published_time":"2019-02-26T19:41:43+00:00","author":"Reda\u00e7\u00e3o","twitter_card":"summary_large_image","twitter_misc":{"Escrito por":"Reda\u00e7\u00e3o","Est. tempo de leitura":"2 minutos"},"schema":{"@context":"https:\/\/schema.org","@graph":[{"@type":"WebPage","@id":"https:\/\/portalnpm.com\/index.php\/2019\/02\/26\/ex-vigia-de-colegio-em-sao-juliao-assume-a-secretaria-municipal-de-educacao-de-parnaiba\/","url":"https:\/\/portalnpm.com\/index.php\/2019\/02\/26\/ex-vigia-de-colegio-em-sao-juliao-assume-a-secretaria-municipal-de-educacao-de-parnaiba\/","name":"Ex-vigia de col\u00e9gio em S\u00e3o Juli\u00e3o assume a Secretaria Municipal de Educa\u00e7\u00e3o de Parna\u00edba - Portal NPM","isPartOf":{"@id":"https:\/\/portalnpm.com\/#website"},"primaryImageOfPage":{"@id":"https:\/\/portalnpm.com\/index.php\/2019\/02\/26\/ex-vigia-de-colegio-em-sao-juliao-assume-a-secretaria-municipal-de-educacao-de-parnaiba\/#primaryimage"},"image":{"@id":"https:\/\/portalnpm.com\/index.php\/2019\/02\/26\/ex-vigia-de-colegio-em-sao-juliao-assume-a-secretaria-municipal-de-educacao-de-parnaiba\/#primaryimage"},"thumbnailUrl":"","datePublished":"2019-02-26T19:41:43+00:00","dateModified":"2019-02-26T19:41:43+00:00","author":{"@id":"https:\/\/portalnpm.com\/#\/schema\/person\/0b5f230ec96cee25504fa328e7f2b733"},"breadcrumb":{"@id":"https:\/\/portalnpm.com\/index.php\/2019\/02\/26\/ex-vigia-de-colegio-em-sao-juliao-assume-a-secretaria-municipal-de-educacao-de-parnaiba\/#breadcrumb"},"inLanguage":"pt-BR","potentialAction":[{"@type":"ReadAction","target":["https:\/\/portalnpm.com\/index.php\/2019\/02\/26\/ex-vigia-de-colegio-em-sao-juliao-assume-a-secretaria-municipal-de-educacao-de-parnaiba\/"]}]},{"@type":"ImageObject","inLanguage":"pt-BR","@id":"https:\/\/portalnpm.com\/index.php\/2019\/02\/26\/ex-vigia-de-colegio-em-sao-juliao-assume-a-secretaria-municipal-de-educacao-de-parnaiba\/#primaryimage","url":"","contentUrl":""},{"@type":"BreadcrumbList","@id":"https:\/\/portalnpm.com\/index.php\/2019\/02\/26\/ex-vigia-de-colegio-em-sao-juliao-assume-a-secretaria-municipal-de-educacao-de-parnaiba\/#breadcrumb","itemListElement":[{"@type":"ListItem","position":1,"name":"In\u00edcio","item":"https:\/\/portalnpm.com\/"},{"@type":"ListItem","position":2,"name":"Ex-vigia de col\u00e9gio em S\u00e3o Juli\u00e3o assume a Secretaria Municipal de Educa\u00e7\u00e3o de Parna\u00edba"}]},{"@type":"WebSite","@id":"https:\/\/portalnpm.com\/#website","url":"https:\/\/portalnpm.com\/","name":"Portal NPM","description":"Not\u00edcias em Primeira M\u00e3o","potentialAction":[{"@type":"SearchAction","target":{"@type":"EntryPoint","urlTemplate":"https:\/\/portalnpm.com\/?s={search_term_string}"},"query-input":"required name=search_term_string"}],"inLanguage":"pt-BR"},{"@type":"Person","@id":"https:\/\/portalnpm.com\/#\/schema\/person\/0b5f230ec96cee25504fa328e7f2b733","name":"Reda\u00e7\u00e3o","image":{"@type":"ImageObject","inLanguage":"pt-BR","@id":"https:\/\/portalnpm.com\/#\/schema\/person\/image\/","url":"https:\/\/portalnpm.com\/wp-content\/uploads\/2024\/03\/avatar_user_4_1710097212-96x96.png","contentUrl":"https:\/\/portalnpm.com\/wp-content\/uploads\/2024\/03\/avatar_user_4_1710097212-96x96.png","caption":"Reda\u00e7\u00e3o"},"url":"https:\/\/portalnpm.com\/index.php\/author\/redacao\/"}]}},"jetpack_sharing_enabled":true,"jetpack_featured_media_url":"","_links":{"self":[{"href":"https:\/\/portalnpm.com\/index.php\/wp-json\/wp\/v2\/posts\/5873"}],"collection":[{"href":"https:\/\/portalnpm.com\/index.php\/wp-json\/wp\/v2\/posts"}],"about":[{"href":"https:\/\/portalnpm.com\/index.php\/wp-json\/wp\/v2\/types\/post"}],"author":[{"embeddable":true,"href":"https:\/\/portalnpm.com\/index.php\/wp-json\/wp\/v2\/users\/4"}],"replies":[{"embeddable":true,"href":"https:\/\/portalnpm.com\/index.php\/wp-json\/wp\/v2\/comments?post=5873"}],"version-history":[{"count":0,"href":"https:\/\/portalnpm.com\/index.php\/wp-json\/wp\/v2\/posts\/5873\/revisions"}],"wp:featuredmedia":[{"embeddable":true,"href":"https:\/\/portalnpm.com\/index.php\/wp-json\/"}],"wp:attachment":[{"href":"https:\/\/portalnpm.com\/index.php\/wp-json\/wp\/v2\/media?parent=5873"}],"wp:term":[{"taxonomy":"category","embeddable":true,"href":"https:\/\/portalnpm.com\/index.php\/wp-json\/wp\/v2\/categories?post=5873"},{"taxonomy":"post_tag","embeddable":true,"href":"https:\/\/portalnpm.com\/index.php\/wp-json\/wp\/v2\/tags?post=5873"}],"curies":[{"name":"wp","href":"https:\/\/api.w.org\/{rel}","templated":true}]}}