{"id":58902,"date":"2020-10-23T15:59:37","date_gmt":"2020-10-23T18:59:37","guid":{"rendered":"https:\/\/portalnpm.com\/index.php\/2020\/10\/23\/tite-convoca-selecao-brasileira-para-eliminatorias-veja-nomes\/"},"modified":"2020-10-23T15:59:37","modified_gmt":"2020-10-23T18:59:37","slug":"tite-convoca-selecao-brasileira-para-eliminatorias-veja-nomes","status":"publish","type":"post","link":"https:\/\/portalnpm.com\/index.php\/2020\/10\/23\/tite-convoca-selecao-brasileira-para-eliminatorias-veja-nomes\/","title":{"rendered":"Tite convoca sele\u00e7\u00e3o brasileira para Eliminat\u00f3rias; veja nomes"},"content":{"rendered":"<p style=\"text-align: justify;\">Com Vinicius Junior, Arthur e Eder Milit\u00e3o como novidades, Tite convocou nesta sexta-feira a sele\u00e7\u00e3o brasileira para as pr\u00f3ximas duas rodadas das eliminat\u00f3rias. Recuperados de les\u00e3o, Ederson e Gabriel Jesus tamb\u00e9m foram chamados.<\/p>\n<p style=\"text-align: justify;\">\n<p style=\"text-align: justify;\">\n<p style=\"text-align: justify;\">O Brasil enfrenta a Venezuela, no pr\u00f3ximo dia 13, no Morumbi. Quatro dias mais tarde, visita o Uruguai, em Montevid\u00e9u.<\/p>\n<p style=\"text-align: justify;\">Vinicius Junior ocupa o lugar que foi de Rodrygo, seu companheiro de Real Madrid, chamado para as duas primeiras partidas das eliminat\u00f3rias, quando o Brasil derrotou a Bol\u00edvia (5 a 0) e o Peru (4 a 2).<\/p>\n<p style=\"text-align: justify;\">Outro jogador do Real, o zagueiro Eder Milit\u00e3o, foi convocado na vaga que havia sido de Felipe, do Atl\u00e9tico de Madrid. Arthur, da Juventus, voltou a ser relacionado e Tite deixou fora Bruno Guimar\u00e3es, do Lyon.<\/p>\n<p style=\"text-align: justify;\">Gabriel Jesus, do Manchester City, recuperado de les\u00e3o muscular, dever\u00e1 disputar posi\u00e7\u00e3o na equipe titular com Roberto Firmino, do Liverpool.<\/p>\n<p style=\"text-align: justify;\">Antes da divulga\u00e7\u00e3o da lista de convocados, a CBF confirmou que o confronto entre Brasil e Argentina, tamb\u00e9m pelas eliminat\u00f3rias, em 30 de mar\u00e7o do ano que vem, ser\u00e1 na Arena Pernambuco.<\/p>\n<p style=\"text-align: justify;\"><span style=\"font-size: 24px;\"><em><strong>VEJA A LISTA DOS JOGADORES CONVOCADOS:<\/strong><\/em><\/span><\/p>\n<p style=\"text-align: justify;\"><span style=\"font-size: 24px;\"><em><strong>Goleiros<\/strong><\/em><\/span><\/p>\n<p style=\"text-align: justify;\">Alisson &#8211; Liverpool (ING)<br \/>\nEderson &#8211; Manchester City (ING)<br \/>\nWeverton &#8211; Palmeiras<\/p>\n<p style=\"text-align: justify;\"><span style=\"font-size: 24px;\"><em><strong>Laterais<\/strong><\/em><\/span><\/p>\n<p style=\"text-align: justify;\">Alex Telles &#8211; Manchester United (ING)<br \/>\nDanilo &#8211; Juventus (ITA)<br \/>\nGabriel Menino &#8211; Palmeiras<br \/>\nRenan Lodi &#8211; Atl\u00e9tico de Madrid (ESP)<\/p>\n<p style=\"text-align: justify;\"><span style=\"font-size: 24px;\"><em><strong>Zagueiros<\/strong><\/em><\/span><\/p>\n<p style=\"text-align: justify;\">\u00c9der Milit\u00e3o &#8211; Real Madrid (ESP)<br \/>\nMarquinhos &#8211; Paris Saint-Germain (FRA)<br \/>\nRodrigo Caio &#8211; Flamengo<br \/>\nThiago Silva &#8211; Chelsea (ING)<\/p>\n<p style=\"text-align: justify;\"><span style=\"font-size: 24px;\"><em><strong>Meio-campistas<\/strong><\/em><\/span><\/p>\n<p style=\"text-align: justify;\">Arthur &#8211; Juventus (ITA)<br \/>\nCasemiro &#8211; Real Madrid (ESP)<br \/>\nDouglas Luiz &#8211; Aston Villa (ING)<br \/>\nEverton Ribeiro &#8211; Flamengo<br \/>\nFabinho &#8211; Liverpool (ING)<br \/>\nPhilippe Coutinho &#8211; Barcelona (ESP)<\/p>\n<p style=\"text-align: justify;\"><span style=\"font-size: 24px;\"><em><strong>Atacantes<\/strong><\/em><\/span><\/p>\n<p style=\"text-align: justify;\">Everton &#8211; Benfica (POR)<br \/>\nGabriel Jesus &#8211; Manchester City (ING)<br \/>\nNeymar &#8211; Paris Saint-Germain (FRA)<br \/>\nRicharlison &#8211; Everton (ING)<br \/>\nRoberto Firmino &#8211; Liverpool (ING)<br \/>\nVinicius Jr &#8211; Real Madrid (ESP)<\/p>\n<p style=\"text-align: justify;\">\n<p style=\"text-align: justify;\">S\u00c3O PAULO, SP (FOLHAPRESS)<\/p>\n","protected":false},"excerpt":{"rendered":"<p>Com Vinicius Junior, Arthur e Eder Milit\u00e3o como novidades, Tite convocou nesta sexta-feira a sele\u00e7\u00e3o brasileira para as pr\u00f3ximas duas rodadas das eliminat\u00f3rias. Recuperados de les\u00e3o, Ederson e Gabriel Jesus tamb\u00e9m foram chamados. O Brasil enfrenta a Venezuela, no pr\u00f3ximo dia 13, no Morumbi. Quatro dias mais tarde, visita o Uruguai, em Montevid\u00e9u. Vinicius Junior &hellip;<\/p>\n","protected":false},"author":2,"featured_media":58903,"comment_status":"open","ping_status":"open","sticky":false,"template":"","format":"standard","meta":{"content-type":"","rop_custom_images_group":[],"rop_custom_messages_group":[],"rop_publish_now":"initial","rop_publish_now_accounts":{"facebook_2648258775420054_1618374048415101":""},"rop_publish_now_history":[],"rop_publish_now_status":"pending","footnotes":"","_jetpack_memberships_contains_paid_content":false},"categories":[108],"tags":[6955,4250,7159],"yoast_head":"<!-- This site is optimized with the Yoast SEO plugin v22.3 - https:\/\/yoast.com\/wordpress\/plugins\/seo\/ -->\n<title>Tite convoca sele\u00e7\u00e3o brasileira para Eliminat\u00f3rias; veja nomes<\/title>\n<meta name=\"robots\" content=\"index, follow, max-snippet:-1, max-image-preview:large, max-video-preview:-1\" \/>\n<link rel=\"canonical\" href=\"https:\/\/portalnpm.com\/index.php\/2020\/10\/23\/tite-convoca-selecao-brasileira-para-eliminatorias-veja-nomes\/\" \/>\n<meta property=\"og:locale\" content=\"pt_BR\" \/>\n<meta property=\"og:type\" content=\"article\" \/>\n<meta property=\"og:title\" content=\"Tite convoca sele\u00e7\u00e3o brasileira para Eliminat\u00f3rias; veja nomes\" \/>\n<meta property=\"og:description\" content=\"Com Vinicius Junior, Arthur e Eder Milit\u00e3o como novidades, Tite convocou nesta sexta-feira a sele\u00e7\u00e3o brasileira para as pr\u00f3ximas duas rodadas das eliminat\u00f3rias. Recuperados de les\u00e3o, Ederson e Gabriel Jesus tamb\u00e9m foram chamados. O Brasil enfrenta a Venezuela, no pr\u00f3ximo dia 13, no Morumbi. Quatro dias mais tarde, visita o Uruguai, em Montevid\u00e9u. Vinicius Junior &hellip;\" \/>\n<meta property=\"og:url\" content=\"https:\/\/portalnpm.com\/index.php\/2020\/10\/23\/tite-convoca-selecao-brasileira-para-eliminatorias-veja-nomes\/\" \/>\n<meta property=\"og:site_name\" content=\"Portal NPM\" \/>\n<meta property=\"article:published_time\" content=\"2020-10-23T18:59:37+00:00\" \/>\n<meta property=\"og:image\" content=\"https:\/\/portalnpm.com\/wp-content\/uploads\/2024\/01\/6e5223e6e969d29f9918b8f1f851c427.jpg\" \/>\n\t<meta property=\"og:image:width\" content=\"790\" \/>\n\t<meta property=\"og:image:height\" content=\"527\" \/>\n\t<meta property=\"og:image:type\" content=\"image\/jpeg\" \/>\n<meta name=\"author\" content=\"Genival Barbosa\" \/>\n<meta name=\"twitter:card\" content=\"summary_large_image\" \/>\n<meta name=\"twitter:label1\" content=\"Escrito por\" \/>\n\t<meta name=\"twitter:data1\" content=\"Genival Barbosa\" \/>\n\t<meta name=\"twitter:label2\" content=\"Est. tempo de leitura\" \/>\n\t<meta name=\"twitter:data2\" content=\"2 minutos\" \/>\n<script type=\"application\/ld+json\" class=\"yoast-schema-graph\">{\"@context\":\"https:\/\/schema.org\",\"@graph\":[{\"@type\":\"WebPage\",\"@id\":\"https:\/\/portalnpm.com\/index.php\/2020\/10\/23\/tite-convoca-selecao-brasileira-para-eliminatorias-veja-nomes\/\",\"url\":\"https:\/\/portalnpm.com\/index.php\/2020\/10\/23\/tite-convoca-selecao-brasileira-para-eliminatorias-veja-nomes\/\",\"name\":\"Tite convoca sele\u00e7\u00e3o brasileira para Eliminat\u00f3rias; veja nomes\",\"isPartOf\":{\"@id\":\"https:\/\/portalnpm.com\/#website\"},\"primaryImageOfPage\":{\"@id\":\"https:\/\/portalnpm.com\/index.php\/2020\/10\/23\/tite-convoca-selecao-brasileira-para-eliminatorias-veja-nomes\/#primaryimage\"},\"image\":{\"@id\":\"https:\/\/portalnpm.com\/index.php\/2020\/10\/23\/tite-convoca-selecao-brasileira-para-eliminatorias-veja-nomes\/#primaryimage\"},\"thumbnailUrl\":\"https:\/\/portalnpm.com\/wp-content\/uploads\/2024\/01\/6e5223e6e969d29f9918b8f1f851c427.jpg\",\"datePublished\":\"2020-10-23T18:59:37+00:00\",\"dateModified\":\"2020-10-23T18:59:37+00:00\",\"author\":{\"@id\":\"https:\/\/portalnpm.com\/#\/schema\/person\/49313e563cfdefcc167f1ee4c017c294\"},\"breadcrumb\":{\"@id\":\"https:\/\/portalnpm.com\/index.php\/2020\/10\/23\/tite-convoca-selecao-brasileira-para-eliminatorias-veja-nomes\/#breadcrumb\"},\"inLanguage\":\"pt-BR\",\"potentialAction\":[{\"@type\":\"ReadAction\",\"target\":[\"https:\/\/portalnpm.com\/index.php\/2020\/10\/23\/tite-convoca-selecao-brasileira-para-eliminatorias-veja-nomes\/\"]}]},{\"@type\":\"ImageObject\",\"inLanguage\":\"pt-BR\",\"@id\":\"https:\/\/portalnpm.com\/index.php\/2020\/10\/23\/tite-convoca-selecao-brasileira-para-eliminatorias-veja-nomes\/#primaryimage\",\"url\":\"https:\/\/portalnpm.com\/wp-content\/uploads\/2024\/01\/6e5223e6e969d29f9918b8f1f851c427.jpg\",\"contentUrl\":\"https:\/\/portalnpm.com\/wp-content\/uploads\/2024\/01\/6e5223e6e969d29f9918b8f1f851c427.jpg\",\"width\":790,\"height\":527},{\"@type\":\"BreadcrumbList\",\"@id\":\"https:\/\/portalnpm.com\/index.php\/2020\/10\/23\/tite-convoca-selecao-brasileira-para-eliminatorias-veja-nomes\/#breadcrumb\",\"itemListElement\":[{\"@type\":\"ListItem\",\"position\":1,\"name\":\"In\u00edcio\",\"item\":\"https:\/\/portalnpm.com\/\"},{\"@type\":\"ListItem\",\"position\":2,\"name\":\"Tite convoca sele\u00e7\u00e3o brasileira para Eliminat\u00f3rias; veja nomes\"}]},{\"@type\":\"WebSite\",\"@id\":\"https:\/\/portalnpm.com\/#website\",\"url\":\"https:\/\/portalnpm.com\/\",\"name\":\"Portal NPM\",\"description\":\"Not\u00edcias em Primeira M\u00e3o\",\"potentialAction\":[{\"@type\":\"SearchAction\",\"target\":{\"@type\":\"EntryPoint\",\"urlTemplate\":\"https:\/\/portalnpm.com\/?s={search_term_string}\"},\"query-input\":\"required name=search_term_string\"}],\"inLanguage\":\"pt-BR\"},{\"@type\":\"Person\",\"@id\":\"https:\/\/portalnpm.com\/#\/schema\/person\/49313e563cfdefcc167f1ee4c017c294\",\"name\":\"Genival Barbosa\",\"image\":{\"@type\":\"ImageObject\",\"inLanguage\":\"pt-BR\",\"@id\":\"https:\/\/portalnpm.com\/#\/schema\/person\/image\/\",\"url\":\"https:\/\/portalnpm.com\/wp-content\/uploads\/2024\/02\/avatar_user_2_1707743258-96x96.jpeg\",\"contentUrl\":\"https:\/\/portalnpm.com\/wp-content\/uploads\/2024\/02\/avatar_user_2_1707743258-96x96.jpeg\",\"caption\":\"Genival Barbosa\"},\"url\":\"https:\/\/portalnpm.com\/index.php\/author\/genival\/\"}]}<\/script>\n<!-- \/ Yoast SEO plugin. -->","yoast_head_json":{"title":"Tite convoca sele\u00e7\u00e3o brasileira para Eliminat\u00f3rias; veja nomes","robots":{"index":"index","follow":"follow","max-snippet":"max-snippet:-1","max-image-preview":"max-image-preview:large","max-video-preview":"max-video-preview:-1"},"canonical":"https:\/\/portalnpm.com\/index.php\/2020\/10\/23\/tite-convoca-selecao-brasileira-para-eliminatorias-veja-nomes\/","og_locale":"pt_BR","og_type":"article","og_title":"Tite convoca sele\u00e7\u00e3o brasileira para Eliminat\u00f3rias; veja nomes","og_description":"Com Vinicius Junior, Arthur e Eder Milit\u00e3o como novidades, Tite convocou nesta sexta-feira a sele\u00e7\u00e3o brasileira para as pr\u00f3ximas duas rodadas das eliminat\u00f3rias. Recuperados de les\u00e3o, Ederson e Gabriel Jesus tamb\u00e9m foram chamados. O Brasil enfrenta a Venezuela, no pr\u00f3ximo dia 13, no Morumbi. Quatro dias mais tarde, visita o Uruguai, em Montevid\u00e9u. Vinicius Junior &hellip;","og_url":"https:\/\/portalnpm.com\/index.php\/2020\/10\/23\/tite-convoca-selecao-brasileira-para-eliminatorias-veja-nomes\/","og_site_name":"Portal NPM","article_published_time":"2020-10-23T18:59:37+00:00","og_image":[{"width":790,"height":527,"url":"https:\/\/portalnpm.com\/wp-content\/uploads\/2024\/01\/6e5223e6e969d29f9918b8f1f851c427.jpg","type":"image\/jpeg"}],"author":"Genival Barbosa","twitter_card":"summary_large_image","twitter_misc":{"Escrito por":"Genival Barbosa","Est. tempo de leitura":"2 minutos"},"schema":{"@context":"https:\/\/schema.org","@graph":[{"@type":"WebPage","@id":"https:\/\/portalnpm.com\/index.php\/2020\/10\/23\/tite-convoca-selecao-brasileira-para-eliminatorias-veja-nomes\/","url":"https:\/\/portalnpm.com\/index.php\/2020\/10\/23\/tite-convoca-selecao-brasileira-para-eliminatorias-veja-nomes\/","name":"Tite convoca sele\u00e7\u00e3o brasileira para Eliminat\u00f3rias; veja nomes","isPartOf":{"@id":"https:\/\/portalnpm.com\/#website"},"primaryImageOfPage":{"@id":"https:\/\/portalnpm.com\/index.php\/2020\/10\/23\/tite-convoca-selecao-brasileira-para-eliminatorias-veja-nomes\/#primaryimage"},"image":{"@id":"https:\/\/portalnpm.com\/index.php\/2020\/10\/23\/tite-convoca-selecao-brasileira-para-eliminatorias-veja-nomes\/#primaryimage"},"thumbnailUrl":"https:\/\/portalnpm.com\/wp-content\/uploads\/2024\/01\/6e5223e6e969d29f9918b8f1f851c427.jpg","datePublished":"2020-10-23T18:59:37+00:00","dateModified":"2020-10-23T18:59:37+00:00","author":{"@id":"https:\/\/portalnpm.com\/#\/schema\/person\/49313e563cfdefcc167f1ee4c017c294"},"breadcrumb":{"@id":"https:\/\/portalnpm.com\/index.php\/2020\/10\/23\/tite-convoca-selecao-brasileira-para-eliminatorias-veja-nomes\/#breadcrumb"},"inLanguage":"pt-BR","potentialAction":[{"@type":"ReadAction","target":["https:\/\/portalnpm.com\/index.php\/2020\/10\/23\/tite-convoca-selecao-brasileira-para-eliminatorias-veja-nomes\/"]}]},{"@type":"ImageObject","inLanguage":"pt-BR","@id":"https:\/\/portalnpm.com\/index.php\/2020\/10\/23\/tite-convoca-selecao-brasileira-para-eliminatorias-veja-nomes\/#primaryimage","url":"https:\/\/portalnpm.com\/wp-content\/uploads\/2024\/01\/6e5223e6e969d29f9918b8f1f851c427.jpg","contentUrl":"https:\/\/portalnpm.com\/wp-content\/uploads\/2024\/01\/6e5223e6e969d29f9918b8f1f851c427.jpg","width":790,"height":527},{"@type":"BreadcrumbList","@id":"https:\/\/portalnpm.com\/index.php\/2020\/10\/23\/tite-convoca-selecao-brasileira-para-eliminatorias-veja-nomes\/#breadcrumb","itemListElement":[{"@type":"ListItem","position":1,"name":"In\u00edcio","item":"https:\/\/portalnpm.com\/"},{"@type":"ListItem","position":2,"name":"Tite convoca sele\u00e7\u00e3o brasileira para Eliminat\u00f3rias; veja nomes"}]},{"@type":"WebSite","@id":"https:\/\/portalnpm.com\/#website","url":"https:\/\/portalnpm.com\/","name":"Portal NPM","description":"Not\u00edcias em Primeira M\u00e3o","potentialAction":[{"@type":"SearchAction","target":{"@type":"EntryPoint","urlTemplate":"https:\/\/portalnpm.com\/?s={search_term_string}"},"query-input":"required name=search_term_string"}],"inLanguage":"pt-BR"},{"@type":"Person","@id":"https:\/\/portalnpm.com\/#\/schema\/person\/49313e563cfdefcc167f1ee4c017c294","name":"Genival Barbosa","image":{"@type":"ImageObject","inLanguage":"pt-BR","@id":"https:\/\/portalnpm.com\/#\/schema\/person\/image\/","url":"https:\/\/portalnpm.com\/wp-content\/uploads\/2024\/02\/avatar_user_2_1707743258-96x96.jpeg","contentUrl":"https:\/\/portalnpm.com\/wp-content\/uploads\/2024\/02\/avatar_user_2_1707743258-96x96.jpeg","caption":"Genival Barbosa"},"url":"https:\/\/portalnpm.com\/index.php\/author\/genival\/"}]}},"jetpack_sharing_enabled":true,"jetpack_featured_media_url":"https:\/\/portalnpm.com\/wp-content\/uploads\/2024\/01\/6e5223e6e969d29f9918b8f1f851c427.jpg","_links":{"self":[{"href":"https:\/\/portalnpm.com\/index.php\/wp-json\/wp\/v2\/posts\/58902"}],"collection":[{"href":"https:\/\/portalnpm.com\/index.php\/wp-json\/wp\/v2\/posts"}],"about":[{"href":"https:\/\/portalnpm.com\/index.php\/wp-json\/wp\/v2\/types\/post"}],"author":[{"embeddable":true,"href":"https:\/\/portalnpm.com\/index.php\/wp-json\/wp\/v2\/users\/2"}],"replies":[{"embeddable":true,"href":"https:\/\/portalnpm.com\/index.php\/wp-json\/wp\/v2\/comments?post=58902"}],"version-history":[{"count":0,"href":"https:\/\/portalnpm.com\/index.php\/wp-json\/wp\/v2\/posts\/58902\/revisions"}],"wp:featuredmedia":[{"embeddable":true,"href":"https:\/\/portalnpm.com\/index.php\/wp-json\/wp\/v2\/media\/58903"}],"wp:attachment":[{"href":"https:\/\/portalnpm.com\/index.php\/wp-json\/wp\/v2\/media?parent=58902"}],"wp:term":[{"taxonomy":"category","embeddable":true,"href":"https:\/\/portalnpm.com\/index.php\/wp-json\/wp\/v2\/categories?post=58902"},{"taxonomy":"post_tag","embeddable":true,"href":"https:\/\/portalnpm.com\/index.php\/wp-json\/wp\/v2\/tags?post=58902"}],"curies":[{"name":"wp","href":"https:\/\/api.w.org\/{rel}","templated":true}]}}