{"id":5899,"date":"2019-02-28T13:22:30","date_gmt":"2019-02-28T16:22:30","guid":{"rendered":"http:\/\/srv.portalnpm.com.br\/?p=5899"},"modified":"2019-02-28T13:22:30","modified_gmt":"2019-02-28T16:22:30","slug":"seduc-pi-diz-que-nao-vai-seguir-orientacao-do-ministro-velez","status":"publish","type":"post","link":"https:\/\/portalnpm.com\/index.php\/2019\/02\/28\/seduc-pi-diz-que-nao-vai-seguir-orientacao-do-ministro-velez\/","title":{"rendered":"Seduc-PI diz que n\u00e3o vai seguir orienta\u00e7\u00e3o do ministro V\u00e9lez"},"content":{"rendered":"<p style=\"text-align: justify;\">A Secretaria de Estado de Educa\u00e7\u00e3o (Seduc) publicou nota concordando com o posicionamento do Conselho Nacional de Secret\u00e1rios de Educa\u00e7\u00e3o (Consed) sobre o pedido do ministro da Educa\u00e7\u00e3o, Ricardo V\u00e9lez Rodriguez.<\/p>\n<p style=\"text-align: justify;\">O ministro enviou um e-mail para as escolas do pa\u00eds orientando que os respons\u00e1veis executassem o hino, filmassem as crian\u00e7as e encaminhasse as imagens para o MEC. Al\u00e9m do hino, o ministro pedia que os alunos proferissem o slogan de campanha do presidente Jair Bolsonaro (PSL).<\/p>\n<p style=\"text-align: justify;\">Por meio de nota a secretaria informou que as escolas da rede estadual de ensino n\u00e3o receberam o referente e-mail e garantiu que n\u00e3o seguir\u00e1 a orienta\u00e7\u00e3o do MEC \u201cpor acreditar que o ambiente escolar deve estar imune a qualquer tipo de inger\u00eancia pol\u00edtico-partid\u00e1ria.<\/p>\n<p style=\"text-align: justify;\"><strong>Confira a nota na \u00edntegra:<\/strong><\/p>\n<p style=\"text-align: justify;\">Foto: Seduc<\/p>\n<p><img fetchpriority=\"high\" decoding=\"async\" class=\"alignnone size-medium wp-image-5901\" src=\"http:\/\/portalnpm.com.br\/wp-content\/uploads\/2019\/02\/seduc-informa-que-nao-vai-seguir-a-orientacao-do-ministro-300x300.jpg\" alt=\"\" width=\"300\" height=\"300\" \/><\/p>\n<p style=\"text-align: justify;\">Seduc informa que n\u00e3o vai seguir a orienta\u00e7\u00e3o do ministro<\/p>\n<div class=\"clearfix texto\" style=\"text-align: justify;\">\n<p><strong>Pedido de V\u00e9lez<\/strong><\/p>\n<p>Segundo o MEC, a carta do ministro possui a seguinte mensagem:<\/p>\n<p>\u201cBrasileiros! Vamos saudar o Brasil dos novos tempos e celebrar a educa\u00e7\u00e3o respons\u00e1vel e de qualidade a ser desenvolvida na nossa escola pelos professores, em benef\u00edcio de voc\u00eas, alunos, que constituem a nova gera\u00e7\u00e3o. Brasil acima de tudo. Deus acima de todos!\u201d.<\/p>\n<p>Ap\u00f3s a pol\u00eamica, o ministro disse em entrevista que \u201cpercebeu o erro\u201d em inserir o slogan da campanha no e-mail.<\/p>\n<p>\u201cEu percebi o erro. Tirei essa frase (com slogan). Tirei a parte correspondente a filmar crian\u00e7as sem autoriza\u00e7\u00e3o dos pais. Evidentemente se alguma coisa for publicada ser\u00e1 dentro da lei, com autoriza\u00e7\u00e3o dos pais\u201d, disse o ministro \u00e0 imprensa.<\/p>\n<\/div>\n<p style=\"text-align: justify;\"><strong>Fonte: GP1<\/strong><\/p>\n","protected":false},"excerpt":{"rendered":"<p>A Secretaria de Estado de Educa\u00e7\u00e3o (Seduc) publicou nota concordando com o posicionamento do Conselho Nacional de Secret\u00e1rios de Educa\u00e7\u00e3o (Consed) sobre o pedido do ministro da Educa\u00e7\u00e3o, Ricardo V\u00e9lez Rodriguez. O ministro enviou um e-mail para as escolas do pa\u00eds orientando que os respons\u00e1veis executassem o hino, filmassem as crian\u00e7as e encaminhasse as imagens &hellip;<\/p>\n","protected":false},"author":4,"featured_media":5900,"comment_status":"open","ping_status":"open","sticky":false,"template":"","format":"standard","meta":{"content-type":"","rop_custom_images_group":[],"rop_custom_messages_group":[],"rop_publish_now":"initial","rop_publish_now_accounts":{"facebook_2648258775420054_1618374048415101":""},"rop_publish_now_history":[],"rop_publish_now_status":"pending","footnotes":"","_jetpack_memberships_contains_paid_content":false},"categories":[113,198],"tags":[2300,1253,2183,2301,2302,2303],"yoast_head":"<!-- This site is optimized with the Yoast SEO plugin v22.3 - https:\/\/yoast.com\/wordpress\/plugins\/seo\/ -->\n<title>Seduc-PI diz que n\u00e3o vai seguir orienta\u00e7\u00e3o do ministro V\u00e9lez - Portal NPM<\/title>\n<meta name=\"robots\" content=\"index, follow, max-snippet:-1, max-image-preview:large, max-video-preview:-1\" \/>\n<link rel=\"canonical\" href=\"https:\/\/portalnpm.com\/index.php\/2019\/02\/28\/seduc-pi-diz-que-nao-vai-seguir-orientacao-do-ministro-velez\/\" \/>\n<meta property=\"og:locale\" content=\"pt_BR\" \/>\n<meta property=\"og:type\" content=\"article\" \/>\n<meta property=\"og:title\" content=\"Seduc-PI diz que n\u00e3o vai seguir orienta\u00e7\u00e3o do ministro V\u00e9lez - Portal NPM\" \/>\n<meta property=\"og:description\" content=\"A Secretaria de Estado de Educa\u00e7\u00e3o (Seduc) publicou nota concordando com o posicionamento do Conselho Nacional de Secret\u00e1rios de Educa\u00e7\u00e3o (Consed) sobre o pedido do ministro da Educa\u00e7\u00e3o, Ricardo V\u00e9lez Rodriguez. O ministro enviou um e-mail para as escolas do pa\u00eds orientando que os respons\u00e1veis executassem o hino, filmassem as crian\u00e7as e encaminhasse as imagens &hellip;\" \/>\n<meta property=\"og:url\" content=\"https:\/\/portalnpm.com\/index.php\/2019\/02\/28\/seduc-pi-diz-que-nao-vai-seguir-orientacao-do-ministro-velez\/\" \/>\n<meta property=\"og:site_name\" content=\"Portal NPM\" \/>\n<meta property=\"article:published_time\" content=\"2019-02-28T16:22:30+00:00\" \/>\n<meta name=\"author\" content=\"Reda\u00e7\u00e3o\" \/>\n<meta name=\"twitter:card\" content=\"summary_large_image\" \/>\n<meta name=\"twitter:label1\" content=\"Escrito por\" \/>\n\t<meta name=\"twitter:data1\" content=\"Reda\u00e7\u00e3o\" \/>\n\t<meta name=\"twitter:label2\" content=\"Est. tempo de leitura\" \/>\n\t<meta name=\"twitter:data2\" content=\"1 minuto\" \/>\n<script type=\"application\/ld+json\" class=\"yoast-schema-graph\">{\"@context\":\"https:\/\/schema.org\",\"@graph\":[{\"@type\":\"WebPage\",\"@id\":\"https:\/\/portalnpm.com\/index.php\/2019\/02\/28\/seduc-pi-diz-que-nao-vai-seguir-orientacao-do-ministro-velez\/\",\"url\":\"https:\/\/portalnpm.com\/index.php\/2019\/02\/28\/seduc-pi-diz-que-nao-vai-seguir-orientacao-do-ministro-velez\/\",\"name\":\"Seduc-PI diz que n\u00e3o vai seguir orienta\u00e7\u00e3o do ministro V\u00e9lez - Portal NPM\",\"isPartOf\":{\"@id\":\"https:\/\/portalnpm.com\/#website\"},\"primaryImageOfPage\":{\"@id\":\"https:\/\/portalnpm.com\/index.php\/2019\/02\/28\/seduc-pi-diz-que-nao-vai-seguir-orientacao-do-ministro-velez\/#primaryimage\"},\"image\":{\"@id\":\"https:\/\/portalnpm.com\/index.php\/2019\/02\/28\/seduc-pi-diz-que-nao-vai-seguir-orientacao-do-ministro-velez\/#primaryimage\"},\"thumbnailUrl\":\"\",\"datePublished\":\"2019-02-28T16:22:30+00:00\",\"dateModified\":\"2019-02-28T16:22:30+00:00\",\"author\":{\"@id\":\"https:\/\/portalnpm.com\/#\/schema\/person\/0b5f230ec96cee25504fa328e7f2b733\"},\"breadcrumb\":{\"@id\":\"https:\/\/portalnpm.com\/index.php\/2019\/02\/28\/seduc-pi-diz-que-nao-vai-seguir-orientacao-do-ministro-velez\/#breadcrumb\"},\"inLanguage\":\"pt-BR\",\"potentialAction\":[{\"@type\":\"ReadAction\",\"target\":[\"https:\/\/portalnpm.com\/index.php\/2019\/02\/28\/seduc-pi-diz-que-nao-vai-seguir-orientacao-do-ministro-velez\/\"]}]},{\"@type\":\"ImageObject\",\"inLanguage\":\"pt-BR\",\"@id\":\"https:\/\/portalnpm.com\/index.php\/2019\/02\/28\/seduc-pi-diz-que-nao-vai-seguir-orientacao-do-ministro-velez\/#primaryimage\",\"url\":\"\",\"contentUrl\":\"\"},{\"@type\":\"BreadcrumbList\",\"@id\":\"https:\/\/portalnpm.com\/index.php\/2019\/02\/28\/seduc-pi-diz-que-nao-vai-seguir-orientacao-do-ministro-velez\/#breadcrumb\",\"itemListElement\":[{\"@type\":\"ListItem\",\"position\":1,\"name\":\"In\u00edcio\",\"item\":\"https:\/\/portalnpm.com\/\"},{\"@type\":\"ListItem\",\"position\":2,\"name\":\"Seduc-PI diz que n\u00e3o vai seguir orienta\u00e7\u00e3o do ministro V\u00e9lez\"}]},{\"@type\":\"WebSite\",\"@id\":\"https:\/\/portalnpm.com\/#website\",\"url\":\"https:\/\/portalnpm.com\/\",\"name\":\"Portal NPM\",\"description\":\"Not\u00edcias em Primeira M\u00e3o\",\"potentialAction\":[{\"@type\":\"SearchAction\",\"target\":{\"@type\":\"EntryPoint\",\"urlTemplate\":\"https:\/\/portalnpm.com\/?s={search_term_string}\"},\"query-input\":\"required name=search_term_string\"}],\"inLanguage\":\"pt-BR\"},{\"@type\":\"Person\",\"@id\":\"https:\/\/portalnpm.com\/#\/schema\/person\/0b5f230ec96cee25504fa328e7f2b733\",\"name\":\"Reda\u00e7\u00e3o\",\"image\":{\"@type\":\"ImageObject\",\"inLanguage\":\"pt-BR\",\"@id\":\"https:\/\/portalnpm.com\/#\/schema\/person\/image\/\",\"url\":\"https:\/\/portalnpm.com\/wp-content\/uploads\/2024\/03\/avatar_user_4_1710097212-96x96.png\",\"contentUrl\":\"https:\/\/portalnpm.com\/wp-content\/uploads\/2024\/03\/avatar_user_4_1710097212-96x96.png\",\"caption\":\"Reda\u00e7\u00e3o\"},\"url\":\"https:\/\/portalnpm.com\/index.php\/author\/redacao\/\"}]}<\/script>\n<!-- \/ Yoast SEO plugin. -->","yoast_head_json":{"title":"Seduc-PI diz que n\u00e3o vai seguir orienta\u00e7\u00e3o do ministro V\u00e9lez - Portal NPM","robots":{"index":"index","follow":"follow","max-snippet":"max-snippet:-1","max-image-preview":"max-image-preview:large","max-video-preview":"max-video-preview:-1"},"canonical":"https:\/\/portalnpm.com\/index.php\/2019\/02\/28\/seduc-pi-diz-que-nao-vai-seguir-orientacao-do-ministro-velez\/","og_locale":"pt_BR","og_type":"article","og_title":"Seduc-PI diz que n\u00e3o vai seguir orienta\u00e7\u00e3o do ministro V\u00e9lez - Portal NPM","og_description":"A Secretaria de Estado de Educa\u00e7\u00e3o (Seduc) publicou nota concordando com o posicionamento do Conselho Nacional de Secret\u00e1rios de Educa\u00e7\u00e3o (Consed) sobre o pedido do ministro da Educa\u00e7\u00e3o, Ricardo V\u00e9lez Rodriguez. O ministro enviou um e-mail para as escolas do pa\u00eds orientando que os respons\u00e1veis executassem o hino, filmassem as crian\u00e7as e encaminhasse as imagens &hellip;","og_url":"https:\/\/portalnpm.com\/index.php\/2019\/02\/28\/seduc-pi-diz-que-nao-vai-seguir-orientacao-do-ministro-velez\/","og_site_name":"Portal NPM","article_published_time":"2019-02-28T16:22:30+00:00","author":"Reda\u00e7\u00e3o","twitter_card":"summary_large_image","twitter_misc":{"Escrito por":"Reda\u00e7\u00e3o","Est. tempo de leitura":"1 minuto"},"schema":{"@context":"https:\/\/schema.org","@graph":[{"@type":"WebPage","@id":"https:\/\/portalnpm.com\/index.php\/2019\/02\/28\/seduc-pi-diz-que-nao-vai-seguir-orientacao-do-ministro-velez\/","url":"https:\/\/portalnpm.com\/index.php\/2019\/02\/28\/seduc-pi-diz-que-nao-vai-seguir-orientacao-do-ministro-velez\/","name":"Seduc-PI diz que n\u00e3o vai seguir orienta\u00e7\u00e3o do ministro V\u00e9lez - Portal NPM","isPartOf":{"@id":"https:\/\/portalnpm.com\/#website"},"primaryImageOfPage":{"@id":"https:\/\/portalnpm.com\/index.php\/2019\/02\/28\/seduc-pi-diz-que-nao-vai-seguir-orientacao-do-ministro-velez\/#primaryimage"},"image":{"@id":"https:\/\/portalnpm.com\/index.php\/2019\/02\/28\/seduc-pi-diz-que-nao-vai-seguir-orientacao-do-ministro-velez\/#primaryimage"},"thumbnailUrl":"","datePublished":"2019-02-28T16:22:30+00:00","dateModified":"2019-02-28T16:22:30+00:00","author":{"@id":"https:\/\/portalnpm.com\/#\/schema\/person\/0b5f230ec96cee25504fa328e7f2b733"},"breadcrumb":{"@id":"https:\/\/portalnpm.com\/index.php\/2019\/02\/28\/seduc-pi-diz-que-nao-vai-seguir-orientacao-do-ministro-velez\/#breadcrumb"},"inLanguage":"pt-BR","potentialAction":[{"@type":"ReadAction","target":["https:\/\/portalnpm.com\/index.php\/2019\/02\/28\/seduc-pi-diz-que-nao-vai-seguir-orientacao-do-ministro-velez\/"]}]},{"@type":"ImageObject","inLanguage":"pt-BR","@id":"https:\/\/portalnpm.com\/index.php\/2019\/02\/28\/seduc-pi-diz-que-nao-vai-seguir-orientacao-do-ministro-velez\/#primaryimage","url":"","contentUrl":""},{"@type":"BreadcrumbList","@id":"https:\/\/portalnpm.com\/index.php\/2019\/02\/28\/seduc-pi-diz-que-nao-vai-seguir-orientacao-do-ministro-velez\/#breadcrumb","itemListElement":[{"@type":"ListItem","position":1,"name":"In\u00edcio","item":"https:\/\/portalnpm.com\/"},{"@type":"ListItem","position":2,"name":"Seduc-PI diz que n\u00e3o vai seguir orienta\u00e7\u00e3o do ministro V\u00e9lez"}]},{"@type":"WebSite","@id":"https:\/\/portalnpm.com\/#website","url":"https:\/\/portalnpm.com\/","name":"Portal NPM","description":"Not\u00edcias em Primeira M\u00e3o","potentialAction":[{"@type":"SearchAction","target":{"@type":"EntryPoint","urlTemplate":"https:\/\/portalnpm.com\/?s={search_term_string}"},"query-input":"required name=search_term_string"}],"inLanguage":"pt-BR"},{"@type":"Person","@id":"https:\/\/portalnpm.com\/#\/schema\/person\/0b5f230ec96cee25504fa328e7f2b733","name":"Reda\u00e7\u00e3o","image":{"@type":"ImageObject","inLanguage":"pt-BR","@id":"https:\/\/portalnpm.com\/#\/schema\/person\/image\/","url":"https:\/\/portalnpm.com\/wp-content\/uploads\/2024\/03\/avatar_user_4_1710097212-96x96.png","contentUrl":"https:\/\/portalnpm.com\/wp-content\/uploads\/2024\/03\/avatar_user_4_1710097212-96x96.png","caption":"Reda\u00e7\u00e3o"},"url":"https:\/\/portalnpm.com\/index.php\/author\/redacao\/"}]}},"jetpack_sharing_enabled":true,"jetpack_featured_media_url":"","_links":{"self":[{"href":"https:\/\/portalnpm.com\/index.php\/wp-json\/wp\/v2\/posts\/5899"}],"collection":[{"href":"https:\/\/portalnpm.com\/index.php\/wp-json\/wp\/v2\/posts"}],"about":[{"href":"https:\/\/portalnpm.com\/index.php\/wp-json\/wp\/v2\/types\/post"}],"author":[{"embeddable":true,"href":"https:\/\/portalnpm.com\/index.php\/wp-json\/wp\/v2\/users\/4"}],"replies":[{"embeddable":true,"href":"https:\/\/portalnpm.com\/index.php\/wp-json\/wp\/v2\/comments?post=5899"}],"version-history":[{"count":0,"href":"https:\/\/portalnpm.com\/index.php\/wp-json\/wp\/v2\/posts\/5899\/revisions"}],"wp:featuredmedia":[{"embeddable":true,"href":"https:\/\/portalnpm.com\/index.php\/wp-json\/"}],"wp:attachment":[{"href":"https:\/\/portalnpm.com\/index.php\/wp-json\/wp\/v2\/media?parent=5899"}],"wp:term":[{"taxonomy":"category","embeddable":true,"href":"https:\/\/portalnpm.com\/index.php\/wp-json\/wp\/v2\/categories?post=5899"},{"taxonomy":"post_tag","embeddable":true,"href":"https:\/\/portalnpm.com\/index.php\/wp-json\/wp\/v2\/tags?post=5899"}],"curies":[{"name":"wp","href":"https:\/\/api.w.org\/{rel}","templated":true}]}}