{"id":58995,"date":"2020-10-28T14:31:24","date_gmt":"2020-10-28T17:31:24","guid":{"rendered":"https:\/\/portalnpm.com\/index.php\/2020\/10\/28\/decreto-de-bolsonaro-para-privatizar-o-sus-e-criticado-por-parlamentares-especialistas-e-secretarios\/"},"modified":"2020-10-28T14:31:24","modified_gmt":"2020-10-28T17:31:24","slug":"decreto-de-bolsonaro-para-privatizar-o-sus-e-criticado-por-parlamentares-especialistas-e-secretarios","status":"publish","type":"post","link":"https:\/\/portalnpm.com\/index.php\/2020\/10\/28\/decreto-de-bolsonaro-para-privatizar-o-sus-e-criticado-por-parlamentares-especialistas-e-secretarios\/","title":{"rendered":"Decreto de Bolsonaro para privatizar o SUS \u00e9 criticado por parlamentares, especialistas e secret\u00e1rios"},"content":{"rendered":"<p style=\"text-align: justify;\">\u201cPrivatizar o SUS\u201d \u00e9 um dos assuntos mais comentados nas redes sociais na manh\u00e3 desta quarta-feira, 28. A maior parte das opini\u00f5es \u00e9 contr\u00e1ria ao decreto editado pelo presidente Jair Bolsonaro (sem partido) na \u00faltima ter\u00e7a-feira, 27, que quer incluir as Unidades B\u00e1sicas de Sa\u00fade no programa de PPI, de investimento privado. Entre os opositores, est\u00e3o parlamentares, especialistas e tamb\u00e9m secret\u00e1rios de Sa\u00fade.<\/p>\n<p style=\"text-align: justify;\">\n<p style=\"text-align: justify;\">\n<p style=\"text-align: justify;\">O presidente do Conselho Nacional de Sa\u00fade (CNS), Fernando Pigatto, se colocou contra a ideia, que privatizaria as Unidades B\u00e1sicas de Sa\u00fade em todo o pa\u00eds. &#8220;Precisamos fortalecer o SUS contra qualquer tipo de privatiza\u00e7\u00e3o e retirada de direitos&#8221;, colocou.<\/p>\n<p style=\"text-align: justify;\">O CNS afirmou que est\u00e1 avaliando o decreto para emitir um parecer formal sobre o documento e tomar \u201cas devidas provid\u00eancias legais\u201d quanto \u00e0 ideia.<\/p>\n<p style=\"text-align: justify;\">Na noite de ter\u00e7a-feira, a deputada federal Jandira Feghali (PCdoB-RJ) afirmou que estava preparando um Projeto de Decreto Legislativo, que pode suspender de forma imediata os efeitos de um decreto presidencial. \u201cEsse homem quer privatizar o SUS. Estou preparando um PDL para acabar com essa hist\u00f3ria\u201d, escreveu a deputada nas redes sociais.<\/p>\n<p style=\"text-align: justify;\">O deputado federal Rog\u00e9rio Correia (PT-MG) tamb\u00e9m se posicionou oficialmente contra a proposta. \u201cEssa \u2018parceria com a iniciativa privada\u2019 nas Unidades B\u00e1sicas de Sa\u00fade (UBS) \u00e9, na verdade, um passo fundamental para privatizar o SUS. Por isso mesmo acabei de protocolar projeto de decreto legislativo sustando os efeitos da medida.\u201d<\/p>\n<p style=\"text-align: justify;\">\u201cS\u00f3 mesmo um neoliberal, obscurantista e genocida para determinar ato t\u00e3o absurdo. Tudo para agradar o mercado e enriquecer os amigos\u201d, declarou Correia.<\/p>\n<p style=\"text-align: justify;\">Marcelo Freixo, deputado federal pelo PSOL-RJ, frisou que a proposta de Bolsonaro surge em meio \u00e0 pandemia do coronav\u00edrus. \u201cNo meio de uma pandemia que j\u00e1 matou quase 158 mil brasileiros, Bolsonaro autorizou a equipe econ\u00f4mica a criar um modelo de privatiza\u00e7\u00e3o de unidades b\u00e1sicas de sa\u00fade. Sa\u00fade \u00e9 DIREITO! Seguimos na luta para defender Sa\u00fade P\u00fablica de qualidade a todos!\u201d<\/p>\n<p style=\"text-align: justify;\">Segundo informa\u00e7\u00f5es do Estad\u00e3o, o presidente Conselho Nacional de Secret\u00e1rios de Sa\u00fade, Carlos Lula, classificou o modelo como \u201cestranho\u201d e afirmou que os secret\u00e1rios n\u00e3o foram informados. \u201c\u00c9 estranho o modelo proposto, \u00e9 estranho n\u00e3o ter tido di\u00e1logo e aparenta que querem privatizar a aten\u00e7\u00e3o prim\u00e1ria\u201d, disse.<\/p>\n<p style=\"text-align: justify;\">O decreto n\u00e3o foi assinado pelo ministro da Sa\u00fade, Eduardo Pazuello, apenas pelo ministro da Economia, Paulo Guedes.<\/p>\n<p style=\"text-align: justify;\">Fonte: Yahoo<\/p>\n","protected":false},"excerpt":{"rendered":"<p>\u201cPrivatizar o SUS\u201d \u00e9 um dos assuntos mais comentados nas redes sociais na manh\u00e3 desta quarta-feira, 28. A maior parte das opini\u00f5es \u00e9 contr\u00e1ria ao decreto editado pelo presidente Jair Bolsonaro (sem partido) na \u00faltima ter\u00e7a-feira, 27, que quer incluir as Unidades B\u00e1sicas de Sa\u00fade no programa de PPI, de investimento privado. Entre os opositores, &hellip;<\/p>\n","protected":false},"author":2,"featured_media":58996,"comment_status":"open","ping_status":"open","sticky":false,"template":"","format":"standard","meta":{"content-type":"","rop_custom_images_group":[],"rop_custom_messages_group":[],"rop_publish_now":"initial","rop_publish_now_accounts":{"facebook_2648258775420054_1618374048415101":""},"rop_publish_now_history":[],"rop_publish_now_status":"pending","footnotes":"","_jetpack_memberships_contains_paid_content":false},"categories":[125],"tags":[7264,7265,3967,7266,7267],"yoast_head":"<!-- This site is optimized with the Yoast SEO plugin v22.3 - https:\/\/yoast.com\/wordpress\/plugins\/seo\/ -->\n<title>Decreto de Bolsonaro para privatizar o SUS \u00e9 criticado por parlamentares, especialistas e secret\u00e1rios<\/title>\n<meta name=\"robots\" content=\"index, follow, max-snippet:-1, max-image-preview:large, max-video-preview:-1\" \/>\n<link rel=\"canonical\" href=\"https:\/\/portalnpm.com\/index.php\/2020\/10\/28\/decreto-de-bolsonaro-para-privatizar-o-sus-e-criticado-por-parlamentares-especialistas-e-secretarios\/\" \/>\n<meta property=\"og:locale\" content=\"pt_BR\" \/>\n<meta property=\"og:type\" content=\"article\" \/>\n<meta property=\"og:title\" content=\"Decreto de Bolsonaro para privatizar o SUS \u00e9 criticado por parlamentares, especialistas e secret\u00e1rios\" \/>\n<meta property=\"og:description\" content=\"\u201cPrivatizar o SUS\u201d \u00e9 um dos assuntos mais comentados nas redes sociais na manh\u00e3 desta quarta-feira, 28. A maior parte das opini\u00f5es \u00e9 contr\u00e1ria ao decreto editado pelo presidente Jair Bolsonaro (sem partido) na \u00faltima ter\u00e7a-feira, 27, que quer incluir as Unidades B\u00e1sicas de Sa\u00fade no programa de PPI, de investimento privado. Entre os opositores, &hellip;\" \/>\n<meta property=\"og:url\" content=\"https:\/\/portalnpm.com\/index.php\/2020\/10\/28\/decreto-de-bolsonaro-para-privatizar-o-sus-e-criticado-por-parlamentares-especialistas-e-secretarios\/\" \/>\n<meta property=\"og:site_name\" content=\"Portal NPM\" \/>\n<meta property=\"article:published_time\" content=\"2020-10-28T17:31:24+00:00\" \/>\n<meta property=\"og:image\" content=\"https:\/\/portalnpm.com\/wp-content\/uploads\/2024\/01\/05351760-0b0c-11ea-bffe-c14bcb74e00d.jpeg\" \/>\n\t<meta property=\"og:image:width\" content=\"639\" \/>\n\t<meta property=\"og:image:height\" content=\"426\" \/>\n\t<meta property=\"og:image:type\" content=\"image\/jpeg\" \/>\n<meta name=\"author\" content=\"Genival Barbosa\" \/>\n<meta name=\"twitter:card\" content=\"summary_large_image\" \/>\n<meta name=\"twitter:label1\" content=\"Escrito por\" \/>\n\t<meta name=\"twitter:data1\" content=\"Genival Barbosa\" \/>\n\t<meta name=\"twitter:label2\" content=\"Est. tempo de leitura\" \/>\n\t<meta name=\"twitter:data2\" content=\"2 minutos\" \/>\n<script type=\"application\/ld+json\" class=\"yoast-schema-graph\">{\"@context\":\"https:\/\/schema.org\",\"@graph\":[{\"@type\":\"WebPage\",\"@id\":\"https:\/\/portalnpm.com\/index.php\/2020\/10\/28\/decreto-de-bolsonaro-para-privatizar-o-sus-e-criticado-por-parlamentares-especialistas-e-secretarios\/\",\"url\":\"https:\/\/portalnpm.com\/index.php\/2020\/10\/28\/decreto-de-bolsonaro-para-privatizar-o-sus-e-criticado-por-parlamentares-especialistas-e-secretarios\/\",\"name\":\"Decreto de Bolsonaro para privatizar o SUS \u00e9 criticado por parlamentares, especialistas e secret\u00e1rios\",\"isPartOf\":{\"@id\":\"https:\/\/portalnpm.com\/#website\"},\"primaryImageOfPage\":{\"@id\":\"https:\/\/portalnpm.com\/index.php\/2020\/10\/28\/decreto-de-bolsonaro-para-privatizar-o-sus-e-criticado-por-parlamentares-especialistas-e-secretarios\/#primaryimage\"},\"image\":{\"@id\":\"https:\/\/portalnpm.com\/index.php\/2020\/10\/28\/decreto-de-bolsonaro-para-privatizar-o-sus-e-criticado-por-parlamentares-especialistas-e-secretarios\/#primaryimage\"},\"thumbnailUrl\":\"https:\/\/portalnpm.com\/wp-content\/uploads\/2024\/01\/05351760-0b0c-11ea-bffe-c14bcb74e00d.jpeg\",\"datePublished\":\"2020-10-28T17:31:24+00:00\",\"dateModified\":\"2020-10-28T17:31:24+00:00\",\"author\":{\"@id\":\"https:\/\/portalnpm.com\/#\/schema\/person\/49313e563cfdefcc167f1ee4c017c294\"},\"breadcrumb\":{\"@id\":\"https:\/\/portalnpm.com\/index.php\/2020\/10\/28\/decreto-de-bolsonaro-para-privatizar-o-sus-e-criticado-por-parlamentares-especialistas-e-secretarios\/#breadcrumb\"},\"inLanguage\":\"pt-BR\",\"potentialAction\":[{\"@type\":\"ReadAction\",\"target\":[\"https:\/\/portalnpm.com\/index.php\/2020\/10\/28\/decreto-de-bolsonaro-para-privatizar-o-sus-e-criticado-por-parlamentares-especialistas-e-secretarios\/\"]}]},{\"@type\":\"ImageObject\",\"inLanguage\":\"pt-BR\",\"@id\":\"https:\/\/portalnpm.com\/index.php\/2020\/10\/28\/decreto-de-bolsonaro-para-privatizar-o-sus-e-criticado-por-parlamentares-especialistas-e-secretarios\/#primaryimage\",\"url\":\"https:\/\/portalnpm.com\/wp-content\/uploads\/2024\/01\/05351760-0b0c-11ea-bffe-c14bcb74e00d.jpeg\",\"contentUrl\":\"https:\/\/portalnpm.com\/wp-content\/uploads\/2024\/01\/05351760-0b0c-11ea-bffe-c14bcb74e00d.jpeg\",\"width\":639,\"height\":426},{\"@type\":\"BreadcrumbList\",\"@id\":\"https:\/\/portalnpm.com\/index.php\/2020\/10\/28\/decreto-de-bolsonaro-para-privatizar-o-sus-e-criticado-por-parlamentares-especialistas-e-secretarios\/#breadcrumb\",\"itemListElement\":[{\"@type\":\"ListItem\",\"position\":1,\"name\":\"In\u00edcio\",\"item\":\"https:\/\/portalnpm.com\/\"},{\"@type\":\"ListItem\",\"position\":2,\"name\":\"Decreto de Bolsonaro para privatizar o SUS \u00e9 criticado por parlamentares, especialistas e secret\u00e1rios\"}]},{\"@type\":\"WebSite\",\"@id\":\"https:\/\/portalnpm.com\/#website\",\"url\":\"https:\/\/portalnpm.com\/\",\"name\":\"Portal NPM\",\"description\":\"Not\u00edcias em Primeira M\u00e3o\",\"potentialAction\":[{\"@type\":\"SearchAction\",\"target\":{\"@type\":\"EntryPoint\",\"urlTemplate\":\"https:\/\/portalnpm.com\/?s={search_term_string}\"},\"query-input\":\"required name=search_term_string\"}],\"inLanguage\":\"pt-BR\"},{\"@type\":\"Person\",\"@id\":\"https:\/\/portalnpm.com\/#\/schema\/person\/49313e563cfdefcc167f1ee4c017c294\",\"name\":\"Genival Barbosa\",\"image\":{\"@type\":\"ImageObject\",\"inLanguage\":\"pt-BR\",\"@id\":\"https:\/\/portalnpm.com\/#\/schema\/person\/image\/\",\"url\":\"https:\/\/portalnpm.com\/wp-content\/uploads\/2024\/02\/avatar_user_2_1707743258-96x96.jpeg\",\"contentUrl\":\"https:\/\/portalnpm.com\/wp-content\/uploads\/2024\/02\/avatar_user_2_1707743258-96x96.jpeg\",\"caption\":\"Genival Barbosa\"},\"url\":\"https:\/\/portalnpm.com\/index.php\/author\/genival\/\"}]}<\/script>\n<!-- \/ Yoast SEO plugin. -->","yoast_head_json":{"title":"Decreto de Bolsonaro para privatizar o SUS \u00e9 criticado por parlamentares, especialistas e secret\u00e1rios","robots":{"index":"index","follow":"follow","max-snippet":"max-snippet:-1","max-image-preview":"max-image-preview:large","max-video-preview":"max-video-preview:-1"},"canonical":"https:\/\/portalnpm.com\/index.php\/2020\/10\/28\/decreto-de-bolsonaro-para-privatizar-o-sus-e-criticado-por-parlamentares-especialistas-e-secretarios\/","og_locale":"pt_BR","og_type":"article","og_title":"Decreto de Bolsonaro para privatizar o SUS \u00e9 criticado por parlamentares, especialistas e secret\u00e1rios","og_description":"\u201cPrivatizar o SUS\u201d \u00e9 um dos assuntos mais comentados nas redes sociais na manh\u00e3 desta quarta-feira, 28. A maior parte das opini\u00f5es \u00e9 contr\u00e1ria ao decreto editado pelo presidente Jair Bolsonaro (sem partido) na \u00faltima ter\u00e7a-feira, 27, que quer incluir as Unidades B\u00e1sicas de Sa\u00fade no programa de PPI, de investimento privado. Entre os opositores, &hellip;","og_url":"https:\/\/portalnpm.com\/index.php\/2020\/10\/28\/decreto-de-bolsonaro-para-privatizar-o-sus-e-criticado-por-parlamentares-especialistas-e-secretarios\/","og_site_name":"Portal NPM","article_published_time":"2020-10-28T17:31:24+00:00","og_image":[{"width":639,"height":426,"url":"https:\/\/portalnpm.com\/wp-content\/uploads\/2024\/01\/05351760-0b0c-11ea-bffe-c14bcb74e00d.jpeg","type":"image\/jpeg"}],"author":"Genival Barbosa","twitter_card":"summary_large_image","twitter_misc":{"Escrito por":"Genival Barbosa","Est. tempo de leitura":"2 minutos"},"schema":{"@context":"https:\/\/schema.org","@graph":[{"@type":"WebPage","@id":"https:\/\/portalnpm.com\/index.php\/2020\/10\/28\/decreto-de-bolsonaro-para-privatizar-o-sus-e-criticado-por-parlamentares-especialistas-e-secretarios\/","url":"https:\/\/portalnpm.com\/index.php\/2020\/10\/28\/decreto-de-bolsonaro-para-privatizar-o-sus-e-criticado-por-parlamentares-especialistas-e-secretarios\/","name":"Decreto de Bolsonaro para privatizar o SUS \u00e9 criticado por parlamentares, especialistas e secret\u00e1rios","isPartOf":{"@id":"https:\/\/portalnpm.com\/#website"},"primaryImageOfPage":{"@id":"https:\/\/portalnpm.com\/index.php\/2020\/10\/28\/decreto-de-bolsonaro-para-privatizar-o-sus-e-criticado-por-parlamentares-especialistas-e-secretarios\/#primaryimage"},"image":{"@id":"https:\/\/portalnpm.com\/index.php\/2020\/10\/28\/decreto-de-bolsonaro-para-privatizar-o-sus-e-criticado-por-parlamentares-especialistas-e-secretarios\/#primaryimage"},"thumbnailUrl":"https:\/\/portalnpm.com\/wp-content\/uploads\/2024\/01\/05351760-0b0c-11ea-bffe-c14bcb74e00d.jpeg","datePublished":"2020-10-28T17:31:24+00:00","dateModified":"2020-10-28T17:31:24+00:00","author":{"@id":"https:\/\/portalnpm.com\/#\/schema\/person\/49313e563cfdefcc167f1ee4c017c294"},"breadcrumb":{"@id":"https:\/\/portalnpm.com\/index.php\/2020\/10\/28\/decreto-de-bolsonaro-para-privatizar-o-sus-e-criticado-por-parlamentares-especialistas-e-secretarios\/#breadcrumb"},"inLanguage":"pt-BR","potentialAction":[{"@type":"ReadAction","target":["https:\/\/portalnpm.com\/index.php\/2020\/10\/28\/decreto-de-bolsonaro-para-privatizar-o-sus-e-criticado-por-parlamentares-especialistas-e-secretarios\/"]}]},{"@type":"ImageObject","inLanguage":"pt-BR","@id":"https:\/\/portalnpm.com\/index.php\/2020\/10\/28\/decreto-de-bolsonaro-para-privatizar-o-sus-e-criticado-por-parlamentares-especialistas-e-secretarios\/#primaryimage","url":"https:\/\/portalnpm.com\/wp-content\/uploads\/2024\/01\/05351760-0b0c-11ea-bffe-c14bcb74e00d.jpeg","contentUrl":"https:\/\/portalnpm.com\/wp-content\/uploads\/2024\/01\/05351760-0b0c-11ea-bffe-c14bcb74e00d.jpeg","width":639,"height":426},{"@type":"BreadcrumbList","@id":"https:\/\/portalnpm.com\/index.php\/2020\/10\/28\/decreto-de-bolsonaro-para-privatizar-o-sus-e-criticado-por-parlamentares-especialistas-e-secretarios\/#breadcrumb","itemListElement":[{"@type":"ListItem","position":1,"name":"In\u00edcio","item":"https:\/\/portalnpm.com\/"},{"@type":"ListItem","position":2,"name":"Decreto de Bolsonaro para privatizar o SUS \u00e9 criticado por parlamentares, especialistas e secret\u00e1rios"}]},{"@type":"WebSite","@id":"https:\/\/portalnpm.com\/#website","url":"https:\/\/portalnpm.com\/","name":"Portal NPM","description":"Not\u00edcias em Primeira M\u00e3o","potentialAction":[{"@type":"SearchAction","target":{"@type":"EntryPoint","urlTemplate":"https:\/\/portalnpm.com\/?s={search_term_string}"},"query-input":"required name=search_term_string"}],"inLanguage":"pt-BR"},{"@type":"Person","@id":"https:\/\/portalnpm.com\/#\/schema\/person\/49313e563cfdefcc167f1ee4c017c294","name":"Genival Barbosa","image":{"@type":"ImageObject","inLanguage":"pt-BR","@id":"https:\/\/portalnpm.com\/#\/schema\/person\/image\/","url":"https:\/\/portalnpm.com\/wp-content\/uploads\/2024\/02\/avatar_user_2_1707743258-96x96.jpeg","contentUrl":"https:\/\/portalnpm.com\/wp-content\/uploads\/2024\/02\/avatar_user_2_1707743258-96x96.jpeg","caption":"Genival Barbosa"},"url":"https:\/\/portalnpm.com\/index.php\/author\/genival\/"}]}},"jetpack_sharing_enabled":true,"jetpack_featured_media_url":"https:\/\/portalnpm.com\/wp-content\/uploads\/2024\/01\/05351760-0b0c-11ea-bffe-c14bcb74e00d.jpeg","_links":{"self":[{"href":"https:\/\/portalnpm.com\/index.php\/wp-json\/wp\/v2\/posts\/58995"}],"collection":[{"href":"https:\/\/portalnpm.com\/index.php\/wp-json\/wp\/v2\/posts"}],"about":[{"href":"https:\/\/portalnpm.com\/index.php\/wp-json\/wp\/v2\/types\/post"}],"author":[{"embeddable":true,"href":"https:\/\/portalnpm.com\/index.php\/wp-json\/wp\/v2\/users\/2"}],"replies":[{"embeddable":true,"href":"https:\/\/portalnpm.com\/index.php\/wp-json\/wp\/v2\/comments?post=58995"}],"version-history":[{"count":0,"href":"https:\/\/portalnpm.com\/index.php\/wp-json\/wp\/v2\/posts\/58995\/revisions"}],"wp:featuredmedia":[{"embeddable":true,"href":"https:\/\/portalnpm.com\/index.php\/wp-json\/wp\/v2\/media\/58996"}],"wp:attachment":[{"href":"https:\/\/portalnpm.com\/index.php\/wp-json\/wp\/v2\/media?parent=58995"}],"wp:term":[{"taxonomy":"category","embeddable":true,"href":"https:\/\/portalnpm.com\/index.php\/wp-json\/wp\/v2\/categories?post=58995"},{"taxonomy":"post_tag","embeddable":true,"href":"https:\/\/portalnpm.com\/index.php\/wp-json\/wp\/v2\/tags?post=58995"}],"curies":[{"name":"wp","href":"https:\/\/api.w.org\/{rel}","templated":true}]}}