{"id":5903,"date":"2019-02-28T13:31:08","date_gmt":"2019-02-28T16:31:08","guid":{"rendered":"http:\/\/srv.portalnpm.com.br\/?p=5903"},"modified":"2019-02-28T13:31:08","modified_gmt":"2019-02-28T16:31:08","slug":"provas-do-enem-serao-aplicadas-nos-dias-3-e-10-de-novembro-edital-sai-em-marco","status":"publish","type":"post","link":"https:\/\/portalnpm.com\/index.php\/2019\/02\/28\/provas-do-enem-serao-aplicadas-nos-dias-3-e-10-de-novembro-edital-sai-em-marco\/","title":{"rendered":"Provas do Enem ser\u00e3o aplicadas nos dias 3 e 10 de novembro; edital sai em mar\u00e7o"},"content":{"rendered":"<p style=\"text-align: justify;\">As provas do Exame Nacional do Ensino M\u00e9dio\u00a0(Enem)\u00a0deste ano ser\u00e3o aplicadas nos dias 3 e 10 de novembro, segundo cronograma divulgado na tarde desta quarta-feira\u00a0(27) pelo Instituto Nacional de Estudos e Pesquisas Educacionais An\u00edsio Teixeira (Inep). Pelo calend\u00e1rio, as inscri\u00e7\u00f5es estar\u00e3o abertas de 6 a\u00a017 de maio.<\/p>\n<p style=\"text-align: justify;\">Entre 1\u00ba e\u00a010 de abril\u00a0os estudantes poder\u00e3o pedir isen\u00e7\u00e3o da taxa de inscri\u00e7\u00e3o. Nesse mesmo per\u00edodo, o Inep vai receber as justificativas dos que faltaram \u00e0s\u00a0provas\u00a0em 2018. O edital do Enem, conforme o instituto, ser\u00e1 publicado no pr\u00f3ximo m\u00eas.<\/p>\n<p style=\"text-align: justify;\">No ano passado, 5,5 milh\u00f5es de pessoas se inscreveram para fazer o Enem, mas 4,1 milh\u00f5es compareceram aos dois dias de provas. Nos dois domingos de exame, os estudantes precisam desenvolver conhecimentos de linguagens, incluindo reda\u00e7\u00e3o, ci\u00eancias humanas,\u00a0ci\u00eancias da natureza e matem\u00e1tica.<\/p>\n<p style=\"text-align: justify;\">Os resultados do Enem podem ser usados em processos seletivos para vagas no ensino superior p\u00fablico, pelo Sistema de Sele\u00e7\u00e3o Unificada (Sisu), para bolsas de estudo em institui\u00e7\u00f5es privadas, pelo Programa Universidade para Todos (ProUni), e para obter financiamento do curso pelo Fundo de Financiamento Estudantil (Fies).<\/p>\n<p style=\"text-align: justify;\">Em 2019 o Sisu ofereceu 235,4 mil vagas, distribu\u00eddas em 129 universidades p\u00fablicas de todo o pa\u00eds. Al\u00e9m de universidades brasileiras, os estudantes podem se inscrever em 37 institui\u00e7\u00f5es portuguesas que t\u00eam conv\u00eanio com o Inep.<\/p>\n<div style=\"text-align: justify;\"><\/div>\n<div style=\"text-align: justify;\"><\/div>\n<div class=\"sourceContainer\" style=\"text-align: justify;\"><strong><span class=\"source\">Fonte:<\/span>\u00a0<span class=\"sourceContent\">Com informa\u00e7\u00f5es da Ag\u00eancia Brasil<\/span><\/strong><\/div>\n","protected":false},"excerpt":{"rendered":"<p>As provas do Exame Nacional do Ensino M\u00e9dio\u00a0(Enem)\u00a0deste ano ser\u00e3o aplicadas nos dias 3 e 10 de novembro, segundo cronograma divulgado na tarde desta quarta-feira\u00a0(27) pelo Instituto Nacional de Estudos e Pesquisas Educacionais An\u00edsio Teixeira (Inep). Pelo calend\u00e1rio, as inscri\u00e7\u00f5es estar\u00e3o abertas de 6 a\u00a017 de maio. Entre 1\u00ba e\u00a010 de abril\u00a0os estudantes poder\u00e3o pedir &hellip;<\/p>\n","protected":false},"author":4,"featured_media":5904,"comment_status":"open","ping_status":"open","sticky":false,"template":"","format":"standard","meta":{"content-type":"","rop_custom_images_group":[],"rop_custom_messages_group":[],"rop_publish_now":"initial","rop_publish_now_accounts":{"facebook_2648258775420054_1618374048415101":""},"rop_publish_now_history":[],"rop_publish_now_status":"pending","footnotes":"","_jetpack_memberships_contains_paid_content":false},"categories":[113,198],"tags":[2304,1267,2305,2306],"yoast_head":"<!-- This site is optimized with the Yoast SEO plugin v22.3 - https:\/\/yoast.com\/wordpress\/plugins\/seo\/ -->\n<title>Provas do Enem ser\u00e3o aplicadas nos dias 3 e 10 de novembro; edital sai em mar\u00e7o - Portal NPM<\/title>\n<meta name=\"robots\" content=\"index, follow, max-snippet:-1, max-image-preview:large, max-video-preview:-1\" \/>\n<link rel=\"canonical\" href=\"https:\/\/portalnpm.com\/index.php\/2019\/02\/28\/provas-do-enem-serao-aplicadas-nos-dias-3-e-10-de-novembro-edital-sai-em-marco\/\" \/>\n<meta property=\"og:locale\" content=\"pt_BR\" \/>\n<meta property=\"og:type\" content=\"article\" \/>\n<meta property=\"og:title\" content=\"Provas do Enem ser\u00e3o aplicadas nos dias 3 e 10 de novembro; edital sai em mar\u00e7o - Portal NPM\" \/>\n<meta property=\"og:description\" content=\"As provas do Exame Nacional do Ensino M\u00e9dio\u00a0(Enem)\u00a0deste ano ser\u00e3o aplicadas nos dias 3 e 10 de novembro, segundo cronograma divulgado na tarde desta quarta-feira\u00a0(27) pelo Instituto Nacional de Estudos e Pesquisas Educacionais An\u00edsio Teixeira (Inep). Pelo calend\u00e1rio, as inscri\u00e7\u00f5es estar\u00e3o abertas de 6 a\u00a017 de maio. Entre 1\u00ba e\u00a010 de abril\u00a0os estudantes poder\u00e3o pedir &hellip;\" \/>\n<meta property=\"og:url\" content=\"https:\/\/portalnpm.com\/index.php\/2019\/02\/28\/provas-do-enem-serao-aplicadas-nos-dias-3-e-10-de-novembro-edital-sai-em-marco\/\" \/>\n<meta property=\"og:site_name\" content=\"Portal NPM\" \/>\n<meta property=\"article:published_time\" content=\"2019-02-28T16:31:08+00:00\" \/>\n<meta name=\"author\" content=\"Reda\u00e7\u00e3o\" \/>\n<meta name=\"twitter:card\" content=\"summary_large_image\" \/>\n<meta name=\"twitter:label1\" content=\"Escrito por\" \/>\n\t<meta name=\"twitter:data1\" content=\"Reda\u00e7\u00e3o\" \/>\n\t<meta name=\"twitter:label2\" content=\"Est. tempo de leitura\" \/>\n\t<meta name=\"twitter:data2\" content=\"1 minuto\" \/>\n<script type=\"application\/ld+json\" class=\"yoast-schema-graph\">{\"@context\":\"https:\/\/schema.org\",\"@graph\":[{\"@type\":\"WebPage\",\"@id\":\"https:\/\/portalnpm.com\/index.php\/2019\/02\/28\/provas-do-enem-serao-aplicadas-nos-dias-3-e-10-de-novembro-edital-sai-em-marco\/\",\"url\":\"https:\/\/portalnpm.com\/index.php\/2019\/02\/28\/provas-do-enem-serao-aplicadas-nos-dias-3-e-10-de-novembro-edital-sai-em-marco\/\",\"name\":\"Provas do Enem ser\u00e3o aplicadas nos dias 3 e 10 de novembro; edital sai em mar\u00e7o - Portal NPM\",\"isPartOf\":{\"@id\":\"https:\/\/portalnpm.com\/#website\"},\"primaryImageOfPage\":{\"@id\":\"https:\/\/portalnpm.com\/index.php\/2019\/02\/28\/provas-do-enem-serao-aplicadas-nos-dias-3-e-10-de-novembro-edital-sai-em-marco\/#primaryimage\"},\"image\":{\"@id\":\"https:\/\/portalnpm.com\/index.php\/2019\/02\/28\/provas-do-enem-serao-aplicadas-nos-dias-3-e-10-de-novembro-edital-sai-em-marco\/#primaryimage\"},\"thumbnailUrl\":\"\",\"datePublished\":\"2019-02-28T16:31:08+00:00\",\"dateModified\":\"2019-02-28T16:31:08+00:00\",\"author\":{\"@id\":\"https:\/\/portalnpm.com\/#\/schema\/person\/0b5f230ec96cee25504fa328e7f2b733\"},\"breadcrumb\":{\"@id\":\"https:\/\/portalnpm.com\/index.php\/2019\/02\/28\/provas-do-enem-serao-aplicadas-nos-dias-3-e-10-de-novembro-edital-sai-em-marco\/#breadcrumb\"},\"inLanguage\":\"pt-BR\",\"potentialAction\":[{\"@type\":\"ReadAction\",\"target\":[\"https:\/\/portalnpm.com\/index.php\/2019\/02\/28\/provas-do-enem-serao-aplicadas-nos-dias-3-e-10-de-novembro-edital-sai-em-marco\/\"]}]},{\"@type\":\"ImageObject\",\"inLanguage\":\"pt-BR\",\"@id\":\"https:\/\/portalnpm.com\/index.php\/2019\/02\/28\/provas-do-enem-serao-aplicadas-nos-dias-3-e-10-de-novembro-edital-sai-em-marco\/#primaryimage\",\"url\":\"\",\"contentUrl\":\"\"},{\"@type\":\"BreadcrumbList\",\"@id\":\"https:\/\/portalnpm.com\/index.php\/2019\/02\/28\/provas-do-enem-serao-aplicadas-nos-dias-3-e-10-de-novembro-edital-sai-em-marco\/#breadcrumb\",\"itemListElement\":[{\"@type\":\"ListItem\",\"position\":1,\"name\":\"In\u00edcio\",\"item\":\"https:\/\/portalnpm.com\/\"},{\"@type\":\"ListItem\",\"position\":2,\"name\":\"Provas do Enem ser\u00e3o aplicadas nos dias 3 e 10 de novembro; edital sai em mar\u00e7o\"}]},{\"@type\":\"WebSite\",\"@id\":\"https:\/\/portalnpm.com\/#website\",\"url\":\"https:\/\/portalnpm.com\/\",\"name\":\"Portal NPM\",\"description\":\"Not\u00edcias em Primeira M\u00e3o\",\"potentialAction\":[{\"@type\":\"SearchAction\",\"target\":{\"@type\":\"EntryPoint\",\"urlTemplate\":\"https:\/\/portalnpm.com\/?s={search_term_string}\"},\"query-input\":\"required name=search_term_string\"}],\"inLanguage\":\"pt-BR\"},{\"@type\":\"Person\",\"@id\":\"https:\/\/portalnpm.com\/#\/schema\/person\/0b5f230ec96cee25504fa328e7f2b733\",\"name\":\"Reda\u00e7\u00e3o\",\"image\":{\"@type\":\"ImageObject\",\"inLanguage\":\"pt-BR\",\"@id\":\"https:\/\/portalnpm.com\/#\/schema\/person\/image\/\",\"url\":\"https:\/\/portalnpm.com\/wp-content\/uploads\/2024\/03\/avatar_user_4_1710097212-96x96.png\",\"contentUrl\":\"https:\/\/portalnpm.com\/wp-content\/uploads\/2024\/03\/avatar_user_4_1710097212-96x96.png\",\"caption\":\"Reda\u00e7\u00e3o\"},\"url\":\"https:\/\/portalnpm.com\/index.php\/author\/redacao\/\"}]}<\/script>\n<!-- \/ Yoast SEO plugin. -->","yoast_head_json":{"title":"Provas do Enem ser\u00e3o aplicadas nos dias 3 e 10 de novembro; edital sai em mar\u00e7o - Portal NPM","robots":{"index":"index","follow":"follow","max-snippet":"max-snippet:-1","max-image-preview":"max-image-preview:large","max-video-preview":"max-video-preview:-1"},"canonical":"https:\/\/portalnpm.com\/index.php\/2019\/02\/28\/provas-do-enem-serao-aplicadas-nos-dias-3-e-10-de-novembro-edital-sai-em-marco\/","og_locale":"pt_BR","og_type":"article","og_title":"Provas do Enem ser\u00e3o aplicadas nos dias 3 e 10 de novembro; edital sai em mar\u00e7o - Portal NPM","og_description":"As provas do Exame Nacional do Ensino M\u00e9dio\u00a0(Enem)\u00a0deste ano ser\u00e3o aplicadas nos dias 3 e 10 de novembro, segundo cronograma divulgado na tarde desta quarta-feira\u00a0(27) pelo Instituto Nacional de Estudos e Pesquisas Educacionais An\u00edsio Teixeira (Inep). Pelo calend\u00e1rio, as inscri\u00e7\u00f5es estar\u00e3o abertas de 6 a\u00a017 de maio. Entre 1\u00ba e\u00a010 de abril\u00a0os estudantes poder\u00e3o pedir &hellip;","og_url":"https:\/\/portalnpm.com\/index.php\/2019\/02\/28\/provas-do-enem-serao-aplicadas-nos-dias-3-e-10-de-novembro-edital-sai-em-marco\/","og_site_name":"Portal NPM","article_published_time":"2019-02-28T16:31:08+00:00","author":"Reda\u00e7\u00e3o","twitter_card":"summary_large_image","twitter_misc":{"Escrito por":"Reda\u00e7\u00e3o","Est. tempo de leitura":"1 minuto"},"schema":{"@context":"https:\/\/schema.org","@graph":[{"@type":"WebPage","@id":"https:\/\/portalnpm.com\/index.php\/2019\/02\/28\/provas-do-enem-serao-aplicadas-nos-dias-3-e-10-de-novembro-edital-sai-em-marco\/","url":"https:\/\/portalnpm.com\/index.php\/2019\/02\/28\/provas-do-enem-serao-aplicadas-nos-dias-3-e-10-de-novembro-edital-sai-em-marco\/","name":"Provas do Enem ser\u00e3o aplicadas nos dias 3 e 10 de novembro; edital sai em mar\u00e7o - Portal NPM","isPartOf":{"@id":"https:\/\/portalnpm.com\/#website"},"primaryImageOfPage":{"@id":"https:\/\/portalnpm.com\/index.php\/2019\/02\/28\/provas-do-enem-serao-aplicadas-nos-dias-3-e-10-de-novembro-edital-sai-em-marco\/#primaryimage"},"image":{"@id":"https:\/\/portalnpm.com\/index.php\/2019\/02\/28\/provas-do-enem-serao-aplicadas-nos-dias-3-e-10-de-novembro-edital-sai-em-marco\/#primaryimage"},"thumbnailUrl":"","datePublished":"2019-02-28T16:31:08+00:00","dateModified":"2019-02-28T16:31:08+00:00","author":{"@id":"https:\/\/portalnpm.com\/#\/schema\/person\/0b5f230ec96cee25504fa328e7f2b733"},"breadcrumb":{"@id":"https:\/\/portalnpm.com\/index.php\/2019\/02\/28\/provas-do-enem-serao-aplicadas-nos-dias-3-e-10-de-novembro-edital-sai-em-marco\/#breadcrumb"},"inLanguage":"pt-BR","potentialAction":[{"@type":"ReadAction","target":["https:\/\/portalnpm.com\/index.php\/2019\/02\/28\/provas-do-enem-serao-aplicadas-nos-dias-3-e-10-de-novembro-edital-sai-em-marco\/"]}]},{"@type":"ImageObject","inLanguage":"pt-BR","@id":"https:\/\/portalnpm.com\/index.php\/2019\/02\/28\/provas-do-enem-serao-aplicadas-nos-dias-3-e-10-de-novembro-edital-sai-em-marco\/#primaryimage","url":"","contentUrl":""},{"@type":"BreadcrumbList","@id":"https:\/\/portalnpm.com\/index.php\/2019\/02\/28\/provas-do-enem-serao-aplicadas-nos-dias-3-e-10-de-novembro-edital-sai-em-marco\/#breadcrumb","itemListElement":[{"@type":"ListItem","position":1,"name":"In\u00edcio","item":"https:\/\/portalnpm.com\/"},{"@type":"ListItem","position":2,"name":"Provas do Enem ser\u00e3o aplicadas nos dias 3 e 10 de novembro; edital sai em mar\u00e7o"}]},{"@type":"WebSite","@id":"https:\/\/portalnpm.com\/#website","url":"https:\/\/portalnpm.com\/","name":"Portal NPM","description":"Not\u00edcias em Primeira M\u00e3o","potentialAction":[{"@type":"SearchAction","target":{"@type":"EntryPoint","urlTemplate":"https:\/\/portalnpm.com\/?s={search_term_string}"},"query-input":"required name=search_term_string"}],"inLanguage":"pt-BR"},{"@type":"Person","@id":"https:\/\/portalnpm.com\/#\/schema\/person\/0b5f230ec96cee25504fa328e7f2b733","name":"Reda\u00e7\u00e3o","image":{"@type":"ImageObject","inLanguage":"pt-BR","@id":"https:\/\/portalnpm.com\/#\/schema\/person\/image\/","url":"https:\/\/portalnpm.com\/wp-content\/uploads\/2024\/03\/avatar_user_4_1710097212-96x96.png","contentUrl":"https:\/\/portalnpm.com\/wp-content\/uploads\/2024\/03\/avatar_user_4_1710097212-96x96.png","caption":"Reda\u00e7\u00e3o"},"url":"https:\/\/portalnpm.com\/index.php\/author\/redacao\/"}]}},"jetpack_sharing_enabled":true,"jetpack_featured_media_url":"","_links":{"self":[{"href":"https:\/\/portalnpm.com\/index.php\/wp-json\/wp\/v2\/posts\/5903"}],"collection":[{"href":"https:\/\/portalnpm.com\/index.php\/wp-json\/wp\/v2\/posts"}],"about":[{"href":"https:\/\/portalnpm.com\/index.php\/wp-json\/wp\/v2\/types\/post"}],"author":[{"embeddable":true,"href":"https:\/\/portalnpm.com\/index.php\/wp-json\/wp\/v2\/users\/4"}],"replies":[{"embeddable":true,"href":"https:\/\/portalnpm.com\/index.php\/wp-json\/wp\/v2\/comments?post=5903"}],"version-history":[{"count":0,"href":"https:\/\/portalnpm.com\/index.php\/wp-json\/wp\/v2\/posts\/5903\/revisions"}],"wp:featuredmedia":[{"embeddable":true,"href":"https:\/\/portalnpm.com\/index.php\/wp-json\/"}],"wp:attachment":[{"href":"https:\/\/portalnpm.com\/index.php\/wp-json\/wp\/v2\/media?parent=5903"}],"wp:term":[{"taxonomy":"category","embeddable":true,"href":"https:\/\/portalnpm.com\/index.php\/wp-json\/wp\/v2\/categories?post=5903"},{"taxonomy":"post_tag","embeddable":true,"href":"https:\/\/portalnpm.com\/index.php\/wp-json\/wp\/v2\/tags?post=5903"}],"curies":[{"name":"wp","href":"https:\/\/api.w.org\/{rel}","templated":true}]}}