{"id":59093,"date":"2020-10-29T11:55:47","date_gmt":"2020-10-29T14:55:47","guid":{"rendered":"https:\/\/portalnpm.com\/index.php\/2020\/10\/29\/voce-e-jovem-e-ja-tem-cabelos-brancos-descubra-o-porque\/"},"modified":"2020-10-29T11:55:47","modified_gmt":"2020-10-29T14:55:47","slug":"voce-e-jovem-e-ja-tem-cabelos-brancos-descubra-o-porque","status":"publish","type":"post","link":"https:\/\/portalnpm.com\/index.php\/2020\/10\/29\/voce-e-jovem-e-ja-tem-cabelos-brancos-descubra-o-porque\/","title":{"rendered":"Voc\u00ea \u00e9 Jovem e j\u00e1 tem cabelos Brancos? descubra o porqu\u00ea"},"content":{"rendered":"<p style=\"text-align: justify;\">Voc\u00ea est\u00e1 com seus 20 anos de idade e de repente voc\u00ea se olha no espelho e l\u00e1 est\u00e1 aquele cabelo branco nascendo em voc\u00ea&#8230; Bem, esse fen\u00f4meno ocorre por diversos motivos, alguns deles ambientais, outros simplesmente gen\u00e9ticos. Muitos acreditam que o estresse est\u00e1 relacionado com isto, mas ser\u00e1 mesmo que isso \u00e9 verdade?<br \/>\nPesquisadores est\u00e3o tentado entender como funciona esse processo ligado a melanina. Ela \u00e9 a subst\u00e2ncia respons\u00e1vel pela pigmenta\u00e7\u00e3o n\u00e3o s\u00f3 da pele, mas tamb\u00e9m da cor do seu cabelo. Independente da cor que esse assuma, ela vai estar no processo.<\/p>\n<p style=\"text-align: justify;\">\n<p style=\"text-align: justify;\">\n<p style=\"text-align: justify;\">Hoje a Fatos Desconhecidos traz para voc\u00ea alguns dos motivos do porque, voc\u00ea jovem, j\u00e1 est\u00e1 tendo os famosos &#8220;fios de sabedoria&#8221;. Calma, provavelmente a culpa n\u00e3o \u00e9 sua e sim das gera\u00e7\u00f5es passadas que te presentearam com seus genes. Voc\u00ea \u00e9 jovem e j\u00e1 tem cabelos brancos? Descubra o porqu\u00ea.<\/p>\n<p style=\"text-align: justify;\"><span style=\"font-size: 20px;\"><em><strong>Como nosso cabelo fica grisalho?<\/strong><\/em><\/span><\/p>\n<p style=\"text-align: justify;\">Primeiramente, por que nosso cabelo possui a cor que tem? Isso \u00e9 culpa da melanina e ela se encontra nos nossos fol\u00edculos capilares&#8230; Independente da cor do mesmo. Com o tempo, a melanina que se encontra nessa regi\u00e3o diminui, causando baixa pigmenta\u00e7\u00e3o na hora do crescimento capilar. Quanto mais &#8220;branco&#8221; for o cabelo, menos pigmento capilar estar\u00e1 presente.<\/p>\n<p style=\"text-align: justify;\">Normalmente, esse processo acontece com o tempo. Em torno de 35 anos de idade, pessoas come\u00e7am a ter seus primeiros cabelos brancos, contudo, isso tamb\u00e9m pode acontecer antes. O aparecimento de cabelos grisalhos pode se dar por diversos fatores. Desde fatores ambientais como tamb\u00e9m doen\u00e7as auto-imunes. A principal causa no entanto \u00e9 a gen\u00e9tica do indiv\u00edduo.<\/p>\n<p style=\"text-align: justify;\"><span style=\"font-size: 20px;\"><em><strong>Gen\u00e9tica<\/strong><\/em><\/span><\/p>\n<p style=\"text-align: justify;\">Normalmente, em pessoas caucasianas, a perca prematura de pigmento come\u00e7a mais cedo, aos 20 anos de idade. Na popula\u00e7\u00e3o asi\u00e1tica aos 25 e em pessoas negras ao 30 anos de idade. N\u00e3o se sabe bem qual mecanismo do corpo afeta a perca prematura de pigmento, mas a principal causa \u00e9 a gen\u00e9tica.<\/p>\n<p style=\"text-align: justify;\">Acredita-se que aquelas pessoas que tem cabelos brancos antes dos trinta anos de idade, carregam uma altera\u00e7\u00e3o no gene IRF. \u00c9 esse gene que regula a produ\u00e7\u00e3o de melanina, afetando diretamente a cor de nossos cabelos. Felizmente, essa altera\u00e7\u00e3o gen\u00e9tica n\u00e3o representa nenhum risco a sa\u00fade do indiv\u00edduo. Contudo, podem haver outros fatores.<\/p>\n<p style=\"text-align: justify;\"><span style=\"font-size: 20px;\"><em><strong>Fatores Externos<\/strong><\/em><\/span><\/p>\n<p style=\"text-align: justify;\">Apesar de n\u00e3o haver uma rela\u00e7\u00e3o confirmada entre o estresse e o &#8220;embranqueamento&#8221; do cabelo, esse fator \u00e9 um candidato forte para a ocorr\u00eancia disso. N\u00e3o somente isso, como tamb\u00e9m problemas emocionais e a exposi\u00e7\u00e3o excessiva a raios solares tamb\u00e9m podem ser um dos fatores que levam a esse fen\u00f4meno.<\/p>\n<p style=\"text-align: justify;\">Aparentemente homens tem maior pr\u00e9-disposi\u00e7\u00e3o de desenvolverem cabelos brancos mais cedo. Mulheres, por estat\u00edstica, demoram cerca de 5 anos a mais que os homens para terem seus primeiros fios grisalhos aparecendo. Infelizmente, ainda n\u00e3o se inventou nenhum tipo de medicamento que reverta esse processo. Contudo, uma coisa algumas pessoas ir\u00e3o concordar: cabelos grisalhos tamb\u00e9m podem ser bem charmosos.<\/p>\n<p style=\"text-align: justify;\">Fonte: Do Fatos Desconhecidos<\/p>\n","protected":false},"excerpt":{"rendered":"<p>Voc\u00ea est\u00e1 com seus 20 anos de idade e de repente voc\u00ea se olha no espelho e l\u00e1 est\u00e1 aquele cabelo branco nascendo em voc\u00ea&#8230; Bem, esse fen\u00f4meno ocorre por diversos motivos, alguns deles ambientais, outros simplesmente gen\u00e9ticos. Muitos acreditam que o estresse est\u00e1 relacionado com isto, mas ser\u00e1 mesmo que isso \u00e9 verdade? Pesquisadores &hellip;<\/p>\n","protected":false},"author":2,"featured_media":59094,"comment_status":"open","ping_status":"open","sticky":false,"template":"","format":"standard","meta":{"content-type":"","rop_custom_images_group":[],"rop_custom_messages_group":[],"rop_publish_now":"initial","rop_publish_now_accounts":{"facebook_2648258775420054_1618374048415101":""},"rop_publish_now_history":[],"rop_publish_now_status":"pending","footnotes":"","_jetpack_memberships_contains_paid_content":false},"categories":[1],"tags":[7287,7288,7289],"yoast_head":"<!-- This site is optimized with the Yoast SEO plugin v22.3 - https:\/\/yoast.com\/wordpress\/plugins\/seo\/ -->\n<title>Voc\u00ea \u00e9 Jovem e j\u00e1 tem cabelos Brancos? descubra o porqu\u00ea<\/title>\n<meta name=\"robots\" content=\"index, follow, max-snippet:-1, max-image-preview:large, max-video-preview:-1\" \/>\n<link rel=\"canonical\" href=\"https:\/\/portalnpm.com\/index.php\/2020\/10\/29\/voce-e-jovem-e-ja-tem-cabelos-brancos-descubra-o-porque\/\" \/>\n<meta property=\"og:locale\" content=\"pt_BR\" \/>\n<meta property=\"og:type\" content=\"article\" \/>\n<meta property=\"og:title\" content=\"Voc\u00ea \u00e9 Jovem e j\u00e1 tem cabelos Brancos? descubra o porqu\u00ea\" \/>\n<meta property=\"og:description\" content=\"Voc\u00ea est\u00e1 com seus 20 anos de idade e de repente voc\u00ea se olha no espelho e l\u00e1 est\u00e1 aquele cabelo branco nascendo em voc\u00ea&#8230; Bem, esse fen\u00f4meno ocorre por diversos motivos, alguns deles ambientais, outros simplesmente gen\u00e9ticos. Muitos acreditam que o estresse est\u00e1 relacionado com isto, mas ser\u00e1 mesmo que isso \u00e9 verdade? Pesquisadores &hellip;\" \/>\n<meta property=\"og:url\" content=\"https:\/\/portalnpm.com\/index.php\/2020\/10\/29\/voce-e-jovem-e-ja-tem-cabelos-brancos-descubra-o-porque\/\" \/>\n<meta property=\"og:site_name\" content=\"Portal NPM\" \/>\n<meta property=\"article:published_time\" content=\"2020-10-29T14:55:47+00:00\" \/>\n<meta property=\"og:image\" content=\"https:\/\/portalnpm.com\/wp-content\/uploads\/2024\/01\/voce-e-jovem-e-ja-tem-cabelos-brancos-descubra-o-porque1576195711.jpg\" \/>\n\t<meta property=\"og:image:width\" content=\"400\" \/>\n\t<meta property=\"og:image:height\" content=\"300\" \/>\n\t<meta property=\"og:image:type\" content=\"image\/jpeg\" \/>\n<meta name=\"author\" content=\"Genival Barbosa\" \/>\n<meta name=\"twitter:card\" content=\"summary_large_image\" \/>\n<meta name=\"twitter:label1\" content=\"Escrito por\" \/>\n\t<meta name=\"twitter:data1\" content=\"Genival Barbosa\" \/>\n\t<meta name=\"twitter:label2\" content=\"Est. tempo de leitura\" \/>\n\t<meta name=\"twitter:data2\" content=\"3 minutos\" \/>\n<script type=\"application\/ld+json\" class=\"yoast-schema-graph\">{\"@context\":\"https:\/\/schema.org\",\"@graph\":[{\"@type\":\"WebPage\",\"@id\":\"https:\/\/portalnpm.com\/index.php\/2020\/10\/29\/voce-e-jovem-e-ja-tem-cabelos-brancos-descubra-o-porque\/\",\"url\":\"https:\/\/portalnpm.com\/index.php\/2020\/10\/29\/voce-e-jovem-e-ja-tem-cabelos-brancos-descubra-o-porque\/\",\"name\":\"Voc\u00ea \u00e9 Jovem e j\u00e1 tem cabelos Brancos? descubra o porqu\u00ea\",\"isPartOf\":{\"@id\":\"https:\/\/portalnpm.com\/#website\"},\"primaryImageOfPage\":{\"@id\":\"https:\/\/portalnpm.com\/index.php\/2020\/10\/29\/voce-e-jovem-e-ja-tem-cabelos-brancos-descubra-o-porque\/#primaryimage\"},\"image\":{\"@id\":\"https:\/\/portalnpm.com\/index.php\/2020\/10\/29\/voce-e-jovem-e-ja-tem-cabelos-brancos-descubra-o-porque\/#primaryimage\"},\"thumbnailUrl\":\"https:\/\/portalnpm.com\/wp-content\/uploads\/2024\/01\/voce-e-jovem-e-ja-tem-cabelos-brancos-descubra-o-porque1576195711.jpg\",\"datePublished\":\"2020-10-29T14:55:47+00:00\",\"dateModified\":\"2020-10-29T14:55:47+00:00\",\"author\":{\"@id\":\"https:\/\/portalnpm.com\/#\/schema\/person\/49313e563cfdefcc167f1ee4c017c294\"},\"breadcrumb\":{\"@id\":\"https:\/\/portalnpm.com\/index.php\/2020\/10\/29\/voce-e-jovem-e-ja-tem-cabelos-brancos-descubra-o-porque\/#breadcrumb\"},\"inLanguage\":\"pt-BR\",\"potentialAction\":[{\"@type\":\"ReadAction\",\"target\":[\"https:\/\/portalnpm.com\/index.php\/2020\/10\/29\/voce-e-jovem-e-ja-tem-cabelos-brancos-descubra-o-porque\/\"]}]},{\"@type\":\"ImageObject\",\"inLanguage\":\"pt-BR\",\"@id\":\"https:\/\/portalnpm.com\/index.php\/2020\/10\/29\/voce-e-jovem-e-ja-tem-cabelos-brancos-descubra-o-porque\/#primaryimage\",\"url\":\"https:\/\/portalnpm.com\/wp-content\/uploads\/2024\/01\/voce-e-jovem-e-ja-tem-cabelos-brancos-descubra-o-porque1576195711.jpg\",\"contentUrl\":\"https:\/\/portalnpm.com\/wp-content\/uploads\/2024\/01\/voce-e-jovem-e-ja-tem-cabelos-brancos-descubra-o-porque1576195711.jpg\",\"width\":400,\"height\":300},{\"@type\":\"BreadcrumbList\",\"@id\":\"https:\/\/portalnpm.com\/index.php\/2020\/10\/29\/voce-e-jovem-e-ja-tem-cabelos-brancos-descubra-o-porque\/#breadcrumb\",\"itemListElement\":[{\"@type\":\"ListItem\",\"position\":1,\"name\":\"In\u00edcio\",\"item\":\"https:\/\/portalnpm.com\/\"},{\"@type\":\"ListItem\",\"position\":2,\"name\":\"Voc\u00ea \u00e9 Jovem e j\u00e1 tem cabelos Brancos? descubra o porqu\u00ea\"}]},{\"@type\":\"WebSite\",\"@id\":\"https:\/\/portalnpm.com\/#website\",\"url\":\"https:\/\/portalnpm.com\/\",\"name\":\"Portal NPM\",\"description\":\"Not\u00edcias em Primeira M\u00e3o\",\"potentialAction\":[{\"@type\":\"SearchAction\",\"target\":{\"@type\":\"EntryPoint\",\"urlTemplate\":\"https:\/\/portalnpm.com\/?s={search_term_string}\"},\"query-input\":\"required name=search_term_string\"}],\"inLanguage\":\"pt-BR\"},{\"@type\":\"Person\",\"@id\":\"https:\/\/portalnpm.com\/#\/schema\/person\/49313e563cfdefcc167f1ee4c017c294\",\"name\":\"Genival Barbosa\",\"image\":{\"@type\":\"ImageObject\",\"inLanguage\":\"pt-BR\",\"@id\":\"https:\/\/portalnpm.com\/#\/schema\/person\/image\/\",\"url\":\"https:\/\/portalnpm.com\/wp-content\/uploads\/2024\/02\/avatar_user_2_1707743258-96x96.jpeg\",\"contentUrl\":\"https:\/\/portalnpm.com\/wp-content\/uploads\/2024\/02\/avatar_user_2_1707743258-96x96.jpeg\",\"caption\":\"Genival Barbosa\"},\"url\":\"https:\/\/portalnpm.com\/index.php\/author\/genival\/\"}]}<\/script>\n<!-- \/ Yoast SEO plugin. -->","yoast_head_json":{"title":"Voc\u00ea \u00e9 Jovem e j\u00e1 tem cabelos Brancos? descubra o porqu\u00ea","robots":{"index":"index","follow":"follow","max-snippet":"max-snippet:-1","max-image-preview":"max-image-preview:large","max-video-preview":"max-video-preview:-1"},"canonical":"https:\/\/portalnpm.com\/index.php\/2020\/10\/29\/voce-e-jovem-e-ja-tem-cabelos-brancos-descubra-o-porque\/","og_locale":"pt_BR","og_type":"article","og_title":"Voc\u00ea \u00e9 Jovem e j\u00e1 tem cabelos Brancos? descubra o porqu\u00ea","og_description":"Voc\u00ea est\u00e1 com seus 20 anos de idade e de repente voc\u00ea se olha no espelho e l\u00e1 est\u00e1 aquele cabelo branco nascendo em voc\u00ea&#8230; Bem, esse fen\u00f4meno ocorre por diversos motivos, alguns deles ambientais, outros simplesmente gen\u00e9ticos. Muitos acreditam que o estresse est\u00e1 relacionado com isto, mas ser\u00e1 mesmo que isso \u00e9 verdade? Pesquisadores &hellip;","og_url":"https:\/\/portalnpm.com\/index.php\/2020\/10\/29\/voce-e-jovem-e-ja-tem-cabelos-brancos-descubra-o-porque\/","og_site_name":"Portal NPM","article_published_time":"2020-10-29T14:55:47+00:00","og_image":[{"width":400,"height":300,"url":"https:\/\/portalnpm.com\/wp-content\/uploads\/2024\/01\/voce-e-jovem-e-ja-tem-cabelos-brancos-descubra-o-porque1576195711.jpg","type":"image\/jpeg"}],"author":"Genival Barbosa","twitter_card":"summary_large_image","twitter_misc":{"Escrito por":"Genival Barbosa","Est. tempo de leitura":"3 minutos"},"schema":{"@context":"https:\/\/schema.org","@graph":[{"@type":"WebPage","@id":"https:\/\/portalnpm.com\/index.php\/2020\/10\/29\/voce-e-jovem-e-ja-tem-cabelos-brancos-descubra-o-porque\/","url":"https:\/\/portalnpm.com\/index.php\/2020\/10\/29\/voce-e-jovem-e-ja-tem-cabelos-brancos-descubra-o-porque\/","name":"Voc\u00ea \u00e9 Jovem e j\u00e1 tem cabelos Brancos? descubra o porqu\u00ea","isPartOf":{"@id":"https:\/\/portalnpm.com\/#website"},"primaryImageOfPage":{"@id":"https:\/\/portalnpm.com\/index.php\/2020\/10\/29\/voce-e-jovem-e-ja-tem-cabelos-brancos-descubra-o-porque\/#primaryimage"},"image":{"@id":"https:\/\/portalnpm.com\/index.php\/2020\/10\/29\/voce-e-jovem-e-ja-tem-cabelos-brancos-descubra-o-porque\/#primaryimage"},"thumbnailUrl":"https:\/\/portalnpm.com\/wp-content\/uploads\/2024\/01\/voce-e-jovem-e-ja-tem-cabelos-brancos-descubra-o-porque1576195711.jpg","datePublished":"2020-10-29T14:55:47+00:00","dateModified":"2020-10-29T14:55:47+00:00","author":{"@id":"https:\/\/portalnpm.com\/#\/schema\/person\/49313e563cfdefcc167f1ee4c017c294"},"breadcrumb":{"@id":"https:\/\/portalnpm.com\/index.php\/2020\/10\/29\/voce-e-jovem-e-ja-tem-cabelos-brancos-descubra-o-porque\/#breadcrumb"},"inLanguage":"pt-BR","potentialAction":[{"@type":"ReadAction","target":["https:\/\/portalnpm.com\/index.php\/2020\/10\/29\/voce-e-jovem-e-ja-tem-cabelos-brancos-descubra-o-porque\/"]}]},{"@type":"ImageObject","inLanguage":"pt-BR","@id":"https:\/\/portalnpm.com\/index.php\/2020\/10\/29\/voce-e-jovem-e-ja-tem-cabelos-brancos-descubra-o-porque\/#primaryimage","url":"https:\/\/portalnpm.com\/wp-content\/uploads\/2024\/01\/voce-e-jovem-e-ja-tem-cabelos-brancos-descubra-o-porque1576195711.jpg","contentUrl":"https:\/\/portalnpm.com\/wp-content\/uploads\/2024\/01\/voce-e-jovem-e-ja-tem-cabelos-brancos-descubra-o-porque1576195711.jpg","width":400,"height":300},{"@type":"BreadcrumbList","@id":"https:\/\/portalnpm.com\/index.php\/2020\/10\/29\/voce-e-jovem-e-ja-tem-cabelos-brancos-descubra-o-porque\/#breadcrumb","itemListElement":[{"@type":"ListItem","position":1,"name":"In\u00edcio","item":"https:\/\/portalnpm.com\/"},{"@type":"ListItem","position":2,"name":"Voc\u00ea \u00e9 Jovem e j\u00e1 tem cabelos Brancos? descubra o porqu\u00ea"}]},{"@type":"WebSite","@id":"https:\/\/portalnpm.com\/#website","url":"https:\/\/portalnpm.com\/","name":"Portal NPM","description":"Not\u00edcias em Primeira M\u00e3o","potentialAction":[{"@type":"SearchAction","target":{"@type":"EntryPoint","urlTemplate":"https:\/\/portalnpm.com\/?s={search_term_string}"},"query-input":"required name=search_term_string"}],"inLanguage":"pt-BR"},{"@type":"Person","@id":"https:\/\/portalnpm.com\/#\/schema\/person\/49313e563cfdefcc167f1ee4c017c294","name":"Genival Barbosa","image":{"@type":"ImageObject","inLanguage":"pt-BR","@id":"https:\/\/portalnpm.com\/#\/schema\/person\/image\/","url":"https:\/\/portalnpm.com\/wp-content\/uploads\/2024\/02\/avatar_user_2_1707743258-96x96.jpeg","contentUrl":"https:\/\/portalnpm.com\/wp-content\/uploads\/2024\/02\/avatar_user_2_1707743258-96x96.jpeg","caption":"Genival Barbosa"},"url":"https:\/\/portalnpm.com\/index.php\/author\/genival\/"}]}},"jetpack_sharing_enabled":true,"jetpack_featured_media_url":"https:\/\/portalnpm.com\/wp-content\/uploads\/2024\/01\/voce-e-jovem-e-ja-tem-cabelos-brancos-descubra-o-porque1576195711.jpg","_links":{"self":[{"href":"https:\/\/portalnpm.com\/index.php\/wp-json\/wp\/v2\/posts\/59093"}],"collection":[{"href":"https:\/\/portalnpm.com\/index.php\/wp-json\/wp\/v2\/posts"}],"about":[{"href":"https:\/\/portalnpm.com\/index.php\/wp-json\/wp\/v2\/types\/post"}],"author":[{"embeddable":true,"href":"https:\/\/portalnpm.com\/index.php\/wp-json\/wp\/v2\/users\/2"}],"replies":[{"embeddable":true,"href":"https:\/\/portalnpm.com\/index.php\/wp-json\/wp\/v2\/comments?post=59093"}],"version-history":[{"count":0,"href":"https:\/\/portalnpm.com\/index.php\/wp-json\/wp\/v2\/posts\/59093\/revisions"}],"wp:featuredmedia":[{"embeddable":true,"href":"https:\/\/portalnpm.com\/index.php\/wp-json\/wp\/v2\/media\/59094"}],"wp:attachment":[{"href":"https:\/\/portalnpm.com\/index.php\/wp-json\/wp\/v2\/media?parent=59093"}],"wp:term":[{"taxonomy":"category","embeddable":true,"href":"https:\/\/portalnpm.com\/index.php\/wp-json\/wp\/v2\/categories?post=59093"},{"taxonomy":"post_tag","embeddable":true,"href":"https:\/\/portalnpm.com\/index.php\/wp-json\/wp\/v2\/tags?post=59093"}],"curies":[{"name":"wp","href":"https:\/\/api.w.org\/{rel}","templated":true}]}}