{"id":59132,"date":"2020-10-31T15:51:52","date_gmt":"2020-10-31T18:51:52","guid":{"rendered":"https:\/\/portalnpm.com\/index.php\/2020\/10\/31\/palmeiras-confirma-acerto-com-o-tecnico-portugues-abel-ferreira-ate-2022\/"},"modified":"2020-10-31T15:51:52","modified_gmt":"2020-10-31T18:51:52","slug":"palmeiras-confirma-acerto-com-o-tecnico-portugues-abel-ferreira-ate-2022","status":"publish","type":"post","link":"https:\/\/portalnpm.com\/index.php\/2020\/10\/31\/palmeiras-confirma-acerto-com-o-tecnico-portugues-abel-ferreira-ate-2022\/","title":{"rendered":"Palmeiras confirma acerto com o t\u00e9cnico portugu\u00eas Abel Ferreira at\u00e9 2022"},"content":{"rendered":"<p style=\"text-align: justify;\">O Palmeiras anunciou na noite desta sexta-feira (30) a contrata\u00e7\u00e3o do t\u00e9cnico Abel Ferreira. O portugu\u00eas de 41 anos de idade deixa o PAOK, da Gr\u00e9cia, para assinar um v\u00ednculo at\u00e9 o fim de 2022 com o Verd\u00e3o. Ele assumir\u00e1 o cargo vago desde a sa\u00edda de Vanderlei Luxemburgo, h\u00e1 pouco mais de duas semanas.<\/p>\n<p style=\"text-align: justify;\">\n<p style=\"text-align: justify;\">\n<p style=\"text-align: justify;\">Abel ganhou for\u00e7a depois de a negocia\u00e7\u00e3o com Miguel \u00c1ngel Ram\u00edrez n\u00e3o ser conclu\u00edda. Conhecido por seu trabalho com categorias de base, o portugu\u00eas tem um estilo de jogo agressivo que agrada \u00e0 diretoria do Verd\u00e3o.<\/p>\n<p style=\"text-align: justify;\">A despedida ocorreu ontem (29), no jogo contra o Granada, da Espanha, pela Liga Europa. Mesmo com negocia\u00e7\u00e3o avan\u00e7ada, o treinador preferiu comandar o time grego no confronto, que acabou empatado em 0 a 0. Depois da partida, ao ser questionado sobre seu futuro, preferiu desconversar.<\/p>\n<p style=\"text-align: justify;\">O Palmeiras negociou com o PAOK e n\u00e3o vai pagar o valor completo da multa da rescis\u00f3ria \u2014 o Verd\u00e3o depositar\u00e1 cerca de 600 mil euros (R$ 4 milh\u00f5es). Ele receber\u00e1 sal\u00e1rio de cerca de 120 mil euros (R$ 800 mil) e deve trazer quatro membros de sua comiss\u00e3o t\u00e9cnica: os auxiliares Carlos Martinho e Vitor Castanheira, o preparador f\u00edsico Jo\u00e3o Martins e o analista Tiago Costa.<\/p>\n<p style=\"text-align: justify;\">UOL Esportes<\/p>\n","protected":false},"excerpt":{"rendered":"<p>O Palmeiras anunciou na noite desta sexta-feira (30) a contrata\u00e7\u00e3o do t\u00e9cnico Abel Ferreira. O portugu\u00eas de 41 anos de idade deixa o PAOK, da Gr\u00e9cia, para assinar um v\u00ednculo at\u00e9 o fim de 2022 com o Verd\u00e3o. Ele assumir\u00e1 o cargo vago desde a sa\u00edda de Vanderlei Luxemburgo, h\u00e1 pouco mais de duas semanas. &hellip;<\/p>\n","protected":false},"author":2,"featured_media":27323,"comment_status":"open","ping_status":"open","sticky":false,"template":"","format":"standard","meta":{"content-type":"","rop_custom_images_group":[],"rop_custom_messages_group":[],"rop_publish_now":"initial","rop_publish_now_accounts":{"facebook_2648258775420054_1618374048415101":""},"rop_publish_now_history":[],"rop_publish_now_status":"pending","footnotes":"","_jetpack_memberships_contains_paid_content":false},"categories":[108],"tags":[7340,7341,7342],"yoast_head":"<!-- This site is optimized with the Yoast SEO plugin v22.3 - https:\/\/yoast.com\/wordpress\/plugins\/seo\/ -->\n<title>Palmeiras confirma acerto com o t\u00e9cnico portugu\u00eas Abel Ferreira at\u00e9 2022<\/title>\n<meta name=\"robots\" content=\"index, follow, max-snippet:-1, max-image-preview:large, max-video-preview:-1\" \/>\n<link rel=\"canonical\" href=\"https:\/\/portalnpm.com\/index.php\/2020\/10\/31\/palmeiras-confirma-acerto-com-o-tecnico-portugues-abel-ferreira-ate-2022\/\" \/>\n<meta property=\"og:locale\" content=\"pt_BR\" \/>\n<meta property=\"og:type\" content=\"article\" \/>\n<meta property=\"og:title\" content=\"Palmeiras confirma acerto com o t\u00e9cnico portugu\u00eas Abel Ferreira at\u00e9 2022\" \/>\n<meta property=\"og:description\" content=\"O Palmeiras anunciou na noite desta sexta-feira (30) a contrata\u00e7\u00e3o do t\u00e9cnico Abel Ferreira. O portugu\u00eas de 41 anos de idade deixa o PAOK, da Gr\u00e9cia, para assinar um v\u00ednculo at\u00e9 o fim de 2022 com o Verd\u00e3o. Ele assumir\u00e1 o cargo vago desde a sa\u00edda de Vanderlei Luxemburgo, h\u00e1 pouco mais de duas semanas. &hellip;\" \/>\n<meta property=\"og:url\" content=\"https:\/\/portalnpm.com\/index.php\/2020\/10\/31\/palmeiras-confirma-acerto-com-o-tecnico-portugues-abel-ferreira-ate-2022\/\" \/>\n<meta property=\"og:site_name\" content=\"Portal NPM\" \/>\n<meta property=\"article:published_time\" content=\"2020-10-31T18:51:52+00:00\" \/>\n<meta name=\"author\" content=\"Genival Barbosa\" \/>\n<meta name=\"twitter:card\" content=\"summary_large_image\" \/>\n<meta name=\"twitter:label1\" content=\"Escrito por\" \/>\n\t<meta name=\"twitter:data1\" content=\"Genival Barbosa\" \/>\n\t<meta name=\"twitter:label2\" content=\"Est. tempo de leitura\" \/>\n\t<meta name=\"twitter:data2\" content=\"1 minuto\" \/>\n<script type=\"application\/ld+json\" class=\"yoast-schema-graph\">{\"@context\":\"https:\/\/schema.org\",\"@graph\":[{\"@type\":\"WebPage\",\"@id\":\"https:\/\/portalnpm.com\/index.php\/2020\/10\/31\/palmeiras-confirma-acerto-com-o-tecnico-portugues-abel-ferreira-ate-2022\/\",\"url\":\"https:\/\/portalnpm.com\/index.php\/2020\/10\/31\/palmeiras-confirma-acerto-com-o-tecnico-portugues-abel-ferreira-ate-2022\/\",\"name\":\"Palmeiras confirma acerto com o t\u00e9cnico portugu\u00eas Abel Ferreira at\u00e9 2022\",\"isPartOf\":{\"@id\":\"https:\/\/portalnpm.com\/#website\"},\"primaryImageOfPage\":{\"@id\":\"https:\/\/portalnpm.com\/index.php\/2020\/10\/31\/palmeiras-confirma-acerto-com-o-tecnico-portugues-abel-ferreira-ate-2022\/#primaryimage\"},\"image\":{\"@id\":\"https:\/\/portalnpm.com\/index.php\/2020\/10\/31\/palmeiras-confirma-acerto-com-o-tecnico-portugues-abel-ferreira-ate-2022\/#primaryimage\"},\"thumbnailUrl\":\"\",\"datePublished\":\"2020-10-31T18:51:52+00:00\",\"dateModified\":\"2020-10-31T18:51:52+00:00\",\"author\":{\"@id\":\"https:\/\/portalnpm.com\/#\/schema\/person\/49313e563cfdefcc167f1ee4c017c294\"},\"breadcrumb\":{\"@id\":\"https:\/\/portalnpm.com\/index.php\/2020\/10\/31\/palmeiras-confirma-acerto-com-o-tecnico-portugues-abel-ferreira-ate-2022\/#breadcrumb\"},\"inLanguage\":\"pt-BR\",\"potentialAction\":[{\"@type\":\"ReadAction\",\"target\":[\"https:\/\/portalnpm.com\/index.php\/2020\/10\/31\/palmeiras-confirma-acerto-com-o-tecnico-portugues-abel-ferreira-ate-2022\/\"]}]},{\"@type\":\"ImageObject\",\"inLanguage\":\"pt-BR\",\"@id\":\"https:\/\/portalnpm.com\/index.php\/2020\/10\/31\/palmeiras-confirma-acerto-com-o-tecnico-portugues-abel-ferreira-ate-2022\/#primaryimage\",\"url\":\"\",\"contentUrl\":\"\"},{\"@type\":\"BreadcrumbList\",\"@id\":\"https:\/\/portalnpm.com\/index.php\/2020\/10\/31\/palmeiras-confirma-acerto-com-o-tecnico-portugues-abel-ferreira-ate-2022\/#breadcrumb\",\"itemListElement\":[{\"@type\":\"ListItem\",\"position\":1,\"name\":\"In\u00edcio\",\"item\":\"https:\/\/portalnpm.com\/\"},{\"@type\":\"ListItem\",\"position\":2,\"name\":\"Palmeiras confirma acerto com o t\u00e9cnico portugu\u00eas Abel Ferreira at\u00e9 2022\"}]},{\"@type\":\"WebSite\",\"@id\":\"https:\/\/portalnpm.com\/#website\",\"url\":\"https:\/\/portalnpm.com\/\",\"name\":\"Portal NPM\",\"description\":\"Not\u00edcias em Primeira M\u00e3o\",\"potentialAction\":[{\"@type\":\"SearchAction\",\"target\":{\"@type\":\"EntryPoint\",\"urlTemplate\":\"https:\/\/portalnpm.com\/?s={search_term_string}\"},\"query-input\":\"required name=search_term_string\"}],\"inLanguage\":\"pt-BR\"},{\"@type\":\"Person\",\"@id\":\"https:\/\/portalnpm.com\/#\/schema\/person\/49313e563cfdefcc167f1ee4c017c294\",\"name\":\"Genival Barbosa\",\"image\":{\"@type\":\"ImageObject\",\"inLanguage\":\"pt-BR\",\"@id\":\"https:\/\/portalnpm.com\/#\/schema\/person\/image\/\",\"url\":\"https:\/\/portalnpm.com\/wp-content\/uploads\/2024\/02\/avatar_user_2_1707743258-96x96.jpeg\",\"contentUrl\":\"https:\/\/portalnpm.com\/wp-content\/uploads\/2024\/02\/avatar_user_2_1707743258-96x96.jpeg\",\"caption\":\"Genival Barbosa\"},\"url\":\"https:\/\/portalnpm.com\/index.php\/author\/genival\/\"}]}<\/script>\n<!-- \/ Yoast SEO plugin. -->","yoast_head_json":{"title":"Palmeiras confirma acerto com o t\u00e9cnico portugu\u00eas Abel Ferreira at\u00e9 2022","robots":{"index":"index","follow":"follow","max-snippet":"max-snippet:-1","max-image-preview":"max-image-preview:large","max-video-preview":"max-video-preview:-1"},"canonical":"https:\/\/portalnpm.com\/index.php\/2020\/10\/31\/palmeiras-confirma-acerto-com-o-tecnico-portugues-abel-ferreira-ate-2022\/","og_locale":"pt_BR","og_type":"article","og_title":"Palmeiras confirma acerto com o t\u00e9cnico portugu\u00eas Abel Ferreira at\u00e9 2022","og_description":"O Palmeiras anunciou na noite desta sexta-feira (30) a contrata\u00e7\u00e3o do t\u00e9cnico Abel Ferreira. O portugu\u00eas de 41 anos de idade deixa o PAOK, da Gr\u00e9cia, para assinar um v\u00ednculo at\u00e9 o fim de 2022 com o Verd\u00e3o. Ele assumir\u00e1 o cargo vago desde a sa\u00edda de Vanderlei Luxemburgo, h\u00e1 pouco mais de duas semanas. &hellip;","og_url":"https:\/\/portalnpm.com\/index.php\/2020\/10\/31\/palmeiras-confirma-acerto-com-o-tecnico-portugues-abel-ferreira-ate-2022\/","og_site_name":"Portal NPM","article_published_time":"2020-10-31T18:51:52+00:00","author":"Genival Barbosa","twitter_card":"summary_large_image","twitter_misc":{"Escrito por":"Genival Barbosa","Est. tempo de leitura":"1 minuto"},"schema":{"@context":"https:\/\/schema.org","@graph":[{"@type":"WebPage","@id":"https:\/\/portalnpm.com\/index.php\/2020\/10\/31\/palmeiras-confirma-acerto-com-o-tecnico-portugues-abel-ferreira-ate-2022\/","url":"https:\/\/portalnpm.com\/index.php\/2020\/10\/31\/palmeiras-confirma-acerto-com-o-tecnico-portugues-abel-ferreira-ate-2022\/","name":"Palmeiras confirma acerto com o t\u00e9cnico portugu\u00eas Abel Ferreira at\u00e9 2022","isPartOf":{"@id":"https:\/\/portalnpm.com\/#website"},"primaryImageOfPage":{"@id":"https:\/\/portalnpm.com\/index.php\/2020\/10\/31\/palmeiras-confirma-acerto-com-o-tecnico-portugues-abel-ferreira-ate-2022\/#primaryimage"},"image":{"@id":"https:\/\/portalnpm.com\/index.php\/2020\/10\/31\/palmeiras-confirma-acerto-com-o-tecnico-portugues-abel-ferreira-ate-2022\/#primaryimage"},"thumbnailUrl":"","datePublished":"2020-10-31T18:51:52+00:00","dateModified":"2020-10-31T18:51:52+00:00","author":{"@id":"https:\/\/portalnpm.com\/#\/schema\/person\/49313e563cfdefcc167f1ee4c017c294"},"breadcrumb":{"@id":"https:\/\/portalnpm.com\/index.php\/2020\/10\/31\/palmeiras-confirma-acerto-com-o-tecnico-portugues-abel-ferreira-ate-2022\/#breadcrumb"},"inLanguage":"pt-BR","potentialAction":[{"@type":"ReadAction","target":["https:\/\/portalnpm.com\/index.php\/2020\/10\/31\/palmeiras-confirma-acerto-com-o-tecnico-portugues-abel-ferreira-ate-2022\/"]}]},{"@type":"ImageObject","inLanguage":"pt-BR","@id":"https:\/\/portalnpm.com\/index.php\/2020\/10\/31\/palmeiras-confirma-acerto-com-o-tecnico-portugues-abel-ferreira-ate-2022\/#primaryimage","url":"","contentUrl":""},{"@type":"BreadcrumbList","@id":"https:\/\/portalnpm.com\/index.php\/2020\/10\/31\/palmeiras-confirma-acerto-com-o-tecnico-portugues-abel-ferreira-ate-2022\/#breadcrumb","itemListElement":[{"@type":"ListItem","position":1,"name":"In\u00edcio","item":"https:\/\/portalnpm.com\/"},{"@type":"ListItem","position":2,"name":"Palmeiras confirma acerto com o t\u00e9cnico portugu\u00eas Abel Ferreira at\u00e9 2022"}]},{"@type":"WebSite","@id":"https:\/\/portalnpm.com\/#website","url":"https:\/\/portalnpm.com\/","name":"Portal NPM","description":"Not\u00edcias em Primeira M\u00e3o","potentialAction":[{"@type":"SearchAction","target":{"@type":"EntryPoint","urlTemplate":"https:\/\/portalnpm.com\/?s={search_term_string}"},"query-input":"required name=search_term_string"}],"inLanguage":"pt-BR"},{"@type":"Person","@id":"https:\/\/portalnpm.com\/#\/schema\/person\/49313e563cfdefcc167f1ee4c017c294","name":"Genival Barbosa","image":{"@type":"ImageObject","inLanguage":"pt-BR","@id":"https:\/\/portalnpm.com\/#\/schema\/person\/image\/","url":"https:\/\/portalnpm.com\/wp-content\/uploads\/2024\/02\/avatar_user_2_1707743258-96x96.jpeg","contentUrl":"https:\/\/portalnpm.com\/wp-content\/uploads\/2024\/02\/avatar_user_2_1707743258-96x96.jpeg","caption":"Genival Barbosa"},"url":"https:\/\/portalnpm.com\/index.php\/author\/genival\/"}]}},"jetpack_sharing_enabled":true,"jetpack_featured_media_url":"","_links":{"self":[{"href":"https:\/\/portalnpm.com\/index.php\/wp-json\/wp\/v2\/posts\/59132"}],"collection":[{"href":"https:\/\/portalnpm.com\/index.php\/wp-json\/wp\/v2\/posts"}],"about":[{"href":"https:\/\/portalnpm.com\/index.php\/wp-json\/wp\/v2\/types\/post"}],"author":[{"embeddable":true,"href":"https:\/\/portalnpm.com\/index.php\/wp-json\/wp\/v2\/users\/2"}],"replies":[{"embeddable":true,"href":"https:\/\/portalnpm.com\/index.php\/wp-json\/wp\/v2\/comments?post=59132"}],"version-history":[{"count":0,"href":"https:\/\/portalnpm.com\/index.php\/wp-json\/wp\/v2\/posts\/59132\/revisions"}],"wp:featuredmedia":[{"embeddable":true,"href":"https:\/\/portalnpm.com\/index.php\/wp-json\/"}],"wp:attachment":[{"href":"https:\/\/portalnpm.com\/index.php\/wp-json\/wp\/v2\/media?parent=59132"}],"wp:term":[{"taxonomy":"category","embeddable":true,"href":"https:\/\/portalnpm.com\/index.php\/wp-json\/wp\/v2\/categories?post=59132"},{"taxonomy":"post_tag","embeddable":true,"href":"https:\/\/portalnpm.com\/index.php\/wp-json\/wp\/v2\/tags?post=59132"}],"curies":[{"name":"wp","href":"https:\/\/api.w.org\/{rel}","templated":true}]}}