{"id":59194,"date":"2020-11-04T14:02:03","date_gmt":"2020-11-04T17:02:03","guid":{"rendered":"https:\/\/portalnpm.com\/index.php\/2020\/11\/04\/santo-antonio-de-lisboa-prefeito-welington-carlos-passa-por-cirurgia-apos-acidente-gestor-esta-fora-de-perigo-mas-permanece-internado\/"},"modified":"2020-11-04T14:02:03","modified_gmt":"2020-11-04T17:02:03","slug":"santo-antonio-de-lisboa-prefeito-welington-carlos-passa-por-cirurgia-apos-acidente-gestor-esta-fora-de-perigo-mas-permanece-internado","status":"publish","type":"post","link":"https:\/\/portalnpm.com\/index.php\/2020\/11\/04\/santo-antonio-de-lisboa-prefeito-welington-carlos-passa-por-cirurgia-apos-acidente-gestor-esta-fora-de-perigo-mas-permanece-internado\/","title":{"rendered":"Santo Ant\u00f4nio de Lisboa | Prefeito Welington Carlos passa por cirurgia ap\u00f3s acidente; gestor est\u00e1 fora de perigo mas permanece internado"},"content":{"rendered":"<p style=\"text-align: justify;\">O prefeito de Santo Ant\u00f4nio de Lisboa-PI, o progressista Wellington Carlos sofreu um acidente no in\u00edcio da manh\u00e3 desta quarta-feira, 04, enquanto trafegava na BR-316 na cidade de Picos-PI, precisamente na ladeira de F\u00e1tima, povoado que fica \u00e0s margens da rodovia.<\/p>\n<p style=\"text-align: justify;\">\n<p style=\"text-align: justify;\">\n<p style=\"text-align: justify;\">A informa\u00e7\u00e3o foi divulgada pelo vice-prefeito do munic\u00edpio Dr. Karl\u00e3o. Segundo o m\u00e9dico, Wellington Carlos se dirigia a Teresina-PI em um ve\u00edculo Chevrolet Trail Blazer quando um outro autom\u00f3vel de passeio invadiu a contram\u00e3o e colidiu de frente com o carro no qual estava o gestor Lisboense.<\/p>\n<p style=\"text-align: justify;\">Ap\u00f3s a colis\u00e3o o prefeito foi atendido no Hospital Regional Justino Luz em Picos-PI e teve que passar por procedimento cir\u00fargico. A equipe m\u00e9dica de cirurgi\u00f5es composta pelo Dr. Karl\u00e3o e os m\u00e9dicos Paulo Moura, Cleiton Silva e Cassiano Caetano explicaram que o gestor sofreu um trauma abdominal fechado com sangramento para cavidade abdominal, o que ocasionou uma perda de sangue significativa, ele foi prontamente operado e teve como achados 03 lacera\u00e7\u00f5es no mesent\u00e9rio com sangramento ativo que foram devidamente resolvidos.<\/p>\n<p style=\"text-align: justify;\">Ap\u00f3s esta cirurgia o prefeito Wellington Carlos recebeu hemotransfus\u00e3o e passa bem, est\u00e1 consciente e n\u00e3o corre risco de morte. Os outros ocupantes do ve\u00edculo, o ex-presidente da C\u00e2mara Municipal vereador Chico Paulo, o comandante do Grupamento municipal da Pol\u00edcia Militar cabo Claudizon e soldado Macedo sofreram ferimentos leves.<\/p>\n<p style=\"text-align: justify;\">Este foi o segundo acidente de autom\u00f3vel sofrido pelo Prefeito Wellington Carlos, o primeiro foi em outubro de 2018, quando o ve\u00edculo em que ele estava colidiu com um animal.<\/p>\n<p style=\"text-align: justify;\">Fonte: Piau\u00ed em Foco<\/p>\n","protected":false},"excerpt":{"rendered":"<p>O prefeito de Santo Ant\u00f4nio de Lisboa-PI, o progressista Wellington Carlos sofreu um acidente no in\u00edcio da manh\u00e3 desta quarta-feira, 04, enquanto trafegava na BR-316 na cidade de Picos-PI, precisamente na ladeira de F\u00e1tima, povoado que fica \u00e0s margens da rodovia. A informa\u00e7\u00e3o foi divulgada pelo vice-prefeito do munic\u00edpio Dr. Karl\u00e3o. Segundo o m\u00e9dico, Wellington &hellip;<\/p>\n","protected":false},"author":2,"featured_media":27439,"comment_status":"open","ping_status":"open","sticky":false,"template":"","format":"standard","meta":{"content-type":"","rop_custom_images_group":[],"rop_custom_messages_group":[],"rop_publish_now":"initial","rop_publish_now_accounts":{"facebook_2648258775420054_1618374048415101":""},"rop_publish_now_history":[],"rop_publish_now_status":"pending","footnotes":"","_jetpack_memberships_contains_paid_content":false},"categories":[113,109,130,4397],"tags":[154,7407,135,4398,5795],"yoast_head":"<!-- This site is optimized with the Yoast SEO plugin v22.3 - https:\/\/yoast.com\/wordpress\/plugins\/seo\/ -->\n<title>Santo Ant\u00f4nio de Lisboa | Prefeito Welington Carlos passa por cirurgia ap\u00f3s acidente; gestor est\u00e1 fora de perigo mas permanece internado<\/title>\n<meta name=\"robots\" content=\"index, follow, max-snippet:-1, max-image-preview:large, max-video-preview:-1\" \/>\n<link rel=\"canonical\" href=\"https:\/\/portalnpm.com\/index.php\/2020\/11\/04\/santo-antonio-de-lisboa-prefeito-welington-carlos-passa-por-cirurgia-apos-acidente-gestor-esta-fora-de-perigo-mas-permanece-internado\/\" \/>\n<meta property=\"og:locale\" content=\"pt_BR\" \/>\n<meta property=\"og:type\" content=\"article\" \/>\n<meta property=\"og:title\" content=\"Santo Ant\u00f4nio de Lisboa | Prefeito Welington Carlos passa por cirurgia ap\u00f3s acidente; gestor est\u00e1 fora de perigo mas permanece internado\" \/>\n<meta property=\"og:description\" content=\"O prefeito de Santo Ant\u00f4nio de Lisboa-PI, o progressista Wellington Carlos sofreu um acidente no in\u00edcio da manh\u00e3 desta quarta-feira, 04, enquanto trafegava na BR-316 na cidade de Picos-PI, precisamente na ladeira de F\u00e1tima, povoado que fica \u00e0s margens da rodovia. A informa\u00e7\u00e3o foi divulgada pelo vice-prefeito do munic\u00edpio Dr. Karl\u00e3o. Segundo o m\u00e9dico, Wellington &hellip;\" \/>\n<meta property=\"og:url\" content=\"https:\/\/portalnpm.com\/index.php\/2020\/11\/04\/santo-antonio-de-lisboa-prefeito-welington-carlos-passa-por-cirurgia-apos-acidente-gestor-esta-fora-de-perigo-mas-permanece-internado\/\" \/>\n<meta property=\"og:site_name\" content=\"Portal NPM\" \/>\n<meta property=\"article:published_time\" content=\"2020-11-04T17:02:03+00:00\" \/>\n<meta name=\"author\" content=\"Genival Barbosa\" \/>\n<meta name=\"twitter:card\" content=\"summary_large_image\" \/>\n<meta name=\"twitter:label1\" content=\"Escrito por\" \/>\n\t<meta name=\"twitter:data1\" content=\"Genival Barbosa\" \/>\n\t<meta name=\"twitter:label2\" content=\"Est. tempo de leitura\" \/>\n\t<meta name=\"twitter:data2\" content=\"1 minuto\" \/>\n<script type=\"application\/ld+json\" class=\"yoast-schema-graph\">{\"@context\":\"https:\/\/schema.org\",\"@graph\":[{\"@type\":\"WebPage\",\"@id\":\"https:\/\/portalnpm.com\/index.php\/2020\/11\/04\/santo-antonio-de-lisboa-prefeito-welington-carlos-passa-por-cirurgia-apos-acidente-gestor-esta-fora-de-perigo-mas-permanece-internado\/\",\"url\":\"https:\/\/portalnpm.com\/index.php\/2020\/11\/04\/santo-antonio-de-lisboa-prefeito-welington-carlos-passa-por-cirurgia-apos-acidente-gestor-esta-fora-de-perigo-mas-permanece-internado\/\",\"name\":\"Santo Ant\u00f4nio de Lisboa | Prefeito Welington Carlos passa por cirurgia ap\u00f3s acidente; gestor est\u00e1 fora de perigo mas permanece internado\",\"isPartOf\":{\"@id\":\"https:\/\/portalnpm.com\/#website\"},\"primaryImageOfPage\":{\"@id\":\"https:\/\/portalnpm.com\/index.php\/2020\/11\/04\/santo-antonio-de-lisboa-prefeito-welington-carlos-passa-por-cirurgia-apos-acidente-gestor-esta-fora-de-perigo-mas-permanece-internado\/#primaryimage\"},\"image\":{\"@id\":\"https:\/\/portalnpm.com\/index.php\/2020\/11\/04\/santo-antonio-de-lisboa-prefeito-welington-carlos-passa-por-cirurgia-apos-acidente-gestor-esta-fora-de-perigo-mas-permanece-internado\/#primaryimage\"},\"thumbnailUrl\":\"\",\"datePublished\":\"2020-11-04T17:02:03+00:00\",\"dateModified\":\"2020-11-04T17:02:03+00:00\",\"author\":{\"@id\":\"https:\/\/portalnpm.com\/#\/schema\/person\/49313e563cfdefcc167f1ee4c017c294\"},\"breadcrumb\":{\"@id\":\"https:\/\/portalnpm.com\/index.php\/2020\/11\/04\/santo-antonio-de-lisboa-prefeito-welington-carlos-passa-por-cirurgia-apos-acidente-gestor-esta-fora-de-perigo-mas-permanece-internado\/#breadcrumb\"},\"inLanguage\":\"pt-BR\",\"potentialAction\":[{\"@type\":\"ReadAction\",\"target\":[\"https:\/\/portalnpm.com\/index.php\/2020\/11\/04\/santo-antonio-de-lisboa-prefeito-welington-carlos-passa-por-cirurgia-apos-acidente-gestor-esta-fora-de-perigo-mas-permanece-internado\/\"]}]},{\"@type\":\"ImageObject\",\"inLanguage\":\"pt-BR\",\"@id\":\"https:\/\/portalnpm.com\/index.php\/2020\/11\/04\/santo-antonio-de-lisboa-prefeito-welington-carlos-passa-por-cirurgia-apos-acidente-gestor-esta-fora-de-perigo-mas-permanece-internado\/#primaryimage\",\"url\":\"\",\"contentUrl\":\"\"},{\"@type\":\"BreadcrumbList\",\"@id\":\"https:\/\/portalnpm.com\/index.php\/2020\/11\/04\/santo-antonio-de-lisboa-prefeito-welington-carlos-passa-por-cirurgia-apos-acidente-gestor-esta-fora-de-perigo-mas-permanece-internado\/#breadcrumb\",\"itemListElement\":[{\"@type\":\"ListItem\",\"position\":1,\"name\":\"In\u00edcio\",\"item\":\"https:\/\/portalnpm.com\/\"},{\"@type\":\"ListItem\",\"position\":2,\"name\":\"Santo Ant\u00f4nio de Lisboa | Prefeito Welington Carlos passa por cirurgia ap\u00f3s acidente; gestor est\u00e1 fora de perigo mas permanece internado\"}]},{\"@type\":\"WebSite\",\"@id\":\"https:\/\/portalnpm.com\/#website\",\"url\":\"https:\/\/portalnpm.com\/\",\"name\":\"Portal NPM\",\"description\":\"Not\u00edcias em Primeira M\u00e3o\",\"potentialAction\":[{\"@type\":\"SearchAction\",\"target\":{\"@type\":\"EntryPoint\",\"urlTemplate\":\"https:\/\/portalnpm.com\/?s={search_term_string}\"},\"query-input\":\"required name=search_term_string\"}],\"inLanguage\":\"pt-BR\"},{\"@type\":\"Person\",\"@id\":\"https:\/\/portalnpm.com\/#\/schema\/person\/49313e563cfdefcc167f1ee4c017c294\",\"name\":\"Genival Barbosa\",\"image\":{\"@type\":\"ImageObject\",\"inLanguage\":\"pt-BR\",\"@id\":\"https:\/\/portalnpm.com\/#\/schema\/person\/image\/\",\"url\":\"https:\/\/portalnpm.com\/wp-content\/uploads\/2024\/02\/avatar_user_2_1707743258-96x96.jpeg\",\"contentUrl\":\"https:\/\/portalnpm.com\/wp-content\/uploads\/2024\/02\/avatar_user_2_1707743258-96x96.jpeg\",\"caption\":\"Genival Barbosa\"},\"url\":\"https:\/\/portalnpm.com\/index.php\/author\/genival\/\"}]}<\/script>\n<!-- \/ Yoast SEO plugin. -->","yoast_head_json":{"title":"Santo Ant\u00f4nio de Lisboa | Prefeito Welington Carlos passa por cirurgia ap\u00f3s acidente; gestor est\u00e1 fora de perigo mas permanece internado","robots":{"index":"index","follow":"follow","max-snippet":"max-snippet:-1","max-image-preview":"max-image-preview:large","max-video-preview":"max-video-preview:-1"},"canonical":"https:\/\/portalnpm.com\/index.php\/2020\/11\/04\/santo-antonio-de-lisboa-prefeito-welington-carlos-passa-por-cirurgia-apos-acidente-gestor-esta-fora-de-perigo-mas-permanece-internado\/","og_locale":"pt_BR","og_type":"article","og_title":"Santo Ant\u00f4nio de Lisboa | Prefeito Welington Carlos passa por cirurgia ap\u00f3s acidente; gestor est\u00e1 fora de perigo mas permanece internado","og_description":"O prefeito de Santo Ant\u00f4nio de Lisboa-PI, o progressista Wellington Carlos sofreu um acidente no in\u00edcio da manh\u00e3 desta quarta-feira, 04, enquanto trafegava na BR-316 na cidade de Picos-PI, precisamente na ladeira de F\u00e1tima, povoado que fica \u00e0s margens da rodovia. A informa\u00e7\u00e3o foi divulgada pelo vice-prefeito do munic\u00edpio Dr. Karl\u00e3o. Segundo o m\u00e9dico, Wellington &hellip;","og_url":"https:\/\/portalnpm.com\/index.php\/2020\/11\/04\/santo-antonio-de-lisboa-prefeito-welington-carlos-passa-por-cirurgia-apos-acidente-gestor-esta-fora-de-perigo-mas-permanece-internado\/","og_site_name":"Portal NPM","article_published_time":"2020-11-04T17:02:03+00:00","author":"Genival Barbosa","twitter_card":"summary_large_image","twitter_misc":{"Escrito por":"Genival Barbosa","Est. tempo de leitura":"1 minuto"},"schema":{"@context":"https:\/\/schema.org","@graph":[{"@type":"WebPage","@id":"https:\/\/portalnpm.com\/index.php\/2020\/11\/04\/santo-antonio-de-lisboa-prefeito-welington-carlos-passa-por-cirurgia-apos-acidente-gestor-esta-fora-de-perigo-mas-permanece-internado\/","url":"https:\/\/portalnpm.com\/index.php\/2020\/11\/04\/santo-antonio-de-lisboa-prefeito-welington-carlos-passa-por-cirurgia-apos-acidente-gestor-esta-fora-de-perigo-mas-permanece-internado\/","name":"Santo Ant\u00f4nio de Lisboa | Prefeito Welington Carlos passa por cirurgia ap\u00f3s acidente; gestor est\u00e1 fora de perigo mas permanece internado","isPartOf":{"@id":"https:\/\/portalnpm.com\/#website"},"primaryImageOfPage":{"@id":"https:\/\/portalnpm.com\/index.php\/2020\/11\/04\/santo-antonio-de-lisboa-prefeito-welington-carlos-passa-por-cirurgia-apos-acidente-gestor-esta-fora-de-perigo-mas-permanece-internado\/#primaryimage"},"image":{"@id":"https:\/\/portalnpm.com\/index.php\/2020\/11\/04\/santo-antonio-de-lisboa-prefeito-welington-carlos-passa-por-cirurgia-apos-acidente-gestor-esta-fora-de-perigo-mas-permanece-internado\/#primaryimage"},"thumbnailUrl":"","datePublished":"2020-11-04T17:02:03+00:00","dateModified":"2020-11-04T17:02:03+00:00","author":{"@id":"https:\/\/portalnpm.com\/#\/schema\/person\/49313e563cfdefcc167f1ee4c017c294"},"breadcrumb":{"@id":"https:\/\/portalnpm.com\/index.php\/2020\/11\/04\/santo-antonio-de-lisboa-prefeito-welington-carlos-passa-por-cirurgia-apos-acidente-gestor-esta-fora-de-perigo-mas-permanece-internado\/#breadcrumb"},"inLanguage":"pt-BR","potentialAction":[{"@type":"ReadAction","target":["https:\/\/portalnpm.com\/index.php\/2020\/11\/04\/santo-antonio-de-lisboa-prefeito-welington-carlos-passa-por-cirurgia-apos-acidente-gestor-esta-fora-de-perigo-mas-permanece-internado\/"]}]},{"@type":"ImageObject","inLanguage":"pt-BR","@id":"https:\/\/portalnpm.com\/index.php\/2020\/11\/04\/santo-antonio-de-lisboa-prefeito-welington-carlos-passa-por-cirurgia-apos-acidente-gestor-esta-fora-de-perigo-mas-permanece-internado\/#primaryimage","url":"","contentUrl":""},{"@type":"BreadcrumbList","@id":"https:\/\/portalnpm.com\/index.php\/2020\/11\/04\/santo-antonio-de-lisboa-prefeito-welington-carlos-passa-por-cirurgia-apos-acidente-gestor-esta-fora-de-perigo-mas-permanece-internado\/#breadcrumb","itemListElement":[{"@type":"ListItem","position":1,"name":"In\u00edcio","item":"https:\/\/portalnpm.com\/"},{"@type":"ListItem","position":2,"name":"Santo Ant\u00f4nio de Lisboa | Prefeito Welington Carlos passa por cirurgia ap\u00f3s acidente; gestor est\u00e1 fora de perigo mas permanece internado"}]},{"@type":"WebSite","@id":"https:\/\/portalnpm.com\/#website","url":"https:\/\/portalnpm.com\/","name":"Portal NPM","description":"Not\u00edcias em Primeira M\u00e3o","potentialAction":[{"@type":"SearchAction","target":{"@type":"EntryPoint","urlTemplate":"https:\/\/portalnpm.com\/?s={search_term_string}"},"query-input":"required name=search_term_string"}],"inLanguage":"pt-BR"},{"@type":"Person","@id":"https:\/\/portalnpm.com\/#\/schema\/person\/49313e563cfdefcc167f1ee4c017c294","name":"Genival Barbosa","image":{"@type":"ImageObject","inLanguage":"pt-BR","@id":"https:\/\/portalnpm.com\/#\/schema\/person\/image\/","url":"https:\/\/portalnpm.com\/wp-content\/uploads\/2024\/02\/avatar_user_2_1707743258-96x96.jpeg","contentUrl":"https:\/\/portalnpm.com\/wp-content\/uploads\/2024\/02\/avatar_user_2_1707743258-96x96.jpeg","caption":"Genival Barbosa"},"url":"https:\/\/portalnpm.com\/index.php\/author\/genival\/"}]}},"jetpack_sharing_enabled":true,"jetpack_featured_media_url":"","_links":{"self":[{"href":"https:\/\/portalnpm.com\/index.php\/wp-json\/wp\/v2\/posts\/59194"}],"collection":[{"href":"https:\/\/portalnpm.com\/index.php\/wp-json\/wp\/v2\/posts"}],"about":[{"href":"https:\/\/portalnpm.com\/index.php\/wp-json\/wp\/v2\/types\/post"}],"author":[{"embeddable":true,"href":"https:\/\/portalnpm.com\/index.php\/wp-json\/wp\/v2\/users\/2"}],"replies":[{"embeddable":true,"href":"https:\/\/portalnpm.com\/index.php\/wp-json\/wp\/v2\/comments?post=59194"}],"version-history":[{"count":0,"href":"https:\/\/portalnpm.com\/index.php\/wp-json\/wp\/v2\/posts\/59194\/revisions"}],"wp:featuredmedia":[{"embeddable":true,"href":"https:\/\/portalnpm.com\/index.php\/wp-json\/"}],"wp:attachment":[{"href":"https:\/\/portalnpm.com\/index.php\/wp-json\/wp\/v2\/media?parent=59194"}],"wp:term":[{"taxonomy":"category","embeddable":true,"href":"https:\/\/portalnpm.com\/index.php\/wp-json\/wp\/v2\/categories?post=59194"},{"taxonomy":"post_tag","embeddable":true,"href":"https:\/\/portalnpm.com\/index.php\/wp-json\/wp\/v2\/tags?post=59194"}],"curies":[{"name":"wp","href":"https:\/\/api.w.org\/{rel}","templated":true}]}}