{"id":592,"date":"2018-08-15T11:41:04","date_gmt":"2018-08-15T14:41:04","guid":{"rendered":"http:\/\/srv.portalnpm.com.br\/?p=592"},"modified":"2018-08-15T11:41:04","modified_gmt":"2018-08-15T14:41:04","slug":"pai-e-filho-sao-assassinados-e-uma-pessoa-e-baleada-em-alegrete-do-piaui","status":"publish","type":"post","link":"https:\/\/portalnpm.com\/index.php\/2018\/08\/15\/pai-e-filho-sao-assassinados-e-uma-pessoa-e-baleada-em-alegrete-do-piaui\/","title":{"rendered":"Pai e filho s\u00e3o assassinados e uma pessoa \u00e9 baleada em Alegrete do Piau\u00ed"},"content":{"rendered":"<p style=\"text-align: justify;\">Um homem identificado como \u2018Tico\u2019 e seu filho \u2018Frauldilson\u2019, foram assassinados a tiros h\u00e1 poucos instantes desta quarta-feira 15, na movimentada Avenida Isabel Ramos, no centro do munic\u00edpio de Alegrete do Piau\u00ed. Mais uma pessoa identificado como \u2018Nelson\u2019 tamb\u00e9m foi baleado e est\u00e1 sendo transferido para o Hospital Regional Justino Luz em Picos.<\/p>\n<p style=\"text-align: justify;\">Segundo as informa\u00e7\u00f5es colhidas atrav\u00e9s de populares pelo Cidades Na Net, o alvo dos criminosos era o \u2018Frauldilson\u2019 que chegou a ser atingido primeiro pelos disparos. O pai de \u2018Fraudilson\u2019, o seu \u2018Tico\u2019 presenciou os disparos e partiu para cima dos criminosos, sendo alvejado pelos mesmos. Depois o irm\u00e3o de \u2018Fraudilson\u2019, o \u2018Nelson\u2019 teria ido tamb\u00e9m tentar socorrer seu pai e seu irm\u00e3o e tamb\u00e9m foi atingido no bra\u00e7o.<\/p>\n<p style=\"text-align: justify;\">Nenhum suspeito foi localizado. O GPM saiu em dilig\u00eancia para capturar os suspeitos. O Cidades Na Net aguarda mais informa\u00e7\u00f5es.<\/p>\n<p><img fetchpriority=\"high\" decoding=\"async\" class=\"alignnone size-medium wp-image-594\" src=\"http:\/\/portalnpm.com.br\/wp-content\/uploads\/2018\/08\/WhatsApp-Image-2018-08-15-at-11.12.5200001-225x300.jpeg\" alt=\"\" width=\"225\" height=\"300\" srcset=\"https:\/\/portalnpm.com\/wp-content\/uploads\/2018\/08\/WhatsApp-Image-2018-08-15-at-11.12.5200001-225x300.jpeg 225w, https:\/\/portalnpm.com\/wp-content\/uploads\/2018\/08\/WhatsApp-Image-2018-08-15-at-11.12.5200001.jpeg 750w\" sizes=\"(max-width: 225px) 100vw, 225px\" \/> <img decoding=\"async\" class=\"alignnone size-medium wp-image-595\" src=\"http:\/\/portalnpm.com.br\/wp-content\/uploads\/2018\/08\/WhatsApp-Image-2018-08-15-at-11.13.00-100001-225x300.jpeg\" alt=\"\" width=\"225\" height=\"300\" srcset=\"https:\/\/portalnpm.com\/wp-content\/uploads\/2018\/08\/WhatsApp-Image-2018-08-15-at-11.13.00-100001-225x300.jpeg 225w, https:\/\/portalnpm.com\/wp-content\/uploads\/2018\/08\/WhatsApp-Image-2018-08-15-at-11.13.00-100001.jpeg 750w\" sizes=\"(max-width: 225px) 100vw, 225px\" \/><\/p>\n<p style=\"text-align: justify;\"><strong>Com informa\u00e7\u00f5es do Portal Cidades na Net\u00a0<\/strong><\/p>\n","protected":false},"excerpt":{"rendered":"<p>Um homem identificado como \u2018Tico\u2019 e seu filho \u2018Frauldilson\u2019, foram assassinados a tiros h\u00e1 poucos instantes desta quarta-feira 15, na movimentada Avenida Isabel Ramos, no centro do munic\u00edpio de Alegrete do Piau\u00ed. Mais uma pessoa identificado como \u2018Nelson\u2019 tamb\u00e9m foi baleado e est\u00e1 sendo transferido para o Hospital Regional Justino Luz em Picos. Segundo as &hellip;<\/p>\n","protected":false},"author":3,"featured_media":593,"comment_status":"open","ping_status":"open","sticky":false,"template":"","format":"standard","meta":{"content-type":"","rop_custom_images_group":[],"rop_custom_messages_group":[],"rop_publish_now":"initial","rop_publish_now_accounts":{"facebook_2648258775420054_1618374048415101":""},"rop_publish_now_history":[],"rop_publish_now_status":"pending","footnotes":"","_jetpack_memberships_contains_paid_content":false},"categories":[110,113,109],"tags":[111,533,534],"yoast_head":"<!-- This site is optimized with the Yoast SEO plugin v22.3 - https:\/\/yoast.com\/wordpress\/plugins\/seo\/ -->\n<title>Pai e filho s\u00e3o assassinados e uma pessoa \u00e9 baleada em Alegrete do Piau\u00ed - Portal NPM<\/title>\n<meta name=\"robots\" content=\"index, follow, max-snippet:-1, max-image-preview:large, max-video-preview:-1\" \/>\n<link rel=\"canonical\" href=\"https:\/\/portalnpm.com\/index.php\/2018\/08\/15\/pai-e-filho-sao-assassinados-e-uma-pessoa-e-baleada-em-alegrete-do-piaui\/\" \/>\n<meta property=\"og:locale\" content=\"pt_BR\" \/>\n<meta property=\"og:type\" content=\"article\" \/>\n<meta property=\"og:title\" content=\"Pai e filho s\u00e3o assassinados e uma pessoa \u00e9 baleada em Alegrete do Piau\u00ed - Portal NPM\" \/>\n<meta property=\"og:description\" content=\"Um homem identificado como \u2018Tico\u2019 e seu filho \u2018Frauldilson\u2019, foram assassinados a tiros h\u00e1 poucos instantes desta quarta-feira 15, na movimentada Avenida Isabel Ramos, no centro do munic\u00edpio de Alegrete do Piau\u00ed. Mais uma pessoa identificado como \u2018Nelson\u2019 tamb\u00e9m foi baleado e est\u00e1 sendo transferido para o Hospital Regional Justino Luz em Picos. Segundo as &hellip;\" \/>\n<meta property=\"og:url\" content=\"https:\/\/portalnpm.com\/index.php\/2018\/08\/15\/pai-e-filho-sao-assassinados-e-uma-pessoa-e-baleada-em-alegrete-do-piaui\/\" \/>\n<meta property=\"og:site_name\" content=\"Portal NPM\" \/>\n<meta property=\"article:published_time\" content=\"2018-08-15T14:41:04+00:00\" \/>\n<meta name=\"author\" content=\"Luis Alberto\" \/>\n<meta name=\"twitter:card\" content=\"summary_large_image\" \/>\n<meta name=\"twitter:label1\" content=\"Escrito por\" \/>\n\t<meta name=\"twitter:data1\" content=\"Luis Alberto\" \/>\n\t<meta name=\"twitter:label2\" content=\"Est. tempo de leitura\" \/>\n\t<meta name=\"twitter:data2\" content=\"1 minuto\" \/>\n<script type=\"application\/ld+json\" class=\"yoast-schema-graph\">{\"@context\":\"https:\/\/schema.org\",\"@graph\":[{\"@type\":\"WebPage\",\"@id\":\"https:\/\/portalnpm.com\/index.php\/2018\/08\/15\/pai-e-filho-sao-assassinados-e-uma-pessoa-e-baleada-em-alegrete-do-piaui\/\",\"url\":\"https:\/\/portalnpm.com\/index.php\/2018\/08\/15\/pai-e-filho-sao-assassinados-e-uma-pessoa-e-baleada-em-alegrete-do-piaui\/\",\"name\":\"Pai e filho s\u00e3o assassinados e uma pessoa \u00e9 baleada em Alegrete do Piau\u00ed - Portal NPM\",\"isPartOf\":{\"@id\":\"https:\/\/portalnpm.com\/#website\"},\"primaryImageOfPage\":{\"@id\":\"https:\/\/portalnpm.com\/index.php\/2018\/08\/15\/pai-e-filho-sao-assassinados-e-uma-pessoa-e-baleada-em-alegrete-do-piaui\/#primaryimage\"},\"image\":{\"@id\":\"https:\/\/portalnpm.com\/index.php\/2018\/08\/15\/pai-e-filho-sao-assassinados-e-uma-pessoa-e-baleada-em-alegrete-do-piaui\/#primaryimage\"},\"thumbnailUrl\":\"\",\"datePublished\":\"2018-08-15T14:41:04+00:00\",\"dateModified\":\"2018-08-15T14:41:04+00:00\",\"author\":{\"@id\":\"https:\/\/portalnpm.com\/#\/schema\/person\/5c8006acdf71774cd4e7a5ab98482152\"},\"breadcrumb\":{\"@id\":\"https:\/\/portalnpm.com\/index.php\/2018\/08\/15\/pai-e-filho-sao-assassinados-e-uma-pessoa-e-baleada-em-alegrete-do-piaui\/#breadcrumb\"},\"inLanguage\":\"pt-BR\",\"potentialAction\":[{\"@type\":\"ReadAction\",\"target\":[\"https:\/\/portalnpm.com\/index.php\/2018\/08\/15\/pai-e-filho-sao-assassinados-e-uma-pessoa-e-baleada-em-alegrete-do-piaui\/\"]}]},{\"@type\":\"ImageObject\",\"inLanguage\":\"pt-BR\",\"@id\":\"https:\/\/portalnpm.com\/index.php\/2018\/08\/15\/pai-e-filho-sao-assassinados-e-uma-pessoa-e-baleada-em-alegrete-do-piaui\/#primaryimage\",\"url\":\"\",\"contentUrl\":\"\"},{\"@type\":\"BreadcrumbList\",\"@id\":\"https:\/\/portalnpm.com\/index.php\/2018\/08\/15\/pai-e-filho-sao-assassinados-e-uma-pessoa-e-baleada-em-alegrete-do-piaui\/#breadcrumb\",\"itemListElement\":[{\"@type\":\"ListItem\",\"position\":1,\"name\":\"In\u00edcio\",\"item\":\"https:\/\/portalnpm.com\/\"},{\"@type\":\"ListItem\",\"position\":2,\"name\":\"Pai e filho s\u00e3o assassinados e uma pessoa \u00e9 baleada em Alegrete do Piau\u00ed\"}]},{\"@type\":\"WebSite\",\"@id\":\"https:\/\/portalnpm.com\/#website\",\"url\":\"https:\/\/portalnpm.com\/\",\"name\":\"Portal NPM\",\"description\":\"Not\u00edcias em Primeira M\u00e3o\",\"potentialAction\":[{\"@type\":\"SearchAction\",\"target\":{\"@type\":\"EntryPoint\",\"urlTemplate\":\"https:\/\/portalnpm.com\/?s={search_term_string}\"},\"query-input\":\"required name=search_term_string\"}],\"inLanguage\":\"pt-BR\"},{\"@type\":\"Person\",\"@id\":\"https:\/\/portalnpm.com\/#\/schema\/person\/5c8006acdf71774cd4e7a5ab98482152\",\"name\":\"Luis Alberto\",\"image\":{\"@type\":\"ImageObject\",\"inLanguage\":\"pt-BR\",\"@id\":\"https:\/\/portalnpm.com\/#\/schema\/person\/image\/\",\"url\":\"https:\/\/portalnpm.com\/wp-content\/uploads\/2024\/12\/avatar_user_3_1734699769-96x96.jpeg\",\"contentUrl\":\"https:\/\/portalnpm.com\/wp-content\/uploads\/2024\/12\/avatar_user_3_1734699769-96x96.jpeg\",\"caption\":\"Luis Alberto\"},\"description\":\"Editor-geral do Portal NPM, \u00e9 formado como T\u00e9cnico em Seguran\u00e7a do Trabalho pela Escola Metropolitana de Cursos T\u00e9cnicos. Det\u00e9m ainda licenciatura em Educa\u00e7\u00e3o F\u00edsica e bacharelado em Ci\u00eancias Pol\u00edticas, ambos obtidos pela institui\u00e7\u00e3o Anhanguera\/UNOPAR.\",\"url\":\"https:\/\/portalnpm.com\/index.php\/author\/pereira\/\"}]}<\/script>\n<!-- \/ Yoast SEO plugin. -->","yoast_head_json":{"title":"Pai e filho s\u00e3o assassinados e uma pessoa \u00e9 baleada em Alegrete do Piau\u00ed - Portal NPM","robots":{"index":"index","follow":"follow","max-snippet":"max-snippet:-1","max-image-preview":"max-image-preview:large","max-video-preview":"max-video-preview:-1"},"canonical":"https:\/\/portalnpm.com\/index.php\/2018\/08\/15\/pai-e-filho-sao-assassinados-e-uma-pessoa-e-baleada-em-alegrete-do-piaui\/","og_locale":"pt_BR","og_type":"article","og_title":"Pai e filho s\u00e3o assassinados e uma pessoa \u00e9 baleada em Alegrete do Piau\u00ed - Portal NPM","og_description":"Um homem identificado como \u2018Tico\u2019 e seu filho \u2018Frauldilson\u2019, foram assassinados a tiros h\u00e1 poucos instantes desta quarta-feira 15, na movimentada Avenida Isabel Ramos, no centro do munic\u00edpio de Alegrete do Piau\u00ed. Mais uma pessoa identificado como \u2018Nelson\u2019 tamb\u00e9m foi baleado e est\u00e1 sendo transferido para o Hospital Regional Justino Luz em Picos. Segundo as &hellip;","og_url":"https:\/\/portalnpm.com\/index.php\/2018\/08\/15\/pai-e-filho-sao-assassinados-e-uma-pessoa-e-baleada-em-alegrete-do-piaui\/","og_site_name":"Portal NPM","article_published_time":"2018-08-15T14:41:04+00:00","author":"Luis Alberto","twitter_card":"summary_large_image","twitter_misc":{"Escrito por":"Luis Alberto","Est. tempo de leitura":"1 minuto"},"schema":{"@context":"https:\/\/schema.org","@graph":[{"@type":"WebPage","@id":"https:\/\/portalnpm.com\/index.php\/2018\/08\/15\/pai-e-filho-sao-assassinados-e-uma-pessoa-e-baleada-em-alegrete-do-piaui\/","url":"https:\/\/portalnpm.com\/index.php\/2018\/08\/15\/pai-e-filho-sao-assassinados-e-uma-pessoa-e-baleada-em-alegrete-do-piaui\/","name":"Pai e filho s\u00e3o assassinados e uma pessoa \u00e9 baleada em Alegrete do Piau\u00ed - Portal NPM","isPartOf":{"@id":"https:\/\/portalnpm.com\/#website"},"primaryImageOfPage":{"@id":"https:\/\/portalnpm.com\/index.php\/2018\/08\/15\/pai-e-filho-sao-assassinados-e-uma-pessoa-e-baleada-em-alegrete-do-piaui\/#primaryimage"},"image":{"@id":"https:\/\/portalnpm.com\/index.php\/2018\/08\/15\/pai-e-filho-sao-assassinados-e-uma-pessoa-e-baleada-em-alegrete-do-piaui\/#primaryimage"},"thumbnailUrl":"","datePublished":"2018-08-15T14:41:04+00:00","dateModified":"2018-08-15T14:41:04+00:00","author":{"@id":"https:\/\/portalnpm.com\/#\/schema\/person\/5c8006acdf71774cd4e7a5ab98482152"},"breadcrumb":{"@id":"https:\/\/portalnpm.com\/index.php\/2018\/08\/15\/pai-e-filho-sao-assassinados-e-uma-pessoa-e-baleada-em-alegrete-do-piaui\/#breadcrumb"},"inLanguage":"pt-BR","potentialAction":[{"@type":"ReadAction","target":["https:\/\/portalnpm.com\/index.php\/2018\/08\/15\/pai-e-filho-sao-assassinados-e-uma-pessoa-e-baleada-em-alegrete-do-piaui\/"]}]},{"@type":"ImageObject","inLanguage":"pt-BR","@id":"https:\/\/portalnpm.com\/index.php\/2018\/08\/15\/pai-e-filho-sao-assassinados-e-uma-pessoa-e-baleada-em-alegrete-do-piaui\/#primaryimage","url":"","contentUrl":""},{"@type":"BreadcrumbList","@id":"https:\/\/portalnpm.com\/index.php\/2018\/08\/15\/pai-e-filho-sao-assassinados-e-uma-pessoa-e-baleada-em-alegrete-do-piaui\/#breadcrumb","itemListElement":[{"@type":"ListItem","position":1,"name":"In\u00edcio","item":"https:\/\/portalnpm.com\/"},{"@type":"ListItem","position":2,"name":"Pai e filho s\u00e3o assassinados e uma pessoa \u00e9 baleada em Alegrete do Piau\u00ed"}]},{"@type":"WebSite","@id":"https:\/\/portalnpm.com\/#website","url":"https:\/\/portalnpm.com\/","name":"Portal NPM","description":"Not\u00edcias em Primeira M\u00e3o","potentialAction":[{"@type":"SearchAction","target":{"@type":"EntryPoint","urlTemplate":"https:\/\/portalnpm.com\/?s={search_term_string}"},"query-input":"required name=search_term_string"}],"inLanguage":"pt-BR"},{"@type":"Person","@id":"https:\/\/portalnpm.com\/#\/schema\/person\/5c8006acdf71774cd4e7a5ab98482152","name":"Luis Alberto","image":{"@type":"ImageObject","inLanguage":"pt-BR","@id":"https:\/\/portalnpm.com\/#\/schema\/person\/image\/","url":"https:\/\/portalnpm.com\/wp-content\/uploads\/2024\/12\/avatar_user_3_1734699769-96x96.jpeg","contentUrl":"https:\/\/portalnpm.com\/wp-content\/uploads\/2024\/12\/avatar_user_3_1734699769-96x96.jpeg","caption":"Luis Alberto"},"description":"Editor-geral do Portal NPM, \u00e9 formado como T\u00e9cnico em Seguran\u00e7a do Trabalho pela Escola Metropolitana de Cursos T\u00e9cnicos. Det\u00e9m ainda licenciatura em Educa\u00e7\u00e3o F\u00edsica e bacharelado em Ci\u00eancias Pol\u00edticas, ambos obtidos pela institui\u00e7\u00e3o Anhanguera\/UNOPAR.","url":"https:\/\/portalnpm.com\/index.php\/author\/pereira\/"}]}},"jetpack_sharing_enabled":true,"jetpack_featured_media_url":"","_links":{"self":[{"href":"https:\/\/portalnpm.com\/index.php\/wp-json\/wp\/v2\/posts\/592"}],"collection":[{"href":"https:\/\/portalnpm.com\/index.php\/wp-json\/wp\/v2\/posts"}],"about":[{"href":"https:\/\/portalnpm.com\/index.php\/wp-json\/wp\/v2\/types\/post"}],"author":[{"embeddable":true,"href":"https:\/\/portalnpm.com\/index.php\/wp-json\/wp\/v2\/users\/3"}],"replies":[{"embeddable":true,"href":"https:\/\/portalnpm.com\/index.php\/wp-json\/wp\/v2\/comments?post=592"}],"version-history":[{"count":0,"href":"https:\/\/portalnpm.com\/index.php\/wp-json\/wp\/v2\/posts\/592\/revisions"}],"wp:featuredmedia":[{"embeddable":true,"href":"https:\/\/portalnpm.com\/index.php\/wp-json\/"}],"wp:attachment":[{"href":"https:\/\/portalnpm.com\/index.php\/wp-json\/wp\/v2\/media?parent=592"}],"wp:term":[{"taxonomy":"category","embeddable":true,"href":"https:\/\/portalnpm.com\/index.php\/wp-json\/wp\/v2\/categories?post=592"},{"taxonomy":"post_tag","embeddable":true,"href":"https:\/\/portalnpm.com\/index.php\/wp-json\/wp\/v2\/tags?post=592"}],"curies":[{"name":"wp","href":"https:\/\/api.w.org\/{rel}","templated":true}]}}