{"id":5920,"date":"2019-03-01T12:47:28","date_gmt":"2019-03-01T15:47:28","guid":{"rendered":"http:\/\/srv.portalnpm.com.br\/?p=5920"},"modified":"2019-03-01T12:47:28","modified_gmt":"2019-03-01T15:47:28","slug":"menina-de-5-anos-e-diagnosticada-com-cancer-raro-e-precisa-de-ajuda","status":"publish","type":"post","link":"https:\/\/portalnpm.com\/index.php\/2019\/03\/01\/menina-de-5-anos-e-diagnosticada-com-cancer-raro-e-precisa-de-ajuda\/","title":{"rendered":"Menina de 5 anos \u00e9 diagnosticada com c\u00e2ncer raro e precisa de ajuda"},"content":{"rendered":"<p style=\"text-align: justify;\">Diagnosticada com c\u00e2ncer maligno Linfoma de Hodgkin, que atinge a parte do sistema imunol\u00f3gico, Nicole Borges de Oliveira, de 5 anos, natural \u00a0de Loreto, interior do Maranh\u00e3o, precisa de ajuda para come\u00e7ar seu tratamento.<\/p>\n<p style=\"text-align: justify;\">Vindo de fam\u00edlia humilde, os pais da pequena pedem ajuda para levar a garota at\u00e9 S\u00e3o Lu\u00eds, onde ela precisa passar por uma s\u00e9rie de exames.<\/p>\n<p style=\"text-align: justify;\">Na internet, amigos e familiares iniciaram a campanha de doa\u00e7\u00e3o #Todos_Por_Nicoly, para custear o tratamento da menina. Para ajudar, entre em contato atrav\u00e9s dos n\u00fameros: \u00a0<strong>Kaira \u2013 (99) 9 8452-4634 ou Juliana (99) 9 8443-4019.<\/strong><\/p>\n<figure id=\"attachment_5921\" aria-describedby=\"caption-attachment-5921\" style=\"width: 300px\" class=\"wp-caption alignnone\"><img fetchpriority=\"high\" decoding=\"async\" class=\"size-medium wp-image-5921\" src=\"http:\/\/portalnpm.com.br\/wp-content\/uploads\/2019\/03\/0a172689-0655-4031-8fcf-b5ba6ee7dde5-885a0fcd-5694-46b0-8958-735800cca2ca-300x225.jpg\" alt=\"\" width=\"300\" height=\"225\" \/><figcaption id=\"caption-attachment-5921\" class=\"wp-caption-text\">Linfoma de Hodgkin<\/figcaption><\/figure>\n<p style=\"text-align: justify;\">Linfoma ou Doen\u00e7a de Hodgkin \u00e9 um tipo de c\u00e2ncer que se origina no sistema linf\u00e1tico, conjunto composto por \u00f3rg\u00e3os (linfonodos ou g\u00e2nglios) e tecidos que produzem as c\u00e9lulas respons\u00e1veis pela imunidade e vasos que conduzem essas c\u00e9lulas atrav\u00e9s do corpo.<\/p>\n<p style=\"text-align: justify;\">O linfoma de Hodgkin tem a caracter\u00edstica de se espalhar de forma ordenada, de um grupo de linfonodos para outro grupo, por meio dos vasos linf\u00e1ticos. A doen\u00e7a surge quando um linf\u00f3cito (c\u00e9lula de defesa do corpo), mais frequentemente um do tipo B, se transforma em uma c\u00e9lula maligna, capaz de multiplicar-se descontroladamente e disseminar-se. A c\u00e9lula maligna come\u00e7a a produzir, nos linfonodos, c\u00f3pias id\u00eanticas, tamb\u00e9m chamadas de clones. Com o passar do tempo, essas c\u00e9lulas malignas podem se disseminar para tecidos pr\u00f3ximos, e, se n\u00e3o tratadas, podem atingir outras partes do corpo. A doen\u00e7a origina-se com maior frequ\u00eancia na regi\u00e3o do pesco\u00e7o e na regi\u00e3o do t\u00f3rax denominada mediastino.<\/p>\n<p style=\"text-align: justify;\">A doen\u00e7a pode ocorrer em qualquer faixa et\u00e1ria; por\u00e9m \u00e9 mais comum entre adolescentes e adultos jovens (15 a 29 anos), adultos (30 a 39 anos) e idosos (75 anos ou mais). Os homens t\u00eam maior propens\u00e3o a desenvolver o linfoma de Hodgkin do que as mulheres.<\/p>\n<p style=\"text-align: justify;\">A incid\u00eancia de casos novos permaneceu est\u00e1vel nas \u00faltimas cinco d\u00e9cadas, enquanto a mortalidade foi reduzida em mais de 60% desde o in\u00edcio dos anos 1970 devido aos avan\u00e7os no tratamento. A maioria dos pacientes com linfoma de Hodgkin pode ser curada com o tratamento dispon\u00edvel atualmente.<\/p>\n<p style=\"text-align: justify;\"><strong><em>Fonte:<\/em>\u00a0<em>180 graus<\/em><\/strong><\/p>\n<hr \/>\n<p><strong>ACOMPANHE O PORTAL NPM NAS REDES SOCIAIS E VISITE NOSSO CANAL:<\/strong><\/p>\n<p><a href=\"https:\/\/www.facebook.com\/PortalNPM\/\">https:\/\/www.facebook.com\/PortalNPM\/<\/a><\/p>\n<p><a href=\"https:\/\/www.youtube.com\/channel\/UCpVEqwH3Pt07DvGBk7z3Vcg\">https:\/\/www.youtube.com\/channel\/UCpVEqwH3Pt07DvGBk7z3Vcg<\/a><\/p>\n","protected":false},"excerpt":{"rendered":"<p>Diagnosticada com c\u00e2ncer maligno Linfoma de Hodgkin, que atinge a parte do sistema imunol\u00f3gico, Nicole Borges de Oliveira, de 5 anos, natural \u00a0de Loreto, interior do Maranh\u00e3o, precisa de ajuda para come\u00e7ar seu tratamento. Vindo de fam\u00edlia humilde, os pais da pequena pedem ajuda para levar a garota at\u00e9 S\u00e3o Lu\u00eds, onde ela precisa passar &hellip;<\/p>\n","protected":false},"author":8,"featured_media":5922,"comment_status":"open","ping_status":"open","sticky":false,"template":"","format":"standard","meta":{"content-type":"","rop_custom_images_group":[],"rop_custom_messages_group":[],"rop_publish_now":"initial","rop_publish_now_accounts":{"facebook_2648258775420054_1618374048415101":""},"rop_publish_now_history":[],"rop_publish_now_status":"pending","footnotes":"","_jetpack_memberships_contains_paid_content":false},"categories":[113,118],"tags":[432,2212,231],"yoast_head":"<!-- This site is optimized with the Yoast SEO plugin v22.3 - https:\/\/yoast.com\/wordpress\/plugins\/seo\/ -->\n<title>Menina de 5 anos \u00e9 diagnosticada com c\u00e2ncer raro e precisa de ajuda - Portal NPM<\/title>\n<meta name=\"robots\" content=\"index, follow, max-snippet:-1, max-image-preview:large, max-video-preview:-1\" \/>\n<link rel=\"canonical\" href=\"https:\/\/portalnpm.com\/index.php\/2019\/03\/01\/menina-de-5-anos-e-diagnosticada-com-cancer-raro-e-precisa-de-ajuda\/\" \/>\n<meta property=\"og:locale\" content=\"pt_BR\" \/>\n<meta property=\"og:type\" content=\"article\" \/>\n<meta property=\"og:title\" content=\"Menina de 5 anos \u00e9 diagnosticada com c\u00e2ncer raro e precisa de ajuda - Portal NPM\" \/>\n<meta property=\"og:description\" content=\"Diagnosticada com c\u00e2ncer maligno Linfoma de Hodgkin, que atinge a parte do sistema imunol\u00f3gico, Nicole Borges de Oliveira, de 5 anos, natural \u00a0de Loreto, interior do Maranh\u00e3o, precisa de ajuda para come\u00e7ar seu tratamento. Vindo de fam\u00edlia humilde, os pais da pequena pedem ajuda para levar a garota at\u00e9 S\u00e3o Lu\u00eds, onde ela precisa passar &hellip;\" \/>\n<meta property=\"og:url\" content=\"https:\/\/portalnpm.com\/index.php\/2019\/03\/01\/menina-de-5-anos-e-diagnosticada-com-cancer-raro-e-precisa-de-ajuda\/\" \/>\n<meta property=\"og:site_name\" content=\"Portal NPM\" \/>\n<meta property=\"article:published_time\" content=\"2019-03-01T15:47:28+00:00\" \/>\n<meta name=\"author\" content=\"Zenilton Lima\" \/>\n<meta name=\"twitter:card\" content=\"summary_large_image\" \/>\n<meta name=\"twitter:label1\" content=\"Escrito por\" \/>\n\t<meta name=\"twitter:data1\" content=\"Zenilton Lima\" \/>\n\t<meta name=\"twitter:label2\" content=\"Est. tempo de leitura\" \/>\n\t<meta name=\"twitter:data2\" content=\"2 minutos\" \/>\n<script type=\"application\/ld+json\" class=\"yoast-schema-graph\">{\"@context\":\"https:\/\/schema.org\",\"@graph\":[{\"@type\":\"WebPage\",\"@id\":\"https:\/\/portalnpm.com\/index.php\/2019\/03\/01\/menina-de-5-anos-e-diagnosticada-com-cancer-raro-e-precisa-de-ajuda\/\",\"url\":\"https:\/\/portalnpm.com\/index.php\/2019\/03\/01\/menina-de-5-anos-e-diagnosticada-com-cancer-raro-e-precisa-de-ajuda\/\",\"name\":\"Menina de 5 anos \u00e9 diagnosticada com c\u00e2ncer raro e precisa de ajuda - Portal NPM\",\"isPartOf\":{\"@id\":\"https:\/\/portalnpm.com\/#website\"},\"primaryImageOfPage\":{\"@id\":\"https:\/\/portalnpm.com\/index.php\/2019\/03\/01\/menina-de-5-anos-e-diagnosticada-com-cancer-raro-e-precisa-de-ajuda\/#primaryimage\"},\"image\":{\"@id\":\"https:\/\/portalnpm.com\/index.php\/2019\/03\/01\/menina-de-5-anos-e-diagnosticada-com-cancer-raro-e-precisa-de-ajuda\/#primaryimage\"},\"thumbnailUrl\":\"\",\"datePublished\":\"2019-03-01T15:47:28+00:00\",\"dateModified\":\"2019-03-01T15:47:28+00:00\",\"author\":{\"@id\":\"https:\/\/portalnpm.com\/#\/schema\/person\/35cb55186eae3f074b6783da6d35591e\"},\"breadcrumb\":{\"@id\":\"https:\/\/portalnpm.com\/index.php\/2019\/03\/01\/menina-de-5-anos-e-diagnosticada-com-cancer-raro-e-precisa-de-ajuda\/#breadcrumb\"},\"inLanguage\":\"pt-BR\",\"potentialAction\":[{\"@type\":\"ReadAction\",\"target\":[\"https:\/\/portalnpm.com\/index.php\/2019\/03\/01\/menina-de-5-anos-e-diagnosticada-com-cancer-raro-e-precisa-de-ajuda\/\"]}]},{\"@type\":\"ImageObject\",\"inLanguage\":\"pt-BR\",\"@id\":\"https:\/\/portalnpm.com\/index.php\/2019\/03\/01\/menina-de-5-anos-e-diagnosticada-com-cancer-raro-e-precisa-de-ajuda\/#primaryimage\",\"url\":\"\",\"contentUrl\":\"\"},{\"@type\":\"BreadcrumbList\",\"@id\":\"https:\/\/portalnpm.com\/index.php\/2019\/03\/01\/menina-de-5-anos-e-diagnosticada-com-cancer-raro-e-precisa-de-ajuda\/#breadcrumb\",\"itemListElement\":[{\"@type\":\"ListItem\",\"position\":1,\"name\":\"In\u00edcio\",\"item\":\"https:\/\/portalnpm.com\/\"},{\"@type\":\"ListItem\",\"position\":2,\"name\":\"Menina de 5 anos \u00e9 diagnosticada com c\u00e2ncer raro e precisa de ajuda\"}]},{\"@type\":\"WebSite\",\"@id\":\"https:\/\/portalnpm.com\/#website\",\"url\":\"https:\/\/portalnpm.com\/\",\"name\":\"Portal NPM\",\"description\":\"Not\u00edcias em Primeira M\u00e3o\",\"potentialAction\":[{\"@type\":\"SearchAction\",\"target\":{\"@type\":\"EntryPoint\",\"urlTemplate\":\"https:\/\/portalnpm.com\/?s={search_term_string}\"},\"query-input\":\"required name=search_term_string\"}],\"inLanguage\":\"pt-BR\"},{\"@type\":\"Person\",\"@id\":\"https:\/\/portalnpm.com\/#\/schema\/person\/35cb55186eae3f074b6783da6d35591e\",\"name\":\"Zenilton Lima\",\"image\":{\"@type\":\"ImageObject\",\"inLanguage\":\"pt-BR\",\"@id\":\"https:\/\/portalnpm.com\/#\/schema\/person\/image\/\",\"url\":\"https:\/\/portalnpm.com\/wp-content\/uploads\/2024\/12\/avatar_user_8_1733658137-96x96.jpeg\",\"contentUrl\":\"https:\/\/portalnpm.com\/wp-content\/uploads\/2024\/12\/avatar_user_8_1733658137-96x96.jpeg\",\"caption\":\"Zenilton Lima\"},\"url\":\"https:\/\/portalnpm.com\/index.php\/author\/zenilton\/\"}]}<\/script>\n<!-- \/ Yoast SEO plugin. -->","yoast_head_json":{"title":"Menina de 5 anos \u00e9 diagnosticada com c\u00e2ncer raro e precisa de ajuda - Portal NPM","robots":{"index":"index","follow":"follow","max-snippet":"max-snippet:-1","max-image-preview":"max-image-preview:large","max-video-preview":"max-video-preview:-1"},"canonical":"https:\/\/portalnpm.com\/index.php\/2019\/03\/01\/menina-de-5-anos-e-diagnosticada-com-cancer-raro-e-precisa-de-ajuda\/","og_locale":"pt_BR","og_type":"article","og_title":"Menina de 5 anos \u00e9 diagnosticada com c\u00e2ncer raro e precisa de ajuda - Portal NPM","og_description":"Diagnosticada com c\u00e2ncer maligno Linfoma de Hodgkin, que atinge a parte do sistema imunol\u00f3gico, Nicole Borges de Oliveira, de 5 anos, natural \u00a0de Loreto, interior do Maranh\u00e3o, precisa de ajuda para come\u00e7ar seu tratamento. Vindo de fam\u00edlia humilde, os pais da pequena pedem ajuda para levar a garota at\u00e9 S\u00e3o Lu\u00eds, onde ela precisa passar &hellip;","og_url":"https:\/\/portalnpm.com\/index.php\/2019\/03\/01\/menina-de-5-anos-e-diagnosticada-com-cancer-raro-e-precisa-de-ajuda\/","og_site_name":"Portal NPM","article_published_time":"2019-03-01T15:47:28+00:00","author":"Zenilton Lima","twitter_card":"summary_large_image","twitter_misc":{"Escrito por":"Zenilton Lima","Est. tempo de leitura":"2 minutos"},"schema":{"@context":"https:\/\/schema.org","@graph":[{"@type":"WebPage","@id":"https:\/\/portalnpm.com\/index.php\/2019\/03\/01\/menina-de-5-anos-e-diagnosticada-com-cancer-raro-e-precisa-de-ajuda\/","url":"https:\/\/portalnpm.com\/index.php\/2019\/03\/01\/menina-de-5-anos-e-diagnosticada-com-cancer-raro-e-precisa-de-ajuda\/","name":"Menina de 5 anos \u00e9 diagnosticada com c\u00e2ncer raro e precisa de ajuda - Portal NPM","isPartOf":{"@id":"https:\/\/portalnpm.com\/#website"},"primaryImageOfPage":{"@id":"https:\/\/portalnpm.com\/index.php\/2019\/03\/01\/menina-de-5-anos-e-diagnosticada-com-cancer-raro-e-precisa-de-ajuda\/#primaryimage"},"image":{"@id":"https:\/\/portalnpm.com\/index.php\/2019\/03\/01\/menina-de-5-anos-e-diagnosticada-com-cancer-raro-e-precisa-de-ajuda\/#primaryimage"},"thumbnailUrl":"","datePublished":"2019-03-01T15:47:28+00:00","dateModified":"2019-03-01T15:47:28+00:00","author":{"@id":"https:\/\/portalnpm.com\/#\/schema\/person\/35cb55186eae3f074b6783da6d35591e"},"breadcrumb":{"@id":"https:\/\/portalnpm.com\/index.php\/2019\/03\/01\/menina-de-5-anos-e-diagnosticada-com-cancer-raro-e-precisa-de-ajuda\/#breadcrumb"},"inLanguage":"pt-BR","potentialAction":[{"@type":"ReadAction","target":["https:\/\/portalnpm.com\/index.php\/2019\/03\/01\/menina-de-5-anos-e-diagnosticada-com-cancer-raro-e-precisa-de-ajuda\/"]}]},{"@type":"ImageObject","inLanguage":"pt-BR","@id":"https:\/\/portalnpm.com\/index.php\/2019\/03\/01\/menina-de-5-anos-e-diagnosticada-com-cancer-raro-e-precisa-de-ajuda\/#primaryimage","url":"","contentUrl":""},{"@type":"BreadcrumbList","@id":"https:\/\/portalnpm.com\/index.php\/2019\/03\/01\/menina-de-5-anos-e-diagnosticada-com-cancer-raro-e-precisa-de-ajuda\/#breadcrumb","itemListElement":[{"@type":"ListItem","position":1,"name":"In\u00edcio","item":"https:\/\/portalnpm.com\/"},{"@type":"ListItem","position":2,"name":"Menina de 5 anos \u00e9 diagnosticada com c\u00e2ncer raro e precisa de ajuda"}]},{"@type":"WebSite","@id":"https:\/\/portalnpm.com\/#website","url":"https:\/\/portalnpm.com\/","name":"Portal NPM","description":"Not\u00edcias em Primeira M\u00e3o","potentialAction":[{"@type":"SearchAction","target":{"@type":"EntryPoint","urlTemplate":"https:\/\/portalnpm.com\/?s={search_term_string}"},"query-input":"required name=search_term_string"}],"inLanguage":"pt-BR"},{"@type":"Person","@id":"https:\/\/portalnpm.com\/#\/schema\/person\/35cb55186eae3f074b6783da6d35591e","name":"Zenilton Lima","image":{"@type":"ImageObject","inLanguage":"pt-BR","@id":"https:\/\/portalnpm.com\/#\/schema\/person\/image\/","url":"https:\/\/portalnpm.com\/wp-content\/uploads\/2024\/12\/avatar_user_8_1733658137-96x96.jpeg","contentUrl":"https:\/\/portalnpm.com\/wp-content\/uploads\/2024\/12\/avatar_user_8_1733658137-96x96.jpeg","caption":"Zenilton Lima"},"url":"https:\/\/portalnpm.com\/index.php\/author\/zenilton\/"}]}},"jetpack_sharing_enabled":true,"jetpack_featured_media_url":"","_links":{"self":[{"href":"https:\/\/portalnpm.com\/index.php\/wp-json\/wp\/v2\/posts\/5920"}],"collection":[{"href":"https:\/\/portalnpm.com\/index.php\/wp-json\/wp\/v2\/posts"}],"about":[{"href":"https:\/\/portalnpm.com\/index.php\/wp-json\/wp\/v2\/types\/post"}],"author":[{"embeddable":true,"href":"https:\/\/portalnpm.com\/index.php\/wp-json\/wp\/v2\/users\/8"}],"replies":[{"embeddable":true,"href":"https:\/\/portalnpm.com\/index.php\/wp-json\/wp\/v2\/comments?post=5920"}],"version-history":[{"count":0,"href":"https:\/\/portalnpm.com\/index.php\/wp-json\/wp\/v2\/posts\/5920\/revisions"}],"wp:featuredmedia":[{"embeddable":true,"href":"https:\/\/portalnpm.com\/index.php\/wp-json\/"}],"wp:attachment":[{"href":"https:\/\/portalnpm.com\/index.php\/wp-json\/wp\/v2\/media?parent=5920"}],"wp:term":[{"taxonomy":"category","embeddable":true,"href":"https:\/\/portalnpm.com\/index.php\/wp-json\/wp\/v2\/categories?post=5920"},{"taxonomy":"post_tag","embeddable":true,"href":"https:\/\/portalnpm.com\/index.php\/wp-json\/wp\/v2\/tags?post=5920"}],"curies":[{"name":"wp","href":"https:\/\/api.w.org\/{rel}","templated":true}]}}