{"id":5924,"date":"2019-03-01T12:57:38","date_gmt":"2019-03-01T15:57:38","guid":{"rendered":"http:\/\/srv.portalnpm.com.br\/?p=5924"},"modified":"2019-03-01T12:57:38","modified_gmt":"2019-03-01T15:57:38","slug":"ja-e-carnaval-alem-de-luis-correia-confira-quais-cidades-do-piaui-estao-em-festa","status":"publish","type":"post","link":"https:\/\/portalnpm.com\/index.php\/2019\/03\/01\/ja-e-carnaval-alem-de-luis-correia-confira-quais-cidades-do-piaui-estao-em-festa\/","title":{"rendered":"J\u00e1 \u00e9 Carnaval! Al\u00e9m de Lu\u00eds Correia, confira quais cidades do Piau\u00ed est\u00e3o em festa!"},"content":{"rendered":"<p style=\"text-align: justify;\">O \u201cSextoooou\u201d de uma v\u00e9spera de Carnaval \u00e9 sempre diferente. \u00c9 claro que j\u00e1 tem gente em clima de festa\u2026 Mas ainda tem foli\u00e3o que n\u00e3o sabe onde realmente vai curtir a Folia de Momo deste ano.<\/p>\n<p style=\"text-align: justify;\">O\u00a0<strong>OitoMeia<\/strong>\u00a0buscou ent\u00e3o \u2018encurtar\u2019 sua busca e listamos alguns dos principais carnavais pelo Piau\u00ed. Prepare a sua mala, busque roupas confort\u00e1veis e divirta-se, claro, sempre com muita modera\u00e7\u00e3o e paz!<\/p>\n<p style=\"text-align: justify;\">Op\u00e7\u00e3o para curtir o carnaval em 2019 fora da capital \u00e9 o que n\u00e3o falta. Corso, festas com m\u00fasica de diversos g\u00eaneros, desfiles carnavalescos nas ruas e shows de artistas renomados nacionalmente s\u00e3o algumas das atra\u00e7\u00f5es que podem ser encontradas no in\u00edcio deste m\u00eas de mar\u00e7o nos munic\u00edpios piauienses.<\/p>\n<p style=\"text-align: justify;\">\u00c9 claro que Lu\u00eds Correia, litoral do estado, chama a aten\u00e7\u00e3o pelo n\u00edvel das atra\u00e7\u00f5es do Euphoria Barramares, mas cidades como Barras,\u00a0Floriano, \u00c1gua Branca, Campo Maior e Altos sempre atraem bons p\u00fablicos neste per\u00edodo. Confira abaixo as atra\u00e7\u00f5es e programe-se para ter, de fato, um bom carnaval!<\/p>\n<p style=\"text-align: justify;\"><strong>LU\u00cdS CORREIA<\/strong><\/p>\n<p style=\"text-align: justify;\">O feriado na cidade litor\u00e2nea do Piau\u00ed \u00e9 considerado um dos maiores do Nordeste: \u00e9 o Carnaval Euphoria, organizado pela\u00a0Kalor Produ\u00e7\u00f5es, empresa de eventos ligada ao Grupo Meio Norte.\u00a0Ser\u00e3o quatro dias\u00a0de festa com grandes atra\u00e7\u00f5es do cen\u00e1rio musical pop brasileiro.<\/p>\n<p style=\"text-align: justify;\">Cada dia do Carnaval Euphoria ter\u00e1 uma tem\u00e1tica diferente, onde a decora\u00e7\u00e3o e as roupas do foli\u00f5es v\u00e3o ambientar a festa. Os\u00a0<strong>pre\u00e7os para participar de toda essa festa\u00a0v\u00e3o de R$ 35 a R$ 1 mil<\/strong>.<\/p>\n<ul style=\"text-align: justify;\">\n<li><strong>S\u00e1bado (02):\u00a0<\/strong>Matheus&amp;Kauan, Dilsinho, Wallas Arraias, Z\u00e9 Cantor, Jopin (Euphoria Mask)<\/li>\n<li><strong>Domingo (03):\u00a0<\/strong>Oz Bambaz, Gabriel Diniz, Avine Vinny, Nego do Borel, Wesley Safad\u00e3o (Euphoria White + 1)<\/li>\n<li><strong>Segunda (04):\u00a0<\/strong>Henrique e Juliano, Jonas Esticado, Mano Walter, Marcia Felipe (Euphoria Beach)<\/li>\n<li><strong>Ter\u00e7a (05):\u00a0<\/strong>Parangol\u00e9, Aldair Playboy, Ralk, Vintage Culture, Xand Avi\u00e3o (Euphoria Colors)<\/li>\n<\/ul>\n<p style=\"text-align: justify;\"><strong>BARRAS\u00a0<\/strong><\/p>\n<p style=\"text-align: justify;\">As op\u00e7\u00f5es para curtir o carnaval em Barras s\u00e3o diversas. Durante o circuito da folia no munic\u00edpio os foli\u00f5es v\u00e3o poder\u00a0brincar no Carnaval das Antigas na Pra\u00e7a da Matriz, assistir o show de bandas na Arena Beira Rio ou ainda curtir os pared\u00f5es na Arena Pared\u00e3o no Barras Clube. E se quiser relaxar ainda pode banhar nas \u00e1guas do Marataoan ou do Long\u00e1.<\/p>\n<p style=\"text-align: justify;\"><em><strong>Veja a programa\u00e7\u00e3o:<\/strong><\/em><\/p>\n<ul style=\"text-align: justify;\">\n<li><strong>S\u00e1bado (02\/03):\u00a0<\/strong>Walkiria Estarley (Gordinha), Boys do Piseiro<\/li>\n<li><strong>Domingo (03\/03):\u00a0<\/strong>Jeremmias<strong>,\u00a0<\/strong>Kaio Stronda, Banda Press\u00e3o<\/li>\n<li><strong>Segunda-feira (04\/03):\u00a0<\/strong>Farra dos Play<\/li>\n<li><strong>Ter\u00e7a-feira (05\/03):\u00a0<\/strong>Forro dos top<\/li>\n<\/ul>\n<p style=\"text-align: justify;\"><strong>FLORIANO<\/strong><\/p>\n<p style=\"text-align: justify;\">Para quem gosta de arrast\u00e3o com trio el\u00e9trico, pared\u00f5es de som, folia e m\u00fasica alta, a cidade de Floriano \u00e9 o local ideal para passar o feriado. A festa do munic\u00edpio contar\u00e1 com a presen\u00e7a de pared\u00f5es legalizados durante o feriado. Em cada dia a festa \u00e9 comandada por um artista diferente.<\/p>\n<p style=\"text-align: justify;\"><em><strong>Veja a programa\u00e7\u00e3o:<\/strong><\/em><\/p>\n<ul style=\"text-align: justify;\">\n<li><strong>S\u00e1bado (02):<\/strong>\u00a0Chicabana, Dell Dukar\u00e1, Hiury Barros<\/li>\n<li><strong>Segunda (04):<\/strong>\u00a0Avine Vinny, Frank e Eduardo, Hiury Barros<\/li>\n<li><strong>Ter\u00e7a (05):<\/strong>\u00a0Selva Branca, Toda Boa, Hiury Barros<\/li>\n<\/ul>\n<p style=\"text-align: justify;\"><strong>\u00c1GUA BRANCA<\/strong><\/p>\n<p style=\"text-align: justify;\">O Carnaval da Alegria na Terra da Folia de \u00c1gua Branca se consagra como a maior festa p\u00fablica do M\u00e9dio Parna\u00edba no Piau\u00ed. Nesta edi\u00e7\u00e3o diversos artistas v\u00e3o se apresentar nos dias de folia.<\/p>\n<p style=\"text-align: justify;\"><strong><em>Veja a programa\u00e7\u00e3o:<\/em><\/strong><\/p>\n<ul style=\"text-align: justify;\">\n<li><strong>Sexta (01)<\/strong>: bloco dos Pared\u00f5es \u00e0s 15h (percurso pelas ruas de \u00c1gua Branca)<\/li>\n<li><strong>S\u00e1bado (02)<\/strong>:\u00a0mela-mela na Orla do A\u00e7ude \u00e0s\u00a016h,\u00a0Anderson Rodrigues, Chicabana e Nana\u00ea \u00e0s 22h<\/li>\n<li><strong>Domingo (03):<\/strong>\u00a0desfile de Rua \u00e0s\u00a015h (Concentra\u00e7\u00e3o na Pra\u00e7a dos Miguel), Mela-mela na Orla do A\u00e7ude \u00e0s\u00a016h, Romim Mata, Luketta e Johnny Fred \u00e0s \u00e0s\u00a023h<\/li>\n<li><strong>Segunda (04)<\/strong>: dela-mela na Orla do A\u00e7ude \u00e1s\u00a016h,\u00a0Oz Bambaz, Avine Vinny e Phyll Ara\u00fajo \u00e0s 23h<\/li>\n<li><strong>Ter\u00e7a (05)<\/strong>:\u00a0Bloquinho Infantil as 15h,\u00a0Mela-mela na Orla do A\u00e7ude \u00e0s\u00a016h,\u00a0Banana Nativa e Kaio Stronda \u00e1s 23h<\/li>\n<\/ul>\n<p style=\"text-align: justify;\"><strong>CAMPO MAIOR\u00a0<\/strong><\/p>\n<p style=\"text-align: justify;\">As cores e ritmos carnavalescos invadem Campo Maior com a realiza\u00e7\u00e3o da 7\u00b0 edi\u00e7\u00e3o do Corso Maior. Neste ano, o evento vai distribuir R$ 5 mil em premia\u00e7\u00f5es para a melhor fantasia, carro de som e caminh\u00e3o.<\/p>\n<p style=\"text-align: justify;\"><em><strong>Veja a programa\u00e7\u00e3o:<\/strong><\/em><\/p>\n<ul style=\"text-align: justify;\">\n<li><strong>Sexta (01)<\/strong>: Corso com caminh\u00e3o, Nervosim, Waldo e Felipe, Jo\u00e3o Veloso<\/li>\n<li><strong>S\u00e1bado (02)<\/strong>: Raio musical, Forr\u00f3 Nervoso e atra\u00e7\u00f5es locais<\/li>\n<li><strong>Domingo (03)<\/strong>: Balne\u00e1rio Surubim, Arena Pared\u00f5es, Carnaval com crian\u00e7as, Forr\u00f3 Cont\u00e1gio, Banda Spacial,<\/li>\n<li><strong>Segunda (04)<\/strong>: Arena pared\u00f5es<\/li>\n<li><strong>Ter\u00e7a (05)<\/strong>: Capil\u00e9, Explos\u00e3o do Som e atra\u00e7\u00f5es locais<\/li>\n<\/ul>\n<p style=\"text-align: justify;\"><strong>ALTOS<\/strong><\/p>\n<p style=\"text-align: justify;\">A escolha para viajantes que preferem uma festa organizada e tranquila,\u00a0que valoriza a tradi\u00e7\u00e3o e a cultura popular, \u00e9 o carnaval de Altos. Entre os dias 2 e 5 de mar\u00e7o, v\u00e1rias bandas locais e regionais animam a folia de momo na cidade.<\/p>\n<p style=\"text-align: justify;\"><em><strong>Veja a programa\u00e7\u00e3o:<\/strong><\/em><\/p>\n<ul style=\"text-align: justify;\">\n<li><strong>S\u00e1bado (02):\u00a0<\/strong>Renatinho Bahia e Leide Santos<\/li>\n<li><strong>Domingo (03)<\/strong>:\u00a0Carnaval Infantil \u00e0s 16h, em seguida\u00a0Max Vianna e Swing Malino,\u00a0Os Vers\u00e1teis<\/li>\n<li><strong>Ter\u00e7a (04)<\/strong>:\u00a0Bloco das Virgens e em seguida as\u00a0bandas Gang &amp; Cia, D\u2019Pilek e\u00a0Os Vers\u00e1teis<\/li>\n<\/ul>\n<p style=\"text-align: justify;\"><strong>Fonte:<\/strong> Oito Meia<\/p>\n<hr \/>\n<p><strong>ACOMPANHE O PORTAL NPM NAS REDES SOCIAIS E VISITE NOSSO CANAL:<\/strong><\/p>\n<p><a href=\"https:\/\/www.facebook.com\/PortalNPM\/\">https:\/\/www.facebook.com\/PortalNPM\/<\/a><\/p>\n<p><a href=\"https:\/\/www.youtube.com\/channel\/UCpVEqwH3Pt07DvGBk7z3Vcg\">https:\/\/www.youtube.com\/channel\/UCpVEqwH3Pt07DvGBk7z3Vcg<\/a><\/p>\n","protected":false},"excerpt":{"rendered":"<p>O \u201cSextoooou\u201d de uma v\u00e9spera de Carnaval \u00e9 sempre diferente. \u00c9 claro que j\u00e1 tem gente em clima de festa\u2026 Mas ainda tem foli\u00e3o que n\u00e3o sabe onde realmente vai curtir a Folia de Momo deste ano. O\u00a0OitoMeia\u00a0buscou ent\u00e3o \u2018encurtar\u2019 sua busca e listamos alguns dos principais carnavais pelo Piau\u00ed. Prepare a sua mala, busque &hellip;<\/p>\n","protected":false},"author":8,"featured_media":5925,"comment_status":"open","ping_status":"open","sticky":false,"template":"","format":"standard","meta":{"content-type":"","rop_custom_images_group":[],"rop_custom_messages_group":[],"rop_publish_now":"initial","rop_publish_now_accounts":{"facebook_2648258775420054_1618374048415101":""},"rop_publish_now_history":[],"rop_publish_now_status":"pending","footnotes":"","_jetpack_memberships_contains_paid_content":false},"categories":[113,147],"tags":[2312,636,934],"yoast_head":"<!-- This site is optimized with the Yoast SEO plugin v22.3 - https:\/\/yoast.com\/wordpress\/plugins\/seo\/ -->\n<title>J\u00e1 \u00e9 Carnaval! Al\u00e9m de Lu\u00eds Correia, confira quais cidades do Piau\u00ed est\u00e3o em festa! - Portal NPM<\/title>\n<meta name=\"robots\" content=\"index, follow, max-snippet:-1, max-image-preview:large, max-video-preview:-1\" \/>\n<link rel=\"canonical\" href=\"https:\/\/portalnpm.com\/index.php\/2019\/03\/01\/ja-e-carnaval-alem-de-luis-correia-confira-quais-cidades-do-piaui-estao-em-festa\/\" \/>\n<meta property=\"og:locale\" content=\"pt_BR\" \/>\n<meta property=\"og:type\" content=\"article\" \/>\n<meta property=\"og:title\" content=\"J\u00e1 \u00e9 Carnaval! Al\u00e9m de Lu\u00eds Correia, confira quais cidades do Piau\u00ed est\u00e3o em festa! - Portal NPM\" \/>\n<meta property=\"og:description\" content=\"O \u201cSextoooou\u201d de uma v\u00e9spera de Carnaval \u00e9 sempre diferente. \u00c9 claro que j\u00e1 tem gente em clima de festa\u2026 Mas ainda tem foli\u00e3o que n\u00e3o sabe onde realmente vai curtir a Folia de Momo deste ano. O\u00a0OitoMeia\u00a0buscou ent\u00e3o \u2018encurtar\u2019 sua busca e listamos alguns dos principais carnavais pelo Piau\u00ed. Prepare a sua mala, busque &hellip;\" \/>\n<meta property=\"og:url\" content=\"https:\/\/portalnpm.com\/index.php\/2019\/03\/01\/ja-e-carnaval-alem-de-luis-correia-confira-quais-cidades-do-piaui-estao-em-festa\/\" \/>\n<meta property=\"og:site_name\" content=\"Portal NPM\" \/>\n<meta property=\"article:published_time\" content=\"2019-03-01T15:57:38+00:00\" \/>\n<meta name=\"author\" content=\"Zenilton Lima\" \/>\n<meta name=\"twitter:card\" content=\"summary_large_image\" \/>\n<meta name=\"twitter:label1\" content=\"Escrito por\" \/>\n\t<meta name=\"twitter:data1\" content=\"Zenilton Lima\" \/>\n\t<meta name=\"twitter:label2\" content=\"Est. tempo de leitura\" \/>\n\t<meta name=\"twitter:data2\" content=\"4 minutos\" \/>\n<script type=\"application\/ld+json\" class=\"yoast-schema-graph\">{\"@context\":\"https:\/\/schema.org\",\"@graph\":[{\"@type\":\"WebPage\",\"@id\":\"https:\/\/portalnpm.com\/index.php\/2019\/03\/01\/ja-e-carnaval-alem-de-luis-correia-confira-quais-cidades-do-piaui-estao-em-festa\/\",\"url\":\"https:\/\/portalnpm.com\/index.php\/2019\/03\/01\/ja-e-carnaval-alem-de-luis-correia-confira-quais-cidades-do-piaui-estao-em-festa\/\",\"name\":\"J\u00e1 \u00e9 Carnaval! Al\u00e9m de Lu\u00eds Correia, confira quais cidades do Piau\u00ed est\u00e3o em festa! - Portal NPM\",\"isPartOf\":{\"@id\":\"https:\/\/portalnpm.com\/#website\"},\"primaryImageOfPage\":{\"@id\":\"https:\/\/portalnpm.com\/index.php\/2019\/03\/01\/ja-e-carnaval-alem-de-luis-correia-confira-quais-cidades-do-piaui-estao-em-festa\/#primaryimage\"},\"image\":{\"@id\":\"https:\/\/portalnpm.com\/index.php\/2019\/03\/01\/ja-e-carnaval-alem-de-luis-correia-confira-quais-cidades-do-piaui-estao-em-festa\/#primaryimage\"},\"thumbnailUrl\":\"\",\"datePublished\":\"2019-03-01T15:57:38+00:00\",\"dateModified\":\"2019-03-01T15:57:38+00:00\",\"author\":{\"@id\":\"https:\/\/portalnpm.com\/#\/schema\/person\/35cb55186eae3f074b6783da6d35591e\"},\"breadcrumb\":{\"@id\":\"https:\/\/portalnpm.com\/index.php\/2019\/03\/01\/ja-e-carnaval-alem-de-luis-correia-confira-quais-cidades-do-piaui-estao-em-festa\/#breadcrumb\"},\"inLanguage\":\"pt-BR\",\"potentialAction\":[{\"@type\":\"ReadAction\",\"target\":[\"https:\/\/portalnpm.com\/index.php\/2019\/03\/01\/ja-e-carnaval-alem-de-luis-correia-confira-quais-cidades-do-piaui-estao-em-festa\/\"]}]},{\"@type\":\"ImageObject\",\"inLanguage\":\"pt-BR\",\"@id\":\"https:\/\/portalnpm.com\/index.php\/2019\/03\/01\/ja-e-carnaval-alem-de-luis-correia-confira-quais-cidades-do-piaui-estao-em-festa\/#primaryimage\",\"url\":\"\",\"contentUrl\":\"\"},{\"@type\":\"BreadcrumbList\",\"@id\":\"https:\/\/portalnpm.com\/index.php\/2019\/03\/01\/ja-e-carnaval-alem-de-luis-correia-confira-quais-cidades-do-piaui-estao-em-festa\/#breadcrumb\",\"itemListElement\":[{\"@type\":\"ListItem\",\"position\":1,\"name\":\"In\u00edcio\",\"item\":\"https:\/\/portalnpm.com\/\"},{\"@type\":\"ListItem\",\"position\":2,\"name\":\"J\u00e1 \u00e9 Carnaval! Al\u00e9m de Lu\u00eds Correia, confira quais cidades do Piau\u00ed est\u00e3o em festa!\"}]},{\"@type\":\"WebSite\",\"@id\":\"https:\/\/portalnpm.com\/#website\",\"url\":\"https:\/\/portalnpm.com\/\",\"name\":\"Portal NPM\",\"description\":\"Not\u00edcias em Primeira M\u00e3o\",\"potentialAction\":[{\"@type\":\"SearchAction\",\"target\":{\"@type\":\"EntryPoint\",\"urlTemplate\":\"https:\/\/portalnpm.com\/?s={search_term_string}\"},\"query-input\":\"required name=search_term_string\"}],\"inLanguage\":\"pt-BR\"},{\"@type\":\"Person\",\"@id\":\"https:\/\/portalnpm.com\/#\/schema\/person\/35cb55186eae3f074b6783da6d35591e\",\"name\":\"Zenilton Lima\",\"image\":{\"@type\":\"ImageObject\",\"inLanguage\":\"pt-BR\",\"@id\":\"https:\/\/portalnpm.com\/#\/schema\/person\/image\/\",\"url\":\"https:\/\/portalnpm.com\/wp-content\/uploads\/2024\/12\/avatar_user_8_1733658137-96x96.jpeg\",\"contentUrl\":\"https:\/\/portalnpm.com\/wp-content\/uploads\/2024\/12\/avatar_user_8_1733658137-96x96.jpeg\",\"caption\":\"Zenilton Lima\"},\"url\":\"https:\/\/portalnpm.com\/index.php\/author\/zenilton\/\"}]}<\/script>\n<!-- \/ Yoast SEO plugin. -->","yoast_head_json":{"title":"J\u00e1 \u00e9 Carnaval! Al\u00e9m de Lu\u00eds Correia, confira quais cidades do Piau\u00ed est\u00e3o em festa! - Portal NPM","robots":{"index":"index","follow":"follow","max-snippet":"max-snippet:-1","max-image-preview":"max-image-preview:large","max-video-preview":"max-video-preview:-1"},"canonical":"https:\/\/portalnpm.com\/index.php\/2019\/03\/01\/ja-e-carnaval-alem-de-luis-correia-confira-quais-cidades-do-piaui-estao-em-festa\/","og_locale":"pt_BR","og_type":"article","og_title":"J\u00e1 \u00e9 Carnaval! Al\u00e9m de Lu\u00eds Correia, confira quais cidades do Piau\u00ed est\u00e3o em festa! - Portal NPM","og_description":"O \u201cSextoooou\u201d de uma v\u00e9spera de Carnaval \u00e9 sempre diferente. \u00c9 claro que j\u00e1 tem gente em clima de festa\u2026 Mas ainda tem foli\u00e3o que n\u00e3o sabe onde realmente vai curtir a Folia de Momo deste ano. O\u00a0OitoMeia\u00a0buscou ent\u00e3o \u2018encurtar\u2019 sua busca e listamos alguns dos principais carnavais pelo Piau\u00ed. Prepare a sua mala, busque &hellip;","og_url":"https:\/\/portalnpm.com\/index.php\/2019\/03\/01\/ja-e-carnaval-alem-de-luis-correia-confira-quais-cidades-do-piaui-estao-em-festa\/","og_site_name":"Portal NPM","article_published_time":"2019-03-01T15:57:38+00:00","author":"Zenilton Lima","twitter_card":"summary_large_image","twitter_misc":{"Escrito por":"Zenilton Lima","Est. tempo de leitura":"4 minutos"},"schema":{"@context":"https:\/\/schema.org","@graph":[{"@type":"WebPage","@id":"https:\/\/portalnpm.com\/index.php\/2019\/03\/01\/ja-e-carnaval-alem-de-luis-correia-confira-quais-cidades-do-piaui-estao-em-festa\/","url":"https:\/\/portalnpm.com\/index.php\/2019\/03\/01\/ja-e-carnaval-alem-de-luis-correia-confira-quais-cidades-do-piaui-estao-em-festa\/","name":"J\u00e1 \u00e9 Carnaval! Al\u00e9m de Lu\u00eds Correia, confira quais cidades do Piau\u00ed est\u00e3o em festa! - Portal NPM","isPartOf":{"@id":"https:\/\/portalnpm.com\/#website"},"primaryImageOfPage":{"@id":"https:\/\/portalnpm.com\/index.php\/2019\/03\/01\/ja-e-carnaval-alem-de-luis-correia-confira-quais-cidades-do-piaui-estao-em-festa\/#primaryimage"},"image":{"@id":"https:\/\/portalnpm.com\/index.php\/2019\/03\/01\/ja-e-carnaval-alem-de-luis-correia-confira-quais-cidades-do-piaui-estao-em-festa\/#primaryimage"},"thumbnailUrl":"","datePublished":"2019-03-01T15:57:38+00:00","dateModified":"2019-03-01T15:57:38+00:00","author":{"@id":"https:\/\/portalnpm.com\/#\/schema\/person\/35cb55186eae3f074b6783da6d35591e"},"breadcrumb":{"@id":"https:\/\/portalnpm.com\/index.php\/2019\/03\/01\/ja-e-carnaval-alem-de-luis-correia-confira-quais-cidades-do-piaui-estao-em-festa\/#breadcrumb"},"inLanguage":"pt-BR","potentialAction":[{"@type":"ReadAction","target":["https:\/\/portalnpm.com\/index.php\/2019\/03\/01\/ja-e-carnaval-alem-de-luis-correia-confira-quais-cidades-do-piaui-estao-em-festa\/"]}]},{"@type":"ImageObject","inLanguage":"pt-BR","@id":"https:\/\/portalnpm.com\/index.php\/2019\/03\/01\/ja-e-carnaval-alem-de-luis-correia-confira-quais-cidades-do-piaui-estao-em-festa\/#primaryimage","url":"","contentUrl":""},{"@type":"BreadcrumbList","@id":"https:\/\/portalnpm.com\/index.php\/2019\/03\/01\/ja-e-carnaval-alem-de-luis-correia-confira-quais-cidades-do-piaui-estao-em-festa\/#breadcrumb","itemListElement":[{"@type":"ListItem","position":1,"name":"In\u00edcio","item":"https:\/\/portalnpm.com\/"},{"@type":"ListItem","position":2,"name":"J\u00e1 \u00e9 Carnaval! Al\u00e9m de Lu\u00eds Correia, confira quais cidades do Piau\u00ed est\u00e3o em festa!"}]},{"@type":"WebSite","@id":"https:\/\/portalnpm.com\/#website","url":"https:\/\/portalnpm.com\/","name":"Portal NPM","description":"Not\u00edcias em Primeira M\u00e3o","potentialAction":[{"@type":"SearchAction","target":{"@type":"EntryPoint","urlTemplate":"https:\/\/portalnpm.com\/?s={search_term_string}"},"query-input":"required name=search_term_string"}],"inLanguage":"pt-BR"},{"@type":"Person","@id":"https:\/\/portalnpm.com\/#\/schema\/person\/35cb55186eae3f074b6783da6d35591e","name":"Zenilton Lima","image":{"@type":"ImageObject","inLanguage":"pt-BR","@id":"https:\/\/portalnpm.com\/#\/schema\/person\/image\/","url":"https:\/\/portalnpm.com\/wp-content\/uploads\/2024\/12\/avatar_user_8_1733658137-96x96.jpeg","contentUrl":"https:\/\/portalnpm.com\/wp-content\/uploads\/2024\/12\/avatar_user_8_1733658137-96x96.jpeg","caption":"Zenilton Lima"},"url":"https:\/\/portalnpm.com\/index.php\/author\/zenilton\/"}]}},"jetpack_sharing_enabled":true,"jetpack_featured_media_url":"","_links":{"self":[{"href":"https:\/\/portalnpm.com\/index.php\/wp-json\/wp\/v2\/posts\/5924"}],"collection":[{"href":"https:\/\/portalnpm.com\/index.php\/wp-json\/wp\/v2\/posts"}],"about":[{"href":"https:\/\/portalnpm.com\/index.php\/wp-json\/wp\/v2\/types\/post"}],"author":[{"embeddable":true,"href":"https:\/\/portalnpm.com\/index.php\/wp-json\/wp\/v2\/users\/8"}],"replies":[{"embeddable":true,"href":"https:\/\/portalnpm.com\/index.php\/wp-json\/wp\/v2\/comments?post=5924"}],"version-history":[{"count":0,"href":"https:\/\/portalnpm.com\/index.php\/wp-json\/wp\/v2\/posts\/5924\/revisions"}],"wp:featuredmedia":[{"embeddable":true,"href":"https:\/\/portalnpm.com\/index.php\/wp-json\/"}],"wp:attachment":[{"href":"https:\/\/portalnpm.com\/index.php\/wp-json\/wp\/v2\/media?parent=5924"}],"wp:term":[{"taxonomy":"category","embeddable":true,"href":"https:\/\/portalnpm.com\/index.php\/wp-json\/wp\/v2\/categories?post=5924"},{"taxonomy":"post_tag","embeddable":true,"href":"https:\/\/portalnpm.com\/index.php\/wp-json\/wp\/v2\/tags?post=5924"}],"curies":[{"name":"wp","href":"https:\/\/api.w.org\/{rel}","templated":true}]}}