{"id":59302,"date":"2020-11-09T14:11:08","date_gmt":"2020-11-09T17:11:08","guid":{"rendered":"https:\/\/portalnpm.com\/index.php\/2020\/11\/09\/sergio-moro-e-luciano-huck-negociam-alianca-para-eleicao-em-2022-diz-site\/"},"modified":"2020-11-09T14:11:08","modified_gmt":"2020-11-09T17:11:08","slug":"sergio-moro-e-luciano-huck-negociam-alianca-para-eleicao-em-2022-diz-site","status":"publish","type":"post","link":"https:\/\/portalnpm.com\/index.php\/2020\/11\/09\/sergio-moro-e-luciano-huck-negociam-alianca-para-eleicao-em-2022-diz-site\/","title":{"rendered":"Sergio Moro e Luciano Huck negociam alian\u00e7a para elei\u00e7\u00e3o em 2022, diz site"},"content":{"rendered":"<p style=\"text-align: justify;\">O apresentador Luciano Huck e o ex-ministro da Justi\u00e7a Sergio Moro iniciaram negocia\u00e7\u00f5es para uma alian\u00e7a na elei\u00e7\u00e3o presidencial de 2022, segundo informa o jornal Folha de S. Paulo neste domingo.<\/p>\n<p style=\"text-align: justify;\">\n<p style=\"text-align: justify;\">\n<p style=\"text-align: justify;\">Segundo a reportagem, eles se encontraram no apartamento de Moro em Curitiba no dia 30 de outubro, e acertaram a inten\u00e7\u00e3o de uni\u00e3o em torno de uma esp\u00e9cie de \u201cterceira via\u201d na disputa pela Presid\u00eancia. Ainda n\u00e3o houve defini\u00e7\u00e3o de quem encabe\u00e7aria uma eventual chapa, algo que pode ser discutido ao longo de 2021.<\/p>\n<p style=\"text-align: justify;\">Ainda segundo a reportagem, o convite para o encontro partiu de Moro. Huck chegou \u00e0 resid\u00eancia do ex-ministro em Curitiba por volta das 12 horas, e a conversa se estendeu at\u00e9 pouco antes das 15 horas.<\/p>\n<p style=\"text-align: justify;\">Fonte: Estad\u00e3o Conte\u00fado<\/p>\n","protected":false},"excerpt":{"rendered":"<p>O apresentador Luciano Huck e o ex-ministro da Justi\u00e7a Sergio Moro iniciaram negocia\u00e7\u00f5es para uma alian\u00e7a na elei\u00e7\u00e3o presidencial de 2022, segundo informa o jornal Folha de S. Paulo neste domingo. Segundo a reportagem, eles se encontraram no apartamento de Moro em Curitiba no dia 30 de outubro, e acertaram a inten\u00e7\u00e3o de uni\u00e3o em &hellip;<\/p>\n","protected":false},"author":2,"featured_media":59303,"comment_status":"open","ping_status":"open","sticky":false,"template":"","format":"standard","meta":{"content-type":"","rop_custom_images_group":[],"rop_custom_messages_group":[],"rop_publish_now":"initial","rop_publish_now_accounts":{"facebook_2648258775420054_1618374048415101":""},"rop_publish_now_history":[],"rop_publish_now_status":"pending","footnotes":"","_jetpack_memberships_contains_paid_content":false},"categories":[125,130],"tags":[7469,7470,7471],"yoast_head":"<!-- This site is optimized with the Yoast SEO plugin v22.3 - https:\/\/yoast.com\/wordpress\/plugins\/seo\/ -->\n<title>Sergio Moro e Luciano Huck negociam alian\u00e7a para elei\u00e7\u00e3o em 2022, diz site<\/title>\n<meta name=\"robots\" content=\"index, follow, max-snippet:-1, max-image-preview:large, max-video-preview:-1\" \/>\n<link rel=\"canonical\" href=\"https:\/\/portalnpm.com\/index.php\/2020\/11\/09\/sergio-moro-e-luciano-huck-negociam-alianca-para-eleicao-em-2022-diz-site\/\" \/>\n<meta property=\"og:locale\" content=\"pt_BR\" \/>\n<meta property=\"og:type\" content=\"article\" \/>\n<meta property=\"og:title\" content=\"Sergio Moro e Luciano Huck negociam alian\u00e7a para elei\u00e7\u00e3o em 2022, diz site\" \/>\n<meta property=\"og:description\" content=\"O apresentador Luciano Huck e o ex-ministro da Justi\u00e7a Sergio Moro iniciaram negocia\u00e7\u00f5es para uma alian\u00e7a na elei\u00e7\u00e3o presidencial de 2022, segundo informa o jornal Folha de S. Paulo neste domingo. Segundo a reportagem, eles se encontraram no apartamento de Moro em Curitiba no dia 30 de outubro, e acertaram a inten\u00e7\u00e3o de uni\u00e3o em &hellip;\" \/>\n<meta property=\"og:url\" content=\"https:\/\/portalnpm.com\/index.php\/2020\/11\/09\/sergio-moro-e-luciano-huck-negociam-alianca-para-eleicao-em-2022-diz-site\/\" \/>\n<meta property=\"og:site_name\" content=\"Portal NPM\" \/>\n<meta property=\"article:published_time\" content=\"2020-11-09T17:11:08+00:00\" \/>\n<meta property=\"og:image\" content=\"https:\/\/portalnpm.com\/wp-content\/uploads\/2024\/01\/Sergio-Moro.jpg\" \/>\n\t<meta property=\"og:image:width\" content=\"680\" \/>\n\t<meta property=\"og:image:height\" content=\"408\" \/>\n\t<meta property=\"og:image:type\" content=\"image\/jpeg\" \/>\n<meta name=\"author\" content=\"Genival Barbosa\" \/>\n<meta name=\"twitter:card\" content=\"summary_large_image\" \/>\n<meta name=\"twitter:label1\" content=\"Escrito por\" \/>\n\t<meta name=\"twitter:data1\" content=\"Genival Barbosa\" \/>\n\t<meta name=\"twitter:label2\" content=\"Est. tempo de leitura\" \/>\n\t<meta name=\"twitter:data2\" content=\"1 minuto\" \/>\n<script type=\"application\/ld+json\" class=\"yoast-schema-graph\">{\"@context\":\"https:\/\/schema.org\",\"@graph\":[{\"@type\":\"WebPage\",\"@id\":\"https:\/\/portalnpm.com\/index.php\/2020\/11\/09\/sergio-moro-e-luciano-huck-negociam-alianca-para-eleicao-em-2022-diz-site\/\",\"url\":\"https:\/\/portalnpm.com\/index.php\/2020\/11\/09\/sergio-moro-e-luciano-huck-negociam-alianca-para-eleicao-em-2022-diz-site\/\",\"name\":\"Sergio Moro e Luciano Huck negociam alian\u00e7a para elei\u00e7\u00e3o em 2022, diz site\",\"isPartOf\":{\"@id\":\"https:\/\/portalnpm.com\/#website\"},\"primaryImageOfPage\":{\"@id\":\"https:\/\/portalnpm.com\/index.php\/2020\/11\/09\/sergio-moro-e-luciano-huck-negociam-alianca-para-eleicao-em-2022-diz-site\/#primaryimage\"},\"image\":{\"@id\":\"https:\/\/portalnpm.com\/index.php\/2020\/11\/09\/sergio-moro-e-luciano-huck-negociam-alianca-para-eleicao-em-2022-diz-site\/#primaryimage\"},\"thumbnailUrl\":\"https:\/\/portalnpm.com\/wp-content\/uploads\/2024\/01\/Sergio-Moro.jpg\",\"datePublished\":\"2020-11-09T17:11:08+00:00\",\"dateModified\":\"2020-11-09T17:11:08+00:00\",\"author\":{\"@id\":\"https:\/\/portalnpm.com\/#\/schema\/person\/49313e563cfdefcc167f1ee4c017c294\"},\"breadcrumb\":{\"@id\":\"https:\/\/portalnpm.com\/index.php\/2020\/11\/09\/sergio-moro-e-luciano-huck-negociam-alianca-para-eleicao-em-2022-diz-site\/#breadcrumb\"},\"inLanguage\":\"pt-BR\",\"potentialAction\":[{\"@type\":\"ReadAction\",\"target\":[\"https:\/\/portalnpm.com\/index.php\/2020\/11\/09\/sergio-moro-e-luciano-huck-negociam-alianca-para-eleicao-em-2022-diz-site\/\"]}]},{\"@type\":\"ImageObject\",\"inLanguage\":\"pt-BR\",\"@id\":\"https:\/\/portalnpm.com\/index.php\/2020\/11\/09\/sergio-moro-e-luciano-huck-negociam-alianca-para-eleicao-em-2022-diz-site\/#primaryimage\",\"url\":\"https:\/\/portalnpm.com\/wp-content\/uploads\/2024\/01\/Sergio-Moro.jpg\",\"contentUrl\":\"https:\/\/portalnpm.com\/wp-content\/uploads\/2024\/01\/Sergio-Moro.jpg\",\"width\":680,\"height\":408},{\"@type\":\"BreadcrumbList\",\"@id\":\"https:\/\/portalnpm.com\/index.php\/2020\/11\/09\/sergio-moro-e-luciano-huck-negociam-alianca-para-eleicao-em-2022-diz-site\/#breadcrumb\",\"itemListElement\":[{\"@type\":\"ListItem\",\"position\":1,\"name\":\"In\u00edcio\",\"item\":\"https:\/\/portalnpm.com\/\"},{\"@type\":\"ListItem\",\"position\":2,\"name\":\"Sergio Moro e Luciano Huck negociam alian\u00e7a para elei\u00e7\u00e3o em 2022, diz site\"}]},{\"@type\":\"WebSite\",\"@id\":\"https:\/\/portalnpm.com\/#website\",\"url\":\"https:\/\/portalnpm.com\/\",\"name\":\"Portal NPM\",\"description\":\"Not\u00edcias em Primeira M\u00e3o\",\"potentialAction\":[{\"@type\":\"SearchAction\",\"target\":{\"@type\":\"EntryPoint\",\"urlTemplate\":\"https:\/\/portalnpm.com\/?s={search_term_string}\"},\"query-input\":\"required name=search_term_string\"}],\"inLanguage\":\"pt-BR\"},{\"@type\":\"Person\",\"@id\":\"https:\/\/portalnpm.com\/#\/schema\/person\/49313e563cfdefcc167f1ee4c017c294\",\"name\":\"Genival Barbosa\",\"image\":{\"@type\":\"ImageObject\",\"inLanguage\":\"pt-BR\",\"@id\":\"https:\/\/portalnpm.com\/#\/schema\/person\/image\/\",\"url\":\"https:\/\/portalnpm.com\/wp-content\/uploads\/2024\/02\/avatar_user_2_1707743258-96x96.jpeg\",\"contentUrl\":\"https:\/\/portalnpm.com\/wp-content\/uploads\/2024\/02\/avatar_user_2_1707743258-96x96.jpeg\",\"caption\":\"Genival Barbosa\"},\"url\":\"https:\/\/portalnpm.com\/index.php\/author\/genival\/\"}]}<\/script>\n<!-- \/ Yoast SEO plugin. -->","yoast_head_json":{"title":"Sergio Moro e Luciano Huck negociam alian\u00e7a para elei\u00e7\u00e3o em 2022, diz site","robots":{"index":"index","follow":"follow","max-snippet":"max-snippet:-1","max-image-preview":"max-image-preview:large","max-video-preview":"max-video-preview:-1"},"canonical":"https:\/\/portalnpm.com\/index.php\/2020\/11\/09\/sergio-moro-e-luciano-huck-negociam-alianca-para-eleicao-em-2022-diz-site\/","og_locale":"pt_BR","og_type":"article","og_title":"Sergio Moro e Luciano Huck negociam alian\u00e7a para elei\u00e7\u00e3o em 2022, diz site","og_description":"O apresentador Luciano Huck e o ex-ministro da Justi\u00e7a Sergio Moro iniciaram negocia\u00e7\u00f5es para uma alian\u00e7a na elei\u00e7\u00e3o presidencial de 2022, segundo informa o jornal Folha de S. Paulo neste domingo. Segundo a reportagem, eles se encontraram no apartamento de Moro em Curitiba no dia 30 de outubro, e acertaram a inten\u00e7\u00e3o de uni\u00e3o em &hellip;","og_url":"https:\/\/portalnpm.com\/index.php\/2020\/11\/09\/sergio-moro-e-luciano-huck-negociam-alianca-para-eleicao-em-2022-diz-site\/","og_site_name":"Portal NPM","article_published_time":"2020-11-09T17:11:08+00:00","og_image":[{"width":680,"height":408,"url":"https:\/\/portalnpm.com\/wp-content\/uploads\/2024\/01\/Sergio-Moro.jpg","type":"image\/jpeg"}],"author":"Genival Barbosa","twitter_card":"summary_large_image","twitter_misc":{"Escrito por":"Genival Barbosa","Est. tempo de leitura":"1 minuto"},"schema":{"@context":"https:\/\/schema.org","@graph":[{"@type":"WebPage","@id":"https:\/\/portalnpm.com\/index.php\/2020\/11\/09\/sergio-moro-e-luciano-huck-negociam-alianca-para-eleicao-em-2022-diz-site\/","url":"https:\/\/portalnpm.com\/index.php\/2020\/11\/09\/sergio-moro-e-luciano-huck-negociam-alianca-para-eleicao-em-2022-diz-site\/","name":"Sergio Moro e Luciano Huck negociam alian\u00e7a para elei\u00e7\u00e3o em 2022, diz site","isPartOf":{"@id":"https:\/\/portalnpm.com\/#website"},"primaryImageOfPage":{"@id":"https:\/\/portalnpm.com\/index.php\/2020\/11\/09\/sergio-moro-e-luciano-huck-negociam-alianca-para-eleicao-em-2022-diz-site\/#primaryimage"},"image":{"@id":"https:\/\/portalnpm.com\/index.php\/2020\/11\/09\/sergio-moro-e-luciano-huck-negociam-alianca-para-eleicao-em-2022-diz-site\/#primaryimage"},"thumbnailUrl":"https:\/\/portalnpm.com\/wp-content\/uploads\/2024\/01\/Sergio-Moro.jpg","datePublished":"2020-11-09T17:11:08+00:00","dateModified":"2020-11-09T17:11:08+00:00","author":{"@id":"https:\/\/portalnpm.com\/#\/schema\/person\/49313e563cfdefcc167f1ee4c017c294"},"breadcrumb":{"@id":"https:\/\/portalnpm.com\/index.php\/2020\/11\/09\/sergio-moro-e-luciano-huck-negociam-alianca-para-eleicao-em-2022-diz-site\/#breadcrumb"},"inLanguage":"pt-BR","potentialAction":[{"@type":"ReadAction","target":["https:\/\/portalnpm.com\/index.php\/2020\/11\/09\/sergio-moro-e-luciano-huck-negociam-alianca-para-eleicao-em-2022-diz-site\/"]}]},{"@type":"ImageObject","inLanguage":"pt-BR","@id":"https:\/\/portalnpm.com\/index.php\/2020\/11\/09\/sergio-moro-e-luciano-huck-negociam-alianca-para-eleicao-em-2022-diz-site\/#primaryimage","url":"https:\/\/portalnpm.com\/wp-content\/uploads\/2024\/01\/Sergio-Moro.jpg","contentUrl":"https:\/\/portalnpm.com\/wp-content\/uploads\/2024\/01\/Sergio-Moro.jpg","width":680,"height":408},{"@type":"BreadcrumbList","@id":"https:\/\/portalnpm.com\/index.php\/2020\/11\/09\/sergio-moro-e-luciano-huck-negociam-alianca-para-eleicao-em-2022-diz-site\/#breadcrumb","itemListElement":[{"@type":"ListItem","position":1,"name":"In\u00edcio","item":"https:\/\/portalnpm.com\/"},{"@type":"ListItem","position":2,"name":"Sergio Moro e Luciano Huck negociam alian\u00e7a para elei\u00e7\u00e3o em 2022, diz site"}]},{"@type":"WebSite","@id":"https:\/\/portalnpm.com\/#website","url":"https:\/\/portalnpm.com\/","name":"Portal NPM","description":"Not\u00edcias em Primeira M\u00e3o","potentialAction":[{"@type":"SearchAction","target":{"@type":"EntryPoint","urlTemplate":"https:\/\/portalnpm.com\/?s={search_term_string}"},"query-input":"required name=search_term_string"}],"inLanguage":"pt-BR"},{"@type":"Person","@id":"https:\/\/portalnpm.com\/#\/schema\/person\/49313e563cfdefcc167f1ee4c017c294","name":"Genival Barbosa","image":{"@type":"ImageObject","inLanguage":"pt-BR","@id":"https:\/\/portalnpm.com\/#\/schema\/person\/image\/","url":"https:\/\/portalnpm.com\/wp-content\/uploads\/2024\/02\/avatar_user_2_1707743258-96x96.jpeg","contentUrl":"https:\/\/portalnpm.com\/wp-content\/uploads\/2024\/02\/avatar_user_2_1707743258-96x96.jpeg","caption":"Genival Barbosa"},"url":"https:\/\/portalnpm.com\/index.php\/author\/genival\/"}]}},"jetpack_sharing_enabled":true,"jetpack_featured_media_url":"https:\/\/portalnpm.com\/wp-content\/uploads\/2024\/01\/Sergio-Moro.jpg","_links":{"self":[{"href":"https:\/\/portalnpm.com\/index.php\/wp-json\/wp\/v2\/posts\/59302"}],"collection":[{"href":"https:\/\/portalnpm.com\/index.php\/wp-json\/wp\/v2\/posts"}],"about":[{"href":"https:\/\/portalnpm.com\/index.php\/wp-json\/wp\/v2\/types\/post"}],"author":[{"embeddable":true,"href":"https:\/\/portalnpm.com\/index.php\/wp-json\/wp\/v2\/users\/2"}],"replies":[{"embeddable":true,"href":"https:\/\/portalnpm.com\/index.php\/wp-json\/wp\/v2\/comments?post=59302"}],"version-history":[{"count":0,"href":"https:\/\/portalnpm.com\/index.php\/wp-json\/wp\/v2\/posts\/59302\/revisions"}],"wp:featuredmedia":[{"embeddable":true,"href":"https:\/\/portalnpm.com\/index.php\/wp-json\/wp\/v2\/media\/59303"}],"wp:attachment":[{"href":"https:\/\/portalnpm.com\/index.php\/wp-json\/wp\/v2\/media?parent=59302"}],"wp:term":[{"taxonomy":"category","embeddable":true,"href":"https:\/\/portalnpm.com\/index.php\/wp-json\/wp\/v2\/categories?post=59302"},{"taxonomy":"post_tag","embeddable":true,"href":"https:\/\/portalnpm.com\/index.php\/wp-json\/wp\/v2\/tags?post=59302"}],"curies":[{"name":"wp","href":"https:\/\/api.w.org\/{rel}","templated":true}]}}