{"id":59310,"date":"2020-11-09T18:06:05","date_gmt":"2020-11-09T21:06:05","guid":{"rendered":"https:\/\/portalnpm.com\/index.php\/2020\/11\/09\/sob-novas-regras-presidiarios-voltarao-a-receber-visitas-presenciais\/"},"modified":"2020-11-09T18:06:05","modified_gmt":"2020-11-09T21:06:05","slug":"sob-novas-regras-presidiarios-voltarao-a-receber-visitas-presenciais","status":"publish","type":"post","link":"https:\/\/portalnpm.com\/index.php\/2020\/11\/09\/sob-novas-regras-presidiarios-voltarao-a-receber-visitas-presenciais\/","title":{"rendered":"Sob novas regras, presidi\u00e1rios voltar\u00e3o a receber visitas presenciais"},"content":{"rendered":"<p style=\"text-align: justify;\">Ap\u00f3s oito meses de suspens\u00e3o por causa da pandemia do novo coronav\u00edrus, est\u00e1 publicada no Di\u00e1rio Oficial da Uni\u00e3o desta segunda-feira (9) uma Portaria do Departamento Penitenci\u00e1rio Nacional ( Depen) que autoriza o retorno gradual de visitas presenciais em pres\u00eddios.<\/p>\n<p style=\"text-align: justify;\">\n<p style=\"text-align: justify;\">\n<p style=\"text-align: justify;\">De acordo com o documento, que entra em vigor nesta segunda, a retomada ser\u00e1 feita de forma gradual e pode ser reavaliada a qualquer momento. Pelas regras cada preso ter\u00e1 direito a uma visita presencial por m\u00eas, com dura\u00e7\u00e3o de at\u00e9 1 hora. Ser\u00e1 permitida a entrada de um adulto, que poder\u00e1 estar acompanhado de uma crian\u00e7a ou adolescente.<\/p>\n<p style=\"text-align: justify;\"><span style=\"font-size: 24px;\"><em>Grupo de risco<\/em><\/span><\/p>\n<p style=\"text-align: justify;\">No caso de pessoas que fazem parte do grupo de risco ou vulner\u00e1vel, como idosos acima de 60 anos, gestantes, lactantes, pessoas com doen\u00e7as cr\u00f4nicas, doen\u00e7as respirat\u00f3rias, ou que apresentem sinais e sintomas de s\u00edndrome gripal, as visitas continuam suspensas.<\/p>\n<p style=\"text-align: justify;\"><span style=\"font-size: 24px;\"><em>Advogados<\/em><\/span><\/p>\n<p style=\"text-align: justify;\">De acordo com o texto, os atendimentos presenciais de advogados nas penitenci\u00e1rias federais continuam limitadas a quatro agendamentos por dia, com dura\u00e7\u00e3o m\u00e1xima de 30 minutos.<\/p>\n<p style=\"text-align: justify;\">As visitas continuam virtuais para presos custodiados nas Penitenci\u00e1rias Federais por interm\u00e9dio das respectivas unidades da Defensoria P\u00fablica da Uni\u00e3o.<\/p>\n<p style=\"text-align: justify;\"><span style=\"font-size: 24px;\"><em>Atividades<\/em><\/span><\/p>\n<p style=\"text-align: justify;\">As atividades presenciais de educa\u00e7\u00e3o, de trabalho, de assist\u00eancia religiosa e as escoltas dos detentos presos em penitenci\u00e1rias federais permanecem suspensas, exceto quando se tratar de escolas requisitadas judicialmente, inclus\u00f5es emergenciais ou daquelas que, por sua natureza, precisem ser realizadas em atendimento ao interesse p\u00fablico.<\/p>\n<p style=\"text-align: justify;\">Fonte: Com informa\u00e7\u00f5es da Ag\u00eancia Brasil<\/p>\n","protected":false},"excerpt":{"rendered":"<p>Ap\u00f3s oito meses de suspens\u00e3o por causa da pandemia do novo coronav\u00edrus, est\u00e1 publicada no Di\u00e1rio Oficial da Uni\u00e3o desta segunda-feira (9) uma Portaria do Departamento Penitenci\u00e1rio Nacional ( Depen) que autoriza o retorno gradual de visitas presenciais em pres\u00eddios. De acordo com o documento, que entra em vigor nesta segunda, a retomada ser\u00e1 feita &hellip;<\/p>\n","protected":false},"author":2,"featured_media":27544,"comment_status":"open","ping_status":"open","sticky":false,"template":"","format":"standard","meta":{"content-type":"","rop_custom_images_group":[],"rop_custom_messages_group":[],"rop_publish_now":"initial","rop_publish_now_accounts":{"facebook_2648258775420054_1618374048415101":""},"rop_publish_now_history":[],"rop_publish_now_status":"pending","footnotes":"","_jetpack_memberships_contains_paid_content":false},"categories":[125,145],"tags":[7487,1855,7488,7489],"yoast_head":"<!-- This site is optimized with the Yoast SEO plugin v22.3 - https:\/\/yoast.com\/wordpress\/plugins\/seo\/ -->\n<title>Sob novas regras, presidi\u00e1rios voltar\u00e3o a receber visitas presenciais<\/title>\n<meta name=\"robots\" content=\"index, follow, max-snippet:-1, max-image-preview:large, max-video-preview:-1\" \/>\n<link rel=\"canonical\" href=\"https:\/\/portalnpm.com\/index.php\/2020\/11\/09\/sob-novas-regras-presidiarios-voltarao-a-receber-visitas-presenciais\/\" \/>\n<meta property=\"og:locale\" content=\"pt_BR\" \/>\n<meta property=\"og:type\" content=\"article\" \/>\n<meta property=\"og:title\" content=\"Sob novas regras, presidi\u00e1rios voltar\u00e3o a receber visitas presenciais\" \/>\n<meta property=\"og:description\" content=\"Ap\u00f3s oito meses de suspens\u00e3o por causa da pandemia do novo coronav\u00edrus, est\u00e1 publicada no Di\u00e1rio Oficial da Uni\u00e3o desta segunda-feira (9) uma Portaria do Departamento Penitenci\u00e1rio Nacional ( Depen) que autoriza o retorno gradual de visitas presenciais em pres\u00eddios. De acordo com o documento, que entra em vigor nesta segunda, a retomada ser\u00e1 feita &hellip;\" \/>\n<meta property=\"og:url\" content=\"https:\/\/portalnpm.com\/index.php\/2020\/11\/09\/sob-novas-regras-presidiarios-voltarao-a-receber-visitas-presenciais\/\" \/>\n<meta property=\"og:site_name\" content=\"Portal NPM\" \/>\n<meta property=\"article:published_time\" content=\"2020-11-09T21:06:05+00:00\" \/>\n<meta name=\"author\" content=\"Genival Barbosa\" \/>\n<meta name=\"twitter:card\" content=\"summary_large_image\" \/>\n<meta name=\"twitter:label1\" content=\"Escrito por\" \/>\n\t<meta name=\"twitter:data1\" content=\"Genival Barbosa\" \/>\n\t<meta name=\"twitter:label2\" content=\"Est. tempo de leitura\" \/>\n\t<meta name=\"twitter:data2\" content=\"1 minuto\" \/>\n<script type=\"application\/ld+json\" class=\"yoast-schema-graph\">{\"@context\":\"https:\/\/schema.org\",\"@graph\":[{\"@type\":\"WebPage\",\"@id\":\"https:\/\/portalnpm.com\/index.php\/2020\/11\/09\/sob-novas-regras-presidiarios-voltarao-a-receber-visitas-presenciais\/\",\"url\":\"https:\/\/portalnpm.com\/index.php\/2020\/11\/09\/sob-novas-regras-presidiarios-voltarao-a-receber-visitas-presenciais\/\",\"name\":\"Sob novas regras, presidi\u00e1rios voltar\u00e3o a receber visitas presenciais\",\"isPartOf\":{\"@id\":\"https:\/\/portalnpm.com\/#website\"},\"primaryImageOfPage\":{\"@id\":\"https:\/\/portalnpm.com\/index.php\/2020\/11\/09\/sob-novas-regras-presidiarios-voltarao-a-receber-visitas-presenciais\/#primaryimage\"},\"image\":{\"@id\":\"https:\/\/portalnpm.com\/index.php\/2020\/11\/09\/sob-novas-regras-presidiarios-voltarao-a-receber-visitas-presenciais\/#primaryimage\"},\"thumbnailUrl\":\"\",\"datePublished\":\"2020-11-09T21:06:05+00:00\",\"dateModified\":\"2020-11-09T21:06:05+00:00\",\"author\":{\"@id\":\"https:\/\/portalnpm.com\/#\/schema\/person\/49313e563cfdefcc167f1ee4c017c294\"},\"breadcrumb\":{\"@id\":\"https:\/\/portalnpm.com\/index.php\/2020\/11\/09\/sob-novas-regras-presidiarios-voltarao-a-receber-visitas-presenciais\/#breadcrumb\"},\"inLanguage\":\"pt-BR\",\"potentialAction\":[{\"@type\":\"ReadAction\",\"target\":[\"https:\/\/portalnpm.com\/index.php\/2020\/11\/09\/sob-novas-regras-presidiarios-voltarao-a-receber-visitas-presenciais\/\"]}]},{\"@type\":\"ImageObject\",\"inLanguage\":\"pt-BR\",\"@id\":\"https:\/\/portalnpm.com\/index.php\/2020\/11\/09\/sob-novas-regras-presidiarios-voltarao-a-receber-visitas-presenciais\/#primaryimage\",\"url\":\"\",\"contentUrl\":\"\"},{\"@type\":\"BreadcrumbList\",\"@id\":\"https:\/\/portalnpm.com\/index.php\/2020\/11\/09\/sob-novas-regras-presidiarios-voltarao-a-receber-visitas-presenciais\/#breadcrumb\",\"itemListElement\":[{\"@type\":\"ListItem\",\"position\":1,\"name\":\"In\u00edcio\",\"item\":\"https:\/\/portalnpm.com\/\"},{\"@type\":\"ListItem\",\"position\":2,\"name\":\"Sob novas regras, presidi\u00e1rios voltar\u00e3o a receber visitas presenciais\"}]},{\"@type\":\"WebSite\",\"@id\":\"https:\/\/portalnpm.com\/#website\",\"url\":\"https:\/\/portalnpm.com\/\",\"name\":\"Portal NPM\",\"description\":\"Not\u00edcias em Primeira M\u00e3o\",\"potentialAction\":[{\"@type\":\"SearchAction\",\"target\":{\"@type\":\"EntryPoint\",\"urlTemplate\":\"https:\/\/portalnpm.com\/?s={search_term_string}\"},\"query-input\":\"required name=search_term_string\"}],\"inLanguage\":\"pt-BR\"},{\"@type\":\"Person\",\"@id\":\"https:\/\/portalnpm.com\/#\/schema\/person\/49313e563cfdefcc167f1ee4c017c294\",\"name\":\"Genival Barbosa\",\"image\":{\"@type\":\"ImageObject\",\"inLanguage\":\"pt-BR\",\"@id\":\"https:\/\/portalnpm.com\/#\/schema\/person\/image\/\",\"url\":\"https:\/\/portalnpm.com\/wp-content\/uploads\/2024\/02\/avatar_user_2_1707743258-96x96.jpeg\",\"contentUrl\":\"https:\/\/portalnpm.com\/wp-content\/uploads\/2024\/02\/avatar_user_2_1707743258-96x96.jpeg\",\"caption\":\"Genival Barbosa\"},\"url\":\"https:\/\/portalnpm.com\/index.php\/author\/genival\/\"}]}<\/script>\n<!-- \/ Yoast SEO plugin. -->","yoast_head_json":{"title":"Sob novas regras, presidi\u00e1rios voltar\u00e3o a receber visitas presenciais","robots":{"index":"index","follow":"follow","max-snippet":"max-snippet:-1","max-image-preview":"max-image-preview:large","max-video-preview":"max-video-preview:-1"},"canonical":"https:\/\/portalnpm.com\/index.php\/2020\/11\/09\/sob-novas-regras-presidiarios-voltarao-a-receber-visitas-presenciais\/","og_locale":"pt_BR","og_type":"article","og_title":"Sob novas regras, presidi\u00e1rios voltar\u00e3o a receber visitas presenciais","og_description":"Ap\u00f3s oito meses de suspens\u00e3o por causa da pandemia do novo coronav\u00edrus, est\u00e1 publicada no Di\u00e1rio Oficial da Uni\u00e3o desta segunda-feira (9) uma Portaria do Departamento Penitenci\u00e1rio Nacional ( Depen) que autoriza o retorno gradual de visitas presenciais em pres\u00eddios. De acordo com o documento, que entra em vigor nesta segunda, a retomada ser\u00e1 feita &hellip;","og_url":"https:\/\/portalnpm.com\/index.php\/2020\/11\/09\/sob-novas-regras-presidiarios-voltarao-a-receber-visitas-presenciais\/","og_site_name":"Portal NPM","article_published_time":"2020-11-09T21:06:05+00:00","author":"Genival Barbosa","twitter_card":"summary_large_image","twitter_misc":{"Escrito por":"Genival Barbosa","Est. tempo de leitura":"1 minuto"},"schema":{"@context":"https:\/\/schema.org","@graph":[{"@type":"WebPage","@id":"https:\/\/portalnpm.com\/index.php\/2020\/11\/09\/sob-novas-regras-presidiarios-voltarao-a-receber-visitas-presenciais\/","url":"https:\/\/portalnpm.com\/index.php\/2020\/11\/09\/sob-novas-regras-presidiarios-voltarao-a-receber-visitas-presenciais\/","name":"Sob novas regras, presidi\u00e1rios voltar\u00e3o a receber visitas presenciais","isPartOf":{"@id":"https:\/\/portalnpm.com\/#website"},"primaryImageOfPage":{"@id":"https:\/\/portalnpm.com\/index.php\/2020\/11\/09\/sob-novas-regras-presidiarios-voltarao-a-receber-visitas-presenciais\/#primaryimage"},"image":{"@id":"https:\/\/portalnpm.com\/index.php\/2020\/11\/09\/sob-novas-regras-presidiarios-voltarao-a-receber-visitas-presenciais\/#primaryimage"},"thumbnailUrl":"","datePublished":"2020-11-09T21:06:05+00:00","dateModified":"2020-11-09T21:06:05+00:00","author":{"@id":"https:\/\/portalnpm.com\/#\/schema\/person\/49313e563cfdefcc167f1ee4c017c294"},"breadcrumb":{"@id":"https:\/\/portalnpm.com\/index.php\/2020\/11\/09\/sob-novas-regras-presidiarios-voltarao-a-receber-visitas-presenciais\/#breadcrumb"},"inLanguage":"pt-BR","potentialAction":[{"@type":"ReadAction","target":["https:\/\/portalnpm.com\/index.php\/2020\/11\/09\/sob-novas-regras-presidiarios-voltarao-a-receber-visitas-presenciais\/"]}]},{"@type":"ImageObject","inLanguage":"pt-BR","@id":"https:\/\/portalnpm.com\/index.php\/2020\/11\/09\/sob-novas-regras-presidiarios-voltarao-a-receber-visitas-presenciais\/#primaryimage","url":"","contentUrl":""},{"@type":"BreadcrumbList","@id":"https:\/\/portalnpm.com\/index.php\/2020\/11\/09\/sob-novas-regras-presidiarios-voltarao-a-receber-visitas-presenciais\/#breadcrumb","itemListElement":[{"@type":"ListItem","position":1,"name":"In\u00edcio","item":"https:\/\/portalnpm.com\/"},{"@type":"ListItem","position":2,"name":"Sob novas regras, presidi\u00e1rios voltar\u00e3o a receber visitas presenciais"}]},{"@type":"WebSite","@id":"https:\/\/portalnpm.com\/#website","url":"https:\/\/portalnpm.com\/","name":"Portal NPM","description":"Not\u00edcias em Primeira M\u00e3o","potentialAction":[{"@type":"SearchAction","target":{"@type":"EntryPoint","urlTemplate":"https:\/\/portalnpm.com\/?s={search_term_string}"},"query-input":"required name=search_term_string"}],"inLanguage":"pt-BR"},{"@type":"Person","@id":"https:\/\/portalnpm.com\/#\/schema\/person\/49313e563cfdefcc167f1ee4c017c294","name":"Genival Barbosa","image":{"@type":"ImageObject","inLanguage":"pt-BR","@id":"https:\/\/portalnpm.com\/#\/schema\/person\/image\/","url":"https:\/\/portalnpm.com\/wp-content\/uploads\/2024\/02\/avatar_user_2_1707743258-96x96.jpeg","contentUrl":"https:\/\/portalnpm.com\/wp-content\/uploads\/2024\/02\/avatar_user_2_1707743258-96x96.jpeg","caption":"Genival Barbosa"},"url":"https:\/\/portalnpm.com\/index.php\/author\/genival\/"}]}},"jetpack_sharing_enabled":true,"jetpack_featured_media_url":"","_links":{"self":[{"href":"https:\/\/portalnpm.com\/index.php\/wp-json\/wp\/v2\/posts\/59310"}],"collection":[{"href":"https:\/\/portalnpm.com\/index.php\/wp-json\/wp\/v2\/posts"}],"about":[{"href":"https:\/\/portalnpm.com\/index.php\/wp-json\/wp\/v2\/types\/post"}],"author":[{"embeddable":true,"href":"https:\/\/portalnpm.com\/index.php\/wp-json\/wp\/v2\/users\/2"}],"replies":[{"embeddable":true,"href":"https:\/\/portalnpm.com\/index.php\/wp-json\/wp\/v2\/comments?post=59310"}],"version-history":[{"count":0,"href":"https:\/\/portalnpm.com\/index.php\/wp-json\/wp\/v2\/posts\/59310\/revisions"}],"wp:featuredmedia":[{"embeddable":true,"href":"https:\/\/portalnpm.com\/index.php\/wp-json\/"}],"wp:attachment":[{"href":"https:\/\/portalnpm.com\/index.php\/wp-json\/wp\/v2\/media?parent=59310"}],"wp:term":[{"taxonomy":"category","embeddable":true,"href":"https:\/\/portalnpm.com\/index.php\/wp-json\/wp\/v2\/categories?post=59310"},{"taxonomy":"post_tag","embeddable":true,"href":"https:\/\/portalnpm.com\/index.php\/wp-json\/wp\/v2\/tags?post=59310"}],"curies":[{"name":"wp","href":"https:\/\/api.w.org\/{rel}","templated":true}]}}