{"id":59404,"date":"2020-11-15T08:41:27","date_gmt":"2020-11-15T11:41:27","guid":{"rendered":"https:\/\/portalnpm.com\/index.php\/2020\/11\/15\/eleitores-com-mais-de-70-anos-nao-precisam-votar-neste-domingo-15\/"},"modified":"2020-11-15T08:41:27","modified_gmt":"2020-11-15T11:41:27","slug":"eleitores-com-mais-de-70-anos-nao-precisam-votar-neste-domingo-15","status":"publish","type":"post","link":"https:\/\/portalnpm.com\/index.php\/2020\/11\/15\/eleitores-com-mais-de-70-anos-nao-precisam-votar-neste-domingo-15\/","title":{"rendered":"Eleitores com mais de 70 anos n\u00e3o precisam votar neste domingo (15)"},"content":{"rendered":"<article class=\"content\" data-url=\"http:\/\/noticias.r7.com\/eleicoes-2020\/eleitores-com-mais-de-70-anos-nao-precisam-votar-neste-domingo-15-15112020\">\n<div class=\"media_box full-dimensions660x360\">\n<div class=\"content_image\" style=\"text-align: justify;\">J\u00e1 autorizados a n\u00e3o comparecerem nas vota\u00e7\u00f5es em tempos normais, os idosos com mais de 70 anos t\u00eam nas\u00a0<a href=\"https:\/\/noticias.r7.com\/saude\/coronavirus\"><strong>Elei\u00e7\u00f5es de 2020<\/strong><\/a>\u00a0mais um motivo neste ano para ficar em casa, com a\u00a0<a href=\"https:\/\/noticias.r7.com\/saude\/coronavirus\"><strong>pandemia do novo coronav\u00edrus<\/strong><\/a>, que atinge mais gravemente idosos e pessoas com comorbidades.<\/div>\n<\/div>\n<div id=\"intextvideo-r7\" style=\"text-align: justify;\"><\/div>\n<header><\/header>\n<div id=\"intextvideo-r7\" style=\"text-align: justify;\">\n<header><\/header>\n<header><\/header>\n<header><\/header>\n<header>Para os que decidirem votar mesmo assim, as se\u00e7\u00f5es eleitorais atender\u00e3o preferencialmente os idosos das 7h \u00e0s 10h deste domingo (15). Ser\u00e1 obrigat\u00f3rio o uso de m\u00e1scara para que o eleitor possa entrar e permanecer na se\u00e7\u00e3o eleitoral. Mes\u00e1rios e colaboradores tamb\u00e9m estar\u00e3o de m\u00e1scaras e face shield (protetor facial). Haver\u00e1 ainda \u00e1lcool em gel nos locais de vota\u00e7\u00e3o.<\/header>\n<\/div>\n<p>\u00a0<\/p>\n<p style=\"text-align: justify;\">O TSE (Tribunal Superior Eleitoral) ainda recomenda n\u00e3o levar crian\u00e7as e acompanhantes aos locais de vota\u00e7\u00e3o e levar a pr\u00f3pria caneta. Ser\u00e1 proibido comer ou realizar qualquer atividade nos locais de vota\u00e7\u00e3o que exija a retirada de m\u00e1scara.<\/p>\n<div class=\"media_box embed video_box full-dimensionsundefined\" style=\"text-align: justify;\" data-name=\"r7\"><iframe src=\"https:\/\/player.r7.com\/video\/i\/5f877d0a19d224a5b8000026\" width=\"640\" height=\"360\" frameborder=\"0\" allowfullscreen=\"allowfullscreen\" data-mce-fragment=\"1\"><\/iframe><\/div>\n<p style=\"text-align: justify;\">O eleitor deve comparecer \u00e0 sua se\u00e7\u00e3o levando um documento oficial com foto e o t\u00edtulo eleitoral, se o possuir, porque l\u00e1 constam os n\u00fameros da zona e da se\u00e7\u00e3o eleitoral. Caso n\u00e3o tenha o t\u00edtulo, o cidad\u00e3o que portar qualquer documento pessoal com foto, sabendo o local correto de vota\u00e7\u00e3o, poder\u00e1 exercer seu direito ao voto.<\/p>\n<p style=\"text-align: justify;\">As informa\u00e7\u00f5es sobre o t\u00edtulo eleitoral podem ser obtidas no Portal do TSE, no campo \u201cServi\u00e7o ao eleitor\u201d. Quem fez a identifica\u00e7\u00e3o biom\u00e9trica ter\u00e1 a alternativa do e-T\u00edtulo, aplicativo desenvolvido pela Justi\u00e7a Eleitoral que substitui o t\u00edtulo em papel e que pode ser baixado na Google Play e na App Store.<\/p>\n<p style=\"text-align: justify;\">Como nestas elei\u00e7\u00f5es o voto ir\u00e1 apenas para dois candidatos, a memoriza\u00e7\u00e3o dos n\u00fameros pode ser mais f\u00e1cil, mas n\u00e3o impede que o eleitor possa levar sua \u201ccolinha\u201d. A primeira escolha \u00e9 o n\u00famero do vereador, que cont\u00e9m cinco d\u00edgitos; o segundo voto vai para o candidato a prefeito, cujo n\u00famero possui dois d\u00edgitos.<\/p>\n<\/article>\n<div id=\"taboola-below-article-thumbnails\" class=\"taboola-r7 trc_related_container trc_spotlight_widget trc_elastic trc_elastic_alternating-thumbnails-a \" data-placement-name=\"Below Article Thumbnails-1\">\n<div class=\"trc_rbox_container\">\n<div>\n<div id=\"trc_wrapper_65528\" class=\"trc_rbox alternating-thumbnails-a trc-content-hybrid \">\n<div id=\"trc_header_65528\" class=\"trc_rbox_header trc_rbox_border_elm\">\n<div class=\"trc_header_ext\" style=\"text-align: justify;\">Via r7<\/div>\n<\/div>\n<\/div>\n<\/div>\n<\/div>\n<\/div>\n","protected":false},"excerpt":{"rendered":"<p>J\u00e1 autorizados a n\u00e3o comparecerem nas vota\u00e7\u00f5es em tempos normais, os idosos com mais de 70 anos t\u00eam nas\u00a0Elei\u00e7\u00f5es de 2020\u00a0mais um motivo neste ano para ficar em casa, com a\u00a0pandemia do novo coronav\u00edrus, que atinge mais gravemente idosos e pessoas com comorbidades. Para os que decidirem votar mesmo assim, as se\u00e7\u00f5es eleitorais atender\u00e3o preferencialmente &hellip;<\/p>\n","protected":false},"author":2,"featured_media":59405,"comment_status":"open","ping_status":"open","sticky":false,"template":"","format":"standard","meta":{"content-type":"","rop_custom_images_group":[],"rop_custom_messages_group":[],"rop_publish_now":"initial","rop_publish_now_accounts":{"facebook_2648258775420054_1618374048415101":""},"rop_publish_now_history":[],"rop_publish_now_status":"pending","footnotes":"","_jetpack_memberships_contains_paid_content":false},"categories":[125],"tags":[7563,7564,7565,7566],"yoast_head":"<!-- This site is optimized with the Yoast SEO plugin v22.3 - https:\/\/yoast.com\/wordpress\/plugins\/seo\/ -->\n<title>Eleitores com mais de 70 anos n\u00e3o precisam votar neste domingo (15)<\/title>\n<meta name=\"robots\" content=\"index, follow, max-snippet:-1, max-image-preview:large, max-video-preview:-1\" \/>\n<link rel=\"canonical\" href=\"https:\/\/portalnpm.com\/index.php\/2020\/11\/15\/eleitores-com-mais-de-70-anos-nao-precisam-votar-neste-domingo-15\/\" \/>\n<meta property=\"og:locale\" content=\"pt_BR\" \/>\n<meta property=\"og:type\" content=\"article\" \/>\n<meta property=\"og:title\" content=\"Eleitores com mais de 70 anos n\u00e3o precisam votar neste domingo (15)\" \/>\n<meta property=\"og:description\" content=\"J\u00e1 autorizados a n\u00e3o comparecerem nas vota\u00e7\u00f5es em tempos normais, os idosos com mais de 70 anos t\u00eam nas\u00a0Elei\u00e7\u00f5es de 2020\u00a0mais um motivo neste ano para ficar em casa, com a\u00a0pandemia do novo coronav\u00edrus, que atinge mais gravemente idosos e pessoas com comorbidades. Para os que decidirem votar mesmo assim, as se\u00e7\u00f5es eleitorais atender\u00e3o preferencialmente &hellip;\" \/>\n<meta property=\"og:url\" content=\"https:\/\/portalnpm.com\/index.php\/2020\/11\/15\/eleitores-com-mais-de-70-anos-nao-precisam-votar-neste-domingo-15\/\" \/>\n<meta property=\"og:site_name\" content=\"Portal NPM\" \/>\n<meta property=\"article:published_time\" content=\"2020-11-15T11:41:27+00:00\" \/>\n<meta property=\"og:image\" content=\"https:\/\/portalnpm.com\/wp-content\/uploads\/2024\/01\/idosos-aulas-suspensas-sp-coronavirus-18032020133000380.jpeg\" \/>\n\t<meta property=\"og:image:width\" content=\"660\" \/>\n\t<meta property=\"og:image:height\" content=\"360\" \/>\n\t<meta property=\"og:image:type\" content=\"image\/jpeg\" \/>\n<meta name=\"author\" content=\"Genival Barbosa\" \/>\n<meta name=\"twitter:card\" content=\"summary_large_image\" \/>\n<meta name=\"twitter:label1\" content=\"Escrito por\" \/>\n\t<meta name=\"twitter:data1\" content=\"Genival Barbosa\" \/>\n\t<meta name=\"twitter:label2\" content=\"Est. tempo de leitura\" \/>\n\t<meta name=\"twitter:data2\" content=\"2 minutos\" \/>\n<script type=\"application\/ld+json\" class=\"yoast-schema-graph\">{\"@context\":\"https:\/\/schema.org\",\"@graph\":[{\"@type\":\"WebPage\",\"@id\":\"https:\/\/portalnpm.com\/index.php\/2020\/11\/15\/eleitores-com-mais-de-70-anos-nao-precisam-votar-neste-domingo-15\/\",\"url\":\"https:\/\/portalnpm.com\/index.php\/2020\/11\/15\/eleitores-com-mais-de-70-anos-nao-precisam-votar-neste-domingo-15\/\",\"name\":\"Eleitores com mais de 70 anos n\u00e3o precisam votar neste domingo (15)\",\"isPartOf\":{\"@id\":\"https:\/\/portalnpm.com\/#website\"},\"primaryImageOfPage\":{\"@id\":\"https:\/\/portalnpm.com\/index.php\/2020\/11\/15\/eleitores-com-mais-de-70-anos-nao-precisam-votar-neste-domingo-15\/#primaryimage\"},\"image\":{\"@id\":\"https:\/\/portalnpm.com\/index.php\/2020\/11\/15\/eleitores-com-mais-de-70-anos-nao-precisam-votar-neste-domingo-15\/#primaryimage\"},\"thumbnailUrl\":\"https:\/\/portalnpm.com\/wp-content\/uploads\/2024\/01\/idosos-aulas-suspensas-sp-coronavirus-18032020133000380.jpeg\",\"datePublished\":\"2020-11-15T11:41:27+00:00\",\"dateModified\":\"2020-11-15T11:41:27+00:00\",\"author\":{\"@id\":\"https:\/\/portalnpm.com\/#\/schema\/person\/49313e563cfdefcc167f1ee4c017c294\"},\"breadcrumb\":{\"@id\":\"https:\/\/portalnpm.com\/index.php\/2020\/11\/15\/eleitores-com-mais-de-70-anos-nao-precisam-votar-neste-domingo-15\/#breadcrumb\"},\"inLanguage\":\"pt-BR\",\"potentialAction\":[{\"@type\":\"ReadAction\",\"target\":[\"https:\/\/portalnpm.com\/index.php\/2020\/11\/15\/eleitores-com-mais-de-70-anos-nao-precisam-votar-neste-domingo-15\/\"]}]},{\"@type\":\"ImageObject\",\"inLanguage\":\"pt-BR\",\"@id\":\"https:\/\/portalnpm.com\/index.php\/2020\/11\/15\/eleitores-com-mais-de-70-anos-nao-precisam-votar-neste-domingo-15\/#primaryimage\",\"url\":\"https:\/\/portalnpm.com\/wp-content\/uploads\/2024\/01\/idosos-aulas-suspensas-sp-coronavirus-18032020133000380.jpeg\",\"contentUrl\":\"https:\/\/portalnpm.com\/wp-content\/uploads\/2024\/01\/idosos-aulas-suspensas-sp-coronavirus-18032020133000380.jpeg\",\"width\":660,\"height\":360},{\"@type\":\"BreadcrumbList\",\"@id\":\"https:\/\/portalnpm.com\/index.php\/2020\/11\/15\/eleitores-com-mais-de-70-anos-nao-precisam-votar-neste-domingo-15\/#breadcrumb\",\"itemListElement\":[{\"@type\":\"ListItem\",\"position\":1,\"name\":\"In\u00edcio\",\"item\":\"https:\/\/portalnpm.com\/\"},{\"@type\":\"ListItem\",\"position\":2,\"name\":\"Eleitores com mais de 70 anos n\u00e3o precisam votar neste domingo (15)\"}]},{\"@type\":\"WebSite\",\"@id\":\"https:\/\/portalnpm.com\/#website\",\"url\":\"https:\/\/portalnpm.com\/\",\"name\":\"Portal NPM\",\"description\":\"Not\u00edcias em Primeira M\u00e3o\",\"potentialAction\":[{\"@type\":\"SearchAction\",\"target\":{\"@type\":\"EntryPoint\",\"urlTemplate\":\"https:\/\/portalnpm.com\/?s={search_term_string}\"},\"query-input\":\"required name=search_term_string\"}],\"inLanguage\":\"pt-BR\"},{\"@type\":\"Person\",\"@id\":\"https:\/\/portalnpm.com\/#\/schema\/person\/49313e563cfdefcc167f1ee4c017c294\",\"name\":\"Genival Barbosa\",\"image\":{\"@type\":\"ImageObject\",\"inLanguage\":\"pt-BR\",\"@id\":\"https:\/\/portalnpm.com\/#\/schema\/person\/image\/\",\"url\":\"https:\/\/portalnpm.com\/wp-content\/uploads\/2024\/02\/avatar_user_2_1707743258-96x96.jpeg\",\"contentUrl\":\"https:\/\/portalnpm.com\/wp-content\/uploads\/2024\/02\/avatar_user_2_1707743258-96x96.jpeg\",\"caption\":\"Genival Barbosa\"},\"url\":\"https:\/\/portalnpm.com\/index.php\/author\/genival\/\"}]}<\/script>\n<!-- \/ Yoast SEO plugin. -->","yoast_head_json":{"title":"Eleitores com mais de 70 anos n\u00e3o precisam votar neste domingo (15)","robots":{"index":"index","follow":"follow","max-snippet":"max-snippet:-1","max-image-preview":"max-image-preview:large","max-video-preview":"max-video-preview:-1"},"canonical":"https:\/\/portalnpm.com\/index.php\/2020\/11\/15\/eleitores-com-mais-de-70-anos-nao-precisam-votar-neste-domingo-15\/","og_locale":"pt_BR","og_type":"article","og_title":"Eleitores com mais de 70 anos n\u00e3o precisam votar neste domingo (15)","og_description":"J\u00e1 autorizados a n\u00e3o comparecerem nas vota\u00e7\u00f5es em tempos normais, os idosos com mais de 70 anos t\u00eam nas\u00a0Elei\u00e7\u00f5es de 2020\u00a0mais um motivo neste ano para ficar em casa, com a\u00a0pandemia do novo coronav\u00edrus, que atinge mais gravemente idosos e pessoas com comorbidades. Para os que decidirem votar mesmo assim, as se\u00e7\u00f5es eleitorais atender\u00e3o preferencialmente &hellip;","og_url":"https:\/\/portalnpm.com\/index.php\/2020\/11\/15\/eleitores-com-mais-de-70-anos-nao-precisam-votar-neste-domingo-15\/","og_site_name":"Portal NPM","article_published_time":"2020-11-15T11:41:27+00:00","og_image":[{"width":660,"height":360,"url":"https:\/\/portalnpm.com\/wp-content\/uploads\/2024\/01\/idosos-aulas-suspensas-sp-coronavirus-18032020133000380.jpeg","type":"image\/jpeg"}],"author":"Genival Barbosa","twitter_card":"summary_large_image","twitter_misc":{"Escrito por":"Genival Barbosa","Est. tempo de leitura":"2 minutos"},"schema":{"@context":"https:\/\/schema.org","@graph":[{"@type":"WebPage","@id":"https:\/\/portalnpm.com\/index.php\/2020\/11\/15\/eleitores-com-mais-de-70-anos-nao-precisam-votar-neste-domingo-15\/","url":"https:\/\/portalnpm.com\/index.php\/2020\/11\/15\/eleitores-com-mais-de-70-anos-nao-precisam-votar-neste-domingo-15\/","name":"Eleitores com mais de 70 anos n\u00e3o precisam votar neste domingo (15)","isPartOf":{"@id":"https:\/\/portalnpm.com\/#website"},"primaryImageOfPage":{"@id":"https:\/\/portalnpm.com\/index.php\/2020\/11\/15\/eleitores-com-mais-de-70-anos-nao-precisam-votar-neste-domingo-15\/#primaryimage"},"image":{"@id":"https:\/\/portalnpm.com\/index.php\/2020\/11\/15\/eleitores-com-mais-de-70-anos-nao-precisam-votar-neste-domingo-15\/#primaryimage"},"thumbnailUrl":"https:\/\/portalnpm.com\/wp-content\/uploads\/2024\/01\/idosos-aulas-suspensas-sp-coronavirus-18032020133000380.jpeg","datePublished":"2020-11-15T11:41:27+00:00","dateModified":"2020-11-15T11:41:27+00:00","author":{"@id":"https:\/\/portalnpm.com\/#\/schema\/person\/49313e563cfdefcc167f1ee4c017c294"},"breadcrumb":{"@id":"https:\/\/portalnpm.com\/index.php\/2020\/11\/15\/eleitores-com-mais-de-70-anos-nao-precisam-votar-neste-domingo-15\/#breadcrumb"},"inLanguage":"pt-BR","potentialAction":[{"@type":"ReadAction","target":["https:\/\/portalnpm.com\/index.php\/2020\/11\/15\/eleitores-com-mais-de-70-anos-nao-precisam-votar-neste-domingo-15\/"]}]},{"@type":"ImageObject","inLanguage":"pt-BR","@id":"https:\/\/portalnpm.com\/index.php\/2020\/11\/15\/eleitores-com-mais-de-70-anos-nao-precisam-votar-neste-domingo-15\/#primaryimage","url":"https:\/\/portalnpm.com\/wp-content\/uploads\/2024\/01\/idosos-aulas-suspensas-sp-coronavirus-18032020133000380.jpeg","contentUrl":"https:\/\/portalnpm.com\/wp-content\/uploads\/2024\/01\/idosos-aulas-suspensas-sp-coronavirus-18032020133000380.jpeg","width":660,"height":360},{"@type":"BreadcrumbList","@id":"https:\/\/portalnpm.com\/index.php\/2020\/11\/15\/eleitores-com-mais-de-70-anos-nao-precisam-votar-neste-domingo-15\/#breadcrumb","itemListElement":[{"@type":"ListItem","position":1,"name":"In\u00edcio","item":"https:\/\/portalnpm.com\/"},{"@type":"ListItem","position":2,"name":"Eleitores com mais de 70 anos n\u00e3o precisam votar neste domingo (15)"}]},{"@type":"WebSite","@id":"https:\/\/portalnpm.com\/#website","url":"https:\/\/portalnpm.com\/","name":"Portal NPM","description":"Not\u00edcias em Primeira M\u00e3o","potentialAction":[{"@type":"SearchAction","target":{"@type":"EntryPoint","urlTemplate":"https:\/\/portalnpm.com\/?s={search_term_string}"},"query-input":"required name=search_term_string"}],"inLanguage":"pt-BR"},{"@type":"Person","@id":"https:\/\/portalnpm.com\/#\/schema\/person\/49313e563cfdefcc167f1ee4c017c294","name":"Genival Barbosa","image":{"@type":"ImageObject","inLanguage":"pt-BR","@id":"https:\/\/portalnpm.com\/#\/schema\/person\/image\/","url":"https:\/\/portalnpm.com\/wp-content\/uploads\/2024\/02\/avatar_user_2_1707743258-96x96.jpeg","contentUrl":"https:\/\/portalnpm.com\/wp-content\/uploads\/2024\/02\/avatar_user_2_1707743258-96x96.jpeg","caption":"Genival Barbosa"},"url":"https:\/\/portalnpm.com\/index.php\/author\/genival\/"}]}},"jetpack_sharing_enabled":true,"jetpack_featured_media_url":"https:\/\/portalnpm.com\/wp-content\/uploads\/2024\/01\/idosos-aulas-suspensas-sp-coronavirus-18032020133000380.jpeg","_links":{"self":[{"href":"https:\/\/portalnpm.com\/index.php\/wp-json\/wp\/v2\/posts\/59404"}],"collection":[{"href":"https:\/\/portalnpm.com\/index.php\/wp-json\/wp\/v2\/posts"}],"about":[{"href":"https:\/\/portalnpm.com\/index.php\/wp-json\/wp\/v2\/types\/post"}],"author":[{"embeddable":true,"href":"https:\/\/portalnpm.com\/index.php\/wp-json\/wp\/v2\/users\/2"}],"replies":[{"embeddable":true,"href":"https:\/\/portalnpm.com\/index.php\/wp-json\/wp\/v2\/comments?post=59404"}],"version-history":[{"count":0,"href":"https:\/\/portalnpm.com\/index.php\/wp-json\/wp\/v2\/posts\/59404\/revisions"}],"wp:featuredmedia":[{"embeddable":true,"href":"https:\/\/portalnpm.com\/index.php\/wp-json\/wp\/v2\/media\/59405"}],"wp:attachment":[{"href":"https:\/\/portalnpm.com\/index.php\/wp-json\/wp\/v2\/media?parent=59404"}],"wp:term":[{"taxonomy":"category","embeddable":true,"href":"https:\/\/portalnpm.com\/index.php\/wp-json\/wp\/v2\/categories?post=59404"},{"taxonomy":"post_tag","embeddable":true,"href":"https:\/\/portalnpm.com\/index.php\/wp-json\/wp\/v2\/tags?post=59404"}],"curies":[{"name":"wp","href":"https:\/\/api.w.org\/{rel}","templated":true}]}}