{"id":5941,"date":"2019-03-02T10:24:22","date_gmt":"2019-03-02T13:24:22","guid":{"rendered":"http:\/\/srv.portalnpm.com.br\/?p=5941"},"modified":"2019-03-02T10:24:22","modified_gmt":"2019-03-02T13:24:22","slug":"redes-de-atacarejo-comecam-se-instalar-em-picos-e-vai-gerar-600-empregos","status":"publish","type":"post","link":"https:\/\/portalnpm.com\/index.php\/2019\/03\/02\/redes-de-atacarejo-comecam-se-instalar-em-picos-e-vai-gerar-600-empregos\/","title":{"rendered":"Redes de atacarejo come\u00e7am se instalar em Picos e vai gerar 600 empregos"},"content":{"rendered":"<p style=\"text-align: justify;\">O munic\u00edpio de Picos, localizada no Semi\u00e1rido Piauiense, tem atra\u00eddo a aten\u00e7\u00e3o de grandes grupos econ\u00f4micos que v\u00eaem na regi\u00e3o um importante potencial para investimentos com retorno garantido. Pelo menos quatro grupos est\u00e3o se instalando na cidade e com isso gerando empregos, aumentando a concorr\u00eancia e beneficiando o consumidor.<\/p>\n<p style=\"text-align: justify;\">A expectativa \u00e9 de que com a chegada dos empreendimentos cerca de 600 empregos diretos sejam criados.<\/p>\n<p style=\"text-align: justify;\">Est\u00e3o chegando \u00e0 cidade a Vit\u00f3ria Atacadista Alimentos, Assa\u00ed Atacadista, Atacad\u00e3o (Grupo Carrefour) e Grupo Mateus, empresas que atuam no com\u00e9rcio atacadista e varejista em um s\u00f3 espa\u00e7o, proporcionando maior variedade de produtos e pre\u00e7os mais acess\u00edveis aos seus clientes.<\/p>\n<p style=\"text-align: justify;\">O Assai vai funcionar ao lado do Piau\u00ed Shopping Center; o Grupo Mateus est\u00e1 com suas obras avan\u00e7adas ao lado do Hospital Justino Luz e Vit\u00f3ria Atacadista ser\u00e1 vizinho do Mateus do mesmo hospital.<\/p>\n<p style=\"text-align: justify;\">Um dos empres\u00e1rios, que n\u00e3o teve o nome revelado, que pousou no aeroporto de Picos em um domingo, confidenciou para um amigo picoense que os pre\u00e7os que s\u00e3o praticados na matriz ser\u00e3o o mesmo da filial de Picos. Ele se assustou com os pre\u00e7os praticados pelo mercado picoense e prometeu mudar esta realidade.<\/p>\n<p style=\"text-align: justify;\"><strong>Com informa\u00e7\u00f5es da Carreira Vitoriosa<\/strong><\/p>\n<hr \/>\n<p><strong>ACOMPANHE O PORTAL NPM NAS REDES SOCIAIS E VISITE NOSSO CANAL:<\/strong><\/p>\n<p><a href=\"https:\/\/www.facebook.com\/PortalNPM\/\">https:\/\/www.facebook.com\/PortalNPM\/<\/a><\/p>\n<p><a href=\"https:\/\/www.youtube.com\/channel\/UCpVEqwH3Pt07DvGBk7z3Vcg\">https:\/\/www.youtube.com\/channel\/UCpVEqwH3Pt07DvGBk7z3Vcg<\/a><\/p>\n","protected":false},"excerpt":{"rendered":"<p>O munic\u00edpio de Picos, localizada no Semi\u00e1rido Piauiense, tem atra\u00eddo a aten\u00e7\u00e3o de grandes grupos econ\u00f4micos que v\u00eaem na regi\u00e3o um importante potencial para investimentos com retorno garantido. Pelo menos quatro grupos est\u00e3o se instalando na cidade e com isso gerando empregos, aumentando a concorr\u00eancia e beneficiando o consumidor. A expectativa \u00e9 de que com &hellip;<\/p>\n","protected":false},"author":8,"featured_media":5942,"comment_status":"open","ping_status":"open","sticky":false,"template":"","format":"standard","meta":{"content-type":"","rop_custom_images_group":[],"rop_custom_messages_group":[],"rop_publish_now":"initial","rop_publish_now_accounts":{"facebook_2648258775420054_1618374048415101":""},"rop_publish_now_history":[],"rop_publish_now_status":"pending","footnotes":"","_jetpack_memberships_contains_paid_content":false},"categories":[113,109,127],"tags":[2317,762,2318],"yoast_head":"<!-- This site is optimized with the Yoast SEO plugin v22.3 - https:\/\/yoast.com\/wordpress\/plugins\/seo\/ -->\n<title>Redes de atacarejo come\u00e7am se instalar em Picos e vai gerar 600 empregos - Portal NPM<\/title>\n<meta name=\"robots\" content=\"index, follow, max-snippet:-1, max-image-preview:large, max-video-preview:-1\" \/>\n<link rel=\"canonical\" href=\"https:\/\/portalnpm.com\/index.php\/2019\/03\/02\/redes-de-atacarejo-comecam-se-instalar-em-picos-e-vai-gerar-600-empregos\/\" \/>\n<meta property=\"og:locale\" content=\"pt_BR\" \/>\n<meta property=\"og:type\" content=\"article\" \/>\n<meta property=\"og:title\" content=\"Redes de atacarejo come\u00e7am se instalar em Picos e vai gerar 600 empregos - Portal NPM\" \/>\n<meta property=\"og:description\" content=\"O munic\u00edpio de Picos, localizada no Semi\u00e1rido Piauiense, tem atra\u00eddo a aten\u00e7\u00e3o de grandes grupos econ\u00f4micos que v\u00eaem na regi\u00e3o um importante potencial para investimentos com retorno garantido. Pelo menos quatro grupos est\u00e3o se instalando na cidade e com isso gerando empregos, aumentando a concorr\u00eancia e beneficiando o consumidor. A expectativa \u00e9 de que com &hellip;\" \/>\n<meta property=\"og:url\" content=\"https:\/\/portalnpm.com\/index.php\/2019\/03\/02\/redes-de-atacarejo-comecam-se-instalar-em-picos-e-vai-gerar-600-empregos\/\" \/>\n<meta property=\"og:site_name\" content=\"Portal NPM\" \/>\n<meta property=\"article:published_time\" content=\"2019-03-02T13:24:22+00:00\" \/>\n<meta name=\"author\" content=\"Zenilton Lima\" \/>\n<meta name=\"twitter:card\" content=\"summary_large_image\" \/>\n<meta name=\"twitter:label1\" content=\"Escrito por\" \/>\n\t<meta name=\"twitter:data1\" content=\"Zenilton Lima\" \/>\n\t<meta name=\"twitter:label2\" content=\"Est. tempo de leitura\" \/>\n\t<meta name=\"twitter:data2\" content=\"1 minuto\" \/>\n<script type=\"application\/ld+json\" class=\"yoast-schema-graph\">{\"@context\":\"https:\/\/schema.org\",\"@graph\":[{\"@type\":\"WebPage\",\"@id\":\"https:\/\/portalnpm.com\/index.php\/2019\/03\/02\/redes-de-atacarejo-comecam-se-instalar-em-picos-e-vai-gerar-600-empregos\/\",\"url\":\"https:\/\/portalnpm.com\/index.php\/2019\/03\/02\/redes-de-atacarejo-comecam-se-instalar-em-picos-e-vai-gerar-600-empregos\/\",\"name\":\"Redes de atacarejo come\u00e7am se instalar em Picos e vai gerar 600 empregos - Portal NPM\",\"isPartOf\":{\"@id\":\"https:\/\/portalnpm.com\/#website\"},\"primaryImageOfPage\":{\"@id\":\"https:\/\/portalnpm.com\/index.php\/2019\/03\/02\/redes-de-atacarejo-comecam-se-instalar-em-picos-e-vai-gerar-600-empregos\/#primaryimage\"},\"image\":{\"@id\":\"https:\/\/portalnpm.com\/index.php\/2019\/03\/02\/redes-de-atacarejo-comecam-se-instalar-em-picos-e-vai-gerar-600-empregos\/#primaryimage\"},\"thumbnailUrl\":\"\",\"datePublished\":\"2019-03-02T13:24:22+00:00\",\"dateModified\":\"2019-03-02T13:24:22+00:00\",\"author\":{\"@id\":\"https:\/\/portalnpm.com\/#\/schema\/person\/35cb55186eae3f074b6783da6d35591e\"},\"breadcrumb\":{\"@id\":\"https:\/\/portalnpm.com\/index.php\/2019\/03\/02\/redes-de-atacarejo-comecam-se-instalar-em-picos-e-vai-gerar-600-empregos\/#breadcrumb\"},\"inLanguage\":\"pt-BR\",\"potentialAction\":[{\"@type\":\"ReadAction\",\"target\":[\"https:\/\/portalnpm.com\/index.php\/2019\/03\/02\/redes-de-atacarejo-comecam-se-instalar-em-picos-e-vai-gerar-600-empregos\/\"]}]},{\"@type\":\"ImageObject\",\"inLanguage\":\"pt-BR\",\"@id\":\"https:\/\/portalnpm.com\/index.php\/2019\/03\/02\/redes-de-atacarejo-comecam-se-instalar-em-picos-e-vai-gerar-600-empregos\/#primaryimage\",\"url\":\"\",\"contentUrl\":\"\"},{\"@type\":\"BreadcrumbList\",\"@id\":\"https:\/\/portalnpm.com\/index.php\/2019\/03\/02\/redes-de-atacarejo-comecam-se-instalar-em-picos-e-vai-gerar-600-empregos\/#breadcrumb\",\"itemListElement\":[{\"@type\":\"ListItem\",\"position\":1,\"name\":\"In\u00edcio\",\"item\":\"https:\/\/portalnpm.com\/\"},{\"@type\":\"ListItem\",\"position\":2,\"name\":\"Redes de atacarejo come\u00e7am se instalar em Picos e vai gerar 600 empregos\"}]},{\"@type\":\"WebSite\",\"@id\":\"https:\/\/portalnpm.com\/#website\",\"url\":\"https:\/\/portalnpm.com\/\",\"name\":\"Portal NPM\",\"description\":\"Not\u00edcias em Primeira M\u00e3o\",\"potentialAction\":[{\"@type\":\"SearchAction\",\"target\":{\"@type\":\"EntryPoint\",\"urlTemplate\":\"https:\/\/portalnpm.com\/?s={search_term_string}\"},\"query-input\":\"required name=search_term_string\"}],\"inLanguage\":\"pt-BR\"},{\"@type\":\"Person\",\"@id\":\"https:\/\/portalnpm.com\/#\/schema\/person\/35cb55186eae3f074b6783da6d35591e\",\"name\":\"Zenilton Lima\",\"image\":{\"@type\":\"ImageObject\",\"inLanguage\":\"pt-BR\",\"@id\":\"https:\/\/portalnpm.com\/#\/schema\/person\/image\/\",\"url\":\"https:\/\/portalnpm.com\/wp-content\/uploads\/2024\/12\/avatar_user_8_1733658137-96x96.jpeg\",\"contentUrl\":\"https:\/\/portalnpm.com\/wp-content\/uploads\/2024\/12\/avatar_user_8_1733658137-96x96.jpeg\",\"caption\":\"Zenilton Lima\"},\"url\":\"https:\/\/portalnpm.com\/index.php\/author\/zenilton\/\"}]}<\/script>\n<!-- \/ Yoast SEO plugin. -->","yoast_head_json":{"title":"Redes de atacarejo come\u00e7am se instalar em Picos e vai gerar 600 empregos - Portal NPM","robots":{"index":"index","follow":"follow","max-snippet":"max-snippet:-1","max-image-preview":"max-image-preview:large","max-video-preview":"max-video-preview:-1"},"canonical":"https:\/\/portalnpm.com\/index.php\/2019\/03\/02\/redes-de-atacarejo-comecam-se-instalar-em-picos-e-vai-gerar-600-empregos\/","og_locale":"pt_BR","og_type":"article","og_title":"Redes de atacarejo come\u00e7am se instalar em Picos e vai gerar 600 empregos - Portal NPM","og_description":"O munic\u00edpio de Picos, localizada no Semi\u00e1rido Piauiense, tem atra\u00eddo a aten\u00e7\u00e3o de grandes grupos econ\u00f4micos que v\u00eaem na regi\u00e3o um importante potencial para investimentos com retorno garantido. Pelo menos quatro grupos est\u00e3o se instalando na cidade e com isso gerando empregos, aumentando a concorr\u00eancia e beneficiando o consumidor. A expectativa \u00e9 de que com &hellip;","og_url":"https:\/\/portalnpm.com\/index.php\/2019\/03\/02\/redes-de-atacarejo-comecam-se-instalar-em-picos-e-vai-gerar-600-empregos\/","og_site_name":"Portal NPM","article_published_time":"2019-03-02T13:24:22+00:00","author":"Zenilton Lima","twitter_card":"summary_large_image","twitter_misc":{"Escrito por":"Zenilton Lima","Est. tempo de leitura":"1 minuto"},"schema":{"@context":"https:\/\/schema.org","@graph":[{"@type":"WebPage","@id":"https:\/\/portalnpm.com\/index.php\/2019\/03\/02\/redes-de-atacarejo-comecam-se-instalar-em-picos-e-vai-gerar-600-empregos\/","url":"https:\/\/portalnpm.com\/index.php\/2019\/03\/02\/redes-de-atacarejo-comecam-se-instalar-em-picos-e-vai-gerar-600-empregos\/","name":"Redes de atacarejo come\u00e7am se instalar em Picos e vai gerar 600 empregos - Portal NPM","isPartOf":{"@id":"https:\/\/portalnpm.com\/#website"},"primaryImageOfPage":{"@id":"https:\/\/portalnpm.com\/index.php\/2019\/03\/02\/redes-de-atacarejo-comecam-se-instalar-em-picos-e-vai-gerar-600-empregos\/#primaryimage"},"image":{"@id":"https:\/\/portalnpm.com\/index.php\/2019\/03\/02\/redes-de-atacarejo-comecam-se-instalar-em-picos-e-vai-gerar-600-empregos\/#primaryimage"},"thumbnailUrl":"","datePublished":"2019-03-02T13:24:22+00:00","dateModified":"2019-03-02T13:24:22+00:00","author":{"@id":"https:\/\/portalnpm.com\/#\/schema\/person\/35cb55186eae3f074b6783da6d35591e"},"breadcrumb":{"@id":"https:\/\/portalnpm.com\/index.php\/2019\/03\/02\/redes-de-atacarejo-comecam-se-instalar-em-picos-e-vai-gerar-600-empregos\/#breadcrumb"},"inLanguage":"pt-BR","potentialAction":[{"@type":"ReadAction","target":["https:\/\/portalnpm.com\/index.php\/2019\/03\/02\/redes-de-atacarejo-comecam-se-instalar-em-picos-e-vai-gerar-600-empregos\/"]}]},{"@type":"ImageObject","inLanguage":"pt-BR","@id":"https:\/\/portalnpm.com\/index.php\/2019\/03\/02\/redes-de-atacarejo-comecam-se-instalar-em-picos-e-vai-gerar-600-empregos\/#primaryimage","url":"","contentUrl":""},{"@type":"BreadcrumbList","@id":"https:\/\/portalnpm.com\/index.php\/2019\/03\/02\/redes-de-atacarejo-comecam-se-instalar-em-picos-e-vai-gerar-600-empregos\/#breadcrumb","itemListElement":[{"@type":"ListItem","position":1,"name":"In\u00edcio","item":"https:\/\/portalnpm.com\/"},{"@type":"ListItem","position":2,"name":"Redes de atacarejo come\u00e7am se instalar em Picos e vai gerar 600 empregos"}]},{"@type":"WebSite","@id":"https:\/\/portalnpm.com\/#website","url":"https:\/\/portalnpm.com\/","name":"Portal NPM","description":"Not\u00edcias em Primeira M\u00e3o","potentialAction":[{"@type":"SearchAction","target":{"@type":"EntryPoint","urlTemplate":"https:\/\/portalnpm.com\/?s={search_term_string}"},"query-input":"required name=search_term_string"}],"inLanguage":"pt-BR"},{"@type":"Person","@id":"https:\/\/portalnpm.com\/#\/schema\/person\/35cb55186eae3f074b6783da6d35591e","name":"Zenilton Lima","image":{"@type":"ImageObject","inLanguage":"pt-BR","@id":"https:\/\/portalnpm.com\/#\/schema\/person\/image\/","url":"https:\/\/portalnpm.com\/wp-content\/uploads\/2024\/12\/avatar_user_8_1733658137-96x96.jpeg","contentUrl":"https:\/\/portalnpm.com\/wp-content\/uploads\/2024\/12\/avatar_user_8_1733658137-96x96.jpeg","caption":"Zenilton Lima"},"url":"https:\/\/portalnpm.com\/index.php\/author\/zenilton\/"}]}},"jetpack_sharing_enabled":true,"jetpack_featured_media_url":"","_links":{"self":[{"href":"https:\/\/portalnpm.com\/index.php\/wp-json\/wp\/v2\/posts\/5941"}],"collection":[{"href":"https:\/\/portalnpm.com\/index.php\/wp-json\/wp\/v2\/posts"}],"about":[{"href":"https:\/\/portalnpm.com\/index.php\/wp-json\/wp\/v2\/types\/post"}],"author":[{"embeddable":true,"href":"https:\/\/portalnpm.com\/index.php\/wp-json\/wp\/v2\/users\/8"}],"replies":[{"embeddable":true,"href":"https:\/\/portalnpm.com\/index.php\/wp-json\/wp\/v2\/comments?post=5941"}],"version-history":[{"count":0,"href":"https:\/\/portalnpm.com\/index.php\/wp-json\/wp\/v2\/posts\/5941\/revisions"}],"wp:featuredmedia":[{"embeddable":true,"href":"https:\/\/portalnpm.com\/index.php\/wp-json\/"}],"wp:attachment":[{"href":"https:\/\/portalnpm.com\/index.php\/wp-json\/wp\/v2\/media?parent=5941"}],"wp:term":[{"taxonomy":"category","embeddable":true,"href":"https:\/\/portalnpm.com\/index.php\/wp-json\/wp\/v2\/categories?post=5941"},{"taxonomy":"post_tag","embeddable":true,"href":"https:\/\/portalnpm.com\/index.php\/wp-json\/wp\/v2\/tags?post=5941"}],"curies":[{"name":"wp","href":"https:\/\/api.w.org\/{rel}","templated":true}]}}