{"id":59475,"date":"2020-11-16T19:23:16","date_gmt":"2020-11-16T22:23:16","guid":{"rendered":"https:\/\/portalnpm.com\/index.php\/2020\/11\/16\/gil-paraibano-e-eleito-prefeito-de-picos-pela-terceira-vez\/"},"modified":"2020-11-16T19:23:16","modified_gmt":"2020-11-16T22:23:16","slug":"gil-paraibano-e-eleito-prefeito-de-picos-pela-terceira-vez","status":"publish","type":"post","link":"https:\/\/portalnpm.com\/index.php\/2020\/11\/16\/gil-paraibano-e-eleito-prefeito-de-picos-pela-terceira-vez\/","title":{"rendered":"Gil Paraibano \u00e9 eleito prefeito de Picos pela terceira vez"},"content":{"rendered":"<div class=\"addtoany_share_save_container addtoany_content addtoany_content_top\">\n<div class=\"a2a_kit a2a_kit_size_32 addtoany_list\" style=\"text-align: justify;\" data-a2a-url=\"\/\/infonewss.com\/gil-paraibano-e-reeleito-prefeito-de-picos\/\" data-a2a-title=\"Gil Paraibano \u00e9 reeleito prefeito de Picos\">Gil Paraibano, do PP, foi reeleito neste domingo (15) prefeito de Picos para os pr\u00f3ximos quatro anos. Com 100% das urnas apuradas, o candidato teve 9.897 votos, o que corresponde a 51,47% dos votos v\u00e1lidos.<\/div>\n<\/div>\n<div class=\"wall protected-content\">\n<div class=\"mc-column content-text active-extra-styles \" style=\"text-align: justify;\" data-block-type=\"unstyled\" data-block-weight=\"14\" data-block-id=\"2\">\n<p data-track-category=\"Link no Texto\" data-track-links=\"\">\n<p data-track-category=\"Link no Texto\" data-track-links=\"\">\n<p class=\"content-text__container \" data-track-category=\"Link no Texto\" data-track-links=\"\">O candidato derrotou Araujinho (PT), que ficou em segundo lugar com 41,24% (7.929 votos).<\/p>\n<\/div>\n<div class=\"mc-column content-text active-extra-styles \" style=\"text-align: justify;\" data-block-type=\"unstyled\" data-block-weight=\"46\" data-block-id=\"3\">\n<p class=\"content-text__container \" data-track-category=\"Link no Texto\" data-track-links=\"\">Gil Paraibano tem 73 anos, \u00e9 divorciado, tem ensino m\u00e9dio incompleto e declarou ao TSE patrim\u00f4nio de R$ 3.717.054,84. O vice \u00e9 Z\u00e9 Neri, do PTB, que tem 75 anos. Os dois fazem parte da coliga\u00e7\u00e3o \u201cUnidos pelo trabalho e pela f\u00e9\u201d, formada pelos partidos PTB\/PSDB\/PP\/Republicanos\/DEM.<\/p>\n<\/div>\n<div class=\"mc-column content-text active-extra-styles \" style=\"text-align: justify;\" data-block-type=\"unstyled\" data-block-weight=\"5\" data-block-id=\"4\">\n<p class=\"content-text__container \" data-track-category=\"Link no Texto\" data-track-links=\"\"><strong>Resultado da elei\u00e7\u00e3o em Picos:<\/strong><\/p>\n<\/div>\n<div class=\"mc-column content-text active-extra-styles\" data-block-type=\"raw\" data-block-weight=\"35\" data-block-id=\"5\">\n<ul class=\"content-unordered-list\" style=\"text-align: justify;\">\n<li>Gil Paraibano (PP): 9.897 votos \u2013 51,47% votos v\u00e1lidos<\/li>\n<li>Araujinho (PT): 7.929 votos \u2013 41,24% votos v\u00e1lidos<\/li>\n<li>Coronel Viana (PSL): 1.020 votos \u2013 5,31% votos v\u00e1lidos<\/li>\n<li>Glauber Silva (PDT): 381 votos \u2013 1,98% votos v\u00e1lidos<\/li>\n<\/ul>\n<p style=\"text-align: justify;\">Fonte: G1<\/p>\n<\/div>\n<\/div>\n","protected":false},"excerpt":{"rendered":"<p>Gil Paraibano, do PP, foi reeleito neste domingo (15) prefeito de Picos para os pr\u00f3ximos quatro anos. Com 100% das urnas apuradas, o candidato teve 9.897 votos, o que corresponde a 51,47% dos votos v\u00e1lidos. O candidato derrotou Araujinho (PT), que ficou em segundo lugar com 41,24% (7.929 votos). Gil Paraibano tem 73 anos, \u00e9 &hellip;<\/p>\n","protected":false},"author":2,"featured_media":27727,"comment_status":"open","ping_status":"open","sticky":false,"template":"","format":"standard","meta":{"content-type":"","rop_custom_images_group":[],"rop_custom_messages_group":[],"rop_publish_now":"initial","rop_publish_now_accounts":{"facebook_2648258775420054_1618374048415101":""},"rop_publish_now_history":[],"rop_publish_now_status":"pending","footnotes":"","_jetpack_memberships_contains_paid_content":false},"categories":[109,127,130],"tags":[7615,1752,7616],"yoast_head":"<!-- This site is optimized with the Yoast SEO plugin v22.3 - https:\/\/yoast.com\/wordpress\/plugins\/seo\/ -->\n<title>Gil Paraibano \u00e9 eleito prefeito de Picos pela terceira vez<\/title>\n<meta name=\"robots\" content=\"index, follow, max-snippet:-1, max-image-preview:large, max-video-preview:-1\" \/>\n<link rel=\"canonical\" href=\"https:\/\/portalnpm.com\/index.php\/2020\/11\/16\/gil-paraibano-e-eleito-prefeito-de-picos-pela-terceira-vez\/\" \/>\n<meta property=\"og:locale\" content=\"pt_BR\" \/>\n<meta property=\"og:type\" content=\"article\" \/>\n<meta property=\"og:title\" content=\"Gil Paraibano \u00e9 eleito prefeito de Picos pela terceira vez\" \/>\n<meta property=\"og:description\" content=\"Gil Paraibano, do PP, foi reeleito neste domingo (15) prefeito de Picos para os pr\u00f3ximos quatro anos. Com 100% das urnas apuradas, o candidato teve 9.897 votos, o que corresponde a 51,47% dos votos v\u00e1lidos. O candidato derrotou Araujinho (PT), que ficou em segundo lugar com 41,24% (7.929 votos). Gil Paraibano tem 73 anos, \u00e9 &hellip;\" \/>\n<meta property=\"og:url\" content=\"https:\/\/portalnpm.com\/index.php\/2020\/11\/16\/gil-paraibano-e-eleito-prefeito-de-picos-pela-terceira-vez\/\" \/>\n<meta property=\"og:site_name\" content=\"Portal NPM\" \/>\n<meta property=\"article:published_time\" content=\"2020-11-16T22:23:16+00:00\" \/>\n<meta name=\"author\" content=\"Genival Barbosa\" \/>\n<meta name=\"twitter:card\" content=\"summary_large_image\" \/>\n<meta name=\"twitter:label1\" content=\"Escrito por\" \/>\n\t<meta name=\"twitter:data1\" content=\"Genival Barbosa\" \/>\n\t<meta name=\"twitter:label2\" content=\"Est. tempo de leitura\" \/>\n\t<meta name=\"twitter:data2\" content=\"1 minuto\" \/>\n<script type=\"application\/ld+json\" class=\"yoast-schema-graph\">{\"@context\":\"https:\/\/schema.org\",\"@graph\":[{\"@type\":\"WebPage\",\"@id\":\"https:\/\/portalnpm.com\/index.php\/2020\/11\/16\/gil-paraibano-e-eleito-prefeito-de-picos-pela-terceira-vez\/\",\"url\":\"https:\/\/portalnpm.com\/index.php\/2020\/11\/16\/gil-paraibano-e-eleito-prefeito-de-picos-pela-terceira-vez\/\",\"name\":\"Gil Paraibano \u00e9 eleito prefeito de Picos pela terceira vez\",\"isPartOf\":{\"@id\":\"https:\/\/portalnpm.com\/#website\"},\"primaryImageOfPage\":{\"@id\":\"https:\/\/portalnpm.com\/index.php\/2020\/11\/16\/gil-paraibano-e-eleito-prefeito-de-picos-pela-terceira-vez\/#primaryimage\"},\"image\":{\"@id\":\"https:\/\/portalnpm.com\/index.php\/2020\/11\/16\/gil-paraibano-e-eleito-prefeito-de-picos-pela-terceira-vez\/#primaryimage\"},\"thumbnailUrl\":\"\",\"datePublished\":\"2020-11-16T22:23:16+00:00\",\"dateModified\":\"2020-11-16T22:23:16+00:00\",\"author\":{\"@id\":\"https:\/\/portalnpm.com\/#\/schema\/person\/49313e563cfdefcc167f1ee4c017c294\"},\"breadcrumb\":{\"@id\":\"https:\/\/portalnpm.com\/index.php\/2020\/11\/16\/gil-paraibano-e-eleito-prefeito-de-picos-pela-terceira-vez\/#breadcrumb\"},\"inLanguage\":\"pt-BR\",\"potentialAction\":[{\"@type\":\"ReadAction\",\"target\":[\"https:\/\/portalnpm.com\/index.php\/2020\/11\/16\/gil-paraibano-e-eleito-prefeito-de-picos-pela-terceira-vez\/\"]}]},{\"@type\":\"ImageObject\",\"inLanguage\":\"pt-BR\",\"@id\":\"https:\/\/portalnpm.com\/index.php\/2020\/11\/16\/gil-paraibano-e-eleito-prefeito-de-picos-pela-terceira-vez\/#primaryimage\",\"url\":\"\",\"contentUrl\":\"\"},{\"@type\":\"BreadcrumbList\",\"@id\":\"https:\/\/portalnpm.com\/index.php\/2020\/11\/16\/gil-paraibano-e-eleito-prefeito-de-picos-pela-terceira-vez\/#breadcrumb\",\"itemListElement\":[{\"@type\":\"ListItem\",\"position\":1,\"name\":\"In\u00edcio\",\"item\":\"https:\/\/portalnpm.com\/\"},{\"@type\":\"ListItem\",\"position\":2,\"name\":\"Gil Paraibano \u00e9 eleito prefeito de Picos pela terceira vez\"}]},{\"@type\":\"WebSite\",\"@id\":\"https:\/\/portalnpm.com\/#website\",\"url\":\"https:\/\/portalnpm.com\/\",\"name\":\"Portal NPM\",\"description\":\"Not\u00edcias em Primeira M\u00e3o\",\"potentialAction\":[{\"@type\":\"SearchAction\",\"target\":{\"@type\":\"EntryPoint\",\"urlTemplate\":\"https:\/\/portalnpm.com\/?s={search_term_string}\"},\"query-input\":\"required name=search_term_string\"}],\"inLanguage\":\"pt-BR\"},{\"@type\":\"Person\",\"@id\":\"https:\/\/portalnpm.com\/#\/schema\/person\/49313e563cfdefcc167f1ee4c017c294\",\"name\":\"Genival Barbosa\",\"image\":{\"@type\":\"ImageObject\",\"inLanguage\":\"pt-BR\",\"@id\":\"https:\/\/portalnpm.com\/#\/schema\/person\/image\/\",\"url\":\"https:\/\/portalnpm.com\/wp-content\/uploads\/2024\/02\/avatar_user_2_1707743258-96x96.jpeg\",\"contentUrl\":\"https:\/\/portalnpm.com\/wp-content\/uploads\/2024\/02\/avatar_user_2_1707743258-96x96.jpeg\",\"caption\":\"Genival Barbosa\"},\"url\":\"https:\/\/portalnpm.com\/index.php\/author\/genival\/\"}]}<\/script>\n<!-- \/ Yoast SEO plugin. -->","yoast_head_json":{"title":"Gil Paraibano \u00e9 eleito prefeito de Picos pela terceira vez","robots":{"index":"index","follow":"follow","max-snippet":"max-snippet:-1","max-image-preview":"max-image-preview:large","max-video-preview":"max-video-preview:-1"},"canonical":"https:\/\/portalnpm.com\/index.php\/2020\/11\/16\/gil-paraibano-e-eleito-prefeito-de-picos-pela-terceira-vez\/","og_locale":"pt_BR","og_type":"article","og_title":"Gil Paraibano \u00e9 eleito prefeito de Picos pela terceira vez","og_description":"Gil Paraibano, do PP, foi reeleito neste domingo (15) prefeito de Picos para os pr\u00f3ximos quatro anos. Com 100% das urnas apuradas, o candidato teve 9.897 votos, o que corresponde a 51,47% dos votos v\u00e1lidos. O candidato derrotou Araujinho (PT), que ficou em segundo lugar com 41,24% (7.929 votos). Gil Paraibano tem 73 anos, \u00e9 &hellip;","og_url":"https:\/\/portalnpm.com\/index.php\/2020\/11\/16\/gil-paraibano-e-eleito-prefeito-de-picos-pela-terceira-vez\/","og_site_name":"Portal NPM","article_published_time":"2020-11-16T22:23:16+00:00","author":"Genival Barbosa","twitter_card":"summary_large_image","twitter_misc":{"Escrito por":"Genival Barbosa","Est. tempo de leitura":"1 minuto"},"schema":{"@context":"https:\/\/schema.org","@graph":[{"@type":"WebPage","@id":"https:\/\/portalnpm.com\/index.php\/2020\/11\/16\/gil-paraibano-e-eleito-prefeito-de-picos-pela-terceira-vez\/","url":"https:\/\/portalnpm.com\/index.php\/2020\/11\/16\/gil-paraibano-e-eleito-prefeito-de-picos-pela-terceira-vez\/","name":"Gil Paraibano \u00e9 eleito prefeito de Picos pela terceira vez","isPartOf":{"@id":"https:\/\/portalnpm.com\/#website"},"primaryImageOfPage":{"@id":"https:\/\/portalnpm.com\/index.php\/2020\/11\/16\/gil-paraibano-e-eleito-prefeito-de-picos-pela-terceira-vez\/#primaryimage"},"image":{"@id":"https:\/\/portalnpm.com\/index.php\/2020\/11\/16\/gil-paraibano-e-eleito-prefeito-de-picos-pela-terceira-vez\/#primaryimage"},"thumbnailUrl":"","datePublished":"2020-11-16T22:23:16+00:00","dateModified":"2020-11-16T22:23:16+00:00","author":{"@id":"https:\/\/portalnpm.com\/#\/schema\/person\/49313e563cfdefcc167f1ee4c017c294"},"breadcrumb":{"@id":"https:\/\/portalnpm.com\/index.php\/2020\/11\/16\/gil-paraibano-e-eleito-prefeito-de-picos-pela-terceira-vez\/#breadcrumb"},"inLanguage":"pt-BR","potentialAction":[{"@type":"ReadAction","target":["https:\/\/portalnpm.com\/index.php\/2020\/11\/16\/gil-paraibano-e-eleito-prefeito-de-picos-pela-terceira-vez\/"]}]},{"@type":"ImageObject","inLanguage":"pt-BR","@id":"https:\/\/portalnpm.com\/index.php\/2020\/11\/16\/gil-paraibano-e-eleito-prefeito-de-picos-pela-terceira-vez\/#primaryimage","url":"","contentUrl":""},{"@type":"BreadcrumbList","@id":"https:\/\/portalnpm.com\/index.php\/2020\/11\/16\/gil-paraibano-e-eleito-prefeito-de-picos-pela-terceira-vez\/#breadcrumb","itemListElement":[{"@type":"ListItem","position":1,"name":"In\u00edcio","item":"https:\/\/portalnpm.com\/"},{"@type":"ListItem","position":2,"name":"Gil Paraibano \u00e9 eleito prefeito de Picos pela terceira vez"}]},{"@type":"WebSite","@id":"https:\/\/portalnpm.com\/#website","url":"https:\/\/portalnpm.com\/","name":"Portal NPM","description":"Not\u00edcias em Primeira M\u00e3o","potentialAction":[{"@type":"SearchAction","target":{"@type":"EntryPoint","urlTemplate":"https:\/\/portalnpm.com\/?s={search_term_string}"},"query-input":"required name=search_term_string"}],"inLanguage":"pt-BR"},{"@type":"Person","@id":"https:\/\/portalnpm.com\/#\/schema\/person\/49313e563cfdefcc167f1ee4c017c294","name":"Genival Barbosa","image":{"@type":"ImageObject","inLanguage":"pt-BR","@id":"https:\/\/portalnpm.com\/#\/schema\/person\/image\/","url":"https:\/\/portalnpm.com\/wp-content\/uploads\/2024\/02\/avatar_user_2_1707743258-96x96.jpeg","contentUrl":"https:\/\/portalnpm.com\/wp-content\/uploads\/2024\/02\/avatar_user_2_1707743258-96x96.jpeg","caption":"Genival Barbosa"},"url":"https:\/\/portalnpm.com\/index.php\/author\/genival\/"}]}},"jetpack_sharing_enabled":true,"jetpack_featured_media_url":"","_links":{"self":[{"href":"https:\/\/portalnpm.com\/index.php\/wp-json\/wp\/v2\/posts\/59475"}],"collection":[{"href":"https:\/\/portalnpm.com\/index.php\/wp-json\/wp\/v2\/posts"}],"about":[{"href":"https:\/\/portalnpm.com\/index.php\/wp-json\/wp\/v2\/types\/post"}],"author":[{"embeddable":true,"href":"https:\/\/portalnpm.com\/index.php\/wp-json\/wp\/v2\/users\/2"}],"replies":[{"embeddable":true,"href":"https:\/\/portalnpm.com\/index.php\/wp-json\/wp\/v2\/comments?post=59475"}],"version-history":[{"count":0,"href":"https:\/\/portalnpm.com\/index.php\/wp-json\/wp\/v2\/posts\/59475\/revisions"}],"wp:featuredmedia":[{"embeddable":true,"href":"https:\/\/portalnpm.com\/index.php\/wp-json\/"}],"wp:attachment":[{"href":"https:\/\/portalnpm.com\/index.php\/wp-json\/wp\/v2\/media?parent=59475"}],"wp:term":[{"taxonomy":"category","embeddable":true,"href":"https:\/\/portalnpm.com\/index.php\/wp-json\/wp\/v2\/categories?post=59475"},{"taxonomy":"post_tag","embeddable":true,"href":"https:\/\/portalnpm.com\/index.php\/wp-json\/wp\/v2\/tags?post=59475"}],"curies":[{"name":"wp","href":"https:\/\/api.w.org\/{rel}","templated":true}]}}