{"id":59500,"date":"2020-11-19T21:18:55","date_gmt":"2020-11-20T00:18:55","guid":{"rendered":"https:\/\/portalnpm.com\/index.php\/2020\/11\/19\/com-515-das-utis-covid-ocupadas-pi-chega-a-122-007-casos-ja-confirmados-da-doenca\/"},"modified":"2020-11-19T21:18:55","modified_gmt":"2020-11-20T00:18:55","slug":"com-515-das-utis-covid-ocupadas-pi-chega-a-122-007-casos-ja-confirmados-da-doenca","status":"publish","type":"post","link":"https:\/\/portalnpm.com\/index.php\/2020\/11\/19\/com-515-das-utis-covid-ocupadas-pi-chega-a-122-007-casos-ja-confirmados-da-doenca\/","title":{"rendered":"Com 51,5% das UTIs Covid ocupadas, PI chega a 122.007 casos j\u00e1 confirmados da doen\u00e7a"},"content":{"rendered":"<p style=\"text-align: justify;\">Nas \u00faltimas 24 horas,\u00a029 leitos destinados \u00e0 Covid-19 foram preenchidos no Piau\u00ed. De quarta (18) para quinta (19), o\u00a0n\u00famero de leitos Covid-19 com pacientes aumentou de 423 para 452. Do total de leitos UTI Covid dispon\u00edveis no estado, 51,5% est\u00e3o ocupados.<\/p>\n<p style=\"text-align: justify;\">\n<p style=\"text-align: justify;\">Est\u00e3o internados 270 pacientes em leitos cl\u00ednicos, 10 em estabiliza\u00e7\u00e3o e 172 em Unidades de Terapia Intensiva (UTIs).\u00a0 As altas m\u00e9dicas acumuladas desde abril chegaram a 6.255.<\/p>\n<p>Com 579 novas infec\u00e7\u00f5es de Covid-19, o Piau\u00ed chega ao total de 122.007 casos confirmados da doen\u00e7a nesta quinta-feira (19).<\/p>\n<p>Os dados s\u00e3o contabilizados pela Secretaria de Estado da Sa\u00fade (Sesapi) desde abril de 2020, quando os primeiros casos come\u00e7aram a ser registrados no estado.<\/p>\n<p>A Sesapi tamb\u00e9m confirma o aumentou do n\u00famero de \u00f3bitos: de quarta (18) para quinta (19) o Piau\u00ed registrou 12 mortes.<\/p>\n<p style=\"text-align: justify;\">\n<div style=\"text-align: justify;\">Os principais n\u00fameros de quinta (19\/11)<\/div>\n<div style=\"text-align: justify;\">&#8211; 12 mortes confirmadas \/ 2.568 no total<\/div>\n<div style=\"text-align: justify;\">&#8211; 579 casos confirmados \/ 122.007 no total<\/div>\n<div style=\"text-align: justify;\">&#8211; M\u00e9dia dos \u00faltimos 7 dias: 7 mortes \/ 364 casos<\/div>\n<div style=\"text-align: justify;\">&#8211; 452 internados \/\/ 172 em UTIs<\/div>\n<div style=\"text-align: justify;\">&#8211; 118.987 recuperados<\/div>\n<p style=\"text-align: justify;\">\n<p style=\"text-align: justify;\"><strong>Mortes<\/strong><\/p>\n<p style=\"text-align: justify;\">\nDe acordo com a Sesapi, \u201cos \u00f3bitos pelo novo coronav\u00edrus chegam a 2.568 e foram registrados em 195 munic\u00edpios. At\u00e9 agora, morreram 1.488 homens e 1.080 mulheres\u201d.<\/p>\n<p style=\"text-align: justify;\">Os \u00f3bitos mais recentes s\u00e3o dos seguintes munic\u00edpios:<\/p>\n<blockquote><p>\n&#8211; Bomfim do Piau\u00ed: 1 morte (homem, 53 anos)<br \/>\nTotal do munic\u00edpio: 2<\/p>\n<p>&#8211; Canto do Buriti: 1 morte\u00a0(mulher, 71 anos)<br \/>\nTotal do munic\u00edpio: 16<\/p>\n<p>&#8211; Elesb\u00e3o Veloso: 1 morte\u00a0(homem,\u00a070 anos)<br \/>\nTotal do munic\u00edpio: 16<\/p>\n<p>&#8211; Esperantina\u00a0: 1 morte\u00a0(homem,\u00a066 anos)<br \/>\nTotal do munic\u00edpio: 31<\/p>\n<p>&#8211; Fartura do Piau\u00ed: 1 morte\u00a0(mulher, 81 anos)<br \/>\nTotal do munic\u00edpio: 3<\/p>\n<p>&#8211; Flores do Piau\u00ed: 1 morte\u00a0(homem,\u00a084 anos)<br \/>\nTotal do munic\u00edpio: 3<\/p>\n<p>&#8211; Pedro II: 2 mortes\u00a0(homens,\u00a029 e 81 anos)<br \/>\nTotal do munic\u00edpio: 26<\/p>\n<p>&#8211; Picos: 1 morte\u00a0(homem,\u00a076 anos)<br \/>\nTotal do munic\u00edpio: 87<\/p>\n<p>&#8211; Reden\u00e7\u00e3o do Gurgueia: 1 morte\u00a0(homem,\u00a081 anos)<br \/>\nTotal do munic\u00edpio: 8<\/p>\n<p>&#8211; Teresina: 2 mortes\u00a0(homens,\u00a063 e 74 anos)<br \/>\nTotal do munic\u00edpio: 1.146<\/p><\/blockquote>\n<p style=\"text-align: justify;\">\nAt\u00e9 o momento, a\u00a0 Sesapi \u201cestima que 118.987 pessoas j\u00e1 est\u00e3o recuperadas ou seguem em acompanhamento (casos registradas nos \u00faltimos 14 dias) que n\u00e3o necessitaram de interna\u00e7\u00e3o ou evolu\u00edram para morte\u201d.<\/p>\n<p>Os n\u00fameros do boletim podem incluir tanto mortes ocorridas nesta data como de dias anteriores, mas que somente agora tiveram o resultado do exame do coronav\u00edrus recebido pela Sesapi.<\/p>\n<p style=\"text-align: justify;\">\n<div id=\"ig-b7c249ab-3b70-3b70-d347-02f20b8e9f0f\" class=\"infogram-embed\" style=\"text-align: justify;\" data-id=\"fa661263-651a-4888-9802-f1641c2f0437\" data-title=\"Covid-19  Piau\u00ed\" data-type=\"interactive\" data-processed=\"1\">\u00a0<iframe title=\"Covid-19  Piau\u00ed\" src=\"https:\/\/e.infogram.com\/fa661263-651a-4888-9802-f1641c2f0437?parent_url=https%3A%2F%2Fcidadeverde.com%2Fnoticias%2F336523%2Fcom-515-das-utis-covid-ocupadas-pi-chega-a-122007-casos-ja-confirmados-da-doenca&#038;src=embed#async_embed\" frameborder=\"0\" scrolling=\"no\" allowfullscreen=\"allowfullscreen\" data-mce-fragment=\"1\"><\/iframe><\/div>\n<div style=\"text-align: justify;\"><a href=\"https:\/\/infogram.com\/fa661263-651a-4888-9802-f1641c2f0437\" target=\"_blank\" rel=\"noopener noreferrer\">Covid-19 Piau\u00ed<\/a><br \/>\n<a href=\"https:\/\/infogram.com\/\" target=\"_blank\" rel=\"nofollow noopener noreferrer\">Infogram<\/a><\/div>\n<p style=\"text-align: justify;\">\n<p style=\"text-align: justify;\">\n<p style=\"text-align: justify;\">\n<p style=\"text-align: justify;\">Carlienne Carpaso<br \/>\nredacao@cidadeverde.com<\/p>\n","protected":false},"excerpt":{"rendered":"<p>Nas \u00faltimas 24 horas,\u00a029 leitos destinados \u00e0 Covid-19 foram preenchidos no Piau\u00ed. De quarta (18) para quinta (19), o\u00a0n\u00famero de leitos Covid-19 com pacientes aumentou de 423 para 452. Do total de leitos UTI Covid dispon\u00edveis no estado, 51,5% est\u00e3o ocupados. Est\u00e3o internados 270 pacientes em leitos cl\u00ednicos, 10 em estabiliza\u00e7\u00e3o e 172 em Unidades &hellip;<\/p>\n","protected":false},"author":2,"featured_media":59501,"comment_status":"open","ping_status":"open","sticky":false,"template":"","format":"standard","meta":{"content-type":"","rop_custom_images_group":[],"rop_custom_messages_group":[],"rop_publish_now":"initial","rop_publish_now_accounts":{"facebook_2648258775420054_1618374048415101":""},"rop_publish_now_history":[],"rop_publish_now_status":"pending","footnotes":"","_jetpack_memberships_contains_paid_content":false},"categories":[113,188,384],"tags":[7636,7251,7637,7638,7639,7640,7641],"yoast_head":"<!-- This site is optimized with the Yoast SEO plugin v22.3 - https:\/\/yoast.com\/wordpress\/plugins\/seo\/ -->\n<title>Com 51,5% das UTIs Covid ocupadas, PI chega a 122.007 casos j\u00e1 confirmados da doen\u00e7a<\/title>\n<meta name=\"robots\" content=\"index, follow, max-snippet:-1, max-image-preview:large, max-video-preview:-1\" \/>\n<link rel=\"canonical\" href=\"https:\/\/portalnpm.com\/index.php\/2020\/11\/19\/com-515-das-utis-covid-ocupadas-pi-chega-a-122-007-casos-ja-confirmados-da-doenca\/\" \/>\n<meta property=\"og:locale\" content=\"pt_BR\" \/>\n<meta property=\"og:type\" content=\"article\" \/>\n<meta property=\"og:title\" content=\"Com 51,5% das UTIs Covid ocupadas, PI chega a 122.007 casos j\u00e1 confirmados da doen\u00e7a\" \/>\n<meta property=\"og:description\" content=\"Nas \u00faltimas 24 horas,\u00a029 leitos destinados \u00e0 Covid-19 foram preenchidos no Piau\u00ed. De quarta (18) para quinta (19), o\u00a0n\u00famero de leitos Covid-19 com pacientes aumentou de 423 para 452. Do total de leitos UTI Covid dispon\u00edveis no estado, 51,5% est\u00e3o ocupados. Est\u00e3o internados 270 pacientes em leitos cl\u00ednicos, 10 em estabiliza\u00e7\u00e3o e 172 em Unidades &hellip;\" \/>\n<meta property=\"og:url\" content=\"https:\/\/portalnpm.com\/index.php\/2020\/11\/19\/com-515-das-utis-covid-ocupadas-pi-chega-a-122-007-casos-ja-confirmados-da-doenca\/\" \/>\n<meta property=\"og:site_name\" content=\"Portal NPM\" \/>\n<meta property=\"article:published_time\" content=\"2020-11-20T00:18:55+00:00\" \/>\n<meta property=\"og:image\" content=\"https:\/\/portalnpm.com\/wp-content\/uploads\/2024\/01\/23553bf20a1cea55f4e25ad2bece31ee.jpg\" \/>\n\t<meta property=\"og:image:width\" content=\"790\" \/>\n\t<meta property=\"og:image:height\" content=\"527\" \/>\n\t<meta property=\"og:image:type\" content=\"image\/jpeg\" \/>\n<meta name=\"author\" content=\"Genival Barbosa\" \/>\n<meta name=\"twitter:card\" content=\"summary_large_image\" \/>\n<meta name=\"twitter:label1\" content=\"Escrito por\" \/>\n\t<meta name=\"twitter:data1\" content=\"Genival Barbosa\" \/>\n\t<meta name=\"twitter:label2\" content=\"Est. tempo de leitura\" \/>\n\t<meta name=\"twitter:data2\" content=\"2 minutos\" \/>\n<script type=\"application\/ld+json\" class=\"yoast-schema-graph\">{\"@context\":\"https:\/\/schema.org\",\"@graph\":[{\"@type\":\"WebPage\",\"@id\":\"https:\/\/portalnpm.com\/index.php\/2020\/11\/19\/com-515-das-utis-covid-ocupadas-pi-chega-a-122-007-casos-ja-confirmados-da-doenca\/\",\"url\":\"https:\/\/portalnpm.com\/index.php\/2020\/11\/19\/com-515-das-utis-covid-ocupadas-pi-chega-a-122-007-casos-ja-confirmados-da-doenca\/\",\"name\":\"Com 51,5% das UTIs Covid ocupadas, PI chega a 122.007 casos j\u00e1 confirmados da doen\u00e7a\",\"isPartOf\":{\"@id\":\"https:\/\/portalnpm.com\/#website\"},\"primaryImageOfPage\":{\"@id\":\"https:\/\/portalnpm.com\/index.php\/2020\/11\/19\/com-515-das-utis-covid-ocupadas-pi-chega-a-122-007-casos-ja-confirmados-da-doenca\/#primaryimage\"},\"image\":{\"@id\":\"https:\/\/portalnpm.com\/index.php\/2020\/11\/19\/com-515-das-utis-covid-ocupadas-pi-chega-a-122-007-casos-ja-confirmados-da-doenca\/#primaryimage\"},\"thumbnailUrl\":\"https:\/\/portalnpm.com\/wp-content\/uploads\/2024\/01\/23553bf20a1cea55f4e25ad2bece31ee.jpg\",\"datePublished\":\"2020-11-20T00:18:55+00:00\",\"dateModified\":\"2020-11-20T00:18:55+00:00\",\"author\":{\"@id\":\"https:\/\/portalnpm.com\/#\/schema\/person\/49313e563cfdefcc167f1ee4c017c294\"},\"breadcrumb\":{\"@id\":\"https:\/\/portalnpm.com\/index.php\/2020\/11\/19\/com-515-das-utis-covid-ocupadas-pi-chega-a-122-007-casos-ja-confirmados-da-doenca\/#breadcrumb\"},\"inLanguage\":\"pt-BR\",\"potentialAction\":[{\"@type\":\"ReadAction\",\"target\":[\"https:\/\/portalnpm.com\/index.php\/2020\/11\/19\/com-515-das-utis-covid-ocupadas-pi-chega-a-122-007-casos-ja-confirmados-da-doenca\/\"]}]},{\"@type\":\"ImageObject\",\"inLanguage\":\"pt-BR\",\"@id\":\"https:\/\/portalnpm.com\/index.php\/2020\/11\/19\/com-515-das-utis-covid-ocupadas-pi-chega-a-122-007-casos-ja-confirmados-da-doenca\/#primaryimage\",\"url\":\"https:\/\/portalnpm.com\/wp-content\/uploads\/2024\/01\/23553bf20a1cea55f4e25ad2bece31ee.jpg\",\"contentUrl\":\"https:\/\/portalnpm.com\/wp-content\/uploads\/2024\/01\/23553bf20a1cea55f4e25ad2bece31ee.jpg\",\"width\":790,\"height\":527},{\"@type\":\"BreadcrumbList\",\"@id\":\"https:\/\/portalnpm.com\/index.php\/2020\/11\/19\/com-515-das-utis-covid-ocupadas-pi-chega-a-122-007-casos-ja-confirmados-da-doenca\/#breadcrumb\",\"itemListElement\":[{\"@type\":\"ListItem\",\"position\":1,\"name\":\"In\u00edcio\",\"item\":\"https:\/\/portalnpm.com\/\"},{\"@type\":\"ListItem\",\"position\":2,\"name\":\"Com 51,5% das UTIs Covid ocupadas, PI chega a 122.007 casos j\u00e1 confirmados da doen\u00e7a\"}]},{\"@type\":\"WebSite\",\"@id\":\"https:\/\/portalnpm.com\/#website\",\"url\":\"https:\/\/portalnpm.com\/\",\"name\":\"Portal NPM\",\"description\":\"Not\u00edcias em Primeira M\u00e3o\",\"potentialAction\":[{\"@type\":\"SearchAction\",\"target\":{\"@type\":\"EntryPoint\",\"urlTemplate\":\"https:\/\/portalnpm.com\/?s={search_term_string}\"},\"query-input\":\"required name=search_term_string\"}],\"inLanguage\":\"pt-BR\"},{\"@type\":\"Person\",\"@id\":\"https:\/\/portalnpm.com\/#\/schema\/person\/49313e563cfdefcc167f1ee4c017c294\",\"name\":\"Genival Barbosa\",\"image\":{\"@type\":\"ImageObject\",\"inLanguage\":\"pt-BR\",\"@id\":\"https:\/\/portalnpm.com\/#\/schema\/person\/image\/\",\"url\":\"https:\/\/portalnpm.com\/wp-content\/uploads\/2024\/02\/avatar_user_2_1707743258-96x96.jpeg\",\"contentUrl\":\"https:\/\/portalnpm.com\/wp-content\/uploads\/2024\/02\/avatar_user_2_1707743258-96x96.jpeg\",\"caption\":\"Genival Barbosa\"},\"url\":\"https:\/\/portalnpm.com\/index.php\/author\/genival\/\"}]}<\/script>\n<!-- \/ Yoast SEO plugin. -->","yoast_head_json":{"title":"Com 51,5% das UTIs Covid ocupadas, PI chega a 122.007 casos j\u00e1 confirmados da doen\u00e7a","robots":{"index":"index","follow":"follow","max-snippet":"max-snippet:-1","max-image-preview":"max-image-preview:large","max-video-preview":"max-video-preview:-1"},"canonical":"https:\/\/portalnpm.com\/index.php\/2020\/11\/19\/com-515-das-utis-covid-ocupadas-pi-chega-a-122-007-casos-ja-confirmados-da-doenca\/","og_locale":"pt_BR","og_type":"article","og_title":"Com 51,5% das UTIs Covid ocupadas, PI chega a 122.007 casos j\u00e1 confirmados da doen\u00e7a","og_description":"Nas \u00faltimas 24 horas,\u00a029 leitos destinados \u00e0 Covid-19 foram preenchidos no Piau\u00ed. De quarta (18) para quinta (19), o\u00a0n\u00famero de leitos Covid-19 com pacientes aumentou de 423 para 452. Do total de leitos UTI Covid dispon\u00edveis no estado, 51,5% est\u00e3o ocupados. Est\u00e3o internados 270 pacientes em leitos cl\u00ednicos, 10 em estabiliza\u00e7\u00e3o e 172 em Unidades &hellip;","og_url":"https:\/\/portalnpm.com\/index.php\/2020\/11\/19\/com-515-das-utis-covid-ocupadas-pi-chega-a-122-007-casos-ja-confirmados-da-doenca\/","og_site_name":"Portal NPM","article_published_time":"2020-11-20T00:18:55+00:00","og_image":[{"width":790,"height":527,"url":"https:\/\/portalnpm.com\/wp-content\/uploads\/2024\/01\/23553bf20a1cea55f4e25ad2bece31ee.jpg","type":"image\/jpeg"}],"author":"Genival Barbosa","twitter_card":"summary_large_image","twitter_misc":{"Escrito por":"Genival Barbosa","Est. tempo de leitura":"2 minutos"},"schema":{"@context":"https:\/\/schema.org","@graph":[{"@type":"WebPage","@id":"https:\/\/portalnpm.com\/index.php\/2020\/11\/19\/com-515-das-utis-covid-ocupadas-pi-chega-a-122-007-casos-ja-confirmados-da-doenca\/","url":"https:\/\/portalnpm.com\/index.php\/2020\/11\/19\/com-515-das-utis-covid-ocupadas-pi-chega-a-122-007-casos-ja-confirmados-da-doenca\/","name":"Com 51,5% das UTIs Covid ocupadas, PI chega a 122.007 casos j\u00e1 confirmados da doen\u00e7a","isPartOf":{"@id":"https:\/\/portalnpm.com\/#website"},"primaryImageOfPage":{"@id":"https:\/\/portalnpm.com\/index.php\/2020\/11\/19\/com-515-das-utis-covid-ocupadas-pi-chega-a-122-007-casos-ja-confirmados-da-doenca\/#primaryimage"},"image":{"@id":"https:\/\/portalnpm.com\/index.php\/2020\/11\/19\/com-515-das-utis-covid-ocupadas-pi-chega-a-122-007-casos-ja-confirmados-da-doenca\/#primaryimage"},"thumbnailUrl":"https:\/\/portalnpm.com\/wp-content\/uploads\/2024\/01\/23553bf20a1cea55f4e25ad2bece31ee.jpg","datePublished":"2020-11-20T00:18:55+00:00","dateModified":"2020-11-20T00:18:55+00:00","author":{"@id":"https:\/\/portalnpm.com\/#\/schema\/person\/49313e563cfdefcc167f1ee4c017c294"},"breadcrumb":{"@id":"https:\/\/portalnpm.com\/index.php\/2020\/11\/19\/com-515-das-utis-covid-ocupadas-pi-chega-a-122-007-casos-ja-confirmados-da-doenca\/#breadcrumb"},"inLanguage":"pt-BR","potentialAction":[{"@type":"ReadAction","target":["https:\/\/portalnpm.com\/index.php\/2020\/11\/19\/com-515-das-utis-covid-ocupadas-pi-chega-a-122-007-casos-ja-confirmados-da-doenca\/"]}]},{"@type":"ImageObject","inLanguage":"pt-BR","@id":"https:\/\/portalnpm.com\/index.php\/2020\/11\/19\/com-515-das-utis-covid-ocupadas-pi-chega-a-122-007-casos-ja-confirmados-da-doenca\/#primaryimage","url":"https:\/\/portalnpm.com\/wp-content\/uploads\/2024\/01\/23553bf20a1cea55f4e25ad2bece31ee.jpg","contentUrl":"https:\/\/portalnpm.com\/wp-content\/uploads\/2024\/01\/23553bf20a1cea55f4e25ad2bece31ee.jpg","width":790,"height":527},{"@type":"BreadcrumbList","@id":"https:\/\/portalnpm.com\/index.php\/2020\/11\/19\/com-515-das-utis-covid-ocupadas-pi-chega-a-122-007-casos-ja-confirmados-da-doenca\/#breadcrumb","itemListElement":[{"@type":"ListItem","position":1,"name":"In\u00edcio","item":"https:\/\/portalnpm.com\/"},{"@type":"ListItem","position":2,"name":"Com 51,5% das UTIs Covid ocupadas, PI chega a 122.007 casos j\u00e1 confirmados da doen\u00e7a"}]},{"@type":"WebSite","@id":"https:\/\/portalnpm.com\/#website","url":"https:\/\/portalnpm.com\/","name":"Portal NPM","description":"Not\u00edcias em Primeira M\u00e3o","potentialAction":[{"@type":"SearchAction","target":{"@type":"EntryPoint","urlTemplate":"https:\/\/portalnpm.com\/?s={search_term_string}"},"query-input":"required name=search_term_string"}],"inLanguage":"pt-BR"},{"@type":"Person","@id":"https:\/\/portalnpm.com\/#\/schema\/person\/49313e563cfdefcc167f1ee4c017c294","name":"Genival Barbosa","image":{"@type":"ImageObject","inLanguage":"pt-BR","@id":"https:\/\/portalnpm.com\/#\/schema\/person\/image\/","url":"https:\/\/portalnpm.com\/wp-content\/uploads\/2024\/02\/avatar_user_2_1707743258-96x96.jpeg","contentUrl":"https:\/\/portalnpm.com\/wp-content\/uploads\/2024\/02\/avatar_user_2_1707743258-96x96.jpeg","caption":"Genival Barbosa"},"url":"https:\/\/portalnpm.com\/index.php\/author\/genival\/"}]}},"jetpack_sharing_enabled":true,"jetpack_featured_media_url":"https:\/\/portalnpm.com\/wp-content\/uploads\/2024\/01\/23553bf20a1cea55f4e25ad2bece31ee.jpg","_links":{"self":[{"href":"https:\/\/portalnpm.com\/index.php\/wp-json\/wp\/v2\/posts\/59500"}],"collection":[{"href":"https:\/\/portalnpm.com\/index.php\/wp-json\/wp\/v2\/posts"}],"about":[{"href":"https:\/\/portalnpm.com\/index.php\/wp-json\/wp\/v2\/types\/post"}],"author":[{"embeddable":true,"href":"https:\/\/portalnpm.com\/index.php\/wp-json\/wp\/v2\/users\/2"}],"replies":[{"embeddable":true,"href":"https:\/\/portalnpm.com\/index.php\/wp-json\/wp\/v2\/comments?post=59500"}],"version-history":[{"count":0,"href":"https:\/\/portalnpm.com\/index.php\/wp-json\/wp\/v2\/posts\/59500\/revisions"}],"wp:featuredmedia":[{"embeddable":true,"href":"https:\/\/portalnpm.com\/index.php\/wp-json\/wp\/v2\/media\/59501"}],"wp:attachment":[{"href":"https:\/\/portalnpm.com\/index.php\/wp-json\/wp\/v2\/media?parent=59500"}],"wp:term":[{"taxonomy":"category","embeddable":true,"href":"https:\/\/portalnpm.com\/index.php\/wp-json\/wp\/v2\/categories?post=59500"},{"taxonomy":"post_tag","embeddable":true,"href":"https:\/\/portalnpm.com\/index.php\/wp-json\/wp\/v2\/tags?post=59500"}],"curies":[{"name":"wp","href":"https:\/\/api.w.org\/{rel}","templated":true}]}}