{"id":59511,"date":"2020-11-21T12:00:28","date_gmt":"2020-11-21T15:00:28","guid":{"rendered":"https:\/\/portalnpm.com\/index.php\/2020\/11\/21\/luciano-camargo-contrai-covid-19-apos-visita-ao-pai-francisco-internado-em-goiania\/"},"modified":"2020-11-21T12:00:28","modified_gmt":"2020-11-21T15:00:28","slug":"luciano-camargo-contrai-covid-19-apos-visita-ao-pai-francisco-internado-em-goiania","status":"publish","type":"post","link":"https:\/\/portalnpm.com\/index.php\/2020\/11\/21\/luciano-camargo-contrai-covid-19-apos-visita-ao-pai-francisco-internado-em-goiania\/","title":{"rendered":"Luciano Camargo contrai Covid-19 ap\u00f3s visita ao pai Francisco, internado em Goi\u00e2nia"},"content":{"rendered":"<p style=\"text-align: justify;\">Luciano Camargo, 47, est\u00e1 com Covid-19. A informa\u00e7\u00e3o foi dada pelo pr\u00f3prio cantor atrav\u00e9s de um v\u00eddeo publicado em suas redes sociais na noite desta quinta-feira (20). Segundo o sertanejo, o diagn\u00f3stico positivo para a doen\u00e7a foi recebido na segunda (16).<\/p>\n<p style=\"text-align: justify;\">\n<p style=\"text-align: justify;\">\n<p style=\"text-align: justify;\">O irm\u00e3o de Zez\u00e9 di Camargo resolveu fazer o exame ap\u00f3s sentir leves sintomas de resfriado. Ele acreditava que se tratava de uma gripe, j\u00e1 que esteve em casa durante os dias ap\u00f3s sua viagem a Goi\u00e2nia, em que visitou o pai Francisco, 84, internado ap\u00f3s uma cirurgia feitas \u00e0s pressas no s\u00e1bado passado (14).<\/p>\n<p style=\"text-align: justify;\">&#8220;Passei quatro dias com eles e, assim como fiz em outubro, quando fui visit\u00e1-los, tamb\u00e9m realizei exames da Covid para poder ir com seguran\u00e7a. Afinal, todos sabem da fragilidade da sa\u00fade do meu pai e todo cuidado \u00e9 pouco com ele&#8221;, disse o cantor, que realizou um teste antes da viagem.<\/p>\n<p style=\"text-align: justify;\">Francisco Camargo, pai dos cantores, passou por uma cirurgia de emerg\u00eancia ap\u00f3s ser diagnosticado com um sangramento intestinal. Ele estava internado havia cerca de quatro dias, quando come\u00e7ou a sentir dores na regi\u00e3o.<\/p>\n<p style=\"text-align: justify;\">Em uma s\u00e9rie de v\u00eddeos publicados no Instagram, Graciele Lacerda, esposa de Zez\u00e9 di Camargo, explicou que os dois sa\u00edram correndo da fazenda onde vivem, em Araguapaz, interior de Goi\u00e1s, em dire\u00e7\u00e3o \u00e0 capital do estado, Goi\u00e2nia, onde Francisco fez o procedimento.<\/p>\n<p style=\"text-align: justify;\">Luciano Camargo vive com a esposa Fl\u00e1via Fonseca e as filhas g\u00eameas Isabella e Helena. Segundo ele, a fam\u00edlia recebeu diagn\u00f3stico negativo para o v\u00edrus. &#8220;Eu vou tomar todos os cuidados sugeridos pela OMS e pe\u00e7o o carinho de todos&#8221;, afirmou.<\/p>\n<p style=\"text-align: justify;\">\n<p style=\"text-align: justify;\"><em>Fonte: Folhapress<\/em><\/p>\n","protected":false},"excerpt":{"rendered":"<p>Luciano Camargo, 47, est\u00e1 com Covid-19. A informa\u00e7\u00e3o foi dada pelo pr\u00f3prio cantor atrav\u00e9s de um v\u00eddeo publicado em suas redes sociais na noite desta quinta-feira (20). Segundo o sertanejo, o diagn\u00f3stico positivo para a doen\u00e7a foi recebido na segunda (16). O irm\u00e3o de Zez\u00e9 di Camargo resolveu fazer o exame ap\u00f3s sentir leves sintomas &hellip;<\/p>\n","protected":false},"author":2,"featured_media":59512,"comment_status":"open","ping_status":"open","sticky":false,"template":"","format":"standard","meta":{"content-type":"","rop_custom_images_group":[],"rop_custom_messages_group":[],"rop_publish_now":"initial","rop_publish_now_accounts":{"facebook_2648258775420054_1618374048415101":""},"rop_publish_now_history":[],"rop_publish_now_status":"pending","footnotes":"","_jetpack_memberships_contains_paid_content":false},"categories":[113,147],"tags":[7651,7652,7653,5536,7654],"yoast_head":"<!-- This site is optimized with the Yoast SEO plugin v22.3 - https:\/\/yoast.com\/wordpress\/plugins\/seo\/ -->\n<title>Luciano Camargo contrai Covid-19 ap\u00f3s visita ao pai Francisco, internado em Goi\u00e2nia<\/title>\n<meta name=\"robots\" content=\"index, follow, max-snippet:-1, max-image-preview:large, max-video-preview:-1\" \/>\n<link rel=\"canonical\" href=\"https:\/\/portalnpm.com\/index.php\/2020\/11\/21\/luciano-camargo-contrai-covid-19-apos-visita-ao-pai-francisco-internado-em-goiania\/\" \/>\n<meta property=\"og:locale\" content=\"pt_BR\" \/>\n<meta property=\"og:type\" content=\"article\" \/>\n<meta property=\"og:title\" content=\"Luciano Camargo contrai Covid-19 ap\u00f3s visita ao pai Francisco, internado em Goi\u00e2nia\" \/>\n<meta property=\"og:description\" content=\"Luciano Camargo, 47, est\u00e1 com Covid-19. A informa\u00e7\u00e3o foi dada pelo pr\u00f3prio cantor atrav\u00e9s de um v\u00eddeo publicado em suas redes sociais na noite desta quinta-feira (20). Segundo o sertanejo, o diagn\u00f3stico positivo para a doen\u00e7a foi recebido na segunda (16). O irm\u00e3o de Zez\u00e9 di Camargo resolveu fazer o exame ap\u00f3s sentir leves sintomas &hellip;\" \/>\n<meta property=\"og:url\" content=\"https:\/\/portalnpm.com\/index.php\/2020\/11\/21\/luciano-camargo-contrai-covid-19-apos-visita-ao-pai-francisco-internado-em-goiania\/\" \/>\n<meta property=\"og:site_name\" content=\"Portal NPM\" \/>\n<meta property=\"article:published_time\" content=\"2020-11-21T15:00:28+00:00\" \/>\n<meta property=\"og:image\" content=\"https:\/\/portalnpm.com\/wp-content\/uploads\/2024\/01\/1f277c9d1fd79eb4fb4cf8eab020fcf1.jpg\" \/>\n\t<meta property=\"og:image:width\" content=\"768\" \/>\n\t<meta property=\"og:image:height\" content=\"512\" \/>\n\t<meta property=\"og:image:type\" content=\"image\/jpeg\" \/>\n<meta name=\"author\" content=\"Genival Barbosa\" \/>\n<meta name=\"twitter:card\" content=\"summary_large_image\" \/>\n<meta name=\"twitter:label1\" content=\"Escrito por\" \/>\n\t<meta name=\"twitter:data1\" content=\"Genival Barbosa\" \/>\n\t<meta name=\"twitter:label2\" content=\"Est. tempo de leitura\" \/>\n\t<meta name=\"twitter:data2\" content=\"1 minuto\" \/>\n<script type=\"application\/ld+json\" class=\"yoast-schema-graph\">{\"@context\":\"https:\/\/schema.org\",\"@graph\":[{\"@type\":\"WebPage\",\"@id\":\"https:\/\/portalnpm.com\/index.php\/2020\/11\/21\/luciano-camargo-contrai-covid-19-apos-visita-ao-pai-francisco-internado-em-goiania\/\",\"url\":\"https:\/\/portalnpm.com\/index.php\/2020\/11\/21\/luciano-camargo-contrai-covid-19-apos-visita-ao-pai-francisco-internado-em-goiania\/\",\"name\":\"Luciano Camargo contrai Covid-19 ap\u00f3s visita ao pai Francisco, internado em Goi\u00e2nia\",\"isPartOf\":{\"@id\":\"https:\/\/portalnpm.com\/#website\"},\"primaryImageOfPage\":{\"@id\":\"https:\/\/portalnpm.com\/index.php\/2020\/11\/21\/luciano-camargo-contrai-covid-19-apos-visita-ao-pai-francisco-internado-em-goiania\/#primaryimage\"},\"image\":{\"@id\":\"https:\/\/portalnpm.com\/index.php\/2020\/11\/21\/luciano-camargo-contrai-covid-19-apos-visita-ao-pai-francisco-internado-em-goiania\/#primaryimage\"},\"thumbnailUrl\":\"https:\/\/portalnpm.com\/wp-content\/uploads\/2024\/01\/1f277c9d1fd79eb4fb4cf8eab020fcf1.jpg\",\"datePublished\":\"2020-11-21T15:00:28+00:00\",\"dateModified\":\"2020-11-21T15:00:28+00:00\",\"author\":{\"@id\":\"https:\/\/portalnpm.com\/#\/schema\/person\/49313e563cfdefcc167f1ee4c017c294\"},\"breadcrumb\":{\"@id\":\"https:\/\/portalnpm.com\/index.php\/2020\/11\/21\/luciano-camargo-contrai-covid-19-apos-visita-ao-pai-francisco-internado-em-goiania\/#breadcrumb\"},\"inLanguage\":\"pt-BR\",\"potentialAction\":[{\"@type\":\"ReadAction\",\"target\":[\"https:\/\/portalnpm.com\/index.php\/2020\/11\/21\/luciano-camargo-contrai-covid-19-apos-visita-ao-pai-francisco-internado-em-goiania\/\"]}]},{\"@type\":\"ImageObject\",\"inLanguage\":\"pt-BR\",\"@id\":\"https:\/\/portalnpm.com\/index.php\/2020\/11\/21\/luciano-camargo-contrai-covid-19-apos-visita-ao-pai-francisco-internado-em-goiania\/#primaryimage\",\"url\":\"https:\/\/portalnpm.com\/wp-content\/uploads\/2024\/01\/1f277c9d1fd79eb4fb4cf8eab020fcf1.jpg\",\"contentUrl\":\"https:\/\/portalnpm.com\/wp-content\/uploads\/2024\/01\/1f277c9d1fd79eb4fb4cf8eab020fcf1.jpg\",\"width\":768,\"height\":512},{\"@type\":\"BreadcrumbList\",\"@id\":\"https:\/\/portalnpm.com\/index.php\/2020\/11\/21\/luciano-camargo-contrai-covid-19-apos-visita-ao-pai-francisco-internado-em-goiania\/#breadcrumb\",\"itemListElement\":[{\"@type\":\"ListItem\",\"position\":1,\"name\":\"In\u00edcio\",\"item\":\"https:\/\/portalnpm.com\/\"},{\"@type\":\"ListItem\",\"position\":2,\"name\":\"Luciano Camargo contrai Covid-19 ap\u00f3s visita ao pai Francisco, internado em Goi\u00e2nia\"}]},{\"@type\":\"WebSite\",\"@id\":\"https:\/\/portalnpm.com\/#website\",\"url\":\"https:\/\/portalnpm.com\/\",\"name\":\"Portal NPM\",\"description\":\"Not\u00edcias em Primeira M\u00e3o\",\"potentialAction\":[{\"@type\":\"SearchAction\",\"target\":{\"@type\":\"EntryPoint\",\"urlTemplate\":\"https:\/\/portalnpm.com\/?s={search_term_string}\"},\"query-input\":\"required name=search_term_string\"}],\"inLanguage\":\"pt-BR\"},{\"@type\":\"Person\",\"@id\":\"https:\/\/portalnpm.com\/#\/schema\/person\/49313e563cfdefcc167f1ee4c017c294\",\"name\":\"Genival Barbosa\",\"image\":{\"@type\":\"ImageObject\",\"inLanguage\":\"pt-BR\",\"@id\":\"https:\/\/portalnpm.com\/#\/schema\/person\/image\/\",\"url\":\"https:\/\/portalnpm.com\/wp-content\/uploads\/2024\/02\/avatar_user_2_1707743258-96x96.jpeg\",\"contentUrl\":\"https:\/\/portalnpm.com\/wp-content\/uploads\/2024\/02\/avatar_user_2_1707743258-96x96.jpeg\",\"caption\":\"Genival Barbosa\"},\"url\":\"https:\/\/portalnpm.com\/index.php\/author\/genival\/\"}]}<\/script>\n<!-- \/ Yoast SEO plugin. -->","yoast_head_json":{"title":"Luciano Camargo contrai Covid-19 ap\u00f3s visita ao pai Francisco, internado em Goi\u00e2nia","robots":{"index":"index","follow":"follow","max-snippet":"max-snippet:-1","max-image-preview":"max-image-preview:large","max-video-preview":"max-video-preview:-1"},"canonical":"https:\/\/portalnpm.com\/index.php\/2020\/11\/21\/luciano-camargo-contrai-covid-19-apos-visita-ao-pai-francisco-internado-em-goiania\/","og_locale":"pt_BR","og_type":"article","og_title":"Luciano Camargo contrai Covid-19 ap\u00f3s visita ao pai Francisco, internado em Goi\u00e2nia","og_description":"Luciano Camargo, 47, est\u00e1 com Covid-19. A informa\u00e7\u00e3o foi dada pelo pr\u00f3prio cantor atrav\u00e9s de um v\u00eddeo publicado em suas redes sociais na noite desta quinta-feira (20). Segundo o sertanejo, o diagn\u00f3stico positivo para a doen\u00e7a foi recebido na segunda (16). O irm\u00e3o de Zez\u00e9 di Camargo resolveu fazer o exame ap\u00f3s sentir leves sintomas &hellip;","og_url":"https:\/\/portalnpm.com\/index.php\/2020\/11\/21\/luciano-camargo-contrai-covid-19-apos-visita-ao-pai-francisco-internado-em-goiania\/","og_site_name":"Portal NPM","article_published_time":"2020-11-21T15:00:28+00:00","og_image":[{"width":768,"height":512,"url":"https:\/\/portalnpm.com\/wp-content\/uploads\/2024\/01\/1f277c9d1fd79eb4fb4cf8eab020fcf1.jpg","type":"image\/jpeg"}],"author":"Genival Barbosa","twitter_card":"summary_large_image","twitter_misc":{"Escrito por":"Genival Barbosa","Est. tempo de leitura":"1 minuto"},"schema":{"@context":"https:\/\/schema.org","@graph":[{"@type":"WebPage","@id":"https:\/\/portalnpm.com\/index.php\/2020\/11\/21\/luciano-camargo-contrai-covid-19-apos-visita-ao-pai-francisco-internado-em-goiania\/","url":"https:\/\/portalnpm.com\/index.php\/2020\/11\/21\/luciano-camargo-contrai-covid-19-apos-visita-ao-pai-francisco-internado-em-goiania\/","name":"Luciano Camargo contrai Covid-19 ap\u00f3s visita ao pai Francisco, internado em Goi\u00e2nia","isPartOf":{"@id":"https:\/\/portalnpm.com\/#website"},"primaryImageOfPage":{"@id":"https:\/\/portalnpm.com\/index.php\/2020\/11\/21\/luciano-camargo-contrai-covid-19-apos-visita-ao-pai-francisco-internado-em-goiania\/#primaryimage"},"image":{"@id":"https:\/\/portalnpm.com\/index.php\/2020\/11\/21\/luciano-camargo-contrai-covid-19-apos-visita-ao-pai-francisco-internado-em-goiania\/#primaryimage"},"thumbnailUrl":"https:\/\/portalnpm.com\/wp-content\/uploads\/2024\/01\/1f277c9d1fd79eb4fb4cf8eab020fcf1.jpg","datePublished":"2020-11-21T15:00:28+00:00","dateModified":"2020-11-21T15:00:28+00:00","author":{"@id":"https:\/\/portalnpm.com\/#\/schema\/person\/49313e563cfdefcc167f1ee4c017c294"},"breadcrumb":{"@id":"https:\/\/portalnpm.com\/index.php\/2020\/11\/21\/luciano-camargo-contrai-covid-19-apos-visita-ao-pai-francisco-internado-em-goiania\/#breadcrumb"},"inLanguage":"pt-BR","potentialAction":[{"@type":"ReadAction","target":["https:\/\/portalnpm.com\/index.php\/2020\/11\/21\/luciano-camargo-contrai-covid-19-apos-visita-ao-pai-francisco-internado-em-goiania\/"]}]},{"@type":"ImageObject","inLanguage":"pt-BR","@id":"https:\/\/portalnpm.com\/index.php\/2020\/11\/21\/luciano-camargo-contrai-covid-19-apos-visita-ao-pai-francisco-internado-em-goiania\/#primaryimage","url":"https:\/\/portalnpm.com\/wp-content\/uploads\/2024\/01\/1f277c9d1fd79eb4fb4cf8eab020fcf1.jpg","contentUrl":"https:\/\/portalnpm.com\/wp-content\/uploads\/2024\/01\/1f277c9d1fd79eb4fb4cf8eab020fcf1.jpg","width":768,"height":512},{"@type":"BreadcrumbList","@id":"https:\/\/portalnpm.com\/index.php\/2020\/11\/21\/luciano-camargo-contrai-covid-19-apos-visita-ao-pai-francisco-internado-em-goiania\/#breadcrumb","itemListElement":[{"@type":"ListItem","position":1,"name":"In\u00edcio","item":"https:\/\/portalnpm.com\/"},{"@type":"ListItem","position":2,"name":"Luciano Camargo contrai Covid-19 ap\u00f3s visita ao pai Francisco, internado em Goi\u00e2nia"}]},{"@type":"WebSite","@id":"https:\/\/portalnpm.com\/#website","url":"https:\/\/portalnpm.com\/","name":"Portal NPM","description":"Not\u00edcias em Primeira M\u00e3o","potentialAction":[{"@type":"SearchAction","target":{"@type":"EntryPoint","urlTemplate":"https:\/\/portalnpm.com\/?s={search_term_string}"},"query-input":"required name=search_term_string"}],"inLanguage":"pt-BR"},{"@type":"Person","@id":"https:\/\/portalnpm.com\/#\/schema\/person\/49313e563cfdefcc167f1ee4c017c294","name":"Genival Barbosa","image":{"@type":"ImageObject","inLanguage":"pt-BR","@id":"https:\/\/portalnpm.com\/#\/schema\/person\/image\/","url":"https:\/\/portalnpm.com\/wp-content\/uploads\/2024\/02\/avatar_user_2_1707743258-96x96.jpeg","contentUrl":"https:\/\/portalnpm.com\/wp-content\/uploads\/2024\/02\/avatar_user_2_1707743258-96x96.jpeg","caption":"Genival Barbosa"},"url":"https:\/\/portalnpm.com\/index.php\/author\/genival\/"}]}},"jetpack_sharing_enabled":true,"jetpack_featured_media_url":"https:\/\/portalnpm.com\/wp-content\/uploads\/2024\/01\/1f277c9d1fd79eb4fb4cf8eab020fcf1.jpg","_links":{"self":[{"href":"https:\/\/portalnpm.com\/index.php\/wp-json\/wp\/v2\/posts\/59511"}],"collection":[{"href":"https:\/\/portalnpm.com\/index.php\/wp-json\/wp\/v2\/posts"}],"about":[{"href":"https:\/\/portalnpm.com\/index.php\/wp-json\/wp\/v2\/types\/post"}],"author":[{"embeddable":true,"href":"https:\/\/portalnpm.com\/index.php\/wp-json\/wp\/v2\/users\/2"}],"replies":[{"embeddable":true,"href":"https:\/\/portalnpm.com\/index.php\/wp-json\/wp\/v2\/comments?post=59511"}],"version-history":[{"count":0,"href":"https:\/\/portalnpm.com\/index.php\/wp-json\/wp\/v2\/posts\/59511\/revisions"}],"wp:featuredmedia":[{"embeddable":true,"href":"https:\/\/portalnpm.com\/index.php\/wp-json\/wp\/v2\/media\/59512"}],"wp:attachment":[{"href":"https:\/\/portalnpm.com\/index.php\/wp-json\/wp\/v2\/media?parent=59511"}],"wp:term":[{"taxonomy":"category","embeddable":true,"href":"https:\/\/portalnpm.com\/index.php\/wp-json\/wp\/v2\/categories?post=59511"},{"taxonomy":"post_tag","embeddable":true,"href":"https:\/\/portalnpm.com\/index.php\/wp-json\/wp\/v2\/tags?post=59511"}],"curies":[{"name":"wp","href":"https:\/\/api.w.org\/{rel}","templated":true}]}}