{"id":59535,"date":"2020-11-22T18:11:18","date_gmt":"2020-11-22T21:11:18","guid":{"rendered":"https:\/\/portalnpm.com\/index.php\/2020\/11\/22\/barcelona-confirma-lesoes-graves-de-pique-e-sergi-roberto-que-viram-desfalques-para-ronald-koeman\/"},"modified":"2020-11-22T18:11:18","modified_gmt":"2020-11-22T21:11:18","slug":"barcelona-confirma-lesoes-graves-de-pique-e-sergi-roberto-que-viram-desfalques-para-ronald-koeman","status":"publish","type":"post","link":"https:\/\/portalnpm.com\/index.php\/2020\/11\/22\/barcelona-confirma-lesoes-graves-de-pique-e-sergi-roberto-que-viram-desfalques-para-ronald-koeman\/","title":{"rendered":"Barcelona confirma les\u00f5es graves de Piqu\u00e9 e Sergi Roberto, que viram desfalques para Ronald Koeman"},"content":{"rendered":"<p style=\"text-align: justify;\">A bruxa est\u00e1 solta no Barcelona. Ap\u00f3s o clube confirmar a\u00a0<a href=\"https:\/\/www.lance.com.br\/futebol-internacional\/apos-vitoria-sobre-betis-barcelona-confirma-lesao-grave-ansu-fati.html\" target=\"_blank\" rel=\"noopener noreferrer\">grave les\u00e3o do atacante Ansu Fati<\/a>, que\u00a0<a href=\"https:\/\/www.lance.com.br\/futebol-internacional\/ansu-fati-passa-por-cirurgia-desfalque-por-quatro-meses.html\" target=\"_blank\" rel=\"noopener noreferrer\">operou o joelho e s\u00f3 volta aos gramados em 2021<\/a>, foi a vez dos catal\u00e3es terem problemas no sistema defensivo. Neste domingo, atrav\u00e9s de seu site oficial, o Bar\u00e7a confirmou que Piqu\u00e9 e Sergi Roberto tamb\u00e9m t\u00eam graves les\u00f5es.<\/p>\n<p style=\"text-align: justify;\">\n<p style=\"text-align: justify;\">\n<p style=\"text-align: justify;\">\nPiqu\u00e9 torceu o joelho direito na\u00a0<a href=\"https:\/\/www.lance.com.br\/futebol-internacional\/atletico-madrid-barcelona-liga.html\" target=\"_blank\" rel=\"noopener noreferrer\">derrota do Barcelona para o Atl\u00e9tico de Madrid<\/a>, no s\u00e1bado, pelo\u00a0<a href=\"https:\/\/www.lance.com.br\/tabela#2021\/La-Liga\/Unica\/\" target=\"_blank\" rel=\"noopener noreferrer\">Campeonato Espanhol<\/a>, e, segundo o clube, sua entorse foi de grau 3 no ligamento lateral interno. Al\u00e9m disso, o jogador tamb\u00e9m teve uma les\u00e3o parcial do ligamento cruzado anterior. O clube optou por n\u00e3o fazer cirurgia e n\u00e3o informou o tempo de baixa. Segundo a imprensa espanhola, por\u00e9m, o zagueiro ficar\u00e1 de fora dos gramados entre tr\u00eas e cinco meses.<\/p>\n<p>A situa\u00e7\u00e3o de Sergi Roberto \u00e9 menos complicada, mas ainda preocupante. O polivalente jogador, que atua no meio-campo, na lateral-direita e at\u00e9 mesmo na zaga, teve uma ruptura no reto femoral da coxa direita. No caso do camisa 20, o Barcelona informou que o atleta dever\u00e1 ser desfalque por cerca de dois meses.<\/p>\n<p style=\"text-align: justify;\">Com informa\u00e7\u00f5es O Lance<\/p>\n","protected":false},"excerpt":{"rendered":"<p>A bruxa est\u00e1 solta no Barcelona. Ap\u00f3s o clube confirmar a\u00a0grave les\u00e3o do atacante Ansu Fati, que\u00a0operou o joelho e s\u00f3 volta aos gramados em 2021, foi a vez dos catal\u00e3es terem problemas no sistema defensivo. Neste domingo, atrav\u00e9s de seu site oficial, o Bar\u00e7a confirmou que Piqu\u00e9 e Sergi Roberto tamb\u00e9m t\u00eam graves les\u00f5es. &hellip;<\/p>\n","protected":false},"author":2,"featured_media":59536,"comment_status":"open","ping_status":"open","sticky":false,"template":"","format":"standard","meta":{"content-type":"","rop_custom_images_group":[],"rop_custom_messages_group":[],"rop_publish_now":"initial","rop_publish_now_accounts":{"facebook_2648258775420054_1618374048415101":""},"rop_publish_now_history":[],"rop_publish_now_status":"pending","footnotes":"","_jetpack_memberships_contains_paid_content":false},"categories":[108,118],"tags":[7682,7683,7684,7685],"yoast_head":"<!-- This site is optimized with the Yoast SEO plugin v22.3 - https:\/\/yoast.com\/wordpress\/plugins\/seo\/ -->\n<title>Barcelona confirma les\u00f5es graves de Piqu\u00e9 e Sergi Roberto, que viram desfalques para Ronald Koeman<\/title>\n<meta name=\"robots\" content=\"index, follow, max-snippet:-1, max-image-preview:large, max-video-preview:-1\" \/>\n<link rel=\"canonical\" href=\"https:\/\/portalnpm.com\/index.php\/2020\/11\/22\/barcelona-confirma-lesoes-graves-de-pique-e-sergi-roberto-que-viram-desfalques-para-ronald-koeman\/\" \/>\n<meta property=\"og:locale\" content=\"pt_BR\" \/>\n<meta property=\"og:type\" content=\"article\" \/>\n<meta property=\"og:title\" content=\"Barcelona confirma les\u00f5es graves de Piqu\u00e9 e Sergi Roberto, que viram desfalques para Ronald Koeman\" \/>\n<meta property=\"og:description\" content=\"A bruxa est\u00e1 solta no Barcelona. Ap\u00f3s o clube confirmar a\u00a0grave les\u00e3o do atacante Ansu Fati, que\u00a0operou o joelho e s\u00f3 volta aos gramados em 2021, foi a vez dos catal\u00e3es terem problemas no sistema defensivo. Neste domingo, atrav\u00e9s de seu site oficial, o Bar\u00e7a confirmou que Piqu\u00e9 e Sergi Roberto tamb\u00e9m t\u00eam graves les\u00f5es. &hellip;\" \/>\n<meta property=\"og:url\" content=\"https:\/\/portalnpm.com\/index.php\/2020\/11\/22\/barcelona-confirma-lesoes-graves-de-pique-e-sergi-roberto-que-viram-desfalques-para-ronald-koeman\/\" \/>\n<meta property=\"og:site_name\" content=\"Portal NPM\" \/>\n<meta property=\"article:published_time\" content=\"2020-11-22T21:11:18+00:00\" \/>\n<meta property=\"og:image\" content=\"https:\/\/portalnpm.com\/wp-content\/uploads\/2024\/01\/lance-22112020103026427.jpeg\" \/>\n\t<meta property=\"og:image:width\" content=\"660\" \/>\n\t<meta property=\"og:image:height\" content=\"360\" \/>\n\t<meta property=\"og:image:type\" content=\"image\/jpeg\" \/>\n<meta name=\"author\" content=\"Genival Barbosa\" \/>\n<meta name=\"twitter:card\" content=\"summary_large_image\" \/>\n<meta name=\"twitter:label1\" content=\"Escrito por\" \/>\n\t<meta name=\"twitter:data1\" content=\"Genival Barbosa\" \/>\n\t<meta name=\"twitter:label2\" content=\"Est. tempo de leitura\" \/>\n\t<meta name=\"twitter:data2\" content=\"1 minuto\" \/>\n<script type=\"application\/ld+json\" class=\"yoast-schema-graph\">{\"@context\":\"https:\/\/schema.org\",\"@graph\":[{\"@type\":\"WebPage\",\"@id\":\"https:\/\/portalnpm.com\/index.php\/2020\/11\/22\/barcelona-confirma-lesoes-graves-de-pique-e-sergi-roberto-que-viram-desfalques-para-ronald-koeman\/\",\"url\":\"https:\/\/portalnpm.com\/index.php\/2020\/11\/22\/barcelona-confirma-lesoes-graves-de-pique-e-sergi-roberto-que-viram-desfalques-para-ronald-koeman\/\",\"name\":\"Barcelona confirma les\u00f5es graves de Piqu\u00e9 e Sergi Roberto, que viram desfalques para Ronald Koeman\",\"isPartOf\":{\"@id\":\"https:\/\/portalnpm.com\/#website\"},\"primaryImageOfPage\":{\"@id\":\"https:\/\/portalnpm.com\/index.php\/2020\/11\/22\/barcelona-confirma-lesoes-graves-de-pique-e-sergi-roberto-que-viram-desfalques-para-ronald-koeman\/#primaryimage\"},\"image\":{\"@id\":\"https:\/\/portalnpm.com\/index.php\/2020\/11\/22\/barcelona-confirma-lesoes-graves-de-pique-e-sergi-roberto-que-viram-desfalques-para-ronald-koeman\/#primaryimage\"},\"thumbnailUrl\":\"https:\/\/portalnpm.com\/wp-content\/uploads\/2024\/01\/lance-22112020103026427.jpeg\",\"datePublished\":\"2020-11-22T21:11:18+00:00\",\"dateModified\":\"2020-11-22T21:11:18+00:00\",\"author\":{\"@id\":\"https:\/\/portalnpm.com\/#\/schema\/person\/49313e563cfdefcc167f1ee4c017c294\"},\"breadcrumb\":{\"@id\":\"https:\/\/portalnpm.com\/index.php\/2020\/11\/22\/barcelona-confirma-lesoes-graves-de-pique-e-sergi-roberto-que-viram-desfalques-para-ronald-koeman\/#breadcrumb\"},\"inLanguage\":\"pt-BR\",\"potentialAction\":[{\"@type\":\"ReadAction\",\"target\":[\"https:\/\/portalnpm.com\/index.php\/2020\/11\/22\/barcelona-confirma-lesoes-graves-de-pique-e-sergi-roberto-que-viram-desfalques-para-ronald-koeman\/\"]}]},{\"@type\":\"ImageObject\",\"inLanguage\":\"pt-BR\",\"@id\":\"https:\/\/portalnpm.com\/index.php\/2020\/11\/22\/barcelona-confirma-lesoes-graves-de-pique-e-sergi-roberto-que-viram-desfalques-para-ronald-koeman\/#primaryimage\",\"url\":\"https:\/\/portalnpm.com\/wp-content\/uploads\/2024\/01\/lance-22112020103026427.jpeg\",\"contentUrl\":\"https:\/\/portalnpm.com\/wp-content\/uploads\/2024\/01\/lance-22112020103026427.jpeg\",\"width\":660,\"height\":360},{\"@type\":\"BreadcrumbList\",\"@id\":\"https:\/\/portalnpm.com\/index.php\/2020\/11\/22\/barcelona-confirma-lesoes-graves-de-pique-e-sergi-roberto-que-viram-desfalques-para-ronald-koeman\/#breadcrumb\",\"itemListElement\":[{\"@type\":\"ListItem\",\"position\":1,\"name\":\"In\u00edcio\",\"item\":\"https:\/\/portalnpm.com\/\"},{\"@type\":\"ListItem\",\"position\":2,\"name\":\"Barcelona confirma les\u00f5es graves de Piqu\u00e9 e Sergi Roberto, que viram desfalques para Ronald Koeman\"}]},{\"@type\":\"WebSite\",\"@id\":\"https:\/\/portalnpm.com\/#website\",\"url\":\"https:\/\/portalnpm.com\/\",\"name\":\"Portal NPM\",\"description\":\"Not\u00edcias em Primeira M\u00e3o\",\"potentialAction\":[{\"@type\":\"SearchAction\",\"target\":{\"@type\":\"EntryPoint\",\"urlTemplate\":\"https:\/\/portalnpm.com\/?s={search_term_string}\"},\"query-input\":\"required name=search_term_string\"}],\"inLanguage\":\"pt-BR\"},{\"@type\":\"Person\",\"@id\":\"https:\/\/portalnpm.com\/#\/schema\/person\/49313e563cfdefcc167f1ee4c017c294\",\"name\":\"Genival Barbosa\",\"image\":{\"@type\":\"ImageObject\",\"inLanguage\":\"pt-BR\",\"@id\":\"https:\/\/portalnpm.com\/#\/schema\/person\/image\/\",\"url\":\"https:\/\/portalnpm.com\/wp-content\/uploads\/2024\/02\/avatar_user_2_1707743258-96x96.jpeg\",\"contentUrl\":\"https:\/\/portalnpm.com\/wp-content\/uploads\/2024\/02\/avatar_user_2_1707743258-96x96.jpeg\",\"caption\":\"Genival Barbosa\"},\"url\":\"https:\/\/portalnpm.com\/index.php\/author\/genival\/\"}]}<\/script>\n<!-- \/ Yoast SEO plugin. -->","yoast_head_json":{"title":"Barcelona confirma les\u00f5es graves de Piqu\u00e9 e Sergi Roberto, que viram desfalques para Ronald Koeman","robots":{"index":"index","follow":"follow","max-snippet":"max-snippet:-1","max-image-preview":"max-image-preview:large","max-video-preview":"max-video-preview:-1"},"canonical":"https:\/\/portalnpm.com\/index.php\/2020\/11\/22\/barcelona-confirma-lesoes-graves-de-pique-e-sergi-roberto-que-viram-desfalques-para-ronald-koeman\/","og_locale":"pt_BR","og_type":"article","og_title":"Barcelona confirma les\u00f5es graves de Piqu\u00e9 e Sergi Roberto, que viram desfalques para Ronald Koeman","og_description":"A bruxa est\u00e1 solta no Barcelona. Ap\u00f3s o clube confirmar a\u00a0grave les\u00e3o do atacante Ansu Fati, que\u00a0operou o joelho e s\u00f3 volta aos gramados em 2021, foi a vez dos catal\u00e3es terem problemas no sistema defensivo. Neste domingo, atrav\u00e9s de seu site oficial, o Bar\u00e7a confirmou que Piqu\u00e9 e Sergi Roberto tamb\u00e9m t\u00eam graves les\u00f5es. &hellip;","og_url":"https:\/\/portalnpm.com\/index.php\/2020\/11\/22\/barcelona-confirma-lesoes-graves-de-pique-e-sergi-roberto-que-viram-desfalques-para-ronald-koeman\/","og_site_name":"Portal NPM","article_published_time":"2020-11-22T21:11:18+00:00","og_image":[{"width":660,"height":360,"url":"https:\/\/portalnpm.com\/wp-content\/uploads\/2024\/01\/lance-22112020103026427.jpeg","type":"image\/jpeg"}],"author":"Genival Barbosa","twitter_card":"summary_large_image","twitter_misc":{"Escrito por":"Genival Barbosa","Est. tempo de leitura":"1 minuto"},"schema":{"@context":"https:\/\/schema.org","@graph":[{"@type":"WebPage","@id":"https:\/\/portalnpm.com\/index.php\/2020\/11\/22\/barcelona-confirma-lesoes-graves-de-pique-e-sergi-roberto-que-viram-desfalques-para-ronald-koeman\/","url":"https:\/\/portalnpm.com\/index.php\/2020\/11\/22\/barcelona-confirma-lesoes-graves-de-pique-e-sergi-roberto-que-viram-desfalques-para-ronald-koeman\/","name":"Barcelona confirma les\u00f5es graves de Piqu\u00e9 e Sergi Roberto, que viram desfalques para Ronald Koeman","isPartOf":{"@id":"https:\/\/portalnpm.com\/#website"},"primaryImageOfPage":{"@id":"https:\/\/portalnpm.com\/index.php\/2020\/11\/22\/barcelona-confirma-lesoes-graves-de-pique-e-sergi-roberto-que-viram-desfalques-para-ronald-koeman\/#primaryimage"},"image":{"@id":"https:\/\/portalnpm.com\/index.php\/2020\/11\/22\/barcelona-confirma-lesoes-graves-de-pique-e-sergi-roberto-que-viram-desfalques-para-ronald-koeman\/#primaryimage"},"thumbnailUrl":"https:\/\/portalnpm.com\/wp-content\/uploads\/2024\/01\/lance-22112020103026427.jpeg","datePublished":"2020-11-22T21:11:18+00:00","dateModified":"2020-11-22T21:11:18+00:00","author":{"@id":"https:\/\/portalnpm.com\/#\/schema\/person\/49313e563cfdefcc167f1ee4c017c294"},"breadcrumb":{"@id":"https:\/\/portalnpm.com\/index.php\/2020\/11\/22\/barcelona-confirma-lesoes-graves-de-pique-e-sergi-roberto-que-viram-desfalques-para-ronald-koeman\/#breadcrumb"},"inLanguage":"pt-BR","potentialAction":[{"@type":"ReadAction","target":["https:\/\/portalnpm.com\/index.php\/2020\/11\/22\/barcelona-confirma-lesoes-graves-de-pique-e-sergi-roberto-que-viram-desfalques-para-ronald-koeman\/"]}]},{"@type":"ImageObject","inLanguage":"pt-BR","@id":"https:\/\/portalnpm.com\/index.php\/2020\/11\/22\/barcelona-confirma-lesoes-graves-de-pique-e-sergi-roberto-que-viram-desfalques-para-ronald-koeman\/#primaryimage","url":"https:\/\/portalnpm.com\/wp-content\/uploads\/2024\/01\/lance-22112020103026427.jpeg","contentUrl":"https:\/\/portalnpm.com\/wp-content\/uploads\/2024\/01\/lance-22112020103026427.jpeg","width":660,"height":360},{"@type":"BreadcrumbList","@id":"https:\/\/portalnpm.com\/index.php\/2020\/11\/22\/barcelona-confirma-lesoes-graves-de-pique-e-sergi-roberto-que-viram-desfalques-para-ronald-koeman\/#breadcrumb","itemListElement":[{"@type":"ListItem","position":1,"name":"In\u00edcio","item":"https:\/\/portalnpm.com\/"},{"@type":"ListItem","position":2,"name":"Barcelona confirma les\u00f5es graves de Piqu\u00e9 e Sergi Roberto, que viram desfalques para Ronald Koeman"}]},{"@type":"WebSite","@id":"https:\/\/portalnpm.com\/#website","url":"https:\/\/portalnpm.com\/","name":"Portal NPM","description":"Not\u00edcias em Primeira M\u00e3o","potentialAction":[{"@type":"SearchAction","target":{"@type":"EntryPoint","urlTemplate":"https:\/\/portalnpm.com\/?s={search_term_string}"},"query-input":"required name=search_term_string"}],"inLanguage":"pt-BR"},{"@type":"Person","@id":"https:\/\/portalnpm.com\/#\/schema\/person\/49313e563cfdefcc167f1ee4c017c294","name":"Genival Barbosa","image":{"@type":"ImageObject","inLanguage":"pt-BR","@id":"https:\/\/portalnpm.com\/#\/schema\/person\/image\/","url":"https:\/\/portalnpm.com\/wp-content\/uploads\/2024\/02\/avatar_user_2_1707743258-96x96.jpeg","contentUrl":"https:\/\/portalnpm.com\/wp-content\/uploads\/2024\/02\/avatar_user_2_1707743258-96x96.jpeg","caption":"Genival Barbosa"},"url":"https:\/\/portalnpm.com\/index.php\/author\/genival\/"}]}},"jetpack_sharing_enabled":true,"jetpack_featured_media_url":"https:\/\/portalnpm.com\/wp-content\/uploads\/2024\/01\/lance-22112020103026427.jpeg","_links":{"self":[{"href":"https:\/\/portalnpm.com\/index.php\/wp-json\/wp\/v2\/posts\/59535"}],"collection":[{"href":"https:\/\/portalnpm.com\/index.php\/wp-json\/wp\/v2\/posts"}],"about":[{"href":"https:\/\/portalnpm.com\/index.php\/wp-json\/wp\/v2\/types\/post"}],"author":[{"embeddable":true,"href":"https:\/\/portalnpm.com\/index.php\/wp-json\/wp\/v2\/users\/2"}],"replies":[{"embeddable":true,"href":"https:\/\/portalnpm.com\/index.php\/wp-json\/wp\/v2\/comments?post=59535"}],"version-history":[{"count":0,"href":"https:\/\/portalnpm.com\/index.php\/wp-json\/wp\/v2\/posts\/59535\/revisions"}],"wp:featuredmedia":[{"embeddable":true,"href":"https:\/\/portalnpm.com\/index.php\/wp-json\/wp\/v2\/media\/59536"}],"wp:attachment":[{"href":"https:\/\/portalnpm.com\/index.php\/wp-json\/wp\/v2\/media?parent=59535"}],"wp:term":[{"taxonomy":"category","embeddable":true,"href":"https:\/\/portalnpm.com\/index.php\/wp-json\/wp\/v2\/categories?post=59535"},{"taxonomy":"post_tag","embeddable":true,"href":"https:\/\/portalnpm.com\/index.php\/wp-json\/wp\/v2\/tags?post=59535"}],"curies":[{"name":"wp","href":"https:\/\/api.w.org\/{rel}","templated":true}]}}