{"id":59638,"date":"2020-11-27T19:31:49","date_gmt":"2020-11-27T22:31:49","guid":{"rendered":"https:\/\/portalnpm.com\/index.php\/2020\/11\/27\/acm-neto-anuncia-cancelamento-do-carnaval-de-salvador\/"},"modified":"2020-11-27T19:31:49","modified_gmt":"2020-11-27T22:31:49","slug":"acm-neto-anuncia-cancelamento-do-carnaval-de-salvador","status":"publish","type":"post","link":"https:\/\/portalnpm.com\/index.php\/2020\/11\/27\/acm-neto-anuncia-cancelamento-do-carnaval-de-salvador\/","title":{"rendered":"ACM Neto anuncia cancelamento do carnaval de Salvador"},"content":{"rendered":"<p style=\"text-align: justify;\">O prefeito de Salvador, ACM Neto (DEM), anunciou nesta sexta-feira (27) o cancelamento do Carnaval em fevereiro por causa da pandemia do coronav\u00edrus.<\/p>\n<p style=\"text-align: justify;\">\n<p style=\"text-align: justify;\">\n<p style=\"text-align: justify;\"><em>&#8220;N\u00e3o teremos o Carnaval de Salvador em fevereiro. Para o Carnaval acontecer, em outro momento, vai depender de termos ou n\u00e3o uma vacina acess\u00edvel para todos do Brasil. A realiza\u00e7\u00e3o da festa est\u00e1 condicionada a uma vacina&#8221;<\/em>, disse em coletiva de imprensa.<\/p>\n<p style=\"text-align: justify;\">De acordo com o chefe do Executivo municipal, n\u00e3o h\u00e1 como definir uma nova data para a festa porque \u00e9 necess\u00e1ria uma data de quando uma vacina ser\u00e1 aprovada.<\/p>\n<p style=\"text-align: justify;\"><em>&#8220;N\u00e3o h\u00e1 data neste momento prevista, nem prazo estabelecido para a realiza\u00e7\u00e3o do Carnaval. Caso exista uma vacina, os prefeitos das maiores cidades do Brasil devem se unir para, conjuntamente, decidir um eventual calend\u00e1rio e a possibilidade de realiza\u00e7\u00e3o do Carnaval em outro momento&#8221;<\/em>, afirmou.<\/p>\n<p style=\"text-align: justify;\">As festas populares de largo tamb\u00e9m est\u00e3o suspensas<em>.&#8221;Pode at\u00e9 ter algo simb\u00f3lico, mas o cortejo tradicional n\u00e3o ser\u00e1 realizado&#8221;<\/em>, complementou ACM Neto.<\/p>\n<p style=\"text-align: justify;\">Na \u00faltima segunda-feira (23), o vice-presidente de Produ\u00e7\u00e3o e Inova\u00e7\u00e3o em Sa\u00fade da Fiocruz, Marco Krieger, afirmou que o cronograma estimado pela funda\u00e7\u00e3o prev\u00ea a produ\u00e7\u00e3o de vacinas contra a Covid-19 em dezembro e janeiro, e a disponibiliza\u00e7\u00e3o de doses em mar\u00e7o. Ele disse que a\u00a0previs\u00e3o da funda\u00e7\u00e3o \u00e9 vacinar 65 milh\u00f5es de pessoas no primeiro semestre de 2021 e outras 65 milh\u00f5es no segundo.<\/p>\n<p style=\"text-align: justify;\">Atualmente, o Brasil ocupa o terceiro lugar no ranking global de casos da Covid-19 (6,2 milh\u00f5es), atr\u00e1s da \u00cdndia (9,3 milh\u00f5es) e dos Estados Unidos (13,2 milh\u00f5es). O governo brasileiro tamb\u00e9m contabiliza o segundo maior n\u00famero de mortes causadas pela pandemia (171 mil). No quesito \u00f3bitos os EUA tamb\u00e9m ocupam a primeira coloca\u00e7\u00e3o (269 mil).<\/p>\n<p style=\"text-align: justify;\">Via Pensar Piau\u00ed<\/p>\n","protected":false},"excerpt":{"rendered":"<p>O prefeito de Salvador, ACM Neto (DEM), anunciou nesta sexta-feira (27) o cancelamento do Carnaval em fevereiro por causa da pandemia do coronav\u00edrus. &#8220;N\u00e3o teremos o Carnaval de Salvador em fevereiro. Para o Carnaval acontecer, em outro momento, vai depender de termos ou n\u00e3o uma vacina acess\u00edvel para todos do Brasil. A realiza\u00e7\u00e3o da festa &hellip;<\/p>\n","protected":false},"author":2,"featured_media":59639,"comment_status":"open","ping_status":"open","sticky":false,"template":"","format":"standard","meta":{"content-type":"","rop_custom_images_group":[],"rop_custom_messages_group":[],"rop_publish_now":"initial","rop_publish_now_accounts":{"facebook_2648258775420054_1618374048415101":""},"rop_publish_now_history":[],"rop_publish_now_status":"pending","footnotes":"","_jetpack_memberships_contains_paid_content":false},"categories":[113,125],"tags":[2797,7730,7731],"yoast_head":"<!-- This site is optimized with the Yoast SEO plugin v22.3 - https:\/\/yoast.com\/wordpress\/plugins\/seo\/ -->\n<title>ACM Neto anuncia cancelamento do carnaval de Salvador<\/title>\n<meta name=\"robots\" content=\"index, follow, max-snippet:-1, max-image-preview:large, max-video-preview:-1\" \/>\n<link rel=\"canonical\" href=\"https:\/\/portalnpm.com\/index.php\/2020\/11\/27\/acm-neto-anuncia-cancelamento-do-carnaval-de-salvador\/\" \/>\n<meta property=\"og:locale\" content=\"pt_BR\" \/>\n<meta property=\"og:type\" content=\"article\" \/>\n<meta property=\"og:title\" content=\"ACM Neto anuncia cancelamento do carnaval de Salvador\" \/>\n<meta property=\"og:description\" content=\"O prefeito de Salvador, ACM Neto (DEM), anunciou nesta sexta-feira (27) o cancelamento do Carnaval em fevereiro por causa da pandemia do coronav\u00edrus. &#8220;N\u00e3o teremos o Carnaval de Salvador em fevereiro. Para o Carnaval acontecer, em outro momento, vai depender de termos ou n\u00e3o uma vacina acess\u00edvel para todos do Brasil. A realiza\u00e7\u00e3o da festa &hellip;\" \/>\n<meta property=\"og:url\" content=\"https:\/\/portalnpm.com\/index.php\/2020\/11\/27\/acm-neto-anuncia-cancelamento-do-carnaval-de-salvador\/\" \/>\n<meta property=\"og:site_name\" content=\"Portal NPM\" \/>\n<meta property=\"article:published_time\" content=\"2020-11-27T22:31:49+00:00\" \/>\n<meta property=\"og:image\" content=\"https:\/\/portalnpm.com\/wp-content\/uploads\/2024\/01\/acm-neto-dem.jpg.750x0_q95_crop.jpg\" \/>\n\t<meta property=\"og:image:width\" content=\"750\" \/>\n\t<meta property=\"og:image:height\" content=\"501\" \/>\n\t<meta property=\"og:image:type\" content=\"image\/jpeg\" \/>\n<meta name=\"author\" content=\"Genival Barbosa\" \/>\n<meta name=\"twitter:card\" content=\"summary_large_image\" \/>\n<meta name=\"twitter:label1\" content=\"Escrito por\" \/>\n\t<meta name=\"twitter:data1\" content=\"Genival Barbosa\" \/>\n\t<meta name=\"twitter:label2\" content=\"Est. tempo de leitura\" \/>\n\t<meta name=\"twitter:data2\" content=\"2 minutos\" \/>\n<script type=\"application\/ld+json\" class=\"yoast-schema-graph\">{\"@context\":\"https:\/\/schema.org\",\"@graph\":[{\"@type\":\"WebPage\",\"@id\":\"https:\/\/portalnpm.com\/index.php\/2020\/11\/27\/acm-neto-anuncia-cancelamento-do-carnaval-de-salvador\/\",\"url\":\"https:\/\/portalnpm.com\/index.php\/2020\/11\/27\/acm-neto-anuncia-cancelamento-do-carnaval-de-salvador\/\",\"name\":\"ACM Neto anuncia cancelamento do carnaval de Salvador\",\"isPartOf\":{\"@id\":\"https:\/\/portalnpm.com\/#website\"},\"primaryImageOfPage\":{\"@id\":\"https:\/\/portalnpm.com\/index.php\/2020\/11\/27\/acm-neto-anuncia-cancelamento-do-carnaval-de-salvador\/#primaryimage\"},\"image\":{\"@id\":\"https:\/\/portalnpm.com\/index.php\/2020\/11\/27\/acm-neto-anuncia-cancelamento-do-carnaval-de-salvador\/#primaryimage\"},\"thumbnailUrl\":\"https:\/\/portalnpm.com\/wp-content\/uploads\/2024\/01\/acm-neto-dem.jpg.750x0_q95_crop.jpg\",\"datePublished\":\"2020-11-27T22:31:49+00:00\",\"dateModified\":\"2020-11-27T22:31:49+00:00\",\"author\":{\"@id\":\"https:\/\/portalnpm.com\/#\/schema\/person\/49313e563cfdefcc167f1ee4c017c294\"},\"breadcrumb\":{\"@id\":\"https:\/\/portalnpm.com\/index.php\/2020\/11\/27\/acm-neto-anuncia-cancelamento-do-carnaval-de-salvador\/#breadcrumb\"},\"inLanguage\":\"pt-BR\",\"potentialAction\":[{\"@type\":\"ReadAction\",\"target\":[\"https:\/\/portalnpm.com\/index.php\/2020\/11\/27\/acm-neto-anuncia-cancelamento-do-carnaval-de-salvador\/\"]}]},{\"@type\":\"ImageObject\",\"inLanguage\":\"pt-BR\",\"@id\":\"https:\/\/portalnpm.com\/index.php\/2020\/11\/27\/acm-neto-anuncia-cancelamento-do-carnaval-de-salvador\/#primaryimage\",\"url\":\"https:\/\/portalnpm.com\/wp-content\/uploads\/2024\/01\/acm-neto-dem.jpg.750x0_q95_crop.jpg\",\"contentUrl\":\"https:\/\/portalnpm.com\/wp-content\/uploads\/2024\/01\/acm-neto-dem.jpg.750x0_q95_crop.jpg\",\"width\":750,\"height\":501},{\"@type\":\"BreadcrumbList\",\"@id\":\"https:\/\/portalnpm.com\/index.php\/2020\/11\/27\/acm-neto-anuncia-cancelamento-do-carnaval-de-salvador\/#breadcrumb\",\"itemListElement\":[{\"@type\":\"ListItem\",\"position\":1,\"name\":\"In\u00edcio\",\"item\":\"https:\/\/portalnpm.com\/\"},{\"@type\":\"ListItem\",\"position\":2,\"name\":\"ACM Neto anuncia cancelamento do carnaval de Salvador\"}]},{\"@type\":\"WebSite\",\"@id\":\"https:\/\/portalnpm.com\/#website\",\"url\":\"https:\/\/portalnpm.com\/\",\"name\":\"Portal NPM\",\"description\":\"Not\u00edcias em Primeira M\u00e3o\",\"potentialAction\":[{\"@type\":\"SearchAction\",\"target\":{\"@type\":\"EntryPoint\",\"urlTemplate\":\"https:\/\/portalnpm.com\/?s={search_term_string}\"},\"query-input\":\"required name=search_term_string\"}],\"inLanguage\":\"pt-BR\"},{\"@type\":\"Person\",\"@id\":\"https:\/\/portalnpm.com\/#\/schema\/person\/49313e563cfdefcc167f1ee4c017c294\",\"name\":\"Genival Barbosa\",\"image\":{\"@type\":\"ImageObject\",\"inLanguage\":\"pt-BR\",\"@id\":\"https:\/\/portalnpm.com\/#\/schema\/person\/image\/\",\"url\":\"https:\/\/portalnpm.com\/wp-content\/uploads\/2024\/02\/avatar_user_2_1707743258-96x96.jpeg\",\"contentUrl\":\"https:\/\/portalnpm.com\/wp-content\/uploads\/2024\/02\/avatar_user_2_1707743258-96x96.jpeg\",\"caption\":\"Genival Barbosa\"},\"url\":\"https:\/\/portalnpm.com\/index.php\/author\/genival\/\"}]}<\/script>\n<!-- \/ Yoast SEO plugin. -->","yoast_head_json":{"title":"ACM Neto anuncia cancelamento do carnaval de Salvador","robots":{"index":"index","follow":"follow","max-snippet":"max-snippet:-1","max-image-preview":"max-image-preview:large","max-video-preview":"max-video-preview:-1"},"canonical":"https:\/\/portalnpm.com\/index.php\/2020\/11\/27\/acm-neto-anuncia-cancelamento-do-carnaval-de-salvador\/","og_locale":"pt_BR","og_type":"article","og_title":"ACM Neto anuncia cancelamento do carnaval de Salvador","og_description":"O prefeito de Salvador, ACM Neto (DEM), anunciou nesta sexta-feira (27) o cancelamento do Carnaval em fevereiro por causa da pandemia do coronav\u00edrus. &#8220;N\u00e3o teremos o Carnaval de Salvador em fevereiro. Para o Carnaval acontecer, em outro momento, vai depender de termos ou n\u00e3o uma vacina acess\u00edvel para todos do Brasil. A realiza\u00e7\u00e3o da festa &hellip;","og_url":"https:\/\/portalnpm.com\/index.php\/2020\/11\/27\/acm-neto-anuncia-cancelamento-do-carnaval-de-salvador\/","og_site_name":"Portal NPM","article_published_time":"2020-11-27T22:31:49+00:00","og_image":[{"width":750,"height":501,"url":"https:\/\/portalnpm.com\/wp-content\/uploads\/2024\/01\/acm-neto-dem.jpg.750x0_q95_crop.jpg","type":"image\/jpeg"}],"author":"Genival Barbosa","twitter_card":"summary_large_image","twitter_misc":{"Escrito por":"Genival Barbosa","Est. tempo de leitura":"2 minutos"},"schema":{"@context":"https:\/\/schema.org","@graph":[{"@type":"WebPage","@id":"https:\/\/portalnpm.com\/index.php\/2020\/11\/27\/acm-neto-anuncia-cancelamento-do-carnaval-de-salvador\/","url":"https:\/\/portalnpm.com\/index.php\/2020\/11\/27\/acm-neto-anuncia-cancelamento-do-carnaval-de-salvador\/","name":"ACM Neto anuncia cancelamento do carnaval de Salvador","isPartOf":{"@id":"https:\/\/portalnpm.com\/#website"},"primaryImageOfPage":{"@id":"https:\/\/portalnpm.com\/index.php\/2020\/11\/27\/acm-neto-anuncia-cancelamento-do-carnaval-de-salvador\/#primaryimage"},"image":{"@id":"https:\/\/portalnpm.com\/index.php\/2020\/11\/27\/acm-neto-anuncia-cancelamento-do-carnaval-de-salvador\/#primaryimage"},"thumbnailUrl":"https:\/\/portalnpm.com\/wp-content\/uploads\/2024\/01\/acm-neto-dem.jpg.750x0_q95_crop.jpg","datePublished":"2020-11-27T22:31:49+00:00","dateModified":"2020-11-27T22:31:49+00:00","author":{"@id":"https:\/\/portalnpm.com\/#\/schema\/person\/49313e563cfdefcc167f1ee4c017c294"},"breadcrumb":{"@id":"https:\/\/portalnpm.com\/index.php\/2020\/11\/27\/acm-neto-anuncia-cancelamento-do-carnaval-de-salvador\/#breadcrumb"},"inLanguage":"pt-BR","potentialAction":[{"@type":"ReadAction","target":["https:\/\/portalnpm.com\/index.php\/2020\/11\/27\/acm-neto-anuncia-cancelamento-do-carnaval-de-salvador\/"]}]},{"@type":"ImageObject","inLanguage":"pt-BR","@id":"https:\/\/portalnpm.com\/index.php\/2020\/11\/27\/acm-neto-anuncia-cancelamento-do-carnaval-de-salvador\/#primaryimage","url":"https:\/\/portalnpm.com\/wp-content\/uploads\/2024\/01\/acm-neto-dem.jpg.750x0_q95_crop.jpg","contentUrl":"https:\/\/portalnpm.com\/wp-content\/uploads\/2024\/01\/acm-neto-dem.jpg.750x0_q95_crop.jpg","width":750,"height":501},{"@type":"BreadcrumbList","@id":"https:\/\/portalnpm.com\/index.php\/2020\/11\/27\/acm-neto-anuncia-cancelamento-do-carnaval-de-salvador\/#breadcrumb","itemListElement":[{"@type":"ListItem","position":1,"name":"In\u00edcio","item":"https:\/\/portalnpm.com\/"},{"@type":"ListItem","position":2,"name":"ACM Neto anuncia cancelamento do carnaval de Salvador"}]},{"@type":"WebSite","@id":"https:\/\/portalnpm.com\/#website","url":"https:\/\/portalnpm.com\/","name":"Portal NPM","description":"Not\u00edcias em Primeira M\u00e3o","potentialAction":[{"@type":"SearchAction","target":{"@type":"EntryPoint","urlTemplate":"https:\/\/portalnpm.com\/?s={search_term_string}"},"query-input":"required name=search_term_string"}],"inLanguage":"pt-BR"},{"@type":"Person","@id":"https:\/\/portalnpm.com\/#\/schema\/person\/49313e563cfdefcc167f1ee4c017c294","name":"Genival Barbosa","image":{"@type":"ImageObject","inLanguage":"pt-BR","@id":"https:\/\/portalnpm.com\/#\/schema\/person\/image\/","url":"https:\/\/portalnpm.com\/wp-content\/uploads\/2024\/02\/avatar_user_2_1707743258-96x96.jpeg","contentUrl":"https:\/\/portalnpm.com\/wp-content\/uploads\/2024\/02\/avatar_user_2_1707743258-96x96.jpeg","caption":"Genival Barbosa"},"url":"https:\/\/portalnpm.com\/index.php\/author\/genival\/"}]}},"jetpack_sharing_enabled":true,"jetpack_featured_media_url":"https:\/\/portalnpm.com\/wp-content\/uploads\/2024\/01\/acm-neto-dem.jpg.750x0_q95_crop.jpg","_links":{"self":[{"href":"https:\/\/portalnpm.com\/index.php\/wp-json\/wp\/v2\/posts\/59638"}],"collection":[{"href":"https:\/\/portalnpm.com\/index.php\/wp-json\/wp\/v2\/posts"}],"about":[{"href":"https:\/\/portalnpm.com\/index.php\/wp-json\/wp\/v2\/types\/post"}],"author":[{"embeddable":true,"href":"https:\/\/portalnpm.com\/index.php\/wp-json\/wp\/v2\/users\/2"}],"replies":[{"embeddable":true,"href":"https:\/\/portalnpm.com\/index.php\/wp-json\/wp\/v2\/comments?post=59638"}],"version-history":[{"count":0,"href":"https:\/\/portalnpm.com\/index.php\/wp-json\/wp\/v2\/posts\/59638\/revisions"}],"wp:featuredmedia":[{"embeddable":true,"href":"https:\/\/portalnpm.com\/index.php\/wp-json\/wp\/v2\/media\/59639"}],"wp:attachment":[{"href":"https:\/\/portalnpm.com\/index.php\/wp-json\/wp\/v2\/media?parent=59638"}],"wp:term":[{"taxonomy":"category","embeddable":true,"href":"https:\/\/portalnpm.com\/index.php\/wp-json\/wp\/v2\/categories?post=59638"},{"taxonomy":"post_tag","embeddable":true,"href":"https:\/\/portalnpm.com\/index.php\/wp-json\/wp\/v2\/tags?post=59638"}],"curies":[{"name":"wp","href":"https:\/\/api.w.org\/{rel}","templated":true}]}}