{"id":59640,"date":"2020-11-27T19:40:46","date_gmt":"2020-11-27T22:40:46","guid":{"rendered":"https:\/\/portalnpm.com\/index.php\/2020\/11\/27\/botafogo-demite-ramon-diaz-antes-do-tecnico-estrear-barroca-assume-o-time\/"},"modified":"2020-11-27T19:40:46","modified_gmt":"2020-11-27T22:40:46","slug":"botafogo-demite-ramon-diaz-antes-do-tecnico-estrear-barroca-assume-o-time","status":"publish","type":"post","link":"https:\/\/portalnpm.com\/index.php\/2020\/11\/27\/botafogo-demite-ramon-diaz-antes-do-tecnico-estrear-barroca-assume-o-time\/","title":{"rendered":"Botafogo demite Ram\u00f3n Diaz antes do t\u00e9cnico estrear; Barroca assume o time"},"content":{"rendered":"<p style=\"text-align: justify;\">Reviravolta no comando t\u00e9cnico do Botafogo. Rec\u00e9m-contratado, o argentino Ram\u00f3n D\u00edaz nem sequer ter\u00e1 a oportunidade de assumir o time, e Eduardo Barroca \u00e9 o novo treinador alvinegro. Ele j\u00e1 inicia o trabalho neste s\u00e1bado (28).<\/p>\n<p style=\"text-align: justify;\">\n<p style=\"text-align: justify;\">\n<p style=\"text-align: justify;\">Anunciado no come\u00e7o do m\u00eas, Ram\u00f3n D\u00edaz se recupera de um procedimento cir\u00fargico realizado no \u00faltimo dia 14 e, neste per\u00edodo, quem estava \u00e0 frente da equipe era Emiliano D\u00edaz, filho e auxiliar do treinador.<\/p>\n<p style=\"text-align: justify;\">Por\u00e9m, o problema de sa\u00fade do t\u00e9cnico n\u00e3o \u00e9 t\u00e3o simples quanto se imaginava e ele precisa de mais tempo para reabilita\u00e7\u00e3o. Com o time em crise e lutando contra o rebaixamento no Campeonato Brasileiro, a c\u00fapula decidiu por n\u00e3o esperar e foi ao mercado, acertando com Eduardo Barroca.<\/p>\n<p style=\"text-align: justify;\">&#8220;O Botafogo de Futebol e Regatas comunica que o t\u00e9cnico Ram\u00f3n D\u00edaz e toda a sua equipe de auxiliares est\u00e3o de sa\u00edda do Clube. Lamentavelmente, em fun\u00e7\u00e3o do quadro de sa\u00fade do treinador argentino, que agora tem alta prevista para a partir do dia 7\/12, o Clube entende que n\u00e3o pode mais esperar&#8221;, diz trecho da nota oficial.<\/p>\n<p style=\"text-align: justify;\">Sob o comando de Emiliano, foram tr\u00eas derrotas, para Red Bull Bragantino, Fortaleza e Atl\u00e9tico-MG, agravando ainda mais a situa\u00e7\u00e3o do Glorioso na competi\u00e7\u00e3o. Atualmente, o time est\u00e1 na pen\u00faltima coloca\u00e7\u00e3o, com 20 pontos, cinco atr\u00e1s do Sport, primeiro fora da degola.<\/p>\n<p style=\"text-align: justify;\">Esta ser\u00e1 a segunda vez que Barroca treinar\u00e1 a equipe profissional do Botafogo. Ele esteve \u00e0 frente do time no ano passado, quando substituiu Z\u00e9 Ricardo. Ap\u00f3s um bom in\u00edcio de Brasileiro, sofreu uma queda no segundo turno e acabou demitido, dando vaga a Alberto Valentim.<\/p>\n<p style=\"text-align: justify;\">De l\u00e1 para c\u00e1, Barroca treinou Atl\u00e9tico-GO, Coritiba e Vit\u00f3ria. O treinador tem boa passagem pela base do Alvinegro, quando foi campe\u00e3o do Brasileiro Sub-20, em 2016, e chamou a aten\u00e7\u00e3o no cen\u00e1rio nacional.<\/p>\n<p style=\"text-align: justify;\">Ele chega com a miss\u00e3o de dar respostas positivas a curto prazo para aliviar a press\u00e3o pela qual o clube atravessa e o primeiro desafio ser\u00e1 o cl\u00e1ssico com o Flamengo, no pr\u00f3ximo dia 5.<\/p>\n<p style=\"text-align: justify;\"><strong>Veja nota do Botafogo:<\/strong><\/p>\n<p style=\"text-align: justify;\">&#8220;O Botafogo de Futebol e Regatas comunica que o t\u00e9cnico Ram\u00f3n D\u00edaz e toda a sua equipe de auxiliares est\u00e3o de sa\u00edda do Clube. Lamentavelmente, em fun\u00e7\u00e3o do quadro de sa\u00fade do treinador argentino, que agora tem alta prevista para a partir do dia 7\/12, o Clube entende que n\u00e3o pode mais esperar.<\/p>\n<p style=\"text-align: justify;\">O Botafogo confia no pleno restabelecimento da sa\u00fade de Ram\u00f3n D\u00edaz, agradecendo a ele e seus auxiliares Emiliano D\u00edaz, Osmar Ferreyra, Jorge Pidal, Dami\u00e1n Paz e Juan Nicol\u00e1s Rommannazi pelo per\u00edodo em que estiveram no Clube.<\/p>\n<p style=\"text-align: justify;\">O Departamento de Futebol Profissional informa que Eduardo Barroca \u00e9 o novo t\u00e9cnico da equipe. O profissional retorna ao Botafogo ap\u00f3s passagem na equipe principal, em 2019, e um trabalho reconhecido por conquistas importantes nas categorias de base.<\/p>\n<p style=\"text-align: justify;\">Barroca chega acompanhado por Felipe Lucena (auxiliar t\u00e9cnico) e Anderson Nunes (preparador f\u00edsico). O novo comandante inicia as atividades neste s\u00e1bado.<\/p>\n<p style=\"text-align: justify;\">Botafogo de Futebol e Regatas&#8221;<\/p>\n<p style=\"text-align: justify;\">Fonte: UOL-FOLHAPRESS<\/p>\n","protected":false},"excerpt":{"rendered":"<p>Reviravolta no comando t\u00e9cnico do Botafogo. Rec\u00e9m-contratado, o argentino Ram\u00f3n D\u00edaz nem sequer ter\u00e1 a oportunidade de assumir o time, e Eduardo Barroca \u00e9 o novo treinador alvinegro. Ele j\u00e1 inicia o trabalho neste s\u00e1bado (28). Anunciado no come\u00e7o do m\u00eas, Ram\u00f3n D\u00edaz se recupera de um procedimento cir\u00fargico realizado no \u00faltimo dia 14 e, &hellip;<\/p>\n","protected":false},"author":2,"featured_media":59641,"comment_status":"open","ping_status":"open","sticky":false,"template":"","format":"standard","meta":{"content-type":"","rop_custom_images_group":[],"rop_custom_messages_group":[],"rop_publish_now":"initial","rop_publish_now_accounts":{"facebook_2648258775420054_1618374048415101":""},"rop_publish_now_history":[],"rop_publish_now_status":"pending","footnotes":"","_jetpack_memberships_contains_paid_content":false},"categories":[108,118],"tags":[7732,7733,7734],"yoast_head":"<!-- This site is optimized with the Yoast SEO plugin v22.3 - https:\/\/yoast.com\/wordpress\/plugins\/seo\/ -->\n<title>Botafogo demite Ram\u00f3n Diaz antes do t\u00e9cnico estrear; Barroca assume o time<\/title>\n<meta name=\"robots\" content=\"index, follow, max-snippet:-1, max-image-preview:large, max-video-preview:-1\" \/>\n<link rel=\"canonical\" href=\"https:\/\/portalnpm.com\/index.php\/2020\/11\/27\/botafogo-demite-ramon-diaz-antes-do-tecnico-estrear-barroca-assume-o-time\/\" \/>\n<meta property=\"og:locale\" content=\"pt_BR\" \/>\n<meta property=\"og:type\" content=\"article\" \/>\n<meta property=\"og:title\" content=\"Botafogo demite Ram\u00f3n Diaz antes do t\u00e9cnico estrear; Barroca assume o time\" \/>\n<meta property=\"og:description\" content=\"Reviravolta no comando t\u00e9cnico do Botafogo. Rec\u00e9m-contratado, o argentino Ram\u00f3n D\u00edaz nem sequer ter\u00e1 a oportunidade de assumir o time, e Eduardo Barroca \u00e9 o novo treinador alvinegro. Ele j\u00e1 inicia o trabalho neste s\u00e1bado (28). Anunciado no come\u00e7o do m\u00eas, Ram\u00f3n D\u00edaz se recupera de um procedimento cir\u00fargico realizado no \u00faltimo dia 14 e, &hellip;\" \/>\n<meta property=\"og:url\" content=\"https:\/\/portalnpm.com\/index.php\/2020\/11\/27\/botafogo-demite-ramon-diaz-antes-do-tecnico-estrear-barroca-assume-o-time\/\" \/>\n<meta property=\"og:site_name\" content=\"Portal NPM\" \/>\n<meta property=\"article:published_time\" content=\"2020-11-27T22:40:46+00:00\" \/>\n<meta property=\"og:image\" content=\"https:\/\/portalnpm.com\/wp-content\/uploads\/2024\/01\/botafogo-barroca-capa_00280664_0_202011271234.jpg\" \/>\n\t<meta property=\"og:image:width\" content=\"1076\" \/>\n\t<meta property=\"og:image:height\" content=\"574\" \/>\n\t<meta property=\"og:image:type\" content=\"image\/jpeg\" \/>\n<meta name=\"author\" content=\"Genival Barbosa\" \/>\n<meta name=\"twitter:card\" content=\"summary_large_image\" \/>\n<meta name=\"twitter:label1\" content=\"Escrito por\" \/>\n\t<meta name=\"twitter:data1\" content=\"Genival Barbosa\" \/>\n\t<meta name=\"twitter:label2\" content=\"Est. tempo de leitura\" \/>\n\t<meta name=\"twitter:data2\" content=\"3 minutos\" \/>\n<script type=\"application\/ld+json\" class=\"yoast-schema-graph\">{\"@context\":\"https:\/\/schema.org\",\"@graph\":[{\"@type\":\"WebPage\",\"@id\":\"https:\/\/portalnpm.com\/index.php\/2020\/11\/27\/botafogo-demite-ramon-diaz-antes-do-tecnico-estrear-barroca-assume-o-time\/\",\"url\":\"https:\/\/portalnpm.com\/index.php\/2020\/11\/27\/botafogo-demite-ramon-diaz-antes-do-tecnico-estrear-barroca-assume-o-time\/\",\"name\":\"Botafogo demite Ram\u00f3n Diaz antes do t\u00e9cnico estrear; Barroca assume o time\",\"isPartOf\":{\"@id\":\"https:\/\/portalnpm.com\/#website\"},\"primaryImageOfPage\":{\"@id\":\"https:\/\/portalnpm.com\/index.php\/2020\/11\/27\/botafogo-demite-ramon-diaz-antes-do-tecnico-estrear-barroca-assume-o-time\/#primaryimage\"},\"image\":{\"@id\":\"https:\/\/portalnpm.com\/index.php\/2020\/11\/27\/botafogo-demite-ramon-diaz-antes-do-tecnico-estrear-barroca-assume-o-time\/#primaryimage\"},\"thumbnailUrl\":\"https:\/\/portalnpm.com\/wp-content\/uploads\/2024\/01\/botafogo-barroca-capa_00280664_0_202011271234.jpg\",\"datePublished\":\"2020-11-27T22:40:46+00:00\",\"dateModified\":\"2020-11-27T22:40:46+00:00\",\"author\":{\"@id\":\"https:\/\/portalnpm.com\/#\/schema\/person\/49313e563cfdefcc167f1ee4c017c294\"},\"breadcrumb\":{\"@id\":\"https:\/\/portalnpm.com\/index.php\/2020\/11\/27\/botafogo-demite-ramon-diaz-antes-do-tecnico-estrear-barroca-assume-o-time\/#breadcrumb\"},\"inLanguage\":\"pt-BR\",\"potentialAction\":[{\"@type\":\"ReadAction\",\"target\":[\"https:\/\/portalnpm.com\/index.php\/2020\/11\/27\/botafogo-demite-ramon-diaz-antes-do-tecnico-estrear-barroca-assume-o-time\/\"]}]},{\"@type\":\"ImageObject\",\"inLanguage\":\"pt-BR\",\"@id\":\"https:\/\/portalnpm.com\/index.php\/2020\/11\/27\/botafogo-demite-ramon-diaz-antes-do-tecnico-estrear-barroca-assume-o-time\/#primaryimage\",\"url\":\"https:\/\/portalnpm.com\/wp-content\/uploads\/2024\/01\/botafogo-barroca-capa_00280664_0_202011271234.jpg\",\"contentUrl\":\"https:\/\/portalnpm.com\/wp-content\/uploads\/2024\/01\/botafogo-barroca-capa_00280664_0_202011271234.jpg\",\"width\":1076,\"height\":574},{\"@type\":\"BreadcrumbList\",\"@id\":\"https:\/\/portalnpm.com\/index.php\/2020\/11\/27\/botafogo-demite-ramon-diaz-antes-do-tecnico-estrear-barroca-assume-o-time\/#breadcrumb\",\"itemListElement\":[{\"@type\":\"ListItem\",\"position\":1,\"name\":\"In\u00edcio\",\"item\":\"https:\/\/portalnpm.com\/\"},{\"@type\":\"ListItem\",\"position\":2,\"name\":\"Botafogo demite Ram\u00f3n Diaz antes do t\u00e9cnico estrear; Barroca assume o time\"}]},{\"@type\":\"WebSite\",\"@id\":\"https:\/\/portalnpm.com\/#website\",\"url\":\"https:\/\/portalnpm.com\/\",\"name\":\"Portal NPM\",\"description\":\"Not\u00edcias em Primeira M\u00e3o\",\"potentialAction\":[{\"@type\":\"SearchAction\",\"target\":{\"@type\":\"EntryPoint\",\"urlTemplate\":\"https:\/\/portalnpm.com\/?s={search_term_string}\"},\"query-input\":\"required name=search_term_string\"}],\"inLanguage\":\"pt-BR\"},{\"@type\":\"Person\",\"@id\":\"https:\/\/portalnpm.com\/#\/schema\/person\/49313e563cfdefcc167f1ee4c017c294\",\"name\":\"Genival Barbosa\",\"image\":{\"@type\":\"ImageObject\",\"inLanguage\":\"pt-BR\",\"@id\":\"https:\/\/portalnpm.com\/#\/schema\/person\/image\/\",\"url\":\"https:\/\/portalnpm.com\/wp-content\/uploads\/2024\/02\/avatar_user_2_1707743258-96x96.jpeg\",\"contentUrl\":\"https:\/\/portalnpm.com\/wp-content\/uploads\/2024\/02\/avatar_user_2_1707743258-96x96.jpeg\",\"caption\":\"Genival Barbosa\"},\"url\":\"https:\/\/portalnpm.com\/index.php\/author\/genival\/\"}]}<\/script>\n<!-- \/ Yoast SEO plugin. -->","yoast_head_json":{"title":"Botafogo demite Ram\u00f3n Diaz antes do t\u00e9cnico estrear; Barroca assume o time","robots":{"index":"index","follow":"follow","max-snippet":"max-snippet:-1","max-image-preview":"max-image-preview:large","max-video-preview":"max-video-preview:-1"},"canonical":"https:\/\/portalnpm.com\/index.php\/2020\/11\/27\/botafogo-demite-ramon-diaz-antes-do-tecnico-estrear-barroca-assume-o-time\/","og_locale":"pt_BR","og_type":"article","og_title":"Botafogo demite Ram\u00f3n Diaz antes do t\u00e9cnico estrear; Barroca assume o time","og_description":"Reviravolta no comando t\u00e9cnico do Botafogo. Rec\u00e9m-contratado, o argentino Ram\u00f3n D\u00edaz nem sequer ter\u00e1 a oportunidade de assumir o time, e Eduardo Barroca \u00e9 o novo treinador alvinegro. Ele j\u00e1 inicia o trabalho neste s\u00e1bado (28). Anunciado no come\u00e7o do m\u00eas, Ram\u00f3n D\u00edaz se recupera de um procedimento cir\u00fargico realizado no \u00faltimo dia 14 e, &hellip;","og_url":"https:\/\/portalnpm.com\/index.php\/2020\/11\/27\/botafogo-demite-ramon-diaz-antes-do-tecnico-estrear-barroca-assume-o-time\/","og_site_name":"Portal NPM","article_published_time":"2020-11-27T22:40:46+00:00","og_image":[{"width":1076,"height":574,"url":"https:\/\/portalnpm.com\/wp-content\/uploads\/2024\/01\/botafogo-barroca-capa_00280664_0_202011271234.jpg","type":"image\/jpeg"}],"author":"Genival Barbosa","twitter_card":"summary_large_image","twitter_misc":{"Escrito por":"Genival Barbosa","Est. tempo de leitura":"3 minutos"},"schema":{"@context":"https:\/\/schema.org","@graph":[{"@type":"WebPage","@id":"https:\/\/portalnpm.com\/index.php\/2020\/11\/27\/botafogo-demite-ramon-diaz-antes-do-tecnico-estrear-barroca-assume-o-time\/","url":"https:\/\/portalnpm.com\/index.php\/2020\/11\/27\/botafogo-demite-ramon-diaz-antes-do-tecnico-estrear-barroca-assume-o-time\/","name":"Botafogo demite Ram\u00f3n Diaz antes do t\u00e9cnico estrear; Barroca assume o time","isPartOf":{"@id":"https:\/\/portalnpm.com\/#website"},"primaryImageOfPage":{"@id":"https:\/\/portalnpm.com\/index.php\/2020\/11\/27\/botafogo-demite-ramon-diaz-antes-do-tecnico-estrear-barroca-assume-o-time\/#primaryimage"},"image":{"@id":"https:\/\/portalnpm.com\/index.php\/2020\/11\/27\/botafogo-demite-ramon-diaz-antes-do-tecnico-estrear-barroca-assume-o-time\/#primaryimage"},"thumbnailUrl":"https:\/\/portalnpm.com\/wp-content\/uploads\/2024\/01\/botafogo-barroca-capa_00280664_0_202011271234.jpg","datePublished":"2020-11-27T22:40:46+00:00","dateModified":"2020-11-27T22:40:46+00:00","author":{"@id":"https:\/\/portalnpm.com\/#\/schema\/person\/49313e563cfdefcc167f1ee4c017c294"},"breadcrumb":{"@id":"https:\/\/portalnpm.com\/index.php\/2020\/11\/27\/botafogo-demite-ramon-diaz-antes-do-tecnico-estrear-barroca-assume-o-time\/#breadcrumb"},"inLanguage":"pt-BR","potentialAction":[{"@type":"ReadAction","target":["https:\/\/portalnpm.com\/index.php\/2020\/11\/27\/botafogo-demite-ramon-diaz-antes-do-tecnico-estrear-barroca-assume-o-time\/"]}]},{"@type":"ImageObject","inLanguage":"pt-BR","@id":"https:\/\/portalnpm.com\/index.php\/2020\/11\/27\/botafogo-demite-ramon-diaz-antes-do-tecnico-estrear-barroca-assume-o-time\/#primaryimage","url":"https:\/\/portalnpm.com\/wp-content\/uploads\/2024\/01\/botafogo-barroca-capa_00280664_0_202011271234.jpg","contentUrl":"https:\/\/portalnpm.com\/wp-content\/uploads\/2024\/01\/botafogo-barroca-capa_00280664_0_202011271234.jpg","width":1076,"height":574},{"@type":"BreadcrumbList","@id":"https:\/\/portalnpm.com\/index.php\/2020\/11\/27\/botafogo-demite-ramon-diaz-antes-do-tecnico-estrear-barroca-assume-o-time\/#breadcrumb","itemListElement":[{"@type":"ListItem","position":1,"name":"In\u00edcio","item":"https:\/\/portalnpm.com\/"},{"@type":"ListItem","position":2,"name":"Botafogo demite Ram\u00f3n Diaz antes do t\u00e9cnico estrear; Barroca assume o time"}]},{"@type":"WebSite","@id":"https:\/\/portalnpm.com\/#website","url":"https:\/\/portalnpm.com\/","name":"Portal NPM","description":"Not\u00edcias em Primeira M\u00e3o","potentialAction":[{"@type":"SearchAction","target":{"@type":"EntryPoint","urlTemplate":"https:\/\/portalnpm.com\/?s={search_term_string}"},"query-input":"required name=search_term_string"}],"inLanguage":"pt-BR"},{"@type":"Person","@id":"https:\/\/portalnpm.com\/#\/schema\/person\/49313e563cfdefcc167f1ee4c017c294","name":"Genival Barbosa","image":{"@type":"ImageObject","inLanguage":"pt-BR","@id":"https:\/\/portalnpm.com\/#\/schema\/person\/image\/","url":"https:\/\/portalnpm.com\/wp-content\/uploads\/2024\/02\/avatar_user_2_1707743258-96x96.jpeg","contentUrl":"https:\/\/portalnpm.com\/wp-content\/uploads\/2024\/02\/avatar_user_2_1707743258-96x96.jpeg","caption":"Genival Barbosa"},"url":"https:\/\/portalnpm.com\/index.php\/author\/genival\/"}]}},"jetpack_sharing_enabled":true,"jetpack_featured_media_url":"https:\/\/portalnpm.com\/wp-content\/uploads\/2024\/01\/botafogo-barroca-capa_00280664_0_202011271234.jpg","_links":{"self":[{"href":"https:\/\/portalnpm.com\/index.php\/wp-json\/wp\/v2\/posts\/59640"}],"collection":[{"href":"https:\/\/portalnpm.com\/index.php\/wp-json\/wp\/v2\/posts"}],"about":[{"href":"https:\/\/portalnpm.com\/index.php\/wp-json\/wp\/v2\/types\/post"}],"author":[{"embeddable":true,"href":"https:\/\/portalnpm.com\/index.php\/wp-json\/wp\/v2\/users\/2"}],"replies":[{"embeddable":true,"href":"https:\/\/portalnpm.com\/index.php\/wp-json\/wp\/v2\/comments?post=59640"}],"version-history":[{"count":0,"href":"https:\/\/portalnpm.com\/index.php\/wp-json\/wp\/v2\/posts\/59640\/revisions"}],"wp:featuredmedia":[{"embeddable":true,"href":"https:\/\/portalnpm.com\/index.php\/wp-json\/wp\/v2\/media\/59641"}],"wp:attachment":[{"href":"https:\/\/portalnpm.com\/index.php\/wp-json\/wp\/v2\/media?parent=59640"}],"wp:term":[{"taxonomy":"category","embeddable":true,"href":"https:\/\/portalnpm.com\/index.php\/wp-json\/wp\/v2\/categories?post=59640"},{"taxonomy":"post_tag","embeddable":true,"href":"https:\/\/portalnpm.com\/index.php\/wp-json\/wp\/v2\/tags?post=59640"}],"curies":[{"name":"wp","href":"https:\/\/api.w.org\/{rel}","templated":true}]}}