{"id":59671,"date":"2020-11-28T17:33:06","date_gmt":"2020-11-28T20:33:06","guid":{"rendered":"https:\/\/portalnpm.com\/index.php\/2020\/11\/28\/comandante-do-exercito-cai-de-cavalo-quebra-perna-e-passara-por-cirurgia\/"},"modified":"2020-11-28T17:33:06","modified_gmt":"2020-11-28T20:33:06","slug":"comandante-do-exercito-cai-de-cavalo-quebra-perna-e-passara-por-cirurgia","status":"publish","type":"post","link":"https:\/\/portalnpm.com\/index.php\/2020\/11\/28\/comandante-do-exercito-cai-de-cavalo-quebra-perna-e-passara-por-cirurgia\/","title":{"rendered":"Comandante do Ex\u00e9rcito cai de cavalo, quebra perna e passar\u00e1 por cirurgia"},"content":{"rendered":"<p style=\"text-align: justify;\">O comandante do Ex\u00e9rcito, general Edson Pujol, sofreu um acidente neste s\u00e1bado, 28, enquanto praticava equita\u00e7\u00e3o no Regimento Drag\u00f5es da Independ\u00eancia, em Bras\u00edlia.<\/p>\n<p style=\"text-align: justify;\">\n<p style=\"text-align: justify;\">\n<p style=\"text-align: justify;\">O militar sofreu uma fratura no f\u00eamur e est\u00e1 internado no Hospital das For\u00e7as Armadas, onde ser\u00e1 submetido a uma cirurgia. Segundo comunicado oficial do Ex\u00e9rcito, Pujol est\u00e1 realizando exames e passa bem.<\/p>\n<p style=\"text-align: justify;\">O local de equita\u00e7\u00e3o \u00e9 frequentado regulamente pelo vice-presidente Hamilton Mour\u00e3o.<\/p>\n<p style=\"text-align: justify;\">Pelo menos duas vezes na semana, os generais mais influentes do governo se re\u00fanem para treinar saltos no 1.\u00ba Regimento de Cavalaria de Guardas, a 20 quil\u00f4metros do Pal\u00e1cio do Planalto.<\/p>\n<p style=\"text-align: justify;\">Eles madrugam para ficar ali por cerca de uma hora, per\u00edodo em que tentam ultrapassar obst\u00e1culos de at\u00e9 1,10 metro de altura.<\/p>\n<p style=\"text-align: justify;\">Os cavalos montados pelos generais do governo pertencem \u00e0 unidade militar. Mas cabe aos oficiais da reserva prepar\u00e1-los para o adestramento e pagar pelos gastos. Mour\u00e3o, por exemplo, desembolsa cerca de R$ 500 por m\u00eas.<\/p>\n<p style=\"text-align: justify;\">A For\u00e7a usa os cavalos em competi\u00e7\u00f5es, em escoltas, cerim\u00f4nias da Presid\u00eancia e, se for preciso, em situa\u00e7\u00f5es de dist\u00farbios e confus\u00f5es nas ruas.<\/p>\n<p style=\"text-align: justify;\">\n<p style=\"text-align: justify;\">Fonte: Folhapress<\/p>\n","protected":false},"excerpt":{"rendered":"<p>O comandante do Ex\u00e9rcito, general Edson Pujol, sofreu um acidente neste s\u00e1bado, 28, enquanto praticava equita\u00e7\u00e3o no Regimento Drag\u00f5es da Independ\u00eancia, em Bras\u00edlia. O militar sofreu uma fratura no f\u00eamur e est\u00e1 internado no Hospital das For\u00e7as Armadas, onde ser\u00e1 submetido a uma cirurgia. Segundo comunicado oficial do Ex\u00e9rcito, Pujol est\u00e1 realizando exames e passa &hellip;<\/p>\n","protected":false},"author":2,"featured_media":59672,"comment_status":"open","ping_status":"open","sticky":false,"template":"","format":"standard","meta":{"content-type":"","rop_custom_images_group":[],"rop_custom_messages_group":[],"rop_publish_now":"initial","rop_publish_now_accounts":{"facebook_2648258775420054_1618374048415101":""},"rop_publish_now_history":[],"rop_publish_now_status":"pending","footnotes":"","_jetpack_memberships_contains_paid_content":false},"categories":[125],"tags":[7767,7768,7769],"yoast_head":"<!-- This site is optimized with the Yoast SEO plugin v22.3 - https:\/\/yoast.com\/wordpress\/plugins\/seo\/ -->\n<title>Comandante do Ex\u00e9rcito cai de cavalo, quebra perna e passar\u00e1 por cirurgia<\/title>\n<meta name=\"robots\" content=\"index, follow, max-snippet:-1, max-image-preview:large, max-video-preview:-1\" \/>\n<link rel=\"canonical\" href=\"https:\/\/portalnpm.com\/index.php\/2020\/11\/28\/comandante-do-exercito-cai-de-cavalo-quebra-perna-e-passara-por-cirurgia\/\" \/>\n<meta property=\"og:locale\" content=\"pt_BR\" \/>\n<meta property=\"og:type\" content=\"article\" \/>\n<meta property=\"og:title\" content=\"Comandante do Ex\u00e9rcito cai de cavalo, quebra perna e passar\u00e1 por cirurgia\" \/>\n<meta property=\"og:description\" content=\"O comandante do Ex\u00e9rcito, general Edson Pujol, sofreu um acidente neste s\u00e1bado, 28, enquanto praticava equita\u00e7\u00e3o no Regimento Drag\u00f5es da Independ\u00eancia, em Bras\u00edlia. O militar sofreu uma fratura no f\u00eamur e est\u00e1 internado no Hospital das For\u00e7as Armadas, onde ser\u00e1 submetido a uma cirurgia. Segundo comunicado oficial do Ex\u00e9rcito, Pujol est\u00e1 realizando exames e passa &hellip;\" \/>\n<meta property=\"og:url\" content=\"https:\/\/portalnpm.com\/index.php\/2020\/11\/28\/comandante-do-exercito-cai-de-cavalo-quebra-perna-e-passara-por-cirurgia\/\" \/>\n<meta property=\"og:site_name\" content=\"Portal NPM\" \/>\n<meta property=\"article:published_time\" content=\"2020-11-28T20:33:06+00:00\" \/>\n<meta property=\"og:image\" content=\"https:\/\/portalnpm.com\/wp-content\/uploads\/2024\/01\/2948408a2543ff60d75a69e570e42aec.jpg\" \/>\n\t<meta property=\"og:image:width\" content=\"380\" \/>\n\t<meta property=\"og:image:height\" content=\"320\" \/>\n\t<meta property=\"og:image:type\" content=\"image\/jpeg\" \/>\n<meta name=\"author\" content=\"Genival Barbosa\" \/>\n<meta name=\"twitter:card\" content=\"summary_large_image\" \/>\n<meta name=\"twitter:label1\" content=\"Escrito por\" \/>\n\t<meta name=\"twitter:data1\" content=\"Genival Barbosa\" \/>\n\t<meta name=\"twitter:label2\" content=\"Est. tempo de leitura\" \/>\n\t<meta name=\"twitter:data2\" content=\"1 minuto\" \/>\n<script type=\"application\/ld+json\" class=\"yoast-schema-graph\">{\"@context\":\"https:\/\/schema.org\",\"@graph\":[{\"@type\":\"WebPage\",\"@id\":\"https:\/\/portalnpm.com\/index.php\/2020\/11\/28\/comandante-do-exercito-cai-de-cavalo-quebra-perna-e-passara-por-cirurgia\/\",\"url\":\"https:\/\/portalnpm.com\/index.php\/2020\/11\/28\/comandante-do-exercito-cai-de-cavalo-quebra-perna-e-passara-por-cirurgia\/\",\"name\":\"Comandante do Ex\u00e9rcito cai de cavalo, quebra perna e passar\u00e1 por cirurgia\",\"isPartOf\":{\"@id\":\"https:\/\/portalnpm.com\/#website\"},\"primaryImageOfPage\":{\"@id\":\"https:\/\/portalnpm.com\/index.php\/2020\/11\/28\/comandante-do-exercito-cai-de-cavalo-quebra-perna-e-passara-por-cirurgia\/#primaryimage\"},\"image\":{\"@id\":\"https:\/\/portalnpm.com\/index.php\/2020\/11\/28\/comandante-do-exercito-cai-de-cavalo-quebra-perna-e-passara-por-cirurgia\/#primaryimage\"},\"thumbnailUrl\":\"https:\/\/portalnpm.com\/wp-content\/uploads\/2024\/01\/2948408a2543ff60d75a69e570e42aec.jpg\",\"datePublished\":\"2020-11-28T20:33:06+00:00\",\"dateModified\":\"2020-11-28T20:33:06+00:00\",\"author\":{\"@id\":\"https:\/\/portalnpm.com\/#\/schema\/person\/49313e563cfdefcc167f1ee4c017c294\"},\"breadcrumb\":{\"@id\":\"https:\/\/portalnpm.com\/index.php\/2020\/11\/28\/comandante-do-exercito-cai-de-cavalo-quebra-perna-e-passara-por-cirurgia\/#breadcrumb\"},\"inLanguage\":\"pt-BR\",\"potentialAction\":[{\"@type\":\"ReadAction\",\"target\":[\"https:\/\/portalnpm.com\/index.php\/2020\/11\/28\/comandante-do-exercito-cai-de-cavalo-quebra-perna-e-passara-por-cirurgia\/\"]}]},{\"@type\":\"ImageObject\",\"inLanguage\":\"pt-BR\",\"@id\":\"https:\/\/portalnpm.com\/index.php\/2020\/11\/28\/comandante-do-exercito-cai-de-cavalo-quebra-perna-e-passara-por-cirurgia\/#primaryimage\",\"url\":\"https:\/\/portalnpm.com\/wp-content\/uploads\/2024\/01\/2948408a2543ff60d75a69e570e42aec.jpg\",\"contentUrl\":\"https:\/\/portalnpm.com\/wp-content\/uploads\/2024\/01\/2948408a2543ff60d75a69e570e42aec.jpg\",\"width\":380,\"height\":320},{\"@type\":\"BreadcrumbList\",\"@id\":\"https:\/\/portalnpm.com\/index.php\/2020\/11\/28\/comandante-do-exercito-cai-de-cavalo-quebra-perna-e-passara-por-cirurgia\/#breadcrumb\",\"itemListElement\":[{\"@type\":\"ListItem\",\"position\":1,\"name\":\"In\u00edcio\",\"item\":\"https:\/\/portalnpm.com\/\"},{\"@type\":\"ListItem\",\"position\":2,\"name\":\"Comandante do Ex\u00e9rcito cai de cavalo, quebra perna e passar\u00e1 por cirurgia\"}]},{\"@type\":\"WebSite\",\"@id\":\"https:\/\/portalnpm.com\/#website\",\"url\":\"https:\/\/portalnpm.com\/\",\"name\":\"Portal NPM\",\"description\":\"Not\u00edcias em Primeira M\u00e3o\",\"potentialAction\":[{\"@type\":\"SearchAction\",\"target\":{\"@type\":\"EntryPoint\",\"urlTemplate\":\"https:\/\/portalnpm.com\/?s={search_term_string}\"},\"query-input\":\"required name=search_term_string\"}],\"inLanguage\":\"pt-BR\"},{\"@type\":\"Person\",\"@id\":\"https:\/\/portalnpm.com\/#\/schema\/person\/49313e563cfdefcc167f1ee4c017c294\",\"name\":\"Genival Barbosa\",\"image\":{\"@type\":\"ImageObject\",\"inLanguage\":\"pt-BR\",\"@id\":\"https:\/\/portalnpm.com\/#\/schema\/person\/image\/\",\"url\":\"https:\/\/portalnpm.com\/wp-content\/uploads\/2024\/02\/avatar_user_2_1707743258-96x96.jpeg\",\"contentUrl\":\"https:\/\/portalnpm.com\/wp-content\/uploads\/2024\/02\/avatar_user_2_1707743258-96x96.jpeg\",\"caption\":\"Genival Barbosa\"},\"url\":\"https:\/\/portalnpm.com\/index.php\/author\/genival\/\"}]}<\/script>\n<!-- \/ Yoast SEO plugin. -->","yoast_head_json":{"title":"Comandante do Ex\u00e9rcito cai de cavalo, quebra perna e passar\u00e1 por cirurgia","robots":{"index":"index","follow":"follow","max-snippet":"max-snippet:-1","max-image-preview":"max-image-preview:large","max-video-preview":"max-video-preview:-1"},"canonical":"https:\/\/portalnpm.com\/index.php\/2020\/11\/28\/comandante-do-exercito-cai-de-cavalo-quebra-perna-e-passara-por-cirurgia\/","og_locale":"pt_BR","og_type":"article","og_title":"Comandante do Ex\u00e9rcito cai de cavalo, quebra perna e passar\u00e1 por cirurgia","og_description":"O comandante do Ex\u00e9rcito, general Edson Pujol, sofreu um acidente neste s\u00e1bado, 28, enquanto praticava equita\u00e7\u00e3o no Regimento Drag\u00f5es da Independ\u00eancia, em Bras\u00edlia. O militar sofreu uma fratura no f\u00eamur e est\u00e1 internado no Hospital das For\u00e7as Armadas, onde ser\u00e1 submetido a uma cirurgia. Segundo comunicado oficial do Ex\u00e9rcito, Pujol est\u00e1 realizando exames e passa &hellip;","og_url":"https:\/\/portalnpm.com\/index.php\/2020\/11\/28\/comandante-do-exercito-cai-de-cavalo-quebra-perna-e-passara-por-cirurgia\/","og_site_name":"Portal NPM","article_published_time":"2020-11-28T20:33:06+00:00","og_image":[{"width":380,"height":320,"url":"https:\/\/portalnpm.com\/wp-content\/uploads\/2024\/01\/2948408a2543ff60d75a69e570e42aec.jpg","type":"image\/jpeg"}],"author":"Genival Barbosa","twitter_card":"summary_large_image","twitter_misc":{"Escrito por":"Genival Barbosa","Est. tempo de leitura":"1 minuto"},"schema":{"@context":"https:\/\/schema.org","@graph":[{"@type":"WebPage","@id":"https:\/\/portalnpm.com\/index.php\/2020\/11\/28\/comandante-do-exercito-cai-de-cavalo-quebra-perna-e-passara-por-cirurgia\/","url":"https:\/\/portalnpm.com\/index.php\/2020\/11\/28\/comandante-do-exercito-cai-de-cavalo-quebra-perna-e-passara-por-cirurgia\/","name":"Comandante do Ex\u00e9rcito cai de cavalo, quebra perna e passar\u00e1 por cirurgia","isPartOf":{"@id":"https:\/\/portalnpm.com\/#website"},"primaryImageOfPage":{"@id":"https:\/\/portalnpm.com\/index.php\/2020\/11\/28\/comandante-do-exercito-cai-de-cavalo-quebra-perna-e-passara-por-cirurgia\/#primaryimage"},"image":{"@id":"https:\/\/portalnpm.com\/index.php\/2020\/11\/28\/comandante-do-exercito-cai-de-cavalo-quebra-perna-e-passara-por-cirurgia\/#primaryimage"},"thumbnailUrl":"https:\/\/portalnpm.com\/wp-content\/uploads\/2024\/01\/2948408a2543ff60d75a69e570e42aec.jpg","datePublished":"2020-11-28T20:33:06+00:00","dateModified":"2020-11-28T20:33:06+00:00","author":{"@id":"https:\/\/portalnpm.com\/#\/schema\/person\/49313e563cfdefcc167f1ee4c017c294"},"breadcrumb":{"@id":"https:\/\/portalnpm.com\/index.php\/2020\/11\/28\/comandante-do-exercito-cai-de-cavalo-quebra-perna-e-passara-por-cirurgia\/#breadcrumb"},"inLanguage":"pt-BR","potentialAction":[{"@type":"ReadAction","target":["https:\/\/portalnpm.com\/index.php\/2020\/11\/28\/comandante-do-exercito-cai-de-cavalo-quebra-perna-e-passara-por-cirurgia\/"]}]},{"@type":"ImageObject","inLanguage":"pt-BR","@id":"https:\/\/portalnpm.com\/index.php\/2020\/11\/28\/comandante-do-exercito-cai-de-cavalo-quebra-perna-e-passara-por-cirurgia\/#primaryimage","url":"https:\/\/portalnpm.com\/wp-content\/uploads\/2024\/01\/2948408a2543ff60d75a69e570e42aec.jpg","contentUrl":"https:\/\/portalnpm.com\/wp-content\/uploads\/2024\/01\/2948408a2543ff60d75a69e570e42aec.jpg","width":380,"height":320},{"@type":"BreadcrumbList","@id":"https:\/\/portalnpm.com\/index.php\/2020\/11\/28\/comandante-do-exercito-cai-de-cavalo-quebra-perna-e-passara-por-cirurgia\/#breadcrumb","itemListElement":[{"@type":"ListItem","position":1,"name":"In\u00edcio","item":"https:\/\/portalnpm.com\/"},{"@type":"ListItem","position":2,"name":"Comandante do Ex\u00e9rcito cai de cavalo, quebra perna e passar\u00e1 por cirurgia"}]},{"@type":"WebSite","@id":"https:\/\/portalnpm.com\/#website","url":"https:\/\/portalnpm.com\/","name":"Portal NPM","description":"Not\u00edcias em Primeira M\u00e3o","potentialAction":[{"@type":"SearchAction","target":{"@type":"EntryPoint","urlTemplate":"https:\/\/portalnpm.com\/?s={search_term_string}"},"query-input":"required name=search_term_string"}],"inLanguage":"pt-BR"},{"@type":"Person","@id":"https:\/\/portalnpm.com\/#\/schema\/person\/49313e563cfdefcc167f1ee4c017c294","name":"Genival Barbosa","image":{"@type":"ImageObject","inLanguage":"pt-BR","@id":"https:\/\/portalnpm.com\/#\/schema\/person\/image\/","url":"https:\/\/portalnpm.com\/wp-content\/uploads\/2024\/02\/avatar_user_2_1707743258-96x96.jpeg","contentUrl":"https:\/\/portalnpm.com\/wp-content\/uploads\/2024\/02\/avatar_user_2_1707743258-96x96.jpeg","caption":"Genival Barbosa"},"url":"https:\/\/portalnpm.com\/index.php\/author\/genival\/"}]}},"jetpack_sharing_enabled":true,"jetpack_featured_media_url":"https:\/\/portalnpm.com\/wp-content\/uploads\/2024\/01\/2948408a2543ff60d75a69e570e42aec.jpg","_links":{"self":[{"href":"https:\/\/portalnpm.com\/index.php\/wp-json\/wp\/v2\/posts\/59671"}],"collection":[{"href":"https:\/\/portalnpm.com\/index.php\/wp-json\/wp\/v2\/posts"}],"about":[{"href":"https:\/\/portalnpm.com\/index.php\/wp-json\/wp\/v2\/types\/post"}],"author":[{"embeddable":true,"href":"https:\/\/portalnpm.com\/index.php\/wp-json\/wp\/v2\/users\/2"}],"replies":[{"embeddable":true,"href":"https:\/\/portalnpm.com\/index.php\/wp-json\/wp\/v2\/comments?post=59671"}],"version-history":[{"count":0,"href":"https:\/\/portalnpm.com\/index.php\/wp-json\/wp\/v2\/posts\/59671\/revisions"}],"wp:featuredmedia":[{"embeddable":true,"href":"https:\/\/portalnpm.com\/index.php\/wp-json\/wp\/v2\/media\/59672"}],"wp:attachment":[{"href":"https:\/\/portalnpm.com\/index.php\/wp-json\/wp\/v2\/media?parent=59671"}],"wp:term":[{"taxonomy":"category","embeddable":true,"href":"https:\/\/portalnpm.com\/index.php\/wp-json\/wp\/v2\/categories?post=59671"},{"taxonomy":"post_tag","embeddable":true,"href":"https:\/\/portalnpm.com\/index.php\/wp-json\/wp\/v2\/tags?post=59671"}],"curies":[{"name":"wp","href":"https:\/\/api.w.org\/{rel}","templated":true}]}}