{"id":59693,"date":"2020-11-29T08:54:39","date_gmt":"2020-11-29T11:54:39","guid":{"rendered":"https:\/\/portalnpm.com\/index.php\/2020\/11\/29\/duilio-e-eleito-presidente-do-corinthians-para-proximos-tres-anos\/"},"modified":"2020-11-29T08:54:39","modified_gmt":"2020-11-29T11:54:39","slug":"duilio-e-eleito-presidente-do-corinthians-para-proximos-tres-anos","status":"publish","type":"post","link":"https:\/\/portalnpm.com\/index.php\/2020\/11\/29\/duilio-e-eleito-presidente-do-corinthians-para-proximos-tres-anos\/","title":{"rendered":"Du\u00edlio \u00e9 eleito presidente do Corinthians para pr\u00f3ximos tr\u00eas anos"},"content":{"rendered":"<header class=\"wrapper-mobile-header mobile-header show-share-button\">\n<div id=\"adsTopMobileFixed\" class=\"r7ad-top-mobile-fixed\" data-google-query-id=\"CIm1vcfXp-0CFTA0uQYdWzwGRg\">\n<div id=\"google_ads_iframe_\/7542\/r7esportes\/futebol\/internas_0__container__\" style=\"text-align: justify;\">O <a href=\"https:\/\/esportes.r7.com\/futebol\/times\/corinthians\" target=\"_blank\" rel=\"noopener noreferrer\"><strong>Corinthians<\/strong><\/a>\u00a0tem um novo presidente. Com 15 das 17 urnas apuradas no Parque S\u00e3o Jorge, Du\u00edlio Monteiro Alves, candidato da situa\u00e7\u00e3o, foi eleito para o tri\u00eanio 2021-2023. Augusto Melo e M\u00e1rio Gobbi foram os candidatos derrotados.<\/div>\n<\/div>\n<\/header>\n<div class=\"container\">\n<div class=\"row\">\n<div class=\"main-content\">\n<div class=\"container\"><main class=\"article-post\"><\/p>\n<article class=\"content\" data-url=\"http:\/\/esportes.r7.com\/futebol\/duilio-e-eleito-presidente-do-corinthians-para-proximos-tres-anos-28112020\">\n<p style=\"text-align: justify;\">Du\u00edlio recebeu 1.021 votos. Augusto teve 887 votos, seguido por Gobbi, com 733. Antes dos n\u00fameros finais, eram 55 brancos e 13 nulos. O novo comandante substituir\u00e1 Andr\u00e9s Sanchez a partir de 4 de janeiro.<\/p>\n<p style=\"text-align: justify;\">\n<p style=\"text-align: justify;\">\n<p style=\"text-align: justify;\">O clima no gin\u00e1sio Wlamir Marques foi tranquilo e sem confus\u00e3o apesar das manifesta\u00e7\u00f5es de torcedores durante a semana. Havia tamb\u00e9m uma preocupa\u00e7\u00e3o com o isolamento social e os cuidados de sa\u00fade devido \u00e0 pandemia do novo coronav\u00edrus.<\/p>\n<p style=\"text-align: justify;\">Du\u00edlio, de 45 anos, \u00e9 empres\u00e1rio e filho de Adilson Monteiro Alves, um dos hist\u00f3ricos idealizadores da Democracia Corinthiana, na d\u00e9cada de 1980. Ele teve um cargo no clube pela primeira vez em 2009, quando foi diretor de cultura do Tim\u00e3o.<\/p>\n<p style=\"text-align: justify;\">R7.<\/p>\n<\/article>\n<p><\/main><\/div>\n<\/div>\n<\/div>\n<\/div>\n","protected":false},"excerpt":{"rendered":"<p>O Corinthians\u00a0tem um novo presidente. Com 15 das 17 urnas apuradas no Parque S\u00e3o Jorge, Du\u00edlio Monteiro Alves, candidato da situa\u00e7\u00e3o, foi eleito para o tri\u00eanio 2021-2023. Augusto Melo e M\u00e1rio Gobbi foram os candidatos derrotados. Du\u00edlio recebeu 1.021 votos. Augusto teve 887 votos, seguido por Gobbi, com 733. Antes dos n\u00fameros finais, eram 55 &hellip;<\/p>\n","protected":false},"author":2,"featured_media":59694,"comment_status":"open","ping_status":"open","sticky":false,"template":"","format":"standard","meta":{"content-type":"","rop_custom_images_group":[],"rop_custom_messages_group":[],"rop_publish_now":"initial","rop_publish_now_accounts":{"facebook_2648258775420054_1618374048415101":""},"rop_publish_now_history":[],"rop_publish_now_status":"pending","footnotes":"","_jetpack_memberships_contains_paid_content":false},"categories":[113,108],"tags":[7798,7799,7800],"yoast_head":"<!-- This site is optimized with the Yoast SEO plugin v22.3 - https:\/\/yoast.com\/wordpress\/plugins\/seo\/ -->\n<title>Du\u00edlio \u00e9 eleito presidente do Corinthians para pr\u00f3ximos tr\u00eas anos<\/title>\n<meta name=\"robots\" content=\"index, follow, max-snippet:-1, max-image-preview:large, max-video-preview:-1\" \/>\n<link rel=\"canonical\" href=\"https:\/\/portalnpm.com\/index.php\/2020\/11\/29\/duilio-e-eleito-presidente-do-corinthians-para-proximos-tres-anos\/\" \/>\n<meta property=\"og:locale\" content=\"pt_BR\" \/>\n<meta property=\"og:type\" content=\"article\" \/>\n<meta property=\"og:title\" content=\"Du\u00edlio \u00e9 eleito presidente do Corinthians para pr\u00f3ximos tr\u00eas anos\" \/>\n<meta property=\"og:description\" content=\"O Corinthians\u00a0tem um novo presidente. Com 15 das 17 urnas apuradas no Parque S\u00e3o Jorge, Du\u00edlio Monteiro Alves, candidato da situa\u00e7\u00e3o, foi eleito para o tri\u00eanio 2021-2023. Augusto Melo e M\u00e1rio Gobbi foram os candidatos derrotados. Du\u00edlio recebeu 1.021 votos. Augusto teve 887 votos, seguido por Gobbi, com 733. Antes dos n\u00fameros finais, eram 55 &hellip;\" \/>\n<meta property=\"og:url\" content=\"https:\/\/portalnpm.com\/index.php\/2020\/11\/29\/duilio-e-eleito-presidente-do-corinthians-para-proximos-tres-anos\/\" \/>\n<meta property=\"og:site_name\" content=\"Portal NPM\" \/>\n<meta property=\"article:published_time\" content=\"2020-11-29T11:54:39+00:00\" \/>\n<meta property=\"og:image\" content=\"https:\/\/portalnpm.com\/wp-content\/uploads\/2024\/01\/duilio-monteiro-alves-23102019102934870.jpeg\" \/>\n\t<meta property=\"og:image:width\" content=\"459\" \/>\n\t<meta property=\"og:image:height\" content=\"305\" \/>\n\t<meta property=\"og:image:type\" content=\"image\/jpeg\" \/>\n<meta name=\"author\" content=\"Genival Barbosa\" \/>\n<meta name=\"twitter:card\" content=\"summary_large_image\" \/>\n<meta name=\"twitter:label1\" content=\"Escrito por\" \/>\n\t<meta name=\"twitter:data1\" content=\"Genival Barbosa\" \/>\n\t<meta name=\"twitter:label2\" content=\"Est. tempo de leitura\" \/>\n\t<meta name=\"twitter:data2\" content=\"1 minuto\" \/>\n<script type=\"application\/ld+json\" class=\"yoast-schema-graph\">{\"@context\":\"https:\/\/schema.org\",\"@graph\":[{\"@type\":\"WebPage\",\"@id\":\"https:\/\/portalnpm.com\/index.php\/2020\/11\/29\/duilio-e-eleito-presidente-do-corinthians-para-proximos-tres-anos\/\",\"url\":\"https:\/\/portalnpm.com\/index.php\/2020\/11\/29\/duilio-e-eleito-presidente-do-corinthians-para-proximos-tres-anos\/\",\"name\":\"Du\u00edlio \u00e9 eleito presidente do Corinthians para pr\u00f3ximos tr\u00eas anos\",\"isPartOf\":{\"@id\":\"https:\/\/portalnpm.com\/#website\"},\"primaryImageOfPage\":{\"@id\":\"https:\/\/portalnpm.com\/index.php\/2020\/11\/29\/duilio-e-eleito-presidente-do-corinthians-para-proximos-tres-anos\/#primaryimage\"},\"image\":{\"@id\":\"https:\/\/portalnpm.com\/index.php\/2020\/11\/29\/duilio-e-eleito-presidente-do-corinthians-para-proximos-tres-anos\/#primaryimage\"},\"thumbnailUrl\":\"https:\/\/portalnpm.com\/wp-content\/uploads\/2024\/01\/duilio-monteiro-alves-23102019102934870.jpeg\",\"datePublished\":\"2020-11-29T11:54:39+00:00\",\"dateModified\":\"2020-11-29T11:54:39+00:00\",\"author\":{\"@id\":\"https:\/\/portalnpm.com\/#\/schema\/person\/49313e563cfdefcc167f1ee4c017c294\"},\"breadcrumb\":{\"@id\":\"https:\/\/portalnpm.com\/index.php\/2020\/11\/29\/duilio-e-eleito-presidente-do-corinthians-para-proximos-tres-anos\/#breadcrumb\"},\"inLanguage\":\"pt-BR\",\"potentialAction\":[{\"@type\":\"ReadAction\",\"target\":[\"https:\/\/portalnpm.com\/index.php\/2020\/11\/29\/duilio-e-eleito-presidente-do-corinthians-para-proximos-tres-anos\/\"]}]},{\"@type\":\"ImageObject\",\"inLanguage\":\"pt-BR\",\"@id\":\"https:\/\/portalnpm.com\/index.php\/2020\/11\/29\/duilio-e-eleito-presidente-do-corinthians-para-proximos-tres-anos\/#primaryimage\",\"url\":\"https:\/\/portalnpm.com\/wp-content\/uploads\/2024\/01\/duilio-monteiro-alves-23102019102934870.jpeg\",\"contentUrl\":\"https:\/\/portalnpm.com\/wp-content\/uploads\/2024\/01\/duilio-monteiro-alves-23102019102934870.jpeg\",\"width\":459,\"height\":305},{\"@type\":\"BreadcrumbList\",\"@id\":\"https:\/\/portalnpm.com\/index.php\/2020\/11\/29\/duilio-e-eleito-presidente-do-corinthians-para-proximos-tres-anos\/#breadcrumb\",\"itemListElement\":[{\"@type\":\"ListItem\",\"position\":1,\"name\":\"In\u00edcio\",\"item\":\"https:\/\/portalnpm.com\/\"},{\"@type\":\"ListItem\",\"position\":2,\"name\":\"Du\u00edlio \u00e9 eleito presidente do Corinthians para pr\u00f3ximos tr\u00eas anos\"}]},{\"@type\":\"WebSite\",\"@id\":\"https:\/\/portalnpm.com\/#website\",\"url\":\"https:\/\/portalnpm.com\/\",\"name\":\"Portal NPM\",\"description\":\"Not\u00edcias em Primeira M\u00e3o\",\"potentialAction\":[{\"@type\":\"SearchAction\",\"target\":{\"@type\":\"EntryPoint\",\"urlTemplate\":\"https:\/\/portalnpm.com\/?s={search_term_string}\"},\"query-input\":\"required name=search_term_string\"}],\"inLanguage\":\"pt-BR\"},{\"@type\":\"Person\",\"@id\":\"https:\/\/portalnpm.com\/#\/schema\/person\/49313e563cfdefcc167f1ee4c017c294\",\"name\":\"Genival Barbosa\",\"image\":{\"@type\":\"ImageObject\",\"inLanguage\":\"pt-BR\",\"@id\":\"https:\/\/portalnpm.com\/#\/schema\/person\/image\/\",\"url\":\"https:\/\/portalnpm.com\/wp-content\/uploads\/2024\/02\/avatar_user_2_1707743258-96x96.jpeg\",\"contentUrl\":\"https:\/\/portalnpm.com\/wp-content\/uploads\/2024\/02\/avatar_user_2_1707743258-96x96.jpeg\",\"caption\":\"Genival Barbosa\"},\"url\":\"https:\/\/portalnpm.com\/index.php\/author\/genival\/\"}]}<\/script>\n<!-- \/ Yoast SEO plugin. -->","yoast_head_json":{"title":"Du\u00edlio \u00e9 eleito presidente do Corinthians para pr\u00f3ximos tr\u00eas anos","robots":{"index":"index","follow":"follow","max-snippet":"max-snippet:-1","max-image-preview":"max-image-preview:large","max-video-preview":"max-video-preview:-1"},"canonical":"https:\/\/portalnpm.com\/index.php\/2020\/11\/29\/duilio-e-eleito-presidente-do-corinthians-para-proximos-tres-anos\/","og_locale":"pt_BR","og_type":"article","og_title":"Du\u00edlio \u00e9 eleito presidente do Corinthians para pr\u00f3ximos tr\u00eas anos","og_description":"O Corinthians\u00a0tem um novo presidente. Com 15 das 17 urnas apuradas no Parque S\u00e3o Jorge, Du\u00edlio Monteiro Alves, candidato da situa\u00e7\u00e3o, foi eleito para o tri\u00eanio 2021-2023. Augusto Melo e M\u00e1rio Gobbi foram os candidatos derrotados. Du\u00edlio recebeu 1.021 votos. Augusto teve 887 votos, seguido por Gobbi, com 733. Antes dos n\u00fameros finais, eram 55 &hellip;","og_url":"https:\/\/portalnpm.com\/index.php\/2020\/11\/29\/duilio-e-eleito-presidente-do-corinthians-para-proximos-tres-anos\/","og_site_name":"Portal NPM","article_published_time":"2020-11-29T11:54:39+00:00","og_image":[{"width":459,"height":305,"url":"https:\/\/portalnpm.com\/wp-content\/uploads\/2024\/01\/duilio-monteiro-alves-23102019102934870.jpeg","type":"image\/jpeg"}],"author":"Genival Barbosa","twitter_card":"summary_large_image","twitter_misc":{"Escrito por":"Genival Barbosa","Est. tempo de leitura":"1 minuto"},"schema":{"@context":"https:\/\/schema.org","@graph":[{"@type":"WebPage","@id":"https:\/\/portalnpm.com\/index.php\/2020\/11\/29\/duilio-e-eleito-presidente-do-corinthians-para-proximos-tres-anos\/","url":"https:\/\/portalnpm.com\/index.php\/2020\/11\/29\/duilio-e-eleito-presidente-do-corinthians-para-proximos-tres-anos\/","name":"Du\u00edlio \u00e9 eleito presidente do Corinthians para pr\u00f3ximos tr\u00eas anos","isPartOf":{"@id":"https:\/\/portalnpm.com\/#website"},"primaryImageOfPage":{"@id":"https:\/\/portalnpm.com\/index.php\/2020\/11\/29\/duilio-e-eleito-presidente-do-corinthians-para-proximos-tres-anos\/#primaryimage"},"image":{"@id":"https:\/\/portalnpm.com\/index.php\/2020\/11\/29\/duilio-e-eleito-presidente-do-corinthians-para-proximos-tres-anos\/#primaryimage"},"thumbnailUrl":"https:\/\/portalnpm.com\/wp-content\/uploads\/2024\/01\/duilio-monteiro-alves-23102019102934870.jpeg","datePublished":"2020-11-29T11:54:39+00:00","dateModified":"2020-11-29T11:54:39+00:00","author":{"@id":"https:\/\/portalnpm.com\/#\/schema\/person\/49313e563cfdefcc167f1ee4c017c294"},"breadcrumb":{"@id":"https:\/\/portalnpm.com\/index.php\/2020\/11\/29\/duilio-e-eleito-presidente-do-corinthians-para-proximos-tres-anos\/#breadcrumb"},"inLanguage":"pt-BR","potentialAction":[{"@type":"ReadAction","target":["https:\/\/portalnpm.com\/index.php\/2020\/11\/29\/duilio-e-eleito-presidente-do-corinthians-para-proximos-tres-anos\/"]}]},{"@type":"ImageObject","inLanguage":"pt-BR","@id":"https:\/\/portalnpm.com\/index.php\/2020\/11\/29\/duilio-e-eleito-presidente-do-corinthians-para-proximos-tres-anos\/#primaryimage","url":"https:\/\/portalnpm.com\/wp-content\/uploads\/2024\/01\/duilio-monteiro-alves-23102019102934870.jpeg","contentUrl":"https:\/\/portalnpm.com\/wp-content\/uploads\/2024\/01\/duilio-monteiro-alves-23102019102934870.jpeg","width":459,"height":305},{"@type":"BreadcrumbList","@id":"https:\/\/portalnpm.com\/index.php\/2020\/11\/29\/duilio-e-eleito-presidente-do-corinthians-para-proximos-tres-anos\/#breadcrumb","itemListElement":[{"@type":"ListItem","position":1,"name":"In\u00edcio","item":"https:\/\/portalnpm.com\/"},{"@type":"ListItem","position":2,"name":"Du\u00edlio \u00e9 eleito presidente do Corinthians para pr\u00f3ximos tr\u00eas anos"}]},{"@type":"WebSite","@id":"https:\/\/portalnpm.com\/#website","url":"https:\/\/portalnpm.com\/","name":"Portal NPM","description":"Not\u00edcias em Primeira M\u00e3o","potentialAction":[{"@type":"SearchAction","target":{"@type":"EntryPoint","urlTemplate":"https:\/\/portalnpm.com\/?s={search_term_string}"},"query-input":"required name=search_term_string"}],"inLanguage":"pt-BR"},{"@type":"Person","@id":"https:\/\/portalnpm.com\/#\/schema\/person\/49313e563cfdefcc167f1ee4c017c294","name":"Genival Barbosa","image":{"@type":"ImageObject","inLanguage":"pt-BR","@id":"https:\/\/portalnpm.com\/#\/schema\/person\/image\/","url":"https:\/\/portalnpm.com\/wp-content\/uploads\/2024\/02\/avatar_user_2_1707743258-96x96.jpeg","contentUrl":"https:\/\/portalnpm.com\/wp-content\/uploads\/2024\/02\/avatar_user_2_1707743258-96x96.jpeg","caption":"Genival Barbosa"},"url":"https:\/\/portalnpm.com\/index.php\/author\/genival\/"}]}},"jetpack_sharing_enabled":true,"jetpack_featured_media_url":"https:\/\/portalnpm.com\/wp-content\/uploads\/2024\/01\/duilio-monteiro-alves-23102019102934870.jpeg","_links":{"self":[{"href":"https:\/\/portalnpm.com\/index.php\/wp-json\/wp\/v2\/posts\/59693"}],"collection":[{"href":"https:\/\/portalnpm.com\/index.php\/wp-json\/wp\/v2\/posts"}],"about":[{"href":"https:\/\/portalnpm.com\/index.php\/wp-json\/wp\/v2\/types\/post"}],"author":[{"embeddable":true,"href":"https:\/\/portalnpm.com\/index.php\/wp-json\/wp\/v2\/users\/2"}],"replies":[{"embeddable":true,"href":"https:\/\/portalnpm.com\/index.php\/wp-json\/wp\/v2\/comments?post=59693"}],"version-history":[{"count":0,"href":"https:\/\/portalnpm.com\/index.php\/wp-json\/wp\/v2\/posts\/59693\/revisions"}],"wp:featuredmedia":[{"embeddable":true,"href":"https:\/\/portalnpm.com\/index.php\/wp-json\/wp\/v2\/media\/59694"}],"wp:attachment":[{"href":"https:\/\/portalnpm.com\/index.php\/wp-json\/wp\/v2\/media?parent=59693"}],"wp:term":[{"taxonomy":"category","embeddable":true,"href":"https:\/\/portalnpm.com\/index.php\/wp-json\/wp\/v2\/categories?post=59693"},{"taxonomy":"post_tag","embeddable":true,"href":"https:\/\/portalnpm.com\/index.php\/wp-json\/wp\/v2\/tags?post=59693"}],"curies":[{"name":"wp","href":"https:\/\/api.w.org\/{rel}","templated":true}]}}