{"id":59710,"date":"2020-12-02T18:03:58","date_gmt":"2020-12-02T21:03:58","guid":{"rendered":"https:\/\/portalnpm.com\/index.php\/2020\/12\/02\/em-sao-juliao-leureny-sobrinho-reune-se-com-amigos-no-posto-catarina-e-discute-metas-para-oposicao-veja\/"},"modified":"2024-01-15T21:42:38","modified_gmt":"2024-01-16T00:42:38","slug":"em-sao-juliao-leureny-sobrinho-reune-se-com-amigos-no-posto-catarina-e-discute-metas-para-oposicao-veja","status":"publish","type":"post","link":"https:\/\/portalnpm.com\/index.php\/2020\/12\/02\/em-sao-juliao-leureny-sobrinho-reune-se-com-amigos-no-posto-catarina-e-discute-metas-para-oposicao-veja\/","title":{"rendered":"Em S\u00e3o Juli\u00e3o, Leureny Sobrinho re\u00fane-se com amigos no posto Catarina e discute metas para oposi\u00e7\u00e3o; veja!"},"content":{"rendered":"<p><p style=\"text-align: justify;\">O candidato a vice-prefeito de S&atilde;o Juli&atilde;o &#8211; PI pela oposi&ccedil;&atilde;o, Leureny Sobrinho (PSDB), reuniu-se no final da tarde desta quarta-feira (02), no posto Catarina de propriedade do empres&aacute;rio Mois&eacute;s Alencar, com amigos e simpatizantes da oposi&ccedil;&atilde;o.<\/p>\n<p><img fetchpriority=\"high\" decoding=\"async\" class=\"aligncenter size-full wp-image-28047\" src=\"https:\/\/portalnpm.com\/wp-content\/uploads\/2024\/01\/IMG-20201202-WA0393.jpg\" alt=\"\" width=\"1280\" height=\"960\"><\/p>\n<p style=\"text-align: justify;\">Leureny Sobrinho tra&ccedil;ou metas para a oposi&ccedil;&atilde;o nesses pr&oacute;ximos quatro anos e destacou que tem o sonho de ser prefeito de S&atilde;o Juli&atilde;o. O pol&iacute;tico enfatizou que a oposi&ccedil;&atilde;o estar&aacute; unida e exercer&aacute; um papel de muita fiscaliza&ccedil;&atilde;o e responsabilidade.<\/p>\n<p style=\"text-align: justify;\">Estiveram presente al&eacute;m de Leureny Sobrinho, Luis Alberto, o sanfoneiro Ricardo Acordeon, o biom&eacute;dico Pedro Eduardo, os empres&aacute;rios Jeov&aacute; e Mois&eacute;s Alencar, al&eacute;m de Jo&atilde;o Marcos e Jailson.<\/p>\n<figure id=\"attachment_28048\" aria-describedby=\"caption-attachment-28048\" style=\"width: 750px\" class=\"wp-caption aligncenter\"><img decoding=\"async\" class=\"size-full wp-image-28048\" src=\"https:\/\/portalnpm.com\/wp-content\/uploads\/2024\/01\/IMG-20201202-WA0116.jpg\" alt=\"\" width=\"750\" height=\"1000\"><figcaption id=\"caption-attachment-28048\" class=\"wp-caption-text\">Leureny Sobrinho (PSDB) ao lado do l&iacute;der pol&iacute;tico Luis Alberto (PL)<\/figcaption><\/figure>\n<p style=\"text-align: justify;\">Leureny Sobrinho foi candidato a vice-prefeito juntamente com a ex-primeira dama Rufina Isabel (PT), onde receberam do eleitorado 2.137 votos, o equivalente a 46,05% dos votos v&aacute;lidos. Leureny Sobrinho foi vereador de S&atilde;o Juli&atilde;o por tr&ecirc;s mandatos consecutivos. Na elei&ccedil;&atilde;o de 2016, elegeu a sua esposa Ant&ocirc;nia do Leu como a segunda mais bem votada para o legislativo municipal com 404 votos.<\/p><\/p>\n","protected":false},"excerpt":{"rendered":"<p>O candidato a vice-prefeito de S&atilde;o Juli&atilde;o &#8211; PI pela oposi&ccedil;&atilde;o, Leureny Sobrinho (PSDB), reuniu-se no final da tarde desta quarta-feira (02), no posto Catarina de propriedade do empres&aacute;rio Mois&eacute;s Alencar, com amigos e simpatizantes da oposi&ccedil;&atilde;o. Leureny Sobrinho tra&ccedil;ou metas para a oposi&ccedil;&atilde;o nesses pr&oacute;ximos quatro anos e destacou que tem o sonho de &hellip;<\/p>\n","protected":false},"author":4,"featured_media":59711,"comment_status":"open","ping_status":"open","sticky":false,"template":"","format":"standard","meta":{"content-type":"","rop_custom_images_group":[],"rop_custom_messages_group":[],"rop_publish_now":"initial","rop_publish_now_accounts":{"facebook_2648258775420054_1618374048415101":""},"rop_publish_now_history":[],"rop_publish_now_status":"pending","footnotes":"","_jetpack_memberships_contains_paid_content":false},"categories":[113,109,136],"tags":[771,176,137],"yoast_head":"<!-- This site is optimized with the Yoast SEO plugin v22.3 - https:\/\/yoast.com\/wordpress\/plugins\/seo\/ -->\n<title>Em S\u00e3o Juli\u00e3o, Leureny Sobrinho re\u00fane-se com amigos no posto Catarina e discute metas para oposi\u00e7\u00e3o; veja!<\/title>\n<meta name=\"robots\" content=\"index, follow, max-snippet:-1, max-image-preview:large, max-video-preview:-1\" \/>\n<link rel=\"canonical\" href=\"https:\/\/portalnpm.com\/index.php\/2020\/12\/02\/em-sao-juliao-leureny-sobrinho-reune-se-com-amigos-no-posto-catarina-e-discute-metas-para-oposicao-veja\/\" \/>\n<meta property=\"og:locale\" content=\"pt_BR\" \/>\n<meta property=\"og:type\" content=\"article\" \/>\n<meta property=\"og:title\" content=\"Em S\u00e3o Juli\u00e3o, Leureny Sobrinho re\u00fane-se com amigos no posto Catarina e discute metas para oposi\u00e7\u00e3o; veja!\" \/>\n<meta property=\"og:description\" content=\"O candidato a vice-prefeito de S&atilde;o Juli&atilde;o &#8211; PI pela oposi&ccedil;&atilde;o, Leureny Sobrinho (PSDB), reuniu-se no final da tarde desta quarta-feira (02), no posto Catarina de propriedade do empres&aacute;rio Mois&eacute;s Alencar, com amigos e simpatizantes da oposi&ccedil;&atilde;o. Leureny Sobrinho tra&ccedil;ou metas para a oposi&ccedil;&atilde;o nesses pr&oacute;ximos quatro anos e destacou que tem o sonho de &hellip;\" \/>\n<meta property=\"og:url\" content=\"https:\/\/portalnpm.com\/index.php\/2020\/12\/02\/em-sao-juliao-leureny-sobrinho-reune-se-com-amigos-no-posto-catarina-e-discute-metas-para-oposicao-veja\/\" \/>\n<meta property=\"og:site_name\" content=\"Portal NPM\" \/>\n<meta property=\"article:published_time\" content=\"2020-12-02T21:03:58+00:00\" \/>\n<meta property=\"article:modified_time\" content=\"2024-01-16T00:42:38+00:00\" \/>\n<meta property=\"og:image\" content=\"https:\/\/portalnpm.com\/wp-content\/uploads\/2024\/01\/IMG-20201202-WA0117.jpg\" \/>\n\t<meta property=\"og:image:width\" content=\"1000\" \/>\n\t<meta property=\"og:image:height\" content=\"750\" \/>\n\t<meta property=\"og:image:type\" content=\"image\/jpeg\" \/>\n<meta name=\"author\" content=\"Reda\u00e7\u00e3o\" \/>\n<meta name=\"twitter:card\" content=\"summary_large_image\" \/>\n<meta name=\"twitter:label1\" content=\"Escrito por\" \/>\n\t<meta name=\"twitter:data1\" content=\"Reda\u00e7\u00e3o\" \/>\n\t<meta name=\"twitter:label2\" content=\"Est. tempo de leitura\" \/>\n\t<meta name=\"twitter:data2\" content=\"1 minuto\" \/>\n<script type=\"application\/ld+json\" class=\"yoast-schema-graph\">{\"@context\":\"https:\/\/schema.org\",\"@graph\":[{\"@type\":\"WebPage\",\"@id\":\"https:\/\/portalnpm.com\/index.php\/2020\/12\/02\/em-sao-juliao-leureny-sobrinho-reune-se-com-amigos-no-posto-catarina-e-discute-metas-para-oposicao-veja\/\",\"url\":\"https:\/\/portalnpm.com\/index.php\/2020\/12\/02\/em-sao-juliao-leureny-sobrinho-reune-se-com-amigos-no-posto-catarina-e-discute-metas-para-oposicao-veja\/\",\"name\":\"Em S\u00e3o Juli\u00e3o, Leureny Sobrinho re\u00fane-se com amigos no posto Catarina e discute metas para oposi\u00e7\u00e3o; veja!\",\"isPartOf\":{\"@id\":\"https:\/\/portalnpm.com\/#website\"},\"primaryImageOfPage\":{\"@id\":\"https:\/\/portalnpm.com\/index.php\/2020\/12\/02\/em-sao-juliao-leureny-sobrinho-reune-se-com-amigos-no-posto-catarina-e-discute-metas-para-oposicao-veja\/#primaryimage\"},\"image\":{\"@id\":\"https:\/\/portalnpm.com\/index.php\/2020\/12\/02\/em-sao-juliao-leureny-sobrinho-reune-se-com-amigos-no-posto-catarina-e-discute-metas-para-oposicao-veja\/#primaryimage\"},\"thumbnailUrl\":\"https:\/\/portalnpm.com\/wp-content\/uploads\/2024\/01\/IMG-20201202-WA0117.jpg\",\"datePublished\":\"2020-12-02T21:03:58+00:00\",\"dateModified\":\"2024-01-16T00:42:38+00:00\",\"author\":{\"@id\":\"https:\/\/portalnpm.com\/#\/schema\/person\/0b5f230ec96cee25504fa328e7f2b733\"},\"breadcrumb\":{\"@id\":\"https:\/\/portalnpm.com\/index.php\/2020\/12\/02\/em-sao-juliao-leureny-sobrinho-reune-se-com-amigos-no-posto-catarina-e-discute-metas-para-oposicao-veja\/#breadcrumb\"},\"inLanguage\":\"pt-BR\",\"potentialAction\":[{\"@type\":\"ReadAction\",\"target\":[\"https:\/\/portalnpm.com\/index.php\/2020\/12\/02\/em-sao-juliao-leureny-sobrinho-reune-se-com-amigos-no-posto-catarina-e-discute-metas-para-oposicao-veja\/\"]}]},{\"@type\":\"ImageObject\",\"inLanguage\":\"pt-BR\",\"@id\":\"https:\/\/portalnpm.com\/index.php\/2020\/12\/02\/em-sao-juliao-leureny-sobrinho-reune-se-com-amigos-no-posto-catarina-e-discute-metas-para-oposicao-veja\/#primaryimage\",\"url\":\"https:\/\/portalnpm.com\/wp-content\/uploads\/2024\/01\/IMG-20201202-WA0117.jpg\",\"contentUrl\":\"https:\/\/portalnpm.com\/wp-content\/uploads\/2024\/01\/IMG-20201202-WA0117.jpg\",\"width\":1000,\"height\":750},{\"@type\":\"BreadcrumbList\",\"@id\":\"https:\/\/portalnpm.com\/index.php\/2020\/12\/02\/em-sao-juliao-leureny-sobrinho-reune-se-com-amigos-no-posto-catarina-e-discute-metas-para-oposicao-veja\/#breadcrumb\",\"itemListElement\":[{\"@type\":\"ListItem\",\"position\":1,\"name\":\"In\u00edcio\",\"item\":\"https:\/\/portalnpm.com\/\"},{\"@type\":\"ListItem\",\"position\":2,\"name\":\"Em S\u00e3o Juli\u00e3o, Leureny Sobrinho re\u00fane-se com amigos no posto Catarina e discute metas para oposi\u00e7\u00e3o; veja!\"}]},{\"@type\":\"WebSite\",\"@id\":\"https:\/\/portalnpm.com\/#website\",\"url\":\"https:\/\/portalnpm.com\/\",\"name\":\"Portal NPM\",\"description\":\"Not\u00edcias em Primeira M\u00e3o\",\"potentialAction\":[{\"@type\":\"SearchAction\",\"target\":{\"@type\":\"EntryPoint\",\"urlTemplate\":\"https:\/\/portalnpm.com\/?s={search_term_string}\"},\"query-input\":\"required name=search_term_string\"}],\"inLanguage\":\"pt-BR\"},{\"@type\":\"Person\",\"@id\":\"https:\/\/portalnpm.com\/#\/schema\/person\/0b5f230ec96cee25504fa328e7f2b733\",\"name\":\"Reda\u00e7\u00e3o\",\"image\":{\"@type\":\"ImageObject\",\"inLanguage\":\"pt-BR\",\"@id\":\"https:\/\/portalnpm.com\/#\/schema\/person\/image\/\",\"url\":\"https:\/\/portalnpm.com\/wp-content\/uploads\/2024\/03\/avatar_user_4_1710097212-96x96.png\",\"contentUrl\":\"https:\/\/portalnpm.com\/wp-content\/uploads\/2024\/03\/avatar_user_4_1710097212-96x96.png\",\"caption\":\"Reda\u00e7\u00e3o\"},\"url\":\"https:\/\/portalnpm.com\/index.php\/author\/redacao\/\"}]}<\/script>\n<!-- \/ Yoast SEO plugin. -->","yoast_head_json":{"title":"Em S\u00e3o Juli\u00e3o, Leureny Sobrinho re\u00fane-se com amigos no posto Catarina e discute metas para oposi\u00e7\u00e3o; veja!","robots":{"index":"index","follow":"follow","max-snippet":"max-snippet:-1","max-image-preview":"max-image-preview:large","max-video-preview":"max-video-preview:-1"},"canonical":"https:\/\/portalnpm.com\/index.php\/2020\/12\/02\/em-sao-juliao-leureny-sobrinho-reune-se-com-amigos-no-posto-catarina-e-discute-metas-para-oposicao-veja\/","og_locale":"pt_BR","og_type":"article","og_title":"Em S\u00e3o Juli\u00e3o, Leureny Sobrinho re\u00fane-se com amigos no posto Catarina e discute metas para oposi\u00e7\u00e3o; veja!","og_description":"O candidato a vice-prefeito de S&atilde;o Juli&atilde;o &#8211; PI pela oposi&ccedil;&atilde;o, Leureny Sobrinho (PSDB), reuniu-se no final da tarde desta quarta-feira (02), no posto Catarina de propriedade do empres&aacute;rio Mois&eacute;s Alencar, com amigos e simpatizantes da oposi&ccedil;&atilde;o. Leureny Sobrinho tra&ccedil;ou metas para a oposi&ccedil;&atilde;o nesses pr&oacute;ximos quatro anos e destacou que tem o sonho de &hellip;","og_url":"https:\/\/portalnpm.com\/index.php\/2020\/12\/02\/em-sao-juliao-leureny-sobrinho-reune-se-com-amigos-no-posto-catarina-e-discute-metas-para-oposicao-veja\/","og_site_name":"Portal NPM","article_published_time":"2020-12-02T21:03:58+00:00","article_modified_time":"2024-01-16T00:42:38+00:00","og_image":[{"width":1000,"height":750,"url":"https:\/\/portalnpm.com\/wp-content\/uploads\/2024\/01\/IMG-20201202-WA0117.jpg","type":"image\/jpeg"}],"author":"Reda\u00e7\u00e3o","twitter_card":"summary_large_image","twitter_misc":{"Escrito por":"Reda\u00e7\u00e3o","Est. tempo de leitura":"1 minuto"},"schema":{"@context":"https:\/\/schema.org","@graph":[{"@type":"WebPage","@id":"https:\/\/portalnpm.com\/index.php\/2020\/12\/02\/em-sao-juliao-leureny-sobrinho-reune-se-com-amigos-no-posto-catarina-e-discute-metas-para-oposicao-veja\/","url":"https:\/\/portalnpm.com\/index.php\/2020\/12\/02\/em-sao-juliao-leureny-sobrinho-reune-se-com-amigos-no-posto-catarina-e-discute-metas-para-oposicao-veja\/","name":"Em S\u00e3o Juli\u00e3o, Leureny Sobrinho re\u00fane-se com amigos no posto Catarina e discute metas para oposi\u00e7\u00e3o; veja!","isPartOf":{"@id":"https:\/\/portalnpm.com\/#website"},"primaryImageOfPage":{"@id":"https:\/\/portalnpm.com\/index.php\/2020\/12\/02\/em-sao-juliao-leureny-sobrinho-reune-se-com-amigos-no-posto-catarina-e-discute-metas-para-oposicao-veja\/#primaryimage"},"image":{"@id":"https:\/\/portalnpm.com\/index.php\/2020\/12\/02\/em-sao-juliao-leureny-sobrinho-reune-se-com-amigos-no-posto-catarina-e-discute-metas-para-oposicao-veja\/#primaryimage"},"thumbnailUrl":"https:\/\/portalnpm.com\/wp-content\/uploads\/2024\/01\/IMG-20201202-WA0117.jpg","datePublished":"2020-12-02T21:03:58+00:00","dateModified":"2024-01-16T00:42:38+00:00","author":{"@id":"https:\/\/portalnpm.com\/#\/schema\/person\/0b5f230ec96cee25504fa328e7f2b733"},"breadcrumb":{"@id":"https:\/\/portalnpm.com\/index.php\/2020\/12\/02\/em-sao-juliao-leureny-sobrinho-reune-se-com-amigos-no-posto-catarina-e-discute-metas-para-oposicao-veja\/#breadcrumb"},"inLanguage":"pt-BR","potentialAction":[{"@type":"ReadAction","target":["https:\/\/portalnpm.com\/index.php\/2020\/12\/02\/em-sao-juliao-leureny-sobrinho-reune-se-com-amigos-no-posto-catarina-e-discute-metas-para-oposicao-veja\/"]}]},{"@type":"ImageObject","inLanguage":"pt-BR","@id":"https:\/\/portalnpm.com\/index.php\/2020\/12\/02\/em-sao-juliao-leureny-sobrinho-reune-se-com-amigos-no-posto-catarina-e-discute-metas-para-oposicao-veja\/#primaryimage","url":"https:\/\/portalnpm.com\/wp-content\/uploads\/2024\/01\/IMG-20201202-WA0117.jpg","contentUrl":"https:\/\/portalnpm.com\/wp-content\/uploads\/2024\/01\/IMG-20201202-WA0117.jpg","width":1000,"height":750},{"@type":"BreadcrumbList","@id":"https:\/\/portalnpm.com\/index.php\/2020\/12\/02\/em-sao-juliao-leureny-sobrinho-reune-se-com-amigos-no-posto-catarina-e-discute-metas-para-oposicao-veja\/#breadcrumb","itemListElement":[{"@type":"ListItem","position":1,"name":"In\u00edcio","item":"https:\/\/portalnpm.com\/"},{"@type":"ListItem","position":2,"name":"Em S\u00e3o Juli\u00e3o, Leureny Sobrinho re\u00fane-se com amigos no posto Catarina e discute metas para oposi\u00e7\u00e3o; veja!"}]},{"@type":"WebSite","@id":"https:\/\/portalnpm.com\/#website","url":"https:\/\/portalnpm.com\/","name":"Portal NPM","description":"Not\u00edcias em Primeira M\u00e3o","potentialAction":[{"@type":"SearchAction","target":{"@type":"EntryPoint","urlTemplate":"https:\/\/portalnpm.com\/?s={search_term_string}"},"query-input":"required name=search_term_string"}],"inLanguage":"pt-BR"},{"@type":"Person","@id":"https:\/\/portalnpm.com\/#\/schema\/person\/0b5f230ec96cee25504fa328e7f2b733","name":"Reda\u00e7\u00e3o","image":{"@type":"ImageObject","inLanguage":"pt-BR","@id":"https:\/\/portalnpm.com\/#\/schema\/person\/image\/","url":"https:\/\/portalnpm.com\/wp-content\/uploads\/2024\/03\/avatar_user_4_1710097212-96x96.png","contentUrl":"https:\/\/portalnpm.com\/wp-content\/uploads\/2024\/03\/avatar_user_4_1710097212-96x96.png","caption":"Reda\u00e7\u00e3o"},"url":"https:\/\/portalnpm.com\/index.php\/author\/redacao\/"}]}},"jetpack_sharing_enabled":true,"jetpack_featured_media_url":"https:\/\/portalnpm.com\/wp-content\/uploads\/2024\/01\/IMG-20201202-WA0117.jpg","_links":{"self":[{"href":"https:\/\/portalnpm.com\/index.php\/wp-json\/wp\/v2\/posts\/59710"}],"collection":[{"href":"https:\/\/portalnpm.com\/index.php\/wp-json\/wp\/v2\/posts"}],"about":[{"href":"https:\/\/portalnpm.com\/index.php\/wp-json\/wp\/v2\/types\/post"}],"author":[{"embeddable":true,"href":"https:\/\/portalnpm.com\/index.php\/wp-json\/wp\/v2\/users\/4"}],"replies":[{"embeddable":true,"href":"https:\/\/portalnpm.com\/index.php\/wp-json\/wp\/v2\/comments?post=59710"}],"version-history":[{"count":1,"href":"https:\/\/portalnpm.com\/index.php\/wp-json\/wp\/v2\/posts\/59710\/revisions"}],"predecessor-version":[{"id":59720,"href":"https:\/\/portalnpm.com\/index.php\/wp-json\/wp\/v2\/posts\/59710\/revisions\/59720"}],"wp:featuredmedia":[{"embeddable":true,"href":"https:\/\/portalnpm.com\/index.php\/wp-json\/wp\/v2\/media\/59711"}],"wp:attachment":[{"href":"https:\/\/portalnpm.com\/index.php\/wp-json\/wp\/v2\/media?parent=59710"}],"wp:term":[{"taxonomy":"category","embeddable":true,"href":"https:\/\/portalnpm.com\/index.php\/wp-json\/wp\/v2\/categories?post=59710"},{"taxonomy":"post_tag","embeddable":true,"href":"https:\/\/portalnpm.com\/index.php\/wp-json\/wp\/v2\/tags?post=59710"}],"curies":[{"name":"wp","href":"https:\/\/api.w.org\/{rel}","templated":true}]}}