{"id":59714,"date":"2020-12-02T20:11:06","date_gmt":"2020-12-02T23:11:06","guid":{"rendered":"https:\/\/portalnpm.com\/index.php\/2020\/12\/02\/prefeito-de-corrente-murilo-mascarenhas-faz-tratamento-contra-covid-19-em-brasilia\/"},"modified":"2020-12-02T20:11:06","modified_gmt":"2020-12-02T23:11:06","slug":"prefeito-de-corrente-murilo-mascarenhas-faz-tratamento-contra-covid-19-em-brasilia","status":"publish","type":"post","link":"https:\/\/portalnpm.com\/index.php\/2020\/12\/02\/prefeito-de-corrente-murilo-mascarenhas-faz-tratamento-contra-covid-19-em-brasilia\/","title":{"rendered":"Prefeito de Corrente, Murilo Mascarenhas faz tratamento contra Covid-19 em Bras\u00edlia"},"content":{"rendered":"<p style=\"text-align: justify;\">O prefeito reeleito de Corrente (PI), Murilo Mascarenhas (Progressistas), foi diagnosticado, recentemente, com o novo coronav\u00edrus. Desde que soube da doen\u00e7a, o pol\u00edtico viajou para o Distrito Federal, onde fez um\u00a0<em>check-up<\/em>\u00a0e, agora, recupera-se da infec\u00e7\u00e3o.<\/p>\n<p style=\"text-align: justify;\">\n<p style=\"text-align: justify;\">\n<p style=\"text-align: justify;\">Mascarenhas ganhou destaque no notici\u00e1rio da capital federal depois de pedir socorro ao GDF no auge da pandemia da Covid-19. Em agosto, o governo do DF enviou para a cidade nordestina 22,5 mil mil equipamentos de prote\u00e7\u00e3o individual, os chamados EPis. \u00a0A cidade de pouco mais de 26 mil habitantes foi onde o governador Ibaneis Rocha (MDB), passou boa parte de sua inf\u00e2ncia.<\/p>\n<p style=\"text-align: justify;\">A doa\u00e7\u00e3o tornou-se objeto de questionamento no \u00e2mbito de uma a\u00e7\u00e3o civil p\u00fablica. Em 22 de novembro, Ibaneis juntou peti\u00e7\u00e3o ao processo que corre no\u00a0<a href=\"https:\/\/www.metropoles.com\/distrito-federal\/tjdft-intima-ibaneis-rocha-a-explicar-doacao-de-epis-a-corrente-no-piaui\" target=\"_blank\" rel=\"noreferrer noopener\">Tribunal de Justi\u00e7a do Distrito Federal e Territ\u00f3rios (TJDFT)<\/a>\u00a0alegando que\u00a0<a href=\"https:\/\/www.metropoles.com\/distrito-federal\/ibaneis-diz-que-acao-judicial-por-doacao-de-epis-ao-piaui-e-falta-de-humanidade\" target=\"_blank\" rel=\"noreferrer noopener\">a doa\u00e7\u00e3o a Corrente n\u00e3o implicou em falta de insumos para o DF e que os autores foram desumanos ao relacionarem a iniciativa como ato de improbidade<\/a>.<\/p>\n<p style=\"text-align: justify;\">Em junho deste ano, durante uma\u00a0<a href=\"https:\/\/www.facebook.com\/314002688616806\/videos\/2956083054511263\" target=\"_blank\" rel=\"noreferrer noopener\">entrevista ao programa Corrente \u00e9 Not\u00edcia, da R\u00e1dio Eldorado<\/a>, o prefeito mencionou que recebeu doa\u00e7\u00f5es de amigos empres\u00e1rios de Bras\u00edlia e que teria repassado parte do material para Cristal\u00e2ndia e Riacho Frio, cidades tamb\u00e9m localizadas no Piau\u00ed.<\/p>\n<h6 style=\"text-align: justify;\">Estado de sa\u00fade<\/h6>\n<p style=\"text-align: justify;\">A irm\u00e3 do prefeito e secret\u00e1ria de Educa\u00e7\u00e3o de Corrente, Ian\u00ea Mascarenhas, confirmou \u00e0 coluna Grande Angular que Murilo permanece na capital federal, est\u00e1 bem clinicamente, fazendo\u00a0<em>check-up<\/em>\u00a0com especialistas e descansando. Ele n\u00e3o precisou ser internado e faz tratamento domiciliar.<\/p>\n<p style=\"text-align: justify;\">O diagn\u00f3stico positivo para Covid-19 foi anunciado em 19 de novembro, quatro dias ap\u00f3s o primeiro e \u00fanico turno das elei\u00e7\u00f5es na cidade. Murilo Mascarenhas foi reeleito prefeito de Corrente.<\/p>\n<p style=\"text-align: justify;\">\u201cFoi muito corrido e logo depois veio essa quest\u00e3o do coronav\u00edrus. Neste momento, ele est\u00e1 descansando um pouco para voltar \u00e0 batalha e aproveitando para fazer uma revis\u00e3o geral, porque o plano de sa\u00fade dele \u00e9 da\u00ed [no Distrito Federal]\u201d, disse Ian\u00ea. Segundo ela, o irm\u00e3o quer retornar para Corrente nos pr\u00f3ximos dias.<\/p>\n<p style=\"text-align: justify;\">Com Informa\u00e7\u00f5es : Metr\u00f3poles<\/p>\n","protected":false},"excerpt":{"rendered":"<p>O prefeito reeleito de Corrente (PI), Murilo Mascarenhas (Progressistas), foi diagnosticado, recentemente, com o novo coronav\u00edrus. Desde que soube da doen\u00e7a, o pol\u00edtico viajou para o Distrito Federal, onde fez um\u00a0check-up\u00a0e, agora, recupera-se da infec\u00e7\u00e3o. Mascarenhas ganhou destaque no notici\u00e1rio da capital federal depois de pedir socorro ao GDF no auge da pandemia da Covid-19. &hellip;<\/p>\n","protected":false},"author":2,"featured_media":28058,"comment_status":"open","ping_status":"open","sticky":false,"template":"","format":"standard","meta":{"content-type":"","rop_custom_images_group":[],"rop_custom_messages_group":[],"rop_publish_now":"initial","rop_publish_now_accounts":{"facebook_2648258775420054_1618374048415101":""},"rop_publish_now_history":[],"rop_publish_now_status":"pending","footnotes":"","_jetpack_memberships_contains_paid_content":false},"categories":[188,130],"tags":[7828,7829,7830,7831],"yoast_head":"<!-- This site is optimized with the Yoast SEO plugin v22.3 - https:\/\/yoast.com\/wordpress\/plugins\/seo\/ -->\n<title>Prefeito de Corrente, Murilo Mascarenhas faz tratamento contra Covid-19 em Bras\u00edlia<\/title>\n<meta name=\"robots\" content=\"index, follow, max-snippet:-1, max-image-preview:large, max-video-preview:-1\" \/>\n<link rel=\"canonical\" href=\"https:\/\/portalnpm.com\/index.php\/2020\/12\/02\/prefeito-de-corrente-murilo-mascarenhas-faz-tratamento-contra-covid-19-em-brasilia\/\" \/>\n<meta property=\"og:locale\" content=\"pt_BR\" \/>\n<meta property=\"og:type\" content=\"article\" \/>\n<meta property=\"og:title\" content=\"Prefeito de Corrente, Murilo Mascarenhas faz tratamento contra Covid-19 em Bras\u00edlia\" \/>\n<meta property=\"og:description\" content=\"O prefeito reeleito de Corrente (PI), Murilo Mascarenhas (Progressistas), foi diagnosticado, recentemente, com o novo coronav\u00edrus. Desde que soube da doen\u00e7a, o pol\u00edtico viajou para o Distrito Federal, onde fez um\u00a0check-up\u00a0e, agora, recupera-se da infec\u00e7\u00e3o. Mascarenhas ganhou destaque no notici\u00e1rio da capital federal depois de pedir socorro ao GDF no auge da pandemia da Covid-19. &hellip;\" \/>\n<meta property=\"og:url\" content=\"https:\/\/portalnpm.com\/index.php\/2020\/12\/02\/prefeito-de-corrente-murilo-mascarenhas-faz-tratamento-contra-covid-19-em-brasilia\/\" \/>\n<meta property=\"og:site_name\" content=\"Portal NPM\" \/>\n<meta property=\"article:published_time\" content=\"2020-12-02T23:11:06+00:00\" \/>\n<meta name=\"author\" content=\"Genival Barbosa\" \/>\n<meta name=\"twitter:card\" content=\"summary_large_image\" \/>\n<meta name=\"twitter:label1\" content=\"Escrito por\" \/>\n\t<meta name=\"twitter:data1\" content=\"Genival Barbosa\" \/>\n\t<meta name=\"twitter:label2\" content=\"Est. tempo de leitura\" \/>\n\t<meta name=\"twitter:data2\" content=\"2 minutos\" \/>\n<script type=\"application\/ld+json\" class=\"yoast-schema-graph\">{\"@context\":\"https:\/\/schema.org\",\"@graph\":[{\"@type\":\"WebPage\",\"@id\":\"https:\/\/portalnpm.com\/index.php\/2020\/12\/02\/prefeito-de-corrente-murilo-mascarenhas-faz-tratamento-contra-covid-19-em-brasilia\/\",\"url\":\"https:\/\/portalnpm.com\/index.php\/2020\/12\/02\/prefeito-de-corrente-murilo-mascarenhas-faz-tratamento-contra-covid-19-em-brasilia\/\",\"name\":\"Prefeito de Corrente, Murilo Mascarenhas faz tratamento contra Covid-19 em Bras\u00edlia\",\"isPartOf\":{\"@id\":\"https:\/\/portalnpm.com\/#website\"},\"primaryImageOfPage\":{\"@id\":\"https:\/\/portalnpm.com\/index.php\/2020\/12\/02\/prefeito-de-corrente-murilo-mascarenhas-faz-tratamento-contra-covid-19-em-brasilia\/#primaryimage\"},\"image\":{\"@id\":\"https:\/\/portalnpm.com\/index.php\/2020\/12\/02\/prefeito-de-corrente-murilo-mascarenhas-faz-tratamento-contra-covid-19-em-brasilia\/#primaryimage\"},\"thumbnailUrl\":\"\",\"datePublished\":\"2020-12-02T23:11:06+00:00\",\"dateModified\":\"2020-12-02T23:11:06+00:00\",\"author\":{\"@id\":\"https:\/\/portalnpm.com\/#\/schema\/person\/49313e563cfdefcc167f1ee4c017c294\"},\"breadcrumb\":{\"@id\":\"https:\/\/portalnpm.com\/index.php\/2020\/12\/02\/prefeito-de-corrente-murilo-mascarenhas-faz-tratamento-contra-covid-19-em-brasilia\/#breadcrumb\"},\"inLanguage\":\"pt-BR\",\"potentialAction\":[{\"@type\":\"ReadAction\",\"target\":[\"https:\/\/portalnpm.com\/index.php\/2020\/12\/02\/prefeito-de-corrente-murilo-mascarenhas-faz-tratamento-contra-covid-19-em-brasilia\/\"]}]},{\"@type\":\"ImageObject\",\"inLanguage\":\"pt-BR\",\"@id\":\"https:\/\/portalnpm.com\/index.php\/2020\/12\/02\/prefeito-de-corrente-murilo-mascarenhas-faz-tratamento-contra-covid-19-em-brasilia\/#primaryimage\",\"url\":\"\",\"contentUrl\":\"\"},{\"@type\":\"BreadcrumbList\",\"@id\":\"https:\/\/portalnpm.com\/index.php\/2020\/12\/02\/prefeito-de-corrente-murilo-mascarenhas-faz-tratamento-contra-covid-19-em-brasilia\/#breadcrumb\",\"itemListElement\":[{\"@type\":\"ListItem\",\"position\":1,\"name\":\"In\u00edcio\",\"item\":\"https:\/\/portalnpm.com\/\"},{\"@type\":\"ListItem\",\"position\":2,\"name\":\"Prefeito de Corrente, Murilo Mascarenhas faz tratamento contra Covid-19 em Bras\u00edlia\"}]},{\"@type\":\"WebSite\",\"@id\":\"https:\/\/portalnpm.com\/#website\",\"url\":\"https:\/\/portalnpm.com\/\",\"name\":\"Portal NPM\",\"description\":\"Not\u00edcias em Primeira M\u00e3o\",\"potentialAction\":[{\"@type\":\"SearchAction\",\"target\":{\"@type\":\"EntryPoint\",\"urlTemplate\":\"https:\/\/portalnpm.com\/?s={search_term_string}\"},\"query-input\":\"required name=search_term_string\"}],\"inLanguage\":\"pt-BR\"},{\"@type\":\"Person\",\"@id\":\"https:\/\/portalnpm.com\/#\/schema\/person\/49313e563cfdefcc167f1ee4c017c294\",\"name\":\"Genival Barbosa\",\"image\":{\"@type\":\"ImageObject\",\"inLanguage\":\"pt-BR\",\"@id\":\"https:\/\/portalnpm.com\/#\/schema\/person\/image\/\",\"url\":\"https:\/\/portalnpm.com\/wp-content\/uploads\/2024\/02\/avatar_user_2_1707743258-96x96.jpeg\",\"contentUrl\":\"https:\/\/portalnpm.com\/wp-content\/uploads\/2024\/02\/avatar_user_2_1707743258-96x96.jpeg\",\"caption\":\"Genival Barbosa\"},\"url\":\"https:\/\/portalnpm.com\/index.php\/author\/genival\/\"}]}<\/script>\n<!-- \/ Yoast SEO plugin. -->","yoast_head_json":{"title":"Prefeito de Corrente, Murilo Mascarenhas faz tratamento contra Covid-19 em Bras\u00edlia","robots":{"index":"index","follow":"follow","max-snippet":"max-snippet:-1","max-image-preview":"max-image-preview:large","max-video-preview":"max-video-preview:-1"},"canonical":"https:\/\/portalnpm.com\/index.php\/2020\/12\/02\/prefeito-de-corrente-murilo-mascarenhas-faz-tratamento-contra-covid-19-em-brasilia\/","og_locale":"pt_BR","og_type":"article","og_title":"Prefeito de Corrente, Murilo Mascarenhas faz tratamento contra Covid-19 em Bras\u00edlia","og_description":"O prefeito reeleito de Corrente (PI), Murilo Mascarenhas (Progressistas), foi diagnosticado, recentemente, com o novo coronav\u00edrus. Desde que soube da doen\u00e7a, o pol\u00edtico viajou para o Distrito Federal, onde fez um\u00a0check-up\u00a0e, agora, recupera-se da infec\u00e7\u00e3o. Mascarenhas ganhou destaque no notici\u00e1rio da capital federal depois de pedir socorro ao GDF no auge da pandemia da Covid-19. &hellip;","og_url":"https:\/\/portalnpm.com\/index.php\/2020\/12\/02\/prefeito-de-corrente-murilo-mascarenhas-faz-tratamento-contra-covid-19-em-brasilia\/","og_site_name":"Portal NPM","article_published_time":"2020-12-02T23:11:06+00:00","author":"Genival Barbosa","twitter_card":"summary_large_image","twitter_misc":{"Escrito por":"Genival Barbosa","Est. tempo de leitura":"2 minutos"},"schema":{"@context":"https:\/\/schema.org","@graph":[{"@type":"WebPage","@id":"https:\/\/portalnpm.com\/index.php\/2020\/12\/02\/prefeito-de-corrente-murilo-mascarenhas-faz-tratamento-contra-covid-19-em-brasilia\/","url":"https:\/\/portalnpm.com\/index.php\/2020\/12\/02\/prefeito-de-corrente-murilo-mascarenhas-faz-tratamento-contra-covid-19-em-brasilia\/","name":"Prefeito de Corrente, Murilo Mascarenhas faz tratamento contra Covid-19 em Bras\u00edlia","isPartOf":{"@id":"https:\/\/portalnpm.com\/#website"},"primaryImageOfPage":{"@id":"https:\/\/portalnpm.com\/index.php\/2020\/12\/02\/prefeito-de-corrente-murilo-mascarenhas-faz-tratamento-contra-covid-19-em-brasilia\/#primaryimage"},"image":{"@id":"https:\/\/portalnpm.com\/index.php\/2020\/12\/02\/prefeito-de-corrente-murilo-mascarenhas-faz-tratamento-contra-covid-19-em-brasilia\/#primaryimage"},"thumbnailUrl":"","datePublished":"2020-12-02T23:11:06+00:00","dateModified":"2020-12-02T23:11:06+00:00","author":{"@id":"https:\/\/portalnpm.com\/#\/schema\/person\/49313e563cfdefcc167f1ee4c017c294"},"breadcrumb":{"@id":"https:\/\/portalnpm.com\/index.php\/2020\/12\/02\/prefeito-de-corrente-murilo-mascarenhas-faz-tratamento-contra-covid-19-em-brasilia\/#breadcrumb"},"inLanguage":"pt-BR","potentialAction":[{"@type":"ReadAction","target":["https:\/\/portalnpm.com\/index.php\/2020\/12\/02\/prefeito-de-corrente-murilo-mascarenhas-faz-tratamento-contra-covid-19-em-brasilia\/"]}]},{"@type":"ImageObject","inLanguage":"pt-BR","@id":"https:\/\/portalnpm.com\/index.php\/2020\/12\/02\/prefeito-de-corrente-murilo-mascarenhas-faz-tratamento-contra-covid-19-em-brasilia\/#primaryimage","url":"","contentUrl":""},{"@type":"BreadcrumbList","@id":"https:\/\/portalnpm.com\/index.php\/2020\/12\/02\/prefeito-de-corrente-murilo-mascarenhas-faz-tratamento-contra-covid-19-em-brasilia\/#breadcrumb","itemListElement":[{"@type":"ListItem","position":1,"name":"In\u00edcio","item":"https:\/\/portalnpm.com\/"},{"@type":"ListItem","position":2,"name":"Prefeito de Corrente, Murilo Mascarenhas faz tratamento contra Covid-19 em Bras\u00edlia"}]},{"@type":"WebSite","@id":"https:\/\/portalnpm.com\/#website","url":"https:\/\/portalnpm.com\/","name":"Portal NPM","description":"Not\u00edcias em Primeira M\u00e3o","potentialAction":[{"@type":"SearchAction","target":{"@type":"EntryPoint","urlTemplate":"https:\/\/portalnpm.com\/?s={search_term_string}"},"query-input":"required name=search_term_string"}],"inLanguage":"pt-BR"},{"@type":"Person","@id":"https:\/\/portalnpm.com\/#\/schema\/person\/49313e563cfdefcc167f1ee4c017c294","name":"Genival Barbosa","image":{"@type":"ImageObject","inLanguage":"pt-BR","@id":"https:\/\/portalnpm.com\/#\/schema\/person\/image\/","url":"https:\/\/portalnpm.com\/wp-content\/uploads\/2024\/02\/avatar_user_2_1707743258-96x96.jpeg","contentUrl":"https:\/\/portalnpm.com\/wp-content\/uploads\/2024\/02\/avatar_user_2_1707743258-96x96.jpeg","caption":"Genival Barbosa"},"url":"https:\/\/portalnpm.com\/index.php\/author\/genival\/"}]}},"jetpack_sharing_enabled":true,"jetpack_featured_media_url":"","_links":{"self":[{"href":"https:\/\/portalnpm.com\/index.php\/wp-json\/wp\/v2\/posts\/59714"}],"collection":[{"href":"https:\/\/portalnpm.com\/index.php\/wp-json\/wp\/v2\/posts"}],"about":[{"href":"https:\/\/portalnpm.com\/index.php\/wp-json\/wp\/v2\/types\/post"}],"author":[{"embeddable":true,"href":"https:\/\/portalnpm.com\/index.php\/wp-json\/wp\/v2\/users\/2"}],"replies":[{"embeddable":true,"href":"https:\/\/portalnpm.com\/index.php\/wp-json\/wp\/v2\/comments?post=59714"}],"version-history":[{"count":0,"href":"https:\/\/portalnpm.com\/index.php\/wp-json\/wp\/v2\/posts\/59714\/revisions"}],"wp:featuredmedia":[{"embeddable":true,"href":"https:\/\/portalnpm.com\/index.php\/wp-json\/"}],"wp:attachment":[{"href":"https:\/\/portalnpm.com\/index.php\/wp-json\/wp\/v2\/media?parent=59714"}],"wp:term":[{"taxonomy":"category","embeddable":true,"href":"https:\/\/portalnpm.com\/index.php\/wp-json\/wp\/v2\/categories?post=59714"},{"taxonomy":"post_tag","embeddable":true,"href":"https:\/\/portalnpm.com\/index.php\/wp-json\/wp\/v2\/tags?post=59714"}],"curies":[{"name":"wp","href":"https:\/\/api.w.org\/{rel}","templated":true}]}}