{"id":59837,"date":"2020-12-03T20:34:27","date_gmt":"2020-12-03T23:34:27","guid":{"rendered":"https:\/\/portalnpm.com\/index.php\/2020\/12\/03\/vacinacao-contra-a-covid-19-em-sp-deve-iniciar-em-janeiro-diz-doria\/"},"modified":"2020-12-03T20:34:27","modified_gmt":"2020-12-03T23:34:27","slug":"vacinacao-contra-a-covid-19-em-sp-deve-iniciar-em-janeiro-diz-doria","status":"publish","type":"post","link":"https:\/\/portalnpm.com\/index.php\/2020\/12\/03\/vacinacao-contra-a-covid-19-em-sp-deve-iniciar-em-janeiro-diz-doria\/","title":{"rendered":"Vacina\u00e7\u00e3o contra a Covid-19 em SP deve iniciar em janeiro, diz Doria"},"content":{"rendered":"<p style=\"text-align: justify;\">O governador de S\u00e3o Paulo, Jo\u00e3o Doria (PSDB), disse nesta quinta-feira (3) em entrevista \u00e0 imprensa que a imuniza\u00e7\u00e3o da popula\u00e7\u00e3o de SP contra a Covid-19 iniciar\u00e1 em janeiro e deve ser completada at\u00e9 fevereiro.<\/p>\n<p style=\"text-align: justify;\">\n<p style=\"text-align: justify;\">\n<p style=\"text-align: justify;\">O estado de S\u00e3o Paulo, em parceria com o Instituto Butantan, possui acordo para importa\u00e7\u00e3o e produ\u00e7\u00e3o no pa\u00eds da vacina Coronavac, produzida pela empresa chinesa Sinovac.<\/p>\n<p style=\"text-align: justify;\">A chegada de mat\u00e9ria-prima suficiente para a produ\u00e7\u00e3o de 1 milh\u00e3o de doses na manh\u00e3 desta quinta-feira (3) se soma \u00e0s 120 mil doses que j\u00e1 embarcaram no pa\u00eds. &#8220;Com mais este lote de vacinas j\u00e1 temos no Instituto Butantan 1,12 milh\u00e3o de doses. At\u00e9 a primeira quinzena de janeiro, teremos 46 milh\u00f5es de doses dispon\u00edveis para a popula\u00e7\u00e3o de brasileiros do estado de SP&#8221;, afirmou o governador.<\/p>\n<p style=\"text-align: justify;\">Doria disse ainda estar &#8220;indignado&#8221; com o plano de vacina\u00e7\u00e3o divulgado pelo governo federal na \u00faltima ter\u00e7a, com in\u00edcio somente em mar\u00e7o. &#8220;Se o governo federal tiver ju\u00edzo, compet\u00eancia e entender que mais de 600 brasileiros morrem por dia pelo coronav\u00edrus, com essas doses da Coronavac poder\u00e1 tamb\u00e9m oferecer para toda a popula\u00e7\u00e3o para imunizar a popula\u00e7\u00e3o brasileira de SP e de outros estados do pa\u00eds.&#8221;<\/p>\n<p style=\"text-align: justify;\">&#8220;Eu indago se os membros do governo federal que vivem na capital do pa\u00eds n\u00e3o enxergam, n\u00e3o leem e n\u00e3o sabem que existem mais de 600 brasileiros que morrem todos os dias. \u00c9 surpreendente essa indiferen\u00e7a, essa falta de compaix\u00e3o com os brasileiros. Por que iniciar uma imuniza\u00e7\u00e3o em mar\u00e7o se podermos fazer j\u00e1 em janeiro? Vamos perder mais 60 mil vidas? Vamos deixar que mais 60 mil brasileiros morram para da\u00ed iniciar a imuniza\u00e7\u00e3o?&#8221;<\/p>\n<p style=\"text-align: justify;\">O governador completou dizendo que vem &#8220;cumprindo a miss\u00e3o de disponibilizar a vacina para salvar vidas no menor tempo poss\u00edvel&#8221;.<\/p>\n<p style=\"text-align: justify;\">Dimas Covas Tadeu, diretor do Instituto Butantan, afirmou que o instituto deve apresentar at\u00e9 o dia 15 os resultados da fase 3 do imunizante, testado em mais de 16 centros no pa\u00eds, e que n\u00e3o deve-se aguardar para iniciar a imuniza\u00e7\u00e3o j\u00e1 com a vacina dispon\u00edvel.<br \/>\n&#8220;\u00c9 preciso ter um programa de vacina\u00e7\u00e3o que disponibilize essas vacinas muito rapidamente, sejam elas 46 milh\u00f5es, sejam 110 milh\u00f5es [da Oxford]. Temos que usar essas vacinas em dois, tr\u00eas meses, o mais rapidamente poss\u00edvel. N\u00e3o podemos nos guiar pelos procedimentos habituais de produ\u00e7\u00e3o de uma vacina.&#8221;<br \/>\nO pesquisador afirmou, no entanto, que os procedimentos rigorosos de efic\u00e1cia e seguran\u00e7a est\u00e3o sendo acompanhados e que a vacina ser\u00e1 disponibilizada rapidamente cumprindo esses crit\u00e9rios.<\/p>\n<p style=\"text-align: justify;\"><em>Fonte: Folhapress<\/em><\/p>\n","protected":false},"excerpt":{"rendered":"<p>O governador de S\u00e3o Paulo, Jo\u00e3o Doria (PSDB), disse nesta quinta-feira (3) em entrevista \u00e0 imprensa que a imuniza\u00e7\u00e3o da popula\u00e7\u00e3o de SP contra a Covid-19 iniciar\u00e1 em janeiro e deve ser completada at\u00e9 fevereiro. O estado de S\u00e3o Paulo, em parceria com o Instituto Butantan, possui acordo para importa\u00e7\u00e3o e produ\u00e7\u00e3o no pa\u00eds da &hellip;<\/p>\n","protected":false},"author":2,"featured_media":59838,"comment_status":"open","ping_status":"open","sticky":false,"template":"","format":"standard","meta":{"content-type":"","rop_custom_images_group":[],"rop_custom_messages_group":[],"rop_publish_now":"initial","rop_publish_now_accounts":{"facebook_2648258775420054_1618374048415101":""},"rop_publish_now_history":[],"rop_publish_now_status":"pending","footnotes":"","_jetpack_memberships_contains_paid_content":false},"categories":[125,384],"tags":[7892,7893,1813,7894],"yoast_head":"<!-- This site is optimized with the Yoast SEO plugin v22.3 - https:\/\/yoast.com\/wordpress\/plugins\/seo\/ -->\n<title>Vacina\u00e7\u00e3o contra a Covid-19 em SP deve iniciar em janeiro, diz Doria<\/title>\n<meta name=\"robots\" content=\"index, follow, max-snippet:-1, max-image-preview:large, max-video-preview:-1\" \/>\n<link rel=\"canonical\" href=\"https:\/\/portalnpm.com\/index.php\/2020\/12\/03\/vacinacao-contra-a-covid-19-em-sp-deve-iniciar-em-janeiro-diz-doria\/\" \/>\n<meta property=\"og:locale\" content=\"pt_BR\" \/>\n<meta property=\"og:type\" content=\"article\" \/>\n<meta property=\"og:title\" content=\"Vacina\u00e7\u00e3o contra a Covid-19 em SP deve iniciar em janeiro, diz Doria\" \/>\n<meta property=\"og:description\" content=\"O governador de S\u00e3o Paulo, Jo\u00e3o Doria (PSDB), disse nesta quinta-feira (3) em entrevista \u00e0 imprensa que a imuniza\u00e7\u00e3o da popula\u00e7\u00e3o de SP contra a Covid-19 iniciar\u00e1 em janeiro e deve ser completada at\u00e9 fevereiro. O estado de S\u00e3o Paulo, em parceria com o Instituto Butantan, possui acordo para importa\u00e7\u00e3o e produ\u00e7\u00e3o no pa\u00eds da &hellip;\" \/>\n<meta property=\"og:url\" content=\"https:\/\/portalnpm.com\/index.php\/2020\/12\/03\/vacinacao-contra-a-covid-19-em-sp-deve-iniciar-em-janeiro-diz-doria\/\" \/>\n<meta property=\"og:site_name\" content=\"Portal NPM\" \/>\n<meta property=\"article:published_time\" content=\"2020-12-03T23:34:27+00:00\" \/>\n<meta property=\"og:image\" content=\"https:\/\/portalnpm.com\/wp-content\/uploads\/2024\/01\/6452bf7189bead0ce8ef3a3ac246cc40.jpg\" \/>\n\t<meta property=\"og:image:width\" content=\"790\" \/>\n\t<meta property=\"og:image:height\" content=\"527\" \/>\n\t<meta property=\"og:image:type\" content=\"image\/jpeg\" \/>\n<meta name=\"author\" content=\"Genival Barbosa\" \/>\n<meta name=\"twitter:card\" content=\"summary_large_image\" \/>\n<meta name=\"twitter:label1\" content=\"Escrito por\" \/>\n\t<meta name=\"twitter:data1\" content=\"Genival Barbosa\" \/>\n\t<meta name=\"twitter:label2\" content=\"Est. tempo de leitura\" \/>\n\t<meta name=\"twitter:data2\" content=\"2 minutos\" \/>\n<script type=\"application\/ld+json\" class=\"yoast-schema-graph\">{\"@context\":\"https:\/\/schema.org\",\"@graph\":[{\"@type\":\"WebPage\",\"@id\":\"https:\/\/portalnpm.com\/index.php\/2020\/12\/03\/vacinacao-contra-a-covid-19-em-sp-deve-iniciar-em-janeiro-diz-doria\/\",\"url\":\"https:\/\/portalnpm.com\/index.php\/2020\/12\/03\/vacinacao-contra-a-covid-19-em-sp-deve-iniciar-em-janeiro-diz-doria\/\",\"name\":\"Vacina\u00e7\u00e3o contra a Covid-19 em SP deve iniciar em janeiro, diz Doria\",\"isPartOf\":{\"@id\":\"https:\/\/portalnpm.com\/#website\"},\"primaryImageOfPage\":{\"@id\":\"https:\/\/portalnpm.com\/index.php\/2020\/12\/03\/vacinacao-contra-a-covid-19-em-sp-deve-iniciar-em-janeiro-diz-doria\/#primaryimage\"},\"image\":{\"@id\":\"https:\/\/portalnpm.com\/index.php\/2020\/12\/03\/vacinacao-contra-a-covid-19-em-sp-deve-iniciar-em-janeiro-diz-doria\/#primaryimage\"},\"thumbnailUrl\":\"https:\/\/portalnpm.com\/wp-content\/uploads\/2024\/01\/6452bf7189bead0ce8ef3a3ac246cc40.jpg\",\"datePublished\":\"2020-12-03T23:34:27+00:00\",\"dateModified\":\"2020-12-03T23:34:27+00:00\",\"author\":{\"@id\":\"https:\/\/portalnpm.com\/#\/schema\/person\/49313e563cfdefcc167f1ee4c017c294\"},\"breadcrumb\":{\"@id\":\"https:\/\/portalnpm.com\/index.php\/2020\/12\/03\/vacinacao-contra-a-covid-19-em-sp-deve-iniciar-em-janeiro-diz-doria\/#breadcrumb\"},\"inLanguage\":\"pt-BR\",\"potentialAction\":[{\"@type\":\"ReadAction\",\"target\":[\"https:\/\/portalnpm.com\/index.php\/2020\/12\/03\/vacinacao-contra-a-covid-19-em-sp-deve-iniciar-em-janeiro-diz-doria\/\"]}]},{\"@type\":\"ImageObject\",\"inLanguage\":\"pt-BR\",\"@id\":\"https:\/\/portalnpm.com\/index.php\/2020\/12\/03\/vacinacao-contra-a-covid-19-em-sp-deve-iniciar-em-janeiro-diz-doria\/#primaryimage\",\"url\":\"https:\/\/portalnpm.com\/wp-content\/uploads\/2024\/01\/6452bf7189bead0ce8ef3a3ac246cc40.jpg\",\"contentUrl\":\"https:\/\/portalnpm.com\/wp-content\/uploads\/2024\/01\/6452bf7189bead0ce8ef3a3ac246cc40.jpg\",\"width\":790,\"height\":527},{\"@type\":\"BreadcrumbList\",\"@id\":\"https:\/\/portalnpm.com\/index.php\/2020\/12\/03\/vacinacao-contra-a-covid-19-em-sp-deve-iniciar-em-janeiro-diz-doria\/#breadcrumb\",\"itemListElement\":[{\"@type\":\"ListItem\",\"position\":1,\"name\":\"In\u00edcio\",\"item\":\"https:\/\/portalnpm.com\/\"},{\"@type\":\"ListItem\",\"position\":2,\"name\":\"Vacina\u00e7\u00e3o contra a Covid-19 em SP deve iniciar em janeiro, diz Doria\"}]},{\"@type\":\"WebSite\",\"@id\":\"https:\/\/portalnpm.com\/#website\",\"url\":\"https:\/\/portalnpm.com\/\",\"name\":\"Portal NPM\",\"description\":\"Not\u00edcias em Primeira M\u00e3o\",\"potentialAction\":[{\"@type\":\"SearchAction\",\"target\":{\"@type\":\"EntryPoint\",\"urlTemplate\":\"https:\/\/portalnpm.com\/?s={search_term_string}\"},\"query-input\":\"required name=search_term_string\"}],\"inLanguage\":\"pt-BR\"},{\"@type\":\"Person\",\"@id\":\"https:\/\/portalnpm.com\/#\/schema\/person\/49313e563cfdefcc167f1ee4c017c294\",\"name\":\"Genival Barbosa\",\"image\":{\"@type\":\"ImageObject\",\"inLanguage\":\"pt-BR\",\"@id\":\"https:\/\/portalnpm.com\/#\/schema\/person\/image\/\",\"url\":\"https:\/\/portalnpm.com\/wp-content\/uploads\/2024\/02\/avatar_user_2_1707743258-96x96.jpeg\",\"contentUrl\":\"https:\/\/portalnpm.com\/wp-content\/uploads\/2024\/02\/avatar_user_2_1707743258-96x96.jpeg\",\"caption\":\"Genival Barbosa\"},\"url\":\"https:\/\/portalnpm.com\/index.php\/author\/genival\/\"}]}<\/script>\n<!-- \/ Yoast SEO plugin. -->","yoast_head_json":{"title":"Vacina\u00e7\u00e3o contra a Covid-19 em SP deve iniciar em janeiro, diz Doria","robots":{"index":"index","follow":"follow","max-snippet":"max-snippet:-1","max-image-preview":"max-image-preview:large","max-video-preview":"max-video-preview:-1"},"canonical":"https:\/\/portalnpm.com\/index.php\/2020\/12\/03\/vacinacao-contra-a-covid-19-em-sp-deve-iniciar-em-janeiro-diz-doria\/","og_locale":"pt_BR","og_type":"article","og_title":"Vacina\u00e7\u00e3o contra a Covid-19 em SP deve iniciar em janeiro, diz Doria","og_description":"O governador de S\u00e3o Paulo, Jo\u00e3o Doria (PSDB), disse nesta quinta-feira (3) em entrevista \u00e0 imprensa que a imuniza\u00e7\u00e3o da popula\u00e7\u00e3o de SP contra a Covid-19 iniciar\u00e1 em janeiro e deve ser completada at\u00e9 fevereiro. O estado de S\u00e3o Paulo, em parceria com o Instituto Butantan, possui acordo para importa\u00e7\u00e3o e produ\u00e7\u00e3o no pa\u00eds da &hellip;","og_url":"https:\/\/portalnpm.com\/index.php\/2020\/12\/03\/vacinacao-contra-a-covid-19-em-sp-deve-iniciar-em-janeiro-diz-doria\/","og_site_name":"Portal NPM","article_published_time":"2020-12-03T23:34:27+00:00","og_image":[{"width":790,"height":527,"url":"https:\/\/portalnpm.com\/wp-content\/uploads\/2024\/01\/6452bf7189bead0ce8ef3a3ac246cc40.jpg","type":"image\/jpeg"}],"author":"Genival Barbosa","twitter_card":"summary_large_image","twitter_misc":{"Escrito por":"Genival Barbosa","Est. tempo de leitura":"2 minutos"},"schema":{"@context":"https:\/\/schema.org","@graph":[{"@type":"WebPage","@id":"https:\/\/portalnpm.com\/index.php\/2020\/12\/03\/vacinacao-contra-a-covid-19-em-sp-deve-iniciar-em-janeiro-diz-doria\/","url":"https:\/\/portalnpm.com\/index.php\/2020\/12\/03\/vacinacao-contra-a-covid-19-em-sp-deve-iniciar-em-janeiro-diz-doria\/","name":"Vacina\u00e7\u00e3o contra a Covid-19 em SP deve iniciar em janeiro, diz Doria","isPartOf":{"@id":"https:\/\/portalnpm.com\/#website"},"primaryImageOfPage":{"@id":"https:\/\/portalnpm.com\/index.php\/2020\/12\/03\/vacinacao-contra-a-covid-19-em-sp-deve-iniciar-em-janeiro-diz-doria\/#primaryimage"},"image":{"@id":"https:\/\/portalnpm.com\/index.php\/2020\/12\/03\/vacinacao-contra-a-covid-19-em-sp-deve-iniciar-em-janeiro-diz-doria\/#primaryimage"},"thumbnailUrl":"https:\/\/portalnpm.com\/wp-content\/uploads\/2024\/01\/6452bf7189bead0ce8ef3a3ac246cc40.jpg","datePublished":"2020-12-03T23:34:27+00:00","dateModified":"2020-12-03T23:34:27+00:00","author":{"@id":"https:\/\/portalnpm.com\/#\/schema\/person\/49313e563cfdefcc167f1ee4c017c294"},"breadcrumb":{"@id":"https:\/\/portalnpm.com\/index.php\/2020\/12\/03\/vacinacao-contra-a-covid-19-em-sp-deve-iniciar-em-janeiro-diz-doria\/#breadcrumb"},"inLanguage":"pt-BR","potentialAction":[{"@type":"ReadAction","target":["https:\/\/portalnpm.com\/index.php\/2020\/12\/03\/vacinacao-contra-a-covid-19-em-sp-deve-iniciar-em-janeiro-diz-doria\/"]}]},{"@type":"ImageObject","inLanguage":"pt-BR","@id":"https:\/\/portalnpm.com\/index.php\/2020\/12\/03\/vacinacao-contra-a-covid-19-em-sp-deve-iniciar-em-janeiro-diz-doria\/#primaryimage","url":"https:\/\/portalnpm.com\/wp-content\/uploads\/2024\/01\/6452bf7189bead0ce8ef3a3ac246cc40.jpg","contentUrl":"https:\/\/portalnpm.com\/wp-content\/uploads\/2024\/01\/6452bf7189bead0ce8ef3a3ac246cc40.jpg","width":790,"height":527},{"@type":"BreadcrumbList","@id":"https:\/\/portalnpm.com\/index.php\/2020\/12\/03\/vacinacao-contra-a-covid-19-em-sp-deve-iniciar-em-janeiro-diz-doria\/#breadcrumb","itemListElement":[{"@type":"ListItem","position":1,"name":"In\u00edcio","item":"https:\/\/portalnpm.com\/"},{"@type":"ListItem","position":2,"name":"Vacina\u00e7\u00e3o contra a Covid-19 em SP deve iniciar em janeiro, diz Doria"}]},{"@type":"WebSite","@id":"https:\/\/portalnpm.com\/#website","url":"https:\/\/portalnpm.com\/","name":"Portal NPM","description":"Not\u00edcias em Primeira M\u00e3o","potentialAction":[{"@type":"SearchAction","target":{"@type":"EntryPoint","urlTemplate":"https:\/\/portalnpm.com\/?s={search_term_string}"},"query-input":"required name=search_term_string"}],"inLanguage":"pt-BR"},{"@type":"Person","@id":"https:\/\/portalnpm.com\/#\/schema\/person\/49313e563cfdefcc167f1ee4c017c294","name":"Genival Barbosa","image":{"@type":"ImageObject","inLanguage":"pt-BR","@id":"https:\/\/portalnpm.com\/#\/schema\/person\/image\/","url":"https:\/\/portalnpm.com\/wp-content\/uploads\/2024\/02\/avatar_user_2_1707743258-96x96.jpeg","contentUrl":"https:\/\/portalnpm.com\/wp-content\/uploads\/2024\/02\/avatar_user_2_1707743258-96x96.jpeg","caption":"Genival Barbosa"},"url":"https:\/\/portalnpm.com\/index.php\/author\/genival\/"}]}},"jetpack_sharing_enabled":true,"jetpack_featured_media_url":"https:\/\/portalnpm.com\/wp-content\/uploads\/2024\/01\/6452bf7189bead0ce8ef3a3ac246cc40.jpg","_links":{"self":[{"href":"https:\/\/portalnpm.com\/index.php\/wp-json\/wp\/v2\/posts\/59837"}],"collection":[{"href":"https:\/\/portalnpm.com\/index.php\/wp-json\/wp\/v2\/posts"}],"about":[{"href":"https:\/\/portalnpm.com\/index.php\/wp-json\/wp\/v2\/types\/post"}],"author":[{"embeddable":true,"href":"https:\/\/portalnpm.com\/index.php\/wp-json\/wp\/v2\/users\/2"}],"replies":[{"embeddable":true,"href":"https:\/\/portalnpm.com\/index.php\/wp-json\/wp\/v2\/comments?post=59837"}],"version-history":[{"count":0,"href":"https:\/\/portalnpm.com\/index.php\/wp-json\/wp\/v2\/posts\/59837\/revisions"}],"wp:featuredmedia":[{"embeddable":true,"href":"https:\/\/portalnpm.com\/index.php\/wp-json\/wp\/v2\/media\/59838"}],"wp:attachment":[{"href":"https:\/\/portalnpm.com\/index.php\/wp-json\/wp\/v2\/media?parent=59837"}],"wp:term":[{"taxonomy":"category","embeddable":true,"href":"https:\/\/portalnpm.com\/index.php\/wp-json\/wp\/v2\/categories?post=59837"},{"taxonomy":"post_tag","embeddable":true,"href":"https:\/\/portalnpm.com\/index.php\/wp-json\/wp\/v2\/tags?post=59837"}],"curies":[{"name":"wp","href":"https:\/\/api.w.org\/{rel}","templated":true}]}}