{"id":59860,"date":"2020-12-04T19:14:38","date_gmt":"2020-12-04T22:14:38","guid":{"rendered":"https:\/\/portalnpm.com\/index.php\/2020\/12\/04\/onibus-cai-de-ponte-e-deixa-11-mortos-e-29-feridos-em-minas-gerais\/"},"modified":"2020-12-04T19:14:38","modified_gmt":"2020-12-04T22:14:38","slug":"onibus-cai-de-ponte-e-deixa-11-mortos-e-29-feridos-em-minas-gerais","status":"publish","type":"post","link":"https:\/\/portalnpm.com\/index.php\/2020\/12\/04\/onibus-cai-de-ponte-e-deixa-11-mortos-e-29-feridos-em-minas-gerais\/","title":{"rendered":"\u00d4nibus cai de ponte e deixa 11 mortos e 29 feridos em Minas Gerais"},"content":{"rendered":"<p style=\"text-align: justify;\">Um grave acidente na tarde desta sexta-feira (4) na BR-381,\u00a0em Jo\u00e3o Monlevade, cidade do interior de Minas Gerais,\u00a0deixou pelo menos 11 mortos e 29 pessoas feridas.<\/p>\n<p style=\"text-align: justify;\">\n<p style=\"text-align: justify;\">\n<p style=\"text-align: justify;\">As informa\u00e7\u00f5es s\u00e3o do Corpo de Bombeiros e da Pol\u00edcia Rodovi\u00e1ria Federal.<\/p>\n<div class=\"td-a-rec td-a-rec-id-content_inline  td_uid_2_5fcab3c4859c1_rand td_block_template_1\" style=\"text-align: justify;\">\n<div class=\"td-all-devices\">\n<div id=\"M617009ScriptRootC971156_12acd\">\n<div id=\"MarketGidComposite971156_12acd\">\n<div class=\"mgbox\">\n<div class=\"mgline teaser-7359927 type-w\" data-i=\"QqYg_VqO-OXNjVv6BvRSAN_VsHTD33Z49k2dGmt73f7-B8toXNiQE7fMTIQ87D2J\" data-observe-time=\"1352\" data-observe-start=\"1607119890963\" data-observing=\"yes\" data-shown=\"1\">\n<div class=\"image-with-text\">\n<div class=\"text-elements\">\n<div class=\"text_on_hover\">\n<div class=\"mgtobottom\">\u00a0\u00f4nibus caiu de uma ponte, pr\u00f3ximo \u00e0 entrada de Dom Silv\u00e9rio. A altura da queda foi de aproximadamente 15 metros.<\/div>\n<\/div>\n<\/div>\n<\/div>\n<\/div>\n<\/div>\n<\/div>\n<\/div>\n<\/div>\n<\/div>\n<p style=\"text-align: justify;\">Os bombeiros relatam que h\u00e1 uma grande dificuldade para acessar ao local e, at\u00e9 o momento, nem os feridos foram socorridos.<\/p>\n<p style=\"text-align: justify;\">O acidente teria ocorrido depois que o \u00f4nibus bateu em um caminh\u00e3o, mas isso ainda est\u00e1 sendo averiguado.<\/p>\n<p style=\"text-align: justify;\">O motorista do \u00f4nibus fugiu do local do acidente pela mata.<\/p>\n<h2 style=\"text-align: justify;\">Segunda trag\u00e9dia<\/h2>\n<p style=\"text-align: justify;\">H\u00e1 pouco mais de uma semana, um outro acidente envolvendo um \u00f4nibus e um caminh\u00e3o chocou o pa\u00eds. Das 49 pessoas que estavam no coletivo, 40 morreram.<\/p>\n<p style=\"text-align: justify;\">O acidente ocorreu no interior de S\u00e3o Paulo, por volta das 6h30. Segundo informa\u00e7\u00f5es do site\u00a0<strong>G1<\/strong>, o \u00f4nibus transportava trabalhadores de Ita\u00ed at\u00e9 uma ind\u00fastria t\u00eaxtil em Tagua\u00ed. Cinco quil\u00f4metros antes de chegar ao destino, ele bateu de frente em um caminh\u00e3o bitrem carregado com esterco.<\/p>\n<p style=\"text-align: justify;\">O motorista do caminh\u00e3o tamb\u00e9m n\u00e3o resistiu.<\/p>\n<p style=\"text-align: justify;\">Fonte: O Livre<\/p>\n","protected":false},"excerpt":{"rendered":"<p>Um grave acidente na tarde desta sexta-feira (4) na BR-381,\u00a0em Jo\u00e3o Monlevade, cidade do interior de Minas Gerais,\u00a0deixou pelo menos 11 mortos e 29 pessoas feridas. As informa\u00e7\u00f5es s\u00e3o do Corpo de Bombeiros e da Pol\u00edcia Rodovi\u00e1ria Federal. \u00a0\u00f4nibus caiu de uma ponte, pr\u00f3ximo \u00e0 entrada de Dom Silv\u00e9rio. A altura da queda foi de &hellip;<\/p>\n","protected":false},"author":2,"featured_media":59861,"comment_status":"open","ping_status":"open","sticky":false,"template":"","format":"standard","meta":{"content-type":"","rop_custom_images_group":[],"rop_custom_messages_group":[],"rop_publish_now":"initial","rop_publish_now_accounts":{"facebook_2648258775420054_1618374048415101":""},"rop_publish_now_history":[],"rop_publish_now_status":"pending","footnotes":"","_jetpack_memberships_contains_paid_content":false},"categories":[125],"tags":[7934,7935,7936],"yoast_head":"<!-- This site is optimized with the Yoast SEO plugin v22.3 - https:\/\/yoast.com\/wordpress\/plugins\/seo\/ -->\n<title>\u00d4nibus cai de ponte e deixa 11 mortos e 29 feridos em Minas Gerais<\/title>\n<meta name=\"robots\" content=\"index, follow, max-snippet:-1, max-image-preview:large, max-video-preview:-1\" \/>\n<link rel=\"canonical\" href=\"https:\/\/portalnpm.com\/index.php\/2020\/12\/04\/onibus-cai-de-ponte-e-deixa-11-mortos-e-29-feridos-em-minas-gerais\/\" \/>\n<meta property=\"og:locale\" content=\"pt_BR\" \/>\n<meta property=\"og:type\" content=\"article\" \/>\n<meta property=\"og:title\" content=\"\u00d4nibus cai de ponte e deixa 11 mortos e 29 feridos em Minas Gerais\" \/>\n<meta property=\"og:description\" content=\"Um grave acidente na tarde desta sexta-feira (4) na BR-381,\u00a0em Jo\u00e3o Monlevade, cidade do interior de Minas Gerais,\u00a0deixou pelo menos 11 mortos e 29 pessoas feridas. As informa\u00e7\u00f5es s\u00e3o do Corpo de Bombeiros e da Pol\u00edcia Rodovi\u00e1ria Federal. \u00a0\u00f4nibus caiu de uma ponte, pr\u00f3ximo \u00e0 entrada de Dom Silv\u00e9rio. A altura da queda foi de &hellip;\" \/>\n<meta property=\"og:url\" content=\"https:\/\/portalnpm.com\/index.php\/2020\/12\/04\/onibus-cai-de-ponte-e-deixa-11-mortos-e-29-feridos-em-minas-gerais\/\" \/>\n<meta property=\"og:site_name\" content=\"Portal NPM\" \/>\n<meta property=\"article:published_time\" content=\"2020-12-04T22:14:38+00:00\" \/>\n<meta property=\"og:image\" content=\"https:\/\/portalnpm.com\/wp-content\/uploads\/2024\/01\/Foto-onibus.jpeg\" \/>\n\t<meta property=\"og:image:width\" content=\"660\" \/>\n\t<meta property=\"og:image:height\" content=\"360\" \/>\n\t<meta property=\"og:image:type\" content=\"image\/jpeg\" \/>\n<meta name=\"author\" content=\"Genival Barbosa\" \/>\n<meta name=\"twitter:card\" content=\"summary_large_image\" \/>\n<meta name=\"twitter:label1\" content=\"Escrito por\" \/>\n\t<meta name=\"twitter:data1\" content=\"Genival Barbosa\" \/>\n\t<meta name=\"twitter:label2\" content=\"Est. tempo de leitura\" \/>\n\t<meta name=\"twitter:data2\" content=\"1 minuto\" \/>\n<script type=\"application\/ld+json\" class=\"yoast-schema-graph\">{\"@context\":\"https:\/\/schema.org\",\"@graph\":[{\"@type\":\"WebPage\",\"@id\":\"https:\/\/portalnpm.com\/index.php\/2020\/12\/04\/onibus-cai-de-ponte-e-deixa-11-mortos-e-29-feridos-em-minas-gerais\/\",\"url\":\"https:\/\/portalnpm.com\/index.php\/2020\/12\/04\/onibus-cai-de-ponte-e-deixa-11-mortos-e-29-feridos-em-minas-gerais\/\",\"name\":\"\u00d4nibus cai de ponte e deixa 11 mortos e 29 feridos em Minas Gerais\",\"isPartOf\":{\"@id\":\"https:\/\/portalnpm.com\/#website\"},\"primaryImageOfPage\":{\"@id\":\"https:\/\/portalnpm.com\/index.php\/2020\/12\/04\/onibus-cai-de-ponte-e-deixa-11-mortos-e-29-feridos-em-minas-gerais\/#primaryimage\"},\"image\":{\"@id\":\"https:\/\/portalnpm.com\/index.php\/2020\/12\/04\/onibus-cai-de-ponte-e-deixa-11-mortos-e-29-feridos-em-minas-gerais\/#primaryimage\"},\"thumbnailUrl\":\"https:\/\/portalnpm.com\/wp-content\/uploads\/2024\/01\/Foto-onibus.jpeg\",\"datePublished\":\"2020-12-04T22:14:38+00:00\",\"dateModified\":\"2020-12-04T22:14:38+00:00\",\"author\":{\"@id\":\"https:\/\/portalnpm.com\/#\/schema\/person\/49313e563cfdefcc167f1ee4c017c294\"},\"breadcrumb\":{\"@id\":\"https:\/\/portalnpm.com\/index.php\/2020\/12\/04\/onibus-cai-de-ponte-e-deixa-11-mortos-e-29-feridos-em-minas-gerais\/#breadcrumb\"},\"inLanguage\":\"pt-BR\",\"potentialAction\":[{\"@type\":\"ReadAction\",\"target\":[\"https:\/\/portalnpm.com\/index.php\/2020\/12\/04\/onibus-cai-de-ponte-e-deixa-11-mortos-e-29-feridos-em-minas-gerais\/\"]}]},{\"@type\":\"ImageObject\",\"inLanguage\":\"pt-BR\",\"@id\":\"https:\/\/portalnpm.com\/index.php\/2020\/12\/04\/onibus-cai-de-ponte-e-deixa-11-mortos-e-29-feridos-em-minas-gerais\/#primaryimage\",\"url\":\"https:\/\/portalnpm.com\/wp-content\/uploads\/2024\/01\/Foto-onibus.jpeg\",\"contentUrl\":\"https:\/\/portalnpm.com\/wp-content\/uploads\/2024\/01\/Foto-onibus.jpeg\",\"width\":660,\"height\":360},{\"@type\":\"BreadcrumbList\",\"@id\":\"https:\/\/portalnpm.com\/index.php\/2020\/12\/04\/onibus-cai-de-ponte-e-deixa-11-mortos-e-29-feridos-em-minas-gerais\/#breadcrumb\",\"itemListElement\":[{\"@type\":\"ListItem\",\"position\":1,\"name\":\"In\u00edcio\",\"item\":\"https:\/\/portalnpm.com\/\"},{\"@type\":\"ListItem\",\"position\":2,\"name\":\"\u00d4nibus cai de ponte e deixa 11 mortos e 29 feridos em Minas Gerais\"}]},{\"@type\":\"WebSite\",\"@id\":\"https:\/\/portalnpm.com\/#website\",\"url\":\"https:\/\/portalnpm.com\/\",\"name\":\"Portal NPM\",\"description\":\"Not\u00edcias em Primeira M\u00e3o\",\"potentialAction\":[{\"@type\":\"SearchAction\",\"target\":{\"@type\":\"EntryPoint\",\"urlTemplate\":\"https:\/\/portalnpm.com\/?s={search_term_string}\"},\"query-input\":\"required name=search_term_string\"}],\"inLanguage\":\"pt-BR\"},{\"@type\":\"Person\",\"@id\":\"https:\/\/portalnpm.com\/#\/schema\/person\/49313e563cfdefcc167f1ee4c017c294\",\"name\":\"Genival Barbosa\",\"image\":{\"@type\":\"ImageObject\",\"inLanguage\":\"pt-BR\",\"@id\":\"https:\/\/portalnpm.com\/#\/schema\/person\/image\/\",\"url\":\"https:\/\/portalnpm.com\/wp-content\/uploads\/2024\/02\/avatar_user_2_1707743258-96x96.jpeg\",\"contentUrl\":\"https:\/\/portalnpm.com\/wp-content\/uploads\/2024\/02\/avatar_user_2_1707743258-96x96.jpeg\",\"caption\":\"Genival Barbosa\"},\"url\":\"https:\/\/portalnpm.com\/index.php\/author\/genival\/\"}]}<\/script>\n<!-- \/ Yoast SEO plugin. -->","yoast_head_json":{"title":"\u00d4nibus cai de ponte e deixa 11 mortos e 29 feridos em Minas Gerais","robots":{"index":"index","follow":"follow","max-snippet":"max-snippet:-1","max-image-preview":"max-image-preview:large","max-video-preview":"max-video-preview:-1"},"canonical":"https:\/\/portalnpm.com\/index.php\/2020\/12\/04\/onibus-cai-de-ponte-e-deixa-11-mortos-e-29-feridos-em-minas-gerais\/","og_locale":"pt_BR","og_type":"article","og_title":"\u00d4nibus cai de ponte e deixa 11 mortos e 29 feridos em Minas Gerais","og_description":"Um grave acidente na tarde desta sexta-feira (4) na BR-381,\u00a0em Jo\u00e3o Monlevade, cidade do interior de Minas Gerais,\u00a0deixou pelo menos 11 mortos e 29 pessoas feridas. As informa\u00e7\u00f5es s\u00e3o do Corpo de Bombeiros e da Pol\u00edcia Rodovi\u00e1ria Federal. \u00a0\u00f4nibus caiu de uma ponte, pr\u00f3ximo \u00e0 entrada de Dom Silv\u00e9rio. A altura da queda foi de &hellip;","og_url":"https:\/\/portalnpm.com\/index.php\/2020\/12\/04\/onibus-cai-de-ponte-e-deixa-11-mortos-e-29-feridos-em-minas-gerais\/","og_site_name":"Portal NPM","article_published_time":"2020-12-04T22:14:38+00:00","og_image":[{"width":660,"height":360,"url":"https:\/\/portalnpm.com\/wp-content\/uploads\/2024\/01\/Foto-onibus.jpeg","type":"image\/jpeg"}],"author":"Genival Barbosa","twitter_card":"summary_large_image","twitter_misc":{"Escrito por":"Genival Barbosa","Est. tempo de leitura":"1 minuto"},"schema":{"@context":"https:\/\/schema.org","@graph":[{"@type":"WebPage","@id":"https:\/\/portalnpm.com\/index.php\/2020\/12\/04\/onibus-cai-de-ponte-e-deixa-11-mortos-e-29-feridos-em-minas-gerais\/","url":"https:\/\/portalnpm.com\/index.php\/2020\/12\/04\/onibus-cai-de-ponte-e-deixa-11-mortos-e-29-feridos-em-minas-gerais\/","name":"\u00d4nibus cai de ponte e deixa 11 mortos e 29 feridos em Minas Gerais","isPartOf":{"@id":"https:\/\/portalnpm.com\/#website"},"primaryImageOfPage":{"@id":"https:\/\/portalnpm.com\/index.php\/2020\/12\/04\/onibus-cai-de-ponte-e-deixa-11-mortos-e-29-feridos-em-minas-gerais\/#primaryimage"},"image":{"@id":"https:\/\/portalnpm.com\/index.php\/2020\/12\/04\/onibus-cai-de-ponte-e-deixa-11-mortos-e-29-feridos-em-minas-gerais\/#primaryimage"},"thumbnailUrl":"https:\/\/portalnpm.com\/wp-content\/uploads\/2024\/01\/Foto-onibus.jpeg","datePublished":"2020-12-04T22:14:38+00:00","dateModified":"2020-12-04T22:14:38+00:00","author":{"@id":"https:\/\/portalnpm.com\/#\/schema\/person\/49313e563cfdefcc167f1ee4c017c294"},"breadcrumb":{"@id":"https:\/\/portalnpm.com\/index.php\/2020\/12\/04\/onibus-cai-de-ponte-e-deixa-11-mortos-e-29-feridos-em-minas-gerais\/#breadcrumb"},"inLanguage":"pt-BR","potentialAction":[{"@type":"ReadAction","target":["https:\/\/portalnpm.com\/index.php\/2020\/12\/04\/onibus-cai-de-ponte-e-deixa-11-mortos-e-29-feridos-em-minas-gerais\/"]}]},{"@type":"ImageObject","inLanguage":"pt-BR","@id":"https:\/\/portalnpm.com\/index.php\/2020\/12\/04\/onibus-cai-de-ponte-e-deixa-11-mortos-e-29-feridos-em-minas-gerais\/#primaryimage","url":"https:\/\/portalnpm.com\/wp-content\/uploads\/2024\/01\/Foto-onibus.jpeg","contentUrl":"https:\/\/portalnpm.com\/wp-content\/uploads\/2024\/01\/Foto-onibus.jpeg","width":660,"height":360},{"@type":"BreadcrumbList","@id":"https:\/\/portalnpm.com\/index.php\/2020\/12\/04\/onibus-cai-de-ponte-e-deixa-11-mortos-e-29-feridos-em-minas-gerais\/#breadcrumb","itemListElement":[{"@type":"ListItem","position":1,"name":"In\u00edcio","item":"https:\/\/portalnpm.com\/"},{"@type":"ListItem","position":2,"name":"\u00d4nibus cai de ponte e deixa 11 mortos e 29 feridos em Minas Gerais"}]},{"@type":"WebSite","@id":"https:\/\/portalnpm.com\/#website","url":"https:\/\/portalnpm.com\/","name":"Portal NPM","description":"Not\u00edcias em Primeira M\u00e3o","potentialAction":[{"@type":"SearchAction","target":{"@type":"EntryPoint","urlTemplate":"https:\/\/portalnpm.com\/?s={search_term_string}"},"query-input":"required name=search_term_string"}],"inLanguage":"pt-BR"},{"@type":"Person","@id":"https:\/\/portalnpm.com\/#\/schema\/person\/49313e563cfdefcc167f1ee4c017c294","name":"Genival Barbosa","image":{"@type":"ImageObject","inLanguage":"pt-BR","@id":"https:\/\/portalnpm.com\/#\/schema\/person\/image\/","url":"https:\/\/portalnpm.com\/wp-content\/uploads\/2024\/02\/avatar_user_2_1707743258-96x96.jpeg","contentUrl":"https:\/\/portalnpm.com\/wp-content\/uploads\/2024\/02\/avatar_user_2_1707743258-96x96.jpeg","caption":"Genival Barbosa"},"url":"https:\/\/portalnpm.com\/index.php\/author\/genival\/"}]}},"jetpack_sharing_enabled":true,"jetpack_featured_media_url":"https:\/\/portalnpm.com\/wp-content\/uploads\/2024\/01\/Foto-onibus.jpeg","_links":{"self":[{"href":"https:\/\/portalnpm.com\/index.php\/wp-json\/wp\/v2\/posts\/59860"}],"collection":[{"href":"https:\/\/portalnpm.com\/index.php\/wp-json\/wp\/v2\/posts"}],"about":[{"href":"https:\/\/portalnpm.com\/index.php\/wp-json\/wp\/v2\/types\/post"}],"author":[{"embeddable":true,"href":"https:\/\/portalnpm.com\/index.php\/wp-json\/wp\/v2\/users\/2"}],"replies":[{"embeddable":true,"href":"https:\/\/portalnpm.com\/index.php\/wp-json\/wp\/v2\/comments?post=59860"}],"version-history":[{"count":0,"href":"https:\/\/portalnpm.com\/index.php\/wp-json\/wp\/v2\/posts\/59860\/revisions"}],"wp:featuredmedia":[{"embeddable":true,"href":"https:\/\/portalnpm.com\/index.php\/wp-json\/wp\/v2\/media\/59861"}],"wp:attachment":[{"href":"https:\/\/portalnpm.com\/index.php\/wp-json\/wp\/v2\/media?parent=59860"}],"wp:term":[{"taxonomy":"category","embeddable":true,"href":"https:\/\/portalnpm.com\/index.php\/wp-json\/wp\/v2\/categories?post=59860"},{"taxonomy":"post_tag","embeddable":true,"href":"https:\/\/portalnpm.com\/index.php\/wp-json\/wp\/v2\/tags?post=59860"}],"curies":[{"name":"wp","href":"https:\/\/api.w.org\/{rel}","templated":true}]}}