{"id":59886,"date":"2020-12-05T20:29:50","date_gmt":"2020-12-05T23:29:50","guid":{"rendered":"https:\/\/portalnpm.com\/index.php\/2020\/12\/05\/jornalista-humberto-coelho-morre-apos-lutar-por-mais-de-30-dias-contra-a-covid-19\/"},"modified":"2020-12-05T20:29:50","modified_gmt":"2020-12-05T23:29:50","slug":"jornalista-humberto-coelho-morre-apos-lutar-por-mais-de-30-dias-contra-a-covid-19","status":"publish","type":"post","link":"https:\/\/portalnpm.com\/index.php\/2020\/12\/05\/jornalista-humberto-coelho-morre-apos-lutar-por-mais-de-30-dias-contra-a-covid-19\/","title":{"rendered":"Jornalista Humberto Coelho morre ap\u00f3s lutar por mais de 30 dias contra a Covid-19"},"content":{"rendered":"<p style=\"text-align: justify;\">O jornalista e presidente da Funda\u00e7\u00e3o Antares, Humberto Coelho, 60 anos, morreu no final da tarde deste s\u00e1bado (5) ap\u00f3s lutar por mais de 30 dias contra a Covid-19.<\/p>\n<p style=\"text-align: justify;\">\n<p style=\"text-align: justify;\">\n<p style=\"text-align: justify;\">Ele estava internado na UTI do hospital Prontomed desde o dia 1\u00ba de novembro. Humberto chegou a ser entubado e estava inconsciente. Recentemente foi diagnosticado com fibrose pulmonar e insufici\u00eancia renal, provocados pelo v\u00edrus. Hoje seu quadro de sa\u00fade piorou e n\u00e3o resistiu as complica\u00e7\u00f5es da doen\u00e7a.<\/p>\n<p style=\"text-align: justify;\">Durante todo o dia, familiares e amigos de Humberto Coelho realizaram corrente de ora\u00e7\u00e3o pela sa\u00fade do jornalista.<\/p>\n<p style=\"text-align: justify;\">A morte de Humberto provoca uma como\u00e7\u00e3o na rede social. Humberto \u00e9 formado em comunica\u00e7\u00e3o, filosofia e teologia. Era um profissional defensor das r\u00e1dios comunit\u00e1rias, atuou por v\u00e1rios anos em R\u00e1dios da capital.<\/p>\n<p style=\"text-align: justify;\">Trabalhou na R\u00e1dio Pioneira de Teresina e l\u00e1 iniciou o movimento de r\u00e1dios comunit\u00e1rias no Piau\u00ed. Foi um dos fundadores da r\u00e1dio 1\u00ba de Maio, a primeira r\u00e1dio comunit\u00e1ria de Teresina criada pelos trabalhadores.<\/p>\n<p style=\"text-align: justify;\">Quando come\u00e7ou a trabalhar no governo em 2002 ajudou a fundar a R\u00e1dio Esperan\u00e7a FM. Foi o primeiro coordenador do departamento de pol\u00edticas p\u00fablicas para comunica\u00e7\u00e3o do Piau\u00ed, ligado a Coordena\u00e7\u00e3o de Comunica\u00e7\u00e3o do Estado.<\/p>\n<p style=\"text-align: justify;\">Desde 2015 \u00e9 diretor da Funda\u00e7\u00e3o Antares. Humberto tamb\u00e9m \u00e9 ligado \u00e0 igreja Cat\u00f3lica, foi sacerdote e deixou o sacerd\u00f3cio para se casar. Ele era filiado ao PT e por duas vezes foi candidato a vereador de Teresina. Humberto \u00e9 casado com a jornalista Ana Maria Costa, que \u00e9 assessora de imprensa do governador Wellington Dias e deixa tr\u00eas filhos.<\/p>\n<p style=\"text-align: justify;\">\n<p style=\"text-align: justify;\"><strong>Veja mensagens na rede social:\u00a0<\/strong><\/p>\n<p style=\"text-align: justify;\">\n<p style=\"text-align: justify;\">\n<p style=\"text-align: justify;\"><iframe id=\"instagram-embed-0\" class=\"instagram-media instagram-media-rendered\" src=\"https:\/\/www.instagram.com\/p\/CIbvuANBckj\/embed\/captioned\/?cr=1&#038;v=13&#038;wp=656&#038;rd=https%3A%2F%2Fcidadeverde.com&#038;rp=%2Fnoticias%2F337503%2Fjornalista-humberto-coelho-morre-apos-lutar-por-mais-de-30-dias-contra-a-covid-19#%7B%22ci%22%3A0%2C%22os%22%3A14816.999999999098%2C%22ls%22%3A2750.7000000005064%2C%22le%22%3A2768.7000000005355%7D\" height=\"836\" frameborder=\"0\" scrolling=\"no\" allowfullscreen=\"allowfullscreen\" data-instgrm-payload-id=\"instagram-media-payload-0\" data-mce-fragment=\"1\"><\/iframe><\/p>\n<p style=\"text-align: justify;\">\n<p style=\"text-align: justify;\">\n<p style=\"text-align: justify;\"><iframe id=\"instagram-embed-1\" class=\"instagram-media instagram-media-rendered\" src=\"https:\/\/www.instagram.com\/p\/CIbs9tWDvBD\/embed\/captioned\/?cr=1&#038;v=13&#038;wp=656&#038;rd=https%3A%2F%2Fcidadeverde.com&#038;rp=%2Fnoticias%2F337503%2Fjornalista-humberto-coelho-morre-apos-lutar-por-mais-de-30-dias-contra-a-covid-19#%7B%22ci%22%3A1%2C%22os%22%3A14838.200000001962%2C%22ls%22%3A2750.7000000005064%2C%22le%22%3A2768.7000000005355%7D\" height=\"851\" frameborder=\"0\" scrolling=\"no\" allowfullscreen=\"allowfullscreen\" data-instgrm-payload-id=\"instagram-media-payload-1\" data-mce-fragment=\"1\"><\/iframe><\/p>\n<p style=\"text-align: justify;\">\n<p style=\"text-align: justify;\">\n<p style=\"text-align: justify;\"><iframe id=\"instagram-embed-2\" class=\"instagram-media instagram-media-rendered\" src=\"https:\/\/www.instagram.com\/p\/CIbudt5jSkX\/embed\/captioned\/?cr=1&#038;v=13&#038;wp=656&#038;rd=https%3A%2F%2Fcidadeverde.com&#038;rp=%2Fnoticias%2F337503%2Fjornalista-humberto-coelho-morre-apos-lutar-por-mais-de-30-dias-contra-a-covid-19#%7B%22ci%22%3A2%2C%22os%22%3A14852.500000000873%2C%22ls%22%3A2750.7000000005064%2C%22le%22%3A2768.7000000005355%7D\" height=\"818\" frameborder=\"0\" scrolling=\"no\" allowfullscreen=\"allowfullscreen\" data-instgrm-payload-id=\"instagram-media-payload-2\" data-mce-fragment=\"1\"><\/iframe><\/p>\n<p style=\"text-align: justify;\">\n<p style=\"text-align: justify;\">\n<p style=\"text-align: justify;\"><iframe id=\"instagram-embed-3\" class=\"instagram-media instagram-media-rendered\" src=\"https:\/\/www.instagram.com\/p\/CIbxArfDdah\/embed\/captioned\/?cr=1&#038;v=13&#038;wp=656&#038;rd=https%3A%2F%2Fcidadeverde.com&#038;rp=%2Fnoticias%2F337503%2Fjornalista-humberto-coelho-morre-apos-lutar-por-mais-de-30-dias-contra-a-covid-19#%7B%22ci%22%3A3%2C%22os%22%3A21947.89999999921%2C%22ls%22%3A2750.7000000005064%2C%22le%22%3A2768.7000000005355%7D\" height=\"728\" frameborder=\"0\" scrolling=\"no\" allowfullscreen=\"allowfullscreen\" data-instgrm-payload-id=\"instagram-media-payload-3\" data-mce-fragment=\"1\"><\/iframe><\/p>\n<p style=\"text-align: justify;\">\n<p style=\"text-align: justify;\">\n<p style=\"text-align: justify;\">Flash Yala Sena<br \/>\nyalasena@cidadeverde.com<\/p>\n","protected":false},"excerpt":{"rendered":"<p>O jornalista e presidente da Funda\u00e7\u00e3o Antares, Humberto Coelho, 60 anos, morreu no final da tarde deste s\u00e1bado (5) ap\u00f3s lutar por mais de 30 dias contra a Covid-19. Ele estava internado na UTI do hospital Prontomed desde o dia 1\u00ba de novembro. Humberto chegou a ser entubado e estava inconsciente. Recentemente foi diagnosticado com &hellip;<\/p>\n","protected":false},"author":2,"featured_media":59887,"comment_status":"open","ping_status":"open","sticky":false,"template":"","format":"standard","meta":{"content-type":"","rop_custom_images_group":[],"rop_custom_messages_group":[],"rop_publish_now":"initial","rop_publish_now_accounts":{"facebook_2648258775420054_1618374048415101":""},"rop_publish_now_history":[],"rop_publish_now_status":"pending","footnotes":"","_jetpack_memberships_contains_paid_content":false},"categories":[113,125],"tags":[7976,7977,7978,7979],"yoast_head":"<!-- This site is optimized with the Yoast SEO plugin v22.3 - https:\/\/yoast.com\/wordpress\/plugins\/seo\/ -->\n<title>Jornalista Humberto Coelho morre ap\u00f3s lutar por mais de 30 dias contra a Covid-19<\/title>\n<meta name=\"robots\" content=\"index, follow, max-snippet:-1, max-image-preview:large, max-video-preview:-1\" \/>\n<link rel=\"canonical\" href=\"https:\/\/portalnpm.com\/index.php\/2020\/12\/05\/jornalista-humberto-coelho-morre-apos-lutar-por-mais-de-30-dias-contra-a-covid-19\/\" \/>\n<meta property=\"og:locale\" content=\"pt_BR\" \/>\n<meta property=\"og:type\" content=\"article\" \/>\n<meta property=\"og:title\" content=\"Jornalista Humberto Coelho morre ap\u00f3s lutar por mais de 30 dias contra a Covid-19\" \/>\n<meta property=\"og:description\" content=\"O jornalista e presidente da Funda\u00e7\u00e3o Antares, Humberto Coelho, 60 anos, morreu no final da tarde deste s\u00e1bado (5) ap\u00f3s lutar por mais de 30 dias contra a Covid-19. Ele estava internado na UTI do hospital Prontomed desde o dia 1\u00ba de novembro. Humberto chegou a ser entubado e estava inconsciente. Recentemente foi diagnosticado com &hellip;\" \/>\n<meta property=\"og:url\" content=\"https:\/\/portalnpm.com\/index.php\/2020\/12\/05\/jornalista-humberto-coelho-morre-apos-lutar-por-mais-de-30-dias-contra-a-covid-19\/\" \/>\n<meta property=\"og:site_name\" content=\"Portal NPM\" \/>\n<meta property=\"article:published_time\" content=\"2020-12-05T23:29:50+00:00\" \/>\n<meta property=\"og:image\" content=\"https:\/\/portalnpm.com\/wp-content\/uploads\/2024\/01\/a50367336a25d21abba833c9704278d7.jpg\" \/>\n\t<meta property=\"og:image:width\" content=\"790\" \/>\n\t<meta property=\"og:image:height\" content=\"677\" \/>\n\t<meta property=\"og:image:type\" content=\"image\/jpeg\" \/>\n<meta name=\"author\" content=\"Genival Barbosa\" \/>\n<meta name=\"twitter:card\" content=\"summary_large_image\" \/>\n<meta name=\"twitter:label1\" content=\"Escrito por\" \/>\n\t<meta name=\"twitter:data1\" content=\"Genival Barbosa\" \/>\n\t<meta name=\"twitter:label2\" content=\"Est. tempo de leitura\" \/>\n\t<meta name=\"twitter:data2\" content=\"1 minuto\" \/>\n<script type=\"application\/ld+json\" class=\"yoast-schema-graph\">{\"@context\":\"https:\/\/schema.org\",\"@graph\":[{\"@type\":\"WebPage\",\"@id\":\"https:\/\/portalnpm.com\/index.php\/2020\/12\/05\/jornalista-humberto-coelho-morre-apos-lutar-por-mais-de-30-dias-contra-a-covid-19\/\",\"url\":\"https:\/\/portalnpm.com\/index.php\/2020\/12\/05\/jornalista-humberto-coelho-morre-apos-lutar-por-mais-de-30-dias-contra-a-covid-19\/\",\"name\":\"Jornalista Humberto Coelho morre ap\u00f3s lutar por mais de 30 dias contra a Covid-19\",\"isPartOf\":{\"@id\":\"https:\/\/portalnpm.com\/#website\"},\"primaryImageOfPage\":{\"@id\":\"https:\/\/portalnpm.com\/index.php\/2020\/12\/05\/jornalista-humberto-coelho-morre-apos-lutar-por-mais-de-30-dias-contra-a-covid-19\/#primaryimage\"},\"image\":{\"@id\":\"https:\/\/portalnpm.com\/index.php\/2020\/12\/05\/jornalista-humberto-coelho-morre-apos-lutar-por-mais-de-30-dias-contra-a-covid-19\/#primaryimage\"},\"thumbnailUrl\":\"https:\/\/portalnpm.com\/wp-content\/uploads\/2024\/01\/a50367336a25d21abba833c9704278d7.jpg\",\"datePublished\":\"2020-12-05T23:29:50+00:00\",\"dateModified\":\"2020-12-05T23:29:50+00:00\",\"author\":{\"@id\":\"https:\/\/portalnpm.com\/#\/schema\/person\/49313e563cfdefcc167f1ee4c017c294\"},\"breadcrumb\":{\"@id\":\"https:\/\/portalnpm.com\/index.php\/2020\/12\/05\/jornalista-humberto-coelho-morre-apos-lutar-por-mais-de-30-dias-contra-a-covid-19\/#breadcrumb\"},\"inLanguage\":\"pt-BR\",\"potentialAction\":[{\"@type\":\"ReadAction\",\"target\":[\"https:\/\/portalnpm.com\/index.php\/2020\/12\/05\/jornalista-humberto-coelho-morre-apos-lutar-por-mais-de-30-dias-contra-a-covid-19\/\"]}]},{\"@type\":\"ImageObject\",\"inLanguage\":\"pt-BR\",\"@id\":\"https:\/\/portalnpm.com\/index.php\/2020\/12\/05\/jornalista-humberto-coelho-morre-apos-lutar-por-mais-de-30-dias-contra-a-covid-19\/#primaryimage\",\"url\":\"https:\/\/portalnpm.com\/wp-content\/uploads\/2024\/01\/a50367336a25d21abba833c9704278d7.jpg\",\"contentUrl\":\"https:\/\/portalnpm.com\/wp-content\/uploads\/2024\/01\/a50367336a25d21abba833c9704278d7.jpg\",\"width\":790,\"height\":677},{\"@type\":\"BreadcrumbList\",\"@id\":\"https:\/\/portalnpm.com\/index.php\/2020\/12\/05\/jornalista-humberto-coelho-morre-apos-lutar-por-mais-de-30-dias-contra-a-covid-19\/#breadcrumb\",\"itemListElement\":[{\"@type\":\"ListItem\",\"position\":1,\"name\":\"In\u00edcio\",\"item\":\"https:\/\/portalnpm.com\/\"},{\"@type\":\"ListItem\",\"position\":2,\"name\":\"Jornalista Humberto Coelho morre ap\u00f3s lutar por mais de 30 dias contra a Covid-19\"}]},{\"@type\":\"WebSite\",\"@id\":\"https:\/\/portalnpm.com\/#website\",\"url\":\"https:\/\/portalnpm.com\/\",\"name\":\"Portal NPM\",\"description\":\"Not\u00edcias em Primeira M\u00e3o\",\"potentialAction\":[{\"@type\":\"SearchAction\",\"target\":{\"@type\":\"EntryPoint\",\"urlTemplate\":\"https:\/\/portalnpm.com\/?s={search_term_string}\"},\"query-input\":\"required name=search_term_string\"}],\"inLanguage\":\"pt-BR\"},{\"@type\":\"Person\",\"@id\":\"https:\/\/portalnpm.com\/#\/schema\/person\/49313e563cfdefcc167f1ee4c017c294\",\"name\":\"Genival Barbosa\",\"image\":{\"@type\":\"ImageObject\",\"inLanguage\":\"pt-BR\",\"@id\":\"https:\/\/portalnpm.com\/#\/schema\/person\/image\/\",\"url\":\"https:\/\/portalnpm.com\/wp-content\/uploads\/2024\/02\/avatar_user_2_1707743258-96x96.jpeg\",\"contentUrl\":\"https:\/\/portalnpm.com\/wp-content\/uploads\/2024\/02\/avatar_user_2_1707743258-96x96.jpeg\",\"caption\":\"Genival Barbosa\"},\"url\":\"https:\/\/portalnpm.com\/index.php\/author\/genival\/\"}]}<\/script>\n<!-- \/ Yoast SEO plugin. -->","yoast_head_json":{"title":"Jornalista Humberto Coelho morre ap\u00f3s lutar por mais de 30 dias contra a Covid-19","robots":{"index":"index","follow":"follow","max-snippet":"max-snippet:-1","max-image-preview":"max-image-preview:large","max-video-preview":"max-video-preview:-1"},"canonical":"https:\/\/portalnpm.com\/index.php\/2020\/12\/05\/jornalista-humberto-coelho-morre-apos-lutar-por-mais-de-30-dias-contra-a-covid-19\/","og_locale":"pt_BR","og_type":"article","og_title":"Jornalista Humberto Coelho morre ap\u00f3s lutar por mais de 30 dias contra a Covid-19","og_description":"O jornalista e presidente da Funda\u00e7\u00e3o Antares, Humberto Coelho, 60 anos, morreu no final da tarde deste s\u00e1bado (5) ap\u00f3s lutar por mais de 30 dias contra a Covid-19. Ele estava internado na UTI do hospital Prontomed desde o dia 1\u00ba de novembro. Humberto chegou a ser entubado e estava inconsciente. Recentemente foi diagnosticado com &hellip;","og_url":"https:\/\/portalnpm.com\/index.php\/2020\/12\/05\/jornalista-humberto-coelho-morre-apos-lutar-por-mais-de-30-dias-contra-a-covid-19\/","og_site_name":"Portal NPM","article_published_time":"2020-12-05T23:29:50+00:00","og_image":[{"width":790,"height":677,"url":"https:\/\/portalnpm.com\/wp-content\/uploads\/2024\/01\/a50367336a25d21abba833c9704278d7.jpg","type":"image\/jpeg"}],"author":"Genival Barbosa","twitter_card":"summary_large_image","twitter_misc":{"Escrito por":"Genival Barbosa","Est. tempo de leitura":"1 minuto"},"schema":{"@context":"https:\/\/schema.org","@graph":[{"@type":"WebPage","@id":"https:\/\/portalnpm.com\/index.php\/2020\/12\/05\/jornalista-humberto-coelho-morre-apos-lutar-por-mais-de-30-dias-contra-a-covid-19\/","url":"https:\/\/portalnpm.com\/index.php\/2020\/12\/05\/jornalista-humberto-coelho-morre-apos-lutar-por-mais-de-30-dias-contra-a-covid-19\/","name":"Jornalista Humberto Coelho morre ap\u00f3s lutar por mais de 30 dias contra a Covid-19","isPartOf":{"@id":"https:\/\/portalnpm.com\/#website"},"primaryImageOfPage":{"@id":"https:\/\/portalnpm.com\/index.php\/2020\/12\/05\/jornalista-humberto-coelho-morre-apos-lutar-por-mais-de-30-dias-contra-a-covid-19\/#primaryimage"},"image":{"@id":"https:\/\/portalnpm.com\/index.php\/2020\/12\/05\/jornalista-humberto-coelho-morre-apos-lutar-por-mais-de-30-dias-contra-a-covid-19\/#primaryimage"},"thumbnailUrl":"https:\/\/portalnpm.com\/wp-content\/uploads\/2024\/01\/a50367336a25d21abba833c9704278d7.jpg","datePublished":"2020-12-05T23:29:50+00:00","dateModified":"2020-12-05T23:29:50+00:00","author":{"@id":"https:\/\/portalnpm.com\/#\/schema\/person\/49313e563cfdefcc167f1ee4c017c294"},"breadcrumb":{"@id":"https:\/\/portalnpm.com\/index.php\/2020\/12\/05\/jornalista-humberto-coelho-morre-apos-lutar-por-mais-de-30-dias-contra-a-covid-19\/#breadcrumb"},"inLanguage":"pt-BR","potentialAction":[{"@type":"ReadAction","target":["https:\/\/portalnpm.com\/index.php\/2020\/12\/05\/jornalista-humberto-coelho-morre-apos-lutar-por-mais-de-30-dias-contra-a-covid-19\/"]}]},{"@type":"ImageObject","inLanguage":"pt-BR","@id":"https:\/\/portalnpm.com\/index.php\/2020\/12\/05\/jornalista-humberto-coelho-morre-apos-lutar-por-mais-de-30-dias-contra-a-covid-19\/#primaryimage","url":"https:\/\/portalnpm.com\/wp-content\/uploads\/2024\/01\/a50367336a25d21abba833c9704278d7.jpg","contentUrl":"https:\/\/portalnpm.com\/wp-content\/uploads\/2024\/01\/a50367336a25d21abba833c9704278d7.jpg","width":790,"height":677},{"@type":"BreadcrumbList","@id":"https:\/\/portalnpm.com\/index.php\/2020\/12\/05\/jornalista-humberto-coelho-morre-apos-lutar-por-mais-de-30-dias-contra-a-covid-19\/#breadcrumb","itemListElement":[{"@type":"ListItem","position":1,"name":"In\u00edcio","item":"https:\/\/portalnpm.com\/"},{"@type":"ListItem","position":2,"name":"Jornalista Humberto Coelho morre ap\u00f3s lutar por mais de 30 dias contra a Covid-19"}]},{"@type":"WebSite","@id":"https:\/\/portalnpm.com\/#website","url":"https:\/\/portalnpm.com\/","name":"Portal NPM","description":"Not\u00edcias em Primeira M\u00e3o","potentialAction":[{"@type":"SearchAction","target":{"@type":"EntryPoint","urlTemplate":"https:\/\/portalnpm.com\/?s={search_term_string}"},"query-input":"required name=search_term_string"}],"inLanguage":"pt-BR"},{"@type":"Person","@id":"https:\/\/portalnpm.com\/#\/schema\/person\/49313e563cfdefcc167f1ee4c017c294","name":"Genival Barbosa","image":{"@type":"ImageObject","inLanguage":"pt-BR","@id":"https:\/\/portalnpm.com\/#\/schema\/person\/image\/","url":"https:\/\/portalnpm.com\/wp-content\/uploads\/2024\/02\/avatar_user_2_1707743258-96x96.jpeg","contentUrl":"https:\/\/portalnpm.com\/wp-content\/uploads\/2024\/02\/avatar_user_2_1707743258-96x96.jpeg","caption":"Genival Barbosa"},"url":"https:\/\/portalnpm.com\/index.php\/author\/genival\/"}]}},"jetpack_sharing_enabled":true,"jetpack_featured_media_url":"https:\/\/portalnpm.com\/wp-content\/uploads\/2024\/01\/a50367336a25d21abba833c9704278d7.jpg","_links":{"self":[{"href":"https:\/\/portalnpm.com\/index.php\/wp-json\/wp\/v2\/posts\/59886"}],"collection":[{"href":"https:\/\/portalnpm.com\/index.php\/wp-json\/wp\/v2\/posts"}],"about":[{"href":"https:\/\/portalnpm.com\/index.php\/wp-json\/wp\/v2\/types\/post"}],"author":[{"embeddable":true,"href":"https:\/\/portalnpm.com\/index.php\/wp-json\/wp\/v2\/users\/2"}],"replies":[{"embeddable":true,"href":"https:\/\/portalnpm.com\/index.php\/wp-json\/wp\/v2\/comments?post=59886"}],"version-history":[{"count":0,"href":"https:\/\/portalnpm.com\/index.php\/wp-json\/wp\/v2\/posts\/59886\/revisions"}],"wp:featuredmedia":[{"embeddable":true,"href":"https:\/\/portalnpm.com\/index.php\/wp-json\/wp\/v2\/media\/59887"}],"wp:attachment":[{"href":"https:\/\/portalnpm.com\/index.php\/wp-json\/wp\/v2\/media?parent=59886"}],"wp:term":[{"taxonomy":"category","embeddable":true,"href":"https:\/\/portalnpm.com\/index.php\/wp-json\/wp\/v2\/categories?post=59886"},{"taxonomy":"post_tag","embeddable":true,"href":"https:\/\/portalnpm.com\/index.php\/wp-json\/wp\/v2\/tags?post=59886"}],"curies":[{"name":"wp","href":"https:\/\/api.w.org\/{rel}","templated":true}]}}