{"id":59888,"date":"2020-12-05T20:36:03","date_gmt":"2020-12-05T23:36:03","guid":{"rendered":"https:\/\/portalnpm.com\/index.php\/2020\/12\/05\/icasa-e-crato-conquistam-acesso-para-a-serie-a-do-cearense\/"},"modified":"2020-12-05T20:36:03","modified_gmt":"2020-12-05T23:36:03","slug":"icasa-e-crato-conquistam-acesso-para-a-serie-a-do-cearense","status":"publish","type":"post","link":"https:\/\/portalnpm.com\/index.php\/2020\/12\/05\/icasa-e-crato-conquistam-acesso-para-a-serie-a-do-cearense\/","title":{"rendered":"Icasa e Crato conquistam acesso para a S\u00e9rie A do Cearense"},"content":{"rendered":"<p style=\"text-align: justify;\">O trof\u00e9u de campe\u00e3o da S\u00e9rie B ficar\u00e1 no Cariri. Icasa e Crato passam para a final e conseguem o acesso para a S\u00e9rie A do Campeonato Cearense de 2021. Ser\u00e1 uma final hist\u00f3rica entre os dois clubes do Cariri.<\/p>\n<p style=\"text-align: justify;\">\n<p style=\"text-align: justify;\">\n<p style=\"text-align: justify;\">O Icasa, que foi rebaixado em 2016, volta depois de quatro anos para a elite do futebol cearense. J\u00e1 o Crato, estava h\u00e1 seis anos fora da S\u00e9rie A. A partida ser\u00e1 \u00fanica, nesta quarta-feira (09), a partir das 15h30, no Est\u00e1dio Inald\u00e3o, em Barbalha.<\/p>\n<p style=\"text-align: justify;\">O Verd\u00e3o enfrentou o Itapipoca e perdeu no placar de 3 a 2. Apesar da derrota, o Icasa venceu o primeiro jogo por 1 a 0 e poderia perder at\u00e9 por um gol de diferen\u00e7a, que foi o caso. Al\u00e9m disso, a vantagem de ter encerrado a Primeira Fase na 1\u00aa coloca\u00e7\u00e3o deu a vantagem.<\/p>\n<p style=\"text-align: justify;\">J\u00e1 o Azul\u00e3o venceu pelo placar de 1 a 0 em gol de p\u00eanalti, em um jogo extremamente dram\u00e1tico, mas garantindo o acesso a 1\u00aa divis\u00e3o do Campeonato Cearense. Veja os detalhes das partidas.<\/p>\n<p style=\"text-align: justify;\"><strong>Icasa 2\u00d73 Itapipoca<\/strong><\/p>\n<p style=\"text-align: justify;\">O jogo entre Icasa e Itapipoca foi acirrado, equilibrado e dif\u00edcil, mas que deu o favoritismo ao Verd\u00e3o. O primeiro gol saiu aos 20 minutos do primeiro tempo, marcado por Nael. O jogador bateu de fora da grande \u00e1rea, o goleiro at\u00e9 tentou defender, mas sem sucesso.<\/p>\n<p style=\"text-align: justify;\">Na segunda etapa, foi marcado o segundo gol, aos 16 minutos. Thiaguinho chutou no canto do gol, sem chances de defesa para\u00a0 o goleiro Railson. Com o placar favor\u00e1vel, o Icasa relaxou. Aos 26 minutos, o jogador Clecione, do Itapipoca, diminuiu o placar. Clecione marcou o segundo gol do Garoto Travesso aos 37 minutos.<\/p>\n<p style=\"text-align: justify;\">Nos \u00faltimos minutos, o Itapipoca pressionou o Icasa com chutes a gol e aos 50 minutos, marcou o terceiro gol com o jogador Denis. No apito final, alguns atletas do Itapipoca foram para cima do \u00e1rbitro, sendo preciso a entrada da Pol\u00edcia Militar no gramado.<\/p>\n<p style=\"text-align: justify;\">Apesar do placar, o Verd\u00e3o conseguiu o acesso, diante das vantagens que adquiriu no campeonato, diante da melhor campanha.<\/p>\n<p style=\"text-align: justify;\"><strong>Crato 1\u00d70 Maranguape<\/strong><\/p>\n<p style=\"text-align: justify;\">Em um jogo dif\u00edcil e extremamente equilibrado, o Crato conseguiu o acesso e chegou na final da S\u00e9rie B. Crato teve duas chances no primeiro tempo com dois chutes a gols do Vin\u00edcius, que n\u00e3o tiveram sucesso. O Gavi\u00e3o da Serra pressionou o quanto pode, mas n\u00e3o marcou.<\/p>\n<p style=\"text-align: justify;\">No segundo tempo, o atleta Leandro caiu e precisou ser levado para o hospital de ambul\u00e2ncia e o jogo ficou paralisado. Devido o tempo de paralisa\u00e7\u00e3o, foi dado 12 minutos de acr\u00e9scimos. As duas partidas passaram a pressionar, no intuito de sair um gol.<\/p>\n<p style=\"text-align: justify;\">O juiz marcou um p\u00eanalti para o Crato. O Maranguape questionou, o juiz n\u00e3o voltou atr\u00e1s. O atleta Vin\u00edcius, que \u00e9 artilheiro do campeonato, bateu e marcou, garantido a vit\u00f3ria para o Azul\u00e3o e confirmando o acesso.<\/p>\n<p style=\"text-align: justify;\">Fonte:\u00a0 Badalo<\/p>\n","protected":false},"excerpt":{"rendered":"<p>O trof\u00e9u de campe\u00e3o da S\u00e9rie B ficar\u00e1 no Cariri. Icasa e Crato passam para a final e conseguem o acesso para a S\u00e9rie A do Campeonato Cearense de 2021. Ser\u00e1 uma final hist\u00f3rica entre os dois clubes do Cariri. O Icasa, que foi rebaixado em 2016, volta depois de quatro anos para a elite &hellip;<\/p>\n","protected":false},"author":2,"featured_media":59889,"comment_status":"open","ping_status":"open","sticky":false,"template":"","format":"standard","meta":{"content-type":"","rop_custom_images_group":[],"rop_custom_messages_group":[],"rop_publish_now":"initial","rop_publish_now_accounts":{"facebook_2648258775420054_1618374048415101":""},"rop_publish_now_history":[],"rop_publish_now_status":"pending","footnotes":"","_jetpack_memberships_contains_paid_content":false},"categories":[108,118],"tags":[7980,7981,7982],"yoast_head":"<!-- This site is optimized with the Yoast SEO plugin v22.3 - https:\/\/yoast.com\/wordpress\/plugins\/seo\/ -->\n<title>Icasa e Crato conquistam acesso para a S\u00e9rie A do Cearense<\/title>\n<meta name=\"robots\" content=\"index, follow, max-snippet:-1, max-image-preview:large, max-video-preview:-1\" \/>\n<link rel=\"canonical\" href=\"https:\/\/portalnpm.com\/index.php\/2020\/12\/05\/icasa-e-crato-conquistam-acesso-para-a-serie-a-do-cearense\/\" \/>\n<meta property=\"og:locale\" content=\"pt_BR\" \/>\n<meta property=\"og:type\" content=\"article\" \/>\n<meta property=\"og:title\" content=\"Icasa e Crato conquistam acesso para a S\u00e9rie A do Cearense\" \/>\n<meta property=\"og:description\" content=\"O trof\u00e9u de campe\u00e3o da S\u00e9rie B ficar\u00e1 no Cariri. Icasa e Crato passam para a final e conseguem o acesso para a S\u00e9rie A do Campeonato Cearense de 2021. Ser\u00e1 uma final hist\u00f3rica entre os dois clubes do Cariri. O Icasa, que foi rebaixado em 2016, volta depois de quatro anos para a elite &hellip;\" \/>\n<meta property=\"og:url\" content=\"https:\/\/portalnpm.com\/index.php\/2020\/12\/05\/icasa-e-crato-conquistam-acesso-para-a-serie-a-do-cearense\/\" \/>\n<meta property=\"og:site_name\" content=\"Portal NPM\" \/>\n<meta property=\"article:published_time\" content=\"2020-12-05T23:36:03+00:00\" \/>\n<meta property=\"og:image\" content=\"https:\/\/portalnpm.com\/wp-content\/uploads\/2024\/01\/page.jpg\" \/>\n\t<meta property=\"og:image:width\" content=\"750\" \/>\n\t<meta property=\"og:image:height\" content=\"375\" \/>\n\t<meta property=\"og:image:type\" content=\"image\/jpeg\" \/>\n<meta name=\"author\" content=\"Genival Barbosa\" \/>\n<meta name=\"twitter:card\" content=\"summary_large_image\" \/>\n<meta name=\"twitter:label1\" content=\"Escrito por\" \/>\n\t<meta name=\"twitter:data1\" content=\"Genival Barbosa\" \/>\n\t<meta name=\"twitter:label2\" content=\"Est. tempo de leitura\" \/>\n\t<meta name=\"twitter:data2\" content=\"2 minutos\" \/>\n<script type=\"application\/ld+json\" class=\"yoast-schema-graph\">{\"@context\":\"https:\/\/schema.org\",\"@graph\":[{\"@type\":\"WebPage\",\"@id\":\"https:\/\/portalnpm.com\/index.php\/2020\/12\/05\/icasa-e-crato-conquistam-acesso-para-a-serie-a-do-cearense\/\",\"url\":\"https:\/\/portalnpm.com\/index.php\/2020\/12\/05\/icasa-e-crato-conquistam-acesso-para-a-serie-a-do-cearense\/\",\"name\":\"Icasa e Crato conquistam acesso para a S\u00e9rie A do Cearense\",\"isPartOf\":{\"@id\":\"https:\/\/portalnpm.com\/#website\"},\"primaryImageOfPage\":{\"@id\":\"https:\/\/portalnpm.com\/index.php\/2020\/12\/05\/icasa-e-crato-conquistam-acesso-para-a-serie-a-do-cearense\/#primaryimage\"},\"image\":{\"@id\":\"https:\/\/portalnpm.com\/index.php\/2020\/12\/05\/icasa-e-crato-conquistam-acesso-para-a-serie-a-do-cearense\/#primaryimage\"},\"thumbnailUrl\":\"https:\/\/portalnpm.com\/wp-content\/uploads\/2024\/01\/page.jpg\",\"datePublished\":\"2020-12-05T23:36:03+00:00\",\"dateModified\":\"2020-12-05T23:36:03+00:00\",\"author\":{\"@id\":\"https:\/\/portalnpm.com\/#\/schema\/person\/49313e563cfdefcc167f1ee4c017c294\"},\"breadcrumb\":{\"@id\":\"https:\/\/portalnpm.com\/index.php\/2020\/12\/05\/icasa-e-crato-conquistam-acesso-para-a-serie-a-do-cearense\/#breadcrumb\"},\"inLanguage\":\"pt-BR\",\"potentialAction\":[{\"@type\":\"ReadAction\",\"target\":[\"https:\/\/portalnpm.com\/index.php\/2020\/12\/05\/icasa-e-crato-conquistam-acesso-para-a-serie-a-do-cearense\/\"]}]},{\"@type\":\"ImageObject\",\"inLanguage\":\"pt-BR\",\"@id\":\"https:\/\/portalnpm.com\/index.php\/2020\/12\/05\/icasa-e-crato-conquistam-acesso-para-a-serie-a-do-cearense\/#primaryimage\",\"url\":\"https:\/\/portalnpm.com\/wp-content\/uploads\/2024\/01\/page.jpg\",\"contentUrl\":\"https:\/\/portalnpm.com\/wp-content\/uploads\/2024\/01\/page.jpg\",\"width\":750,\"height\":375},{\"@type\":\"BreadcrumbList\",\"@id\":\"https:\/\/portalnpm.com\/index.php\/2020\/12\/05\/icasa-e-crato-conquistam-acesso-para-a-serie-a-do-cearense\/#breadcrumb\",\"itemListElement\":[{\"@type\":\"ListItem\",\"position\":1,\"name\":\"In\u00edcio\",\"item\":\"https:\/\/portalnpm.com\/\"},{\"@type\":\"ListItem\",\"position\":2,\"name\":\"Icasa e Crato conquistam acesso para a S\u00e9rie A do Cearense\"}]},{\"@type\":\"WebSite\",\"@id\":\"https:\/\/portalnpm.com\/#website\",\"url\":\"https:\/\/portalnpm.com\/\",\"name\":\"Portal NPM\",\"description\":\"Not\u00edcias em Primeira M\u00e3o\",\"potentialAction\":[{\"@type\":\"SearchAction\",\"target\":{\"@type\":\"EntryPoint\",\"urlTemplate\":\"https:\/\/portalnpm.com\/?s={search_term_string}\"},\"query-input\":\"required name=search_term_string\"}],\"inLanguage\":\"pt-BR\"},{\"@type\":\"Person\",\"@id\":\"https:\/\/portalnpm.com\/#\/schema\/person\/49313e563cfdefcc167f1ee4c017c294\",\"name\":\"Genival Barbosa\",\"image\":{\"@type\":\"ImageObject\",\"inLanguage\":\"pt-BR\",\"@id\":\"https:\/\/portalnpm.com\/#\/schema\/person\/image\/\",\"url\":\"https:\/\/portalnpm.com\/wp-content\/uploads\/2024\/02\/avatar_user_2_1707743258-96x96.jpeg\",\"contentUrl\":\"https:\/\/portalnpm.com\/wp-content\/uploads\/2024\/02\/avatar_user_2_1707743258-96x96.jpeg\",\"caption\":\"Genival Barbosa\"},\"url\":\"https:\/\/portalnpm.com\/index.php\/author\/genival\/\"}]}<\/script>\n<!-- \/ Yoast SEO plugin. -->","yoast_head_json":{"title":"Icasa e Crato conquistam acesso para a S\u00e9rie A do Cearense","robots":{"index":"index","follow":"follow","max-snippet":"max-snippet:-1","max-image-preview":"max-image-preview:large","max-video-preview":"max-video-preview:-1"},"canonical":"https:\/\/portalnpm.com\/index.php\/2020\/12\/05\/icasa-e-crato-conquistam-acesso-para-a-serie-a-do-cearense\/","og_locale":"pt_BR","og_type":"article","og_title":"Icasa e Crato conquistam acesso para a S\u00e9rie A do Cearense","og_description":"O trof\u00e9u de campe\u00e3o da S\u00e9rie B ficar\u00e1 no Cariri. Icasa e Crato passam para a final e conseguem o acesso para a S\u00e9rie A do Campeonato Cearense de 2021. Ser\u00e1 uma final hist\u00f3rica entre os dois clubes do Cariri. O Icasa, que foi rebaixado em 2016, volta depois de quatro anos para a elite &hellip;","og_url":"https:\/\/portalnpm.com\/index.php\/2020\/12\/05\/icasa-e-crato-conquistam-acesso-para-a-serie-a-do-cearense\/","og_site_name":"Portal NPM","article_published_time":"2020-12-05T23:36:03+00:00","og_image":[{"width":750,"height":375,"url":"https:\/\/portalnpm.com\/wp-content\/uploads\/2024\/01\/page.jpg","type":"image\/jpeg"}],"author":"Genival Barbosa","twitter_card":"summary_large_image","twitter_misc":{"Escrito por":"Genival Barbosa","Est. tempo de leitura":"2 minutos"},"schema":{"@context":"https:\/\/schema.org","@graph":[{"@type":"WebPage","@id":"https:\/\/portalnpm.com\/index.php\/2020\/12\/05\/icasa-e-crato-conquistam-acesso-para-a-serie-a-do-cearense\/","url":"https:\/\/portalnpm.com\/index.php\/2020\/12\/05\/icasa-e-crato-conquistam-acesso-para-a-serie-a-do-cearense\/","name":"Icasa e Crato conquistam acesso para a S\u00e9rie A do Cearense","isPartOf":{"@id":"https:\/\/portalnpm.com\/#website"},"primaryImageOfPage":{"@id":"https:\/\/portalnpm.com\/index.php\/2020\/12\/05\/icasa-e-crato-conquistam-acesso-para-a-serie-a-do-cearense\/#primaryimage"},"image":{"@id":"https:\/\/portalnpm.com\/index.php\/2020\/12\/05\/icasa-e-crato-conquistam-acesso-para-a-serie-a-do-cearense\/#primaryimage"},"thumbnailUrl":"https:\/\/portalnpm.com\/wp-content\/uploads\/2024\/01\/page.jpg","datePublished":"2020-12-05T23:36:03+00:00","dateModified":"2020-12-05T23:36:03+00:00","author":{"@id":"https:\/\/portalnpm.com\/#\/schema\/person\/49313e563cfdefcc167f1ee4c017c294"},"breadcrumb":{"@id":"https:\/\/portalnpm.com\/index.php\/2020\/12\/05\/icasa-e-crato-conquistam-acesso-para-a-serie-a-do-cearense\/#breadcrumb"},"inLanguage":"pt-BR","potentialAction":[{"@type":"ReadAction","target":["https:\/\/portalnpm.com\/index.php\/2020\/12\/05\/icasa-e-crato-conquistam-acesso-para-a-serie-a-do-cearense\/"]}]},{"@type":"ImageObject","inLanguage":"pt-BR","@id":"https:\/\/portalnpm.com\/index.php\/2020\/12\/05\/icasa-e-crato-conquistam-acesso-para-a-serie-a-do-cearense\/#primaryimage","url":"https:\/\/portalnpm.com\/wp-content\/uploads\/2024\/01\/page.jpg","contentUrl":"https:\/\/portalnpm.com\/wp-content\/uploads\/2024\/01\/page.jpg","width":750,"height":375},{"@type":"BreadcrumbList","@id":"https:\/\/portalnpm.com\/index.php\/2020\/12\/05\/icasa-e-crato-conquistam-acesso-para-a-serie-a-do-cearense\/#breadcrumb","itemListElement":[{"@type":"ListItem","position":1,"name":"In\u00edcio","item":"https:\/\/portalnpm.com\/"},{"@type":"ListItem","position":2,"name":"Icasa e Crato conquistam acesso para a S\u00e9rie A do Cearense"}]},{"@type":"WebSite","@id":"https:\/\/portalnpm.com\/#website","url":"https:\/\/portalnpm.com\/","name":"Portal NPM","description":"Not\u00edcias em Primeira M\u00e3o","potentialAction":[{"@type":"SearchAction","target":{"@type":"EntryPoint","urlTemplate":"https:\/\/portalnpm.com\/?s={search_term_string}"},"query-input":"required name=search_term_string"}],"inLanguage":"pt-BR"},{"@type":"Person","@id":"https:\/\/portalnpm.com\/#\/schema\/person\/49313e563cfdefcc167f1ee4c017c294","name":"Genival Barbosa","image":{"@type":"ImageObject","inLanguage":"pt-BR","@id":"https:\/\/portalnpm.com\/#\/schema\/person\/image\/","url":"https:\/\/portalnpm.com\/wp-content\/uploads\/2024\/02\/avatar_user_2_1707743258-96x96.jpeg","contentUrl":"https:\/\/portalnpm.com\/wp-content\/uploads\/2024\/02\/avatar_user_2_1707743258-96x96.jpeg","caption":"Genival Barbosa"},"url":"https:\/\/portalnpm.com\/index.php\/author\/genival\/"}]}},"jetpack_sharing_enabled":true,"jetpack_featured_media_url":"https:\/\/portalnpm.com\/wp-content\/uploads\/2024\/01\/page.jpg","_links":{"self":[{"href":"https:\/\/portalnpm.com\/index.php\/wp-json\/wp\/v2\/posts\/59888"}],"collection":[{"href":"https:\/\/portalnpm.com\/index.php\/wp-json\/wp\/v2\/posts"}],"about":[{"href":"https:\/\/portalnpm.com\/index.php\/wp-json\/wp\/v2\/types\/post"}],"author":[{"embeddable":true,"href":"https:\/\/portalnpm.com\/index.php\/wp-json\/wp\/v2\/users\/2"}],"replies":[{"embeddable":true,"href":"https:\/\/portalnpm.com\/index.php\/wp-json\/wp\/v2\/comments?post=59888"}],"version-history":[{"count":0,"href":"https:\/\/portalnpm.com\/index.php\/wp-json\/wp\/v2\/posts\/59888\/revisions"}],"wp:featuredmedia":[{"embeddable":true,"href":"https:\/\/portalnpm.com\/index.php\/wp-json\/wp\/v2\/media\/59889"}],"wp:attachment":[{"href":"https:\/\/portalnpm.com\/index.php\/wp-json\/wp\/v2\/media?parent=59888"}],"wp:term":[{"taxonomy":"category","embeddable":true,"href":"https:\/\/portalnpm.com\/index.php\/wp-json\/wp\/v2\/categories?post=59888"},{"taxonomy":"post_tag","embeddable":true,"href":"https:\/\/portalnpm.com\/index.php\/wp-json\/wp\/v2\/tags?post=59888"}],"curies":[{"name":"wp","href":"https:\/\/api.w.org\/{rel}","templated":true}]}}