{"id":5990,"date":"2019-03-05T18:03:05","date_gmt":"2019-03-05T21:03:05","guid":{"rendered":"http:\/\/srv.portalnpm.com.br\/?p=5990"},"modified":"2019-03-05T18:03:05","modified_gmt":"2019-03-05T21:03:05","slug":"jovem-de-sao-juliao-falece-na-republica-dominicana-apos-um-mes-internado-ao-sofrer-um-grave-acidente-em-andaime","status":"publish","type":"post","link":"https:\/\/portalnpm.com\/index.php\/2019\/03\/05\/jovem-de-sao-juliao-falece-na-republica-dominicana-apos-um-mes-internado-ao-sofrer-um-grave-acidente-em-andaime\/","title":{"rendered":"Jovem de S\u00e3o Juli\u00e3o falece na Republica Dominicana ap\u00f3s um m\u00eas internado ao sofrer um grave acidente em andaime"},"content":{"rendered":"<p style=\"text-align: justify;\">Um oper\u00e1rio piauiense do munic\u00edpio de S\u00e3o Juli\u00e3o, identificado por Ant\u00f4nio Cledson dos Santos de 36 anos\u00a0 conhecido na pequena e pacata cidade por ( Keleleu) faleceu na tarde desta ter\u00e7a feira 05 de mar\u00e7o na Republica Dominicana, o mesmo havia sofrido um acidente no inicio de fevereiro ap\u00f3s cair de\u00a0 um andaime de cerca de 5 metros de altura, enquanto trabalhava numa obra no distrito de Punta Cana, no referido pa\u00eds Caribenho.<\/p>\n<p style=\"text-align: justify;\">De acordo com informa\u00e7\u00f5es de amigos que se encontram a trabalho no Pa\u00eds, \u201cKeleleu\u201d,\u00a0 como \u00e9 conhecido pela turma do trecho, sofreu uma forte pancada na cabe\u00e7a e teve que passar por\u00a0 procedimento cir\u00fargico delicado onde passou um m\u00eas internado.<\/p>\n<p style=\"text-align: justify;\">O Piauiense se estava no Pa\u00eds Caribenho a servi\u00e7o da empresa Odebrecht\u00a0 que \u00e9 um grupo global, de origem brasileira com obras em v\u00e1rios pa\u00edses. Al\u00e9m do piauiense\u00a0 um grupo de cerca de 150 oper\u00e1rios\u00a0 das cidades de Alegrete e S\u00e3o Juli\u00e3o estavam no pais a servi\u00e7o da referida empresa.<\/p>\n<figure id=\"attachment_5991\" aria-describedby=\"caption-attachment-5991\" style=\"width: 300px\" class=\"wp-caption alignnone\"><img fetchpriority=\"high\" decoding=\"async\" class=\"size-medium wp-image-5991\" src=\"http:\/\/portalnpm.com.br\/wp-content\/uploads\/2019\/03\/WhatsApp-Image-2019-03-05-at-17.23.02-768x766-300x300.jpg\" alt=\"\" width=\"300\" height=\"300\" \/><figcaption id=\"caption-attachment-5991\" class=\"wp-caption-text\">\u201cKeleleu\u201d com a esposa K\u00e1ssia Santos e o filho.<\/figcaption><\/figure>\n<p style=\"text-align: justify;\">Ainda segundo informa\u00e7\u00f5es de familiares, um irm\u00e3o\u00a0 do piauiense\u00a0 que \u00e9 enfermeiro est\u00e1 na\u00a0 Rep\u00fablica Dominicana, onde estava acompanhando o mesmo no Hospital, e est\u00e1 providenciando junto com a empresa\u00a0 Odebrecht onde o mesmo prestava servi\u00e7os o translado para a sua terra natal. \u201ckeleleu\u201d deixa a esposa e um filho.<\/p>\n<p><strong>Fonte: Piau\u00ed em Foco\u00a0<\/strong><\/p>\n<hr \/>\n<p><strong>ACOMPANHE O PORTAL NPM NAS REDES SOCIAIS E VISITE NOSSO CANAL:<\/strong><\/p>\n<p><a href=\"https:\/\/www.facebook.com\/PortalNPM\/\">https:\/\/www.facebook.com\/PortalNPM\/<\/a><\/p>\n<p><a href=\"https:\/\/www.youtube.com\/channel\/UCpVEqwH3Pt07DvGBk7z3Vcg\">https:\/\/www.youtube.com\/channel\/UCpVEqwH3Pt07DvGBk7z3Vcg<\/a><\/p>\n","protected":false},"excerpt":{"rendered":"<p>Um oper\u00e1rio piauiense do munic\u00edpio de S\u00e3o Juli\u00e3o, identificado por Ant\u00f4nio Cledson dos Santos de 36 anos\u00a0 conhecido na pequena e pacata cidade por ( Keleleu) faleceu na tarde desta ter\u00e7a feira 05 de mar\u00e7o na Republica Dominicana, o mesmo havia sofrido um acidente no inicio de fevereiro ap\u00f3s cair de\u00a0 um andaime de cerca &hellip;<\/p>\n","protected":false},"author":8,"featured_media":5993,"comment_status":"open","ping_status":"open","sticky":false,"template":"","format":"standard","meta":{"content-type":"","rop_custom_images_group":[],"rop_custom_messages_group":[],"rop_publish_now":"initial","rop_publish_now_accounts":{"facebook_2648258775420054_1618374048415101":""},"rop_publish_now_history":[],"rop_publish_now_status":"pending","footnotes":"","_jetpack_memberships_contains_paid_content":false},"categories":[113,109,136],"tags":[154,725,2323,172],"yoast_head":"<!-- This site is optimized with the Yoast SEO plugin v22.3 - https:\/\/yoast.com\/wordpress\/plugins\/seo\/ -->\n<title>Jovem de S\u00e3o Juli\u00e3o falece na Republica Dominicana ap\u00f3s um m\u00eas internado ao sofrer um grave acidente em andaime - Portal NPM<\/title>\n<meta name=\"robots\" content=\"index, follow, max-snippet:-1, max-image-preview:large, max-video-preview:-1\" \/>\n<link rel=\"canonical\" href=\"https:\/\/portalnpm.com\/index.php\/2019\/03\/05\/jovem-de-sao-juliao-falece-na-republica-dominicana-apos-um-mes-internado-ao-sofrer-um-grave-acidente-em-andaime\/\" \/>\n<meta property=\"og:locale\" content=\"pt_BR\" \/>\n<meta property=\"og:type\" content=\"article\" \/>\n<meta property=\"og:title\" content=\"Jovem de S\u00e3o Juli\u00e3o falece na Republica Dominicana ap\u00f3s um m\u00eas internado ao sofrer um grave acidente em andaime - Portal NPM\" \/>\n<meta property=\"og:description\" content=\"Um oper\u00e1rio piauiense do munic\u00edpio de S\u00e3o Juli\u00e3o, identificado por Ant\u00f4nio Cledson dos Santos de 36 anos\u00a0 conhecido na pequena e pacata cidade por ( Keleleu) faleceu na tarde desta ter\u00e7a feira 05 de mar\u00e7o na Republica Dominicana, o mesmo havia sofrido um acidente no inicio de fevereiro ap\u00f3s cair de\u00a0 um andaime de cerca &hellip;\" \/>\n<meta property=\"og:url\" content=\"https:\/\/portalnpm.com\/index.php\/2019\/03\/05\/jovem-de-sao-juliao-falece-na-republica-dominicana-apos-um-mes-internado-ao-sofrer-um-grave-acidente-em-andaime\/\" \/>\n<meta property=\"og:site_name\" content=\"Portal NPM\" \/>\n<meta property=\"article:published_time\" content=\"2019-03-05T21:03:05+00:00\" \/>\n<meta name=\"author\" content=\"Zenilton Lima\" \/>\n<meta name=\"twitter:card\" content=\"summary_large_image\" \/>\n<meta name=\"twitter:label1\" content=\"Escrito por\" \/>\n\t<meta name=\"twitter:data1\" content=\"Zenilton Lima\" \/>\n\t<meta name=\"twitter:label2\" content=\"Est. tempo de leitura\" \/>\n\t<meta name=\"twitter:data2\" content=\"1 minuto\" \/>\n<script type=\"application\/ld+json\" class=\"yoast-schema-graph\">{\"@context\":\"https:\/\/schema.org\",\"@graph\":[{\"@type\":\"WebPage\",\"@id\":\"https:\/\/portalnpm.com\/index.php\/2019\/03\/05\/jovem-de-sao-juliao-falece-na-republica-dominicana-apos-um-mes-internado-ao-sofrer-um-grave-acidente-em-andaime\/\",\"url\":\"https:\/\/portalnpm.com\/index.php\/2019\/03\/05\/jovem-de-sao-juliao-falece-na-republica-dominicana-apos-um-mes-internado-ao-sofrer-um-grave-acidente-em-andaime\/\",\"name\":\"Jovem de S\u00e3o Juli\u00e3o falece na Republica Dominicana ap\u00f3s um m\u00eas internado ao sofrer um grave acidente em andaime - Portal NPM\",\"isPartOf\":{\"@id\":\"https:\/\/portalnpm.com\/#website\"},\"primaryImageOfPage\":{\"@id\":\"https:\/\/portalnpm.com\/index.php\/2019\/03\/05\/jovem-de-sao-juliao-falece-na-republica-dominicana-apos-um-mes-internado-ao-sofrer-um-grave-acidente-em-andaime\/#primaryimage\"},\"image\":{\"@id\":\"https:\/\/portalnpm.com\/index.php\/2019\/03\/05\/jovem-de-sao-juliao-falece-na-republica-dominicana-apos-um-mes-internado-ao-sofrer-um-grave-acidente-em-andaime\/#primaryimage\"},\"thumbnailUrl\":\"\",\"datePublished\":\"2019-03-05T21:03:05+00:00\",\"dateModified\":\"2019-03-05T21:03:05+00:00\",\"author\":{\"@id\":\"https:\/\/portalnpm.com\/#\/schema\/person\/35cb55186eae3f074b6783da6d35591e\"},\"breadcrumb\":{\"@id\":\"https:\/\/portalnpm.com\/index.php\/2019\/03\/05\/jovem-de-sao-juliao-falece-na-republica-dominicana-apos-um-mes-internado-ao-sofrer-um-grave-acidente-em-andaime\/#breadcrumb\"},\"inLanguage\":\"pt-BR\",\"potentialAction\":[{\"@type\":\"ReadAction\",\"target\":[\"https:\/\/portalnpm.com\/index.php\/2019\/03\/05\/jovem-de-sao-juliao-falece-na-republica-dominicana-apos-um-mes-internado-ao-sofrer-um-grave-acidente-em-andaime\/\"]}]},{\"@type\":\"ImageObject\",\"inLanguage\":\"pt-BR\",\"@id\":\"https:\/\/portalnpm.com\/index.php\/2019\/03\/05\/jovem-de-sao-juliao-falece-na-republica-dominicana-apos-um-mes-internado-ao-sofrer-um-grave-acidente-em-andaime\/#primaryimage\",\"url\":\"\",\"contentUrl\":\"\"},{\"@type\":\"BreadcrumbList\",\"@id\":\"https:\/\/portalnpm.com\/index.php\/2019\/03\/05\/jovem-de-sao-juliao-falece-na-republica-dominicana-apos-um-mes-internado-ao-sofrer-um-grave-acidente-em-andaime\/#breadcrumb\",\"itemListElement\":[{\"@type\":\"ListItem\",\"position\":1,\"name\":\"In\u00edcio\",\"item\":\"https:\/\/portalnpm.com\/\"},{\"@type\":\"ListItem\",\"position\":2,\"name\":\"Jovem de S\u00e3o Juli\u00e3o falece na Republica Dominicana ap\u00f3s um m\u00eas internado ao sofrer um grave acidente em andaime\"}]},{\"@type\":\"WebSite\",\"@id\":\"https:\/\/portalnpm.com\/#website\",\"url\":\"https:\/\/portalnpm.com\/\",\"name\":\"Portal NPM\",\"description\":\"Not\u00edcias em Primeira M\u00e3o\",\"potentialAction\":[{\"@type\":\"SearchAction\",\"target\":{\"@type\":\"EntryPoint\",\"urlTemplate\":\"https:\/\/portalnpm.com\/?s={search_term_string}\"},\"query-input\":\"required name=search_term_string\"}],\"inLanguage\":\"pt-BR\"},{\"@type\":\"Person\",\"@id\":\"https:\/\/portalnpm.com\/#\/schema\/person\/35cb55186eae3f074b6783da6d35591e\",\"name\":\"Zenilton Lima\",\"image\":{\"@type\":\"ImageObject\",\"inLanguage\":\"pt-BR\",\"@id\":\"https:\/\/portalnpm.com\/#\/schema\/person\/image\/\",\"url\":\"https:\/\/portalnpm.com\/wp-content\/uploads\/2024\/12\/avatar_user_8_1733658137-96x96.jpeg\",\"contentUrl\":\"https:\/\/portalnpm.com\/wp-content\/uploads\/2024\/12\/avatar_user_8_1733658137-96x96.jpeg\",\"caption\":\"Zenilton Lima\"},\"url\":\"https:\/\/portalnpm.com\/index.php\/author\/zenilton\/\"}]}<\/script>\n<!-- \/ Yoast SEO plugin. -->","yoast_head_json":{"title":"Jovem de S\u00e3o Juli\u00e3o falece na Republica Dominicana ap\u00f3s um m\u00eas internado ao sofrer um grave acidente em andaime - Portal NPM","robots":{"index":"index","follow":"follow","max-snippet":"max-snippet:-1","max-image-preview":"max-image-preview:large","max-video-preview":"max-video-preview:-1"},"canonical":"https:\/\/portalnpm.com\/index.php\/2019\/03\/05\/jovem-de-sao-juliao-falece-na-republica-dominicana-apos-um-mes-internado-ao-sofrer-um-grave-acidente-em-andaime\/","og_locale":"pt_BR","og_type":"article","og_title":"Jovem de S\u00e3o Juli\u00e3o falece na Republica Dominicana ap\u00f3s um m\u00eas internado ao sofrer um grave acidente em andaime - Portal NPM","og_description":"Um oper\u00e1rio piauiense do munic\u00edpio de S\u00e3o Juli\u00e3o, identificado por Ant\u00f4nio Cledson dos Santos de 36 anos\u00a0 conhecido na pequena e pacata cidade por ( Keleleu) faleceu na tarde desta ter\u00e7a feira 05 de mar\u00e7o na Republica Dominicana, o mesmo havia sofrido um acidente no inicio de fevereiro ap\u00f3s cair de\u00a0 um andaime de cerca &hellip;","og_url":"https:\/\/portalnpm.com\/index.php\/2019\/03\/05\/jovem-de-sao-juliao-falece-na-republica-dominicana-apos-um-mes-internado-ao-sofrer-um-grave-acidente-em-andaime\/","og_site_name":"Portal NPM","article_published_time":"2019-03-05T21:03:05+00:00","author":"Zenilton Lima","twitter_card":"summary_large_image","twitter_misc":{"Escrito por":"Zenilton Lima","Est. tempo de leitura":"1 minuto"},"schema":{"@context":"https:\/\/schema.org","@graph":[{"@type":"WebPage","@id":"https:\/\/portalnpm.com\/index.php\/2019\/03\/05\/jovem-de-sao-juliao-falece-na-republica-dominicana-apos-um-mes-internado-ao-sofrer-um-grave-acidente-em-andaime\/","url":"https:\/\/portalnpm.com\/index.php\/2019\/03\/05\/jovem-de-sao-juliao-falece-na-republica-dominicana-apos-um-mes-internado-ao-sofrer-um-grave-acidente-em-andaime\/","name":"Jovem de S\u00e3o Juli\u00e3o falece na Republica Dominicana ap\u00f3s um m\u00eas internado ao sofrer um grave acidente em andaime - Portal NPM","isPartOf":{"@id":"https:\/\/portalnpm.com\/#website"},"primaryImageOfPage":{"@id":"https:\/\/portalnpm.com\/index.php\/2019\/03\/05\/jovem-de-sao-juliao-falece-na-republica-dominicana-apos-um-mes-internado-ao-sofrer-um-grave-acidente-em-andaime\/#primaryimage"},"image":{"@id":"https:\/\/portalnpm.com\/index.php\/2019\/03\/05\/jovem-de-sao-juliao-falece-na-republica-dominicana-apos-um-mes-internado-ao-sofrer-um-grave-acidente-em-andaime\/#primaryimage"},"thumbnailUrl":"","datePublished":"2019-03-05T21:03:05+00:00","dateModified":"2019-03-05T21:03:05+00:00","author":{"@id":"https:\/\/portalnpm.com\/#\/schema\/person\/35cb55186eae3f074b6783da6d35591e"},"breadcrumb":{"@id":"https:\/\/portalnpm.com\/index.php\/2019\/03\/05\/jovem-de-sao-juliao-falece-na-republica-dominicana-apos-um-mes-internado-ao-sofrer-um-grave-acidente-em-andaime\/#breadcrumb"},"inLanguage":"pt-BR","potentialAction":[{"@type":"ReadAction","target":["https:\/\/portalnpm.com\/index.php\/2019\/03\/05\/jovem-de-sao-juliao-falece-na-republica-dominicana-apos-um-mes-internado-ao-sofrer-um-grave-acidente-em-andaime\/"]}]},{"@type":"ImageObject","inLanguage":"pt-BR","@id":"https:\/\/portalnpm.com\/index.php\/2019\/03\/05\/jovem-de-sao-juliao-falece-na-republica-dominicana-apos-um-mes-internado-ao-sofrer-um-grave-acidente-em-andaime\/#primaryimage","url":"","contentUrl":""},{"@type":"BreadcrumbList","@id":"https:\/\/portalnpm.com\/index.php\/2019\/03\/05\/jovem-de-sao-juliao-falece-na-republica-dominicana-apos-um-mes-internado-ao-sofrer-um-grave-acidente-em-andaime\/#breadcrumb","itemListElement":[{"@type":"ListItem","position":1,"name":"In\u00edcio","item":"https:\/\/portalnpm.com\/"},{"@type":"ListItem","position":2,"name":"Jovem de S\u00e3o Juli\u00e3o falece na Republica Dominicana ap\u00f3s um m\u00eas internado ao sofrer um grave acidente em andaime"}]},{"@type":"WebSite","@id":"https:\/\/portalnpm.com\/#website","url":"https:\/\/portalnpm.com\/","name":"Portal NPM","description":"Not\u00edcias em Primeira M\u00e3o","potentialAction":[{"@type":"SearchAction","target":{"@type":"EntryPoint","urlTemplate":"https:\/\/portalnpm.com\/?s={search_term_string}"},"query-input":"required name=search_term_string"}],"inLanguage":"pt-BR"},{"@type":"Person","@id":"https:\/\/portalnpm.com\/#\/schema\/person\/35cb55186eae3f074b6783da6d35591e","name":"Zenilton Lima","image":{"@type":"ImageObject","inLanguage":"pt-BR","@id":"https:\/\/portalnpm.com\/#\/schema\/person\/image\/","url":"https:\/\/portalnpm.com\/wp-content\/uploads\/2024\/12\/avatar_user_8_1733658137-96x96.jpeg","contentUrl":"https:\/\/portalnpm.com\/wp-content\/uploads\/2024\/12\/avatar_user_8_1733658137-96x96.jpeg","caption":"Zenilton Lima"},"url":"https:\/\/portalnpm.com\/index.php\/author\/zenilton\/"}]}},"jetpack_sharing_enabled":true,"jetpack_featured_media_url":"","_links":{"self":[{"href":"https:\/\/portalnpm.com\/index.php\/wp-json\/wp\/v2\/posts\/5990"}],"collection":[{"href":"https:\/\/portalnpm.com\/index.php\/wp-json\/wp\/v2\/posts"}],"about":[{"href":"https:\/\/portalnpm.com\/index.php\/wp-json\/wp\/v2\/types\/post"}],"author":[{"embeddable":true,"href":"https:\/\/portalnpm.com\/index.php\/wp-json\/wp\/v2\/users\/8"}],"replies":[{"embeddable":true,"href":"https:\/\/portalnpm.com\/index.php\/wp-json\/wp\/v2\/comments?post=5990"}],"version-history":[{"count":0,"href":"https:\/\/portalnpm.com\/index.php\/wp-json\/wp\/v2\/posts\/5990\/revisions"}],"wp:featuredmedia":[{"embeddable":true,"href":"https:\/\/portalnpm.com\/index.php\/wp-json\/"}],"wp:attachment":[{"href":"https:\/\/portalnpm.com\/index.php\/wp-json\/wp\/v2\/media?parent=5990"}],"wp:term":[{"taxonomy":"category","embeddable":true,"href":"https:\/\/portalnpm.com\/index.php\/wp-json\/wp\/v2\/categories?post=5990"},{"taxonomy":"post_tag","embeddable":true,"href":"https:\/\/portalnpm.com\/index.php\/wp-json\/wp\/v2\/tags?post=5990"}],"curies":[{"name":"wp","href":"https:\/\/api.w.org\/{rel}","templated":true}]}}