{"id":59921,"date":"2020-12-06T18:47:43","date_gmt":"2020-12-06T21:47:43","guid":{"rendered":"https:\/\/portalnpm.com\/index.php\/2020\/12\/06\/sobe-para-19-total-de-mortos-em-onibus-que-caiu-de-ponte-em-mg\/"},"modified":"2020-12-06T18:47:43","modified_gmt":"2020-12-06T21:47:43","slug":"sobe-para-19-total-de-mortos-em-onibus-que-caiu-de-ponte-em-mg","status":"publish","type":"post","link":"https:\/\/portalnpm.com\/index.php\/2020\/12\/06\/sobe-para-19-total-de-mortos-em-onibus-que-caiu-de-ponte-em-mg\/","title":{"rendered":"Sobe para 19 total de mortos em \u00f4nibus que caiu de ponte em MG"},"content":{"rendered":"<p style=\"text-align: justify;\">Subiu para 19 o n\u00famero de mortos no acidente de \u00f4nibus em Jo\u00e3o Monlevade, na BR-38, perto da entrada para Dom Silv\u00e9rio, em Minas Gerais, nesta sexta-feira (4).<\/p>\n<p style=\"text-align: justify;\">\n<p style=\"text-align: justify;\">\n<p style=\"text-align: justify;\">Maria Luiza de Olieveira, de 56 anos, que estava internada no Hospital Santa Margarida, morreu na noite deste s\u00e1bado (5). Segundo a assessoria da unidade de sa\u00fade, a mulher estava internada no CTI ( Centro de Terapia Intensiva).<\/p>\n<p style=\"text-align: justify;\">Ela era natural do munic\u00edpio de \u00c1gua Branca, em Alagoas. Na manh\u00e3 deste domingo (6), o corpo foi dela foi levado para o IML (Instituto M\u00e9dico Legal) de Belo Horizonte.<\/p>\n<p style=\"text-align: justify;\">At\u00e9 a manh\u00e3 deste domingo, oito pessoas continuavam internadas no hospital. Uma mulher est\u00e1 no CTI, mas seu quadro de sa\u00fade \u00e9 considerado est\u00e1vel.<\/p>\n<p style=\"text-align: justify;\">De acordo com o \u00faltimo balan\u00e7o da Secretaria de Estado de Governo, 23 pessoas ficaram feridas e outros tr\u00eas passageiros n\u00e3o precisaram de atendimento m\u00e9dico.<\/p>\n<p style=\"text-align: justify;\">A Pol\u00edcia Civil de Minas Gerais informou que da tarde de s\u00e1bado at\u00e9 a manh\u00e3 deste domingo, 10 corpos foram identificados, somando 13 v\u00edtimas identificadas.<\/p>\n<p style=\"text-align: justify;\">&#8220;Esses 13 corpos j\u00e1 est\u00e3o \u00e0 disposi\u00e7\u00e3o das fam\u00edlias para os procedimentos funer\u00e1rios. No entanto, a Defesa Civil est\u00e1 articulando com a FAB para auxiliar as fam\u00edlias nesse processo de traslado, procedimento que extrapola as compet\u00eancias da pol\u00edcia&#8221;, diz nota da corpora\u00e7\u00e3o.<\/p>\n<p style=\"text-align: justify;\">Na tarde deste s\u00e1bado, o delegado respons\u00e1vel pela investiga\u00e7\u00e3o, Paulo Tavares, informou que oito v\u00edtimas j\u00e1 tinham sido ouvidas. O delegado tamb\u00e9m falou sobre a quest\u00e3o referente ao motorista, que supostamente teria pulado do \u00f4nibus.<\/p>\n<p style=\"text-align: justify;\">&#8220;As informa\u00e7\u00f5es d\u00e3o conta de que o motorista est\u00e1 desaparecido. Algumas pessoas apontam que poderia ter havido uma falha mec\u00e2nica, mas precisaremos aguardar o laudo pericial&#8221;, disse o delegado durante entrevista coletiva.<\/p>\n<p style=\"text-align: justify;\">De acordo com a Pol\u00edcia Civil, das 19 v\u00edtimas fatais, 13 morreram no local, e seis no hospital, sendo 18 adultos e um adolescente de 15 anos. Treze v\u00edtimas eram homens, e seis mulheres.<\/p>\n<p style=\"text-align: justify;\">O \u00f4nibus da Localima Turismo, com placa de Alagoas, caiu no km 350 da BR-381, em um trecho conhecido como &#8220;Ponte Torta&#8221;. De acordo com a Pol\u00edcia Rodovi\u00e1ria Federal (PRF), a suspeita \u00e9 de que o ve\u00edculo tenha perdido o freio. O motorista pulou do \u00f4nibus e ainda n\u00e3o foi localizado.<\/p>\n<p style=\"text-align: justify;\">O ve\u00edculo, com placa de Alagoas, saiu de Santa Cruz do Deserto, um povoado de Mata Grande (cerca de 275 km de Macei\u00f3), \u00e0s 9h de quinta-feira (3) e tinha S\u00e3o Paulo como destino.<\/p>\n<p style=\"text-align: justify;\">Segundo a ANTT (Ag\u00eancia Nacional de Transportes Terrestres), a empresa operava com autoriza\u00e7\u00e3o de uma liminar da Justi\u00e7a, e o \u00f4nibus envolvido no acidente, pelas informa\u00e7\u00f5es da placa que foram repassadas \u00e0 ag\u00eancia, n\u00e3o estava habilitado a fazer transporte de passageiros.<\/p>\n<p style=\"text-align: justify;\">\n<p style=\"text-align: justify;\">\n<p style=\"text-align: justify;\"><em>Fonte: Folhapress<\/em><\/p>\n","protected":false},"excerpt":{"rendered":"<p>Subiu para 19 o n\u00famero de mortos no acidente de \u00f4nibus em Jo\u00e3o Monlevade, na BR-38, perto da entrada para Dom Silv\u00e9rio, em Minas Gerais, nesta sexta-feira (4). Maria Luiza de Olieveira, de 56 anos, que estava internada no Hospital Santa Margarida, morreu na noite deste s\u00e1bado (5). Segundo a assessoria da unidade de sa\u00fade, &hellip;<\/p>\n","protected":false},"author":2,"featured_media":59922,"comment_status":"open","ping_status":"open","sticky":false,"template":"","format":"standard","meta":{"content-type":"","rop_custom_images_group":[],"rop_custom_messages_group":[],"rop_publish_now":"initial","rop_publish_now_accounts":{"facebook_2648258775420054_1618374048415101":""},"rop_publish_now_history":[],"rop_publish_now_status":"pending","footnotes":"","_jetpack_memberships_contains_paid_content":false},"categories":[125],"tags":[8026,8027,8028],"yoast_head":"<!-- This site is optimized with the Yoast SEO plugin v22.3 - https:\/\/yoast.com\/wordpress\/plugins\/seo\/ -->\n<title>Sobe para 19 total de mortos em \u00f4nibus que caiu de ponte em MG<\/title>\n<meta name=\"robots\" content=\"index, follow, max-snippet:-1, max-image-preview:large, max-video-preview:-1\" \/>\n<link rel=\"canonical\" href=\"https:\/\/portalnpm.com\/index.php\/2020\/12\/06\/sobe-para-19-total-de-mortos-em-onibus-que-caiu-de-ponte-em-mg\/\" \/>\n<meta property=\"og:locale\" content=\"pt_BR\" \/>\n<meta property=\"og:type\" content=\"article\" \/>\n<meta property=\"og:title\" content=\"Sobe para 19 total de mortos em \u00f4nibus que caiu de ponte em MG\" \/>\n<meta property=\"og:description\" content=\"Subiu para 19 o n\u00famero de mortos no acidente de \u00f4nibus em Jo\u00e3o Monlevade, na BR-38, perto da entrada para Dom Silv\u00e9rio, em Minas Gerais, nesta sexta-feira (4). Maria Luiza de Olieveira, de 56 anos, que estava internada no Hospital Santa Margarida, morreu na noite deste s\u00e1bado (5). Segundo a assessoria da unidade de sa\u00fade, &hellip;\" \/>\n<meta property=\"og:url\" content=\"https:\/\/portalnpm.com\/index.php\/2020\/12\/06\/sobe-para-19-total-de-mortos-em-onibus-que-caiu-de-ponte-em-mg\/\" \/>\n<meta property=\"og:site_name\" content=\"Portal NPM\" \/>\n<meta property=\"article:published_time\" content=\"2020-12-06T21:47:43+00:00\" \/>\n<meta property=\"og:image\" content=\"https:\/\/portalnpm.com\/wp-content\/uploads\/2024\/01\/e345a60fdf996ba1b4a64ca391ed25be.jpg\" \/>\n\t<meta property=\"og:image:width\" content=\"790\" \/>\n\t<meta property=\"og:image:height\" content=\"518\" \/>\n\t<meta property=\"og:image:type\" content=\"image\/jpeg\" \/>\n<meta name=\"author\" content=\"Genival Barbosa\" \/>\n<meta name=\"twitter:card\" content=\"summary_large_image\" \/>\n<meta name=\"twitter:label1\" content=\"Escrito por\" \/>\n\t<meta name=\"twitter:data1\" content=\"Genival Barbosa\" \/>\n\t<meta name=\"twitter:label2\" content=\"Est. tempo de leitura\" \/>\n\t<meta name=\"twitter:data2\" content=\"2 minutos\" \/>\n<script type=\"application\/ld+json\" class=\"yoast-schema-graph\">{\"@context\":\"https:\/\/schema.org\",\"@graph\":[{\"@type\":\"WebPage\",\"@id\":\"https:\/\/portalnpm.com\/index.php\/2020\/12\/06\/sobe-para-19-total-de-mortos-em-onibus-que-caiu-de-ponte-em-mg\/\",\"url\":\"https:\/\/portalnpm.com\/index.php\/2020\/12\/06\/sobe-para-19-total-de-mortos-em-onibus-que-caiu-de-ponte-em-mg\/\",\"name\":\"Sobe para 19 total de mortos em \u00f4nibus que caiu de ponte em MG\",\"isPartOf\":{\"@id\":\"https:\/\/portalnpm.com\/#website\"},\"primaryImageOfPage\":{\"@id\":\"https:\/\/portalnpm.com\/index.php\/2020\/12\/06\/sobe-para-19-total-de-mortos-em-onibus-que-caiu-de-ponte-em-mg\/#primaryimage\"},\"image\":{\"@id\":\"https:\/\/portalnpm.com\/index.php\/2020\/12\/06\/sobe-para-19-total-de-mortos-em-onibus-que-caiu-de-ponte-em-mg\/#primaryimage\"},\"thumbnailUrl\":\"https:\/\/portalnpm.com\/wp-content\/uploads\/2024\/01\/e345a60fdf996ba1b4a64ca391ed25be.jpg\",\"datePublished\":\"2020-12-06T21:47:43+00:00\",\"dateModified\":\"2020-12-06T21:47:43+00:00\",\"author\":{\"@id\":\"https:\/\/portalnpm.com\/#\/schema\/person\/49313e563cfdefcc167f1ee4c017c294\"},\"breadcrumb\":{\"@id\":\"https:\/\/portalnpm.com\/index.php\/2020\/12\/06\/sobe-para-19-total-de-mortos-em-onibus-que-caiu-de-ponte-em-mg\/#breadcrumb\"},\"inLanguage\":\"pt-BR\",\"potentialAction\":[{\"@type\":\"ReadAction\",\"target\":[\"https:\/\/portalnpm.com\/index.php\/2020\/12\/06\/sobe-para-19-total-de-mortos-em-onibus-que-caiu-de-ponte-em-mg\/\"]}]},{\"@type\":\"ImageObject\",\"inLanguage\":\"pt-BR\",\"@id\":\"https:\/\/portalnpm.com\/index.php\/2020\/12\/06\/sobe-para-19-total-de-mortos-em-onibus-que-caiu-de-ponte-em-mg\/#primaryimage\",\"url\":\"https:\/\/portalnpm.com\/wp-content\/uploads\/2024\/01\/e345a60fdf996ba1b4a64ca391ed25be.jpg\",\"contentUrl\":\"https:\/\/portalnpm.com\/wp-content\/uploads\/2024\/01\/e345a60fdf996ba1b4a64ca391ed25be.jpg\",\"width\":790,\"height\":518},{\"@type\":\"BreadcrumbList\",\"@id\":\"https:\/\/portalnpm.com\/index.php\/2020\/12\/06\/sobe-para-19-total-de-mortos-em-onibus-que-caiu-de-ponte-em-mg\/#breadcrumb\",\"itemListElement\":[{\"@type\":\"ListItem\",\"position\":1,\"name\":\"In\u00edcio\",\"item\":\"https:\/\/portalnpm.com\/\"},{\"@type\":\"ListItem\",\"position\":2,\"name\":\"Sobe para 19 total de mortos em \u00f4nibus que caiu de ponte em MG\"}]},{\"@type\":\"WebSite\",\"@id\":\"https:\/\/portalnpm.com\/#website\",\"url\":\"https:\/\/portalnpm.com\/\",\"name\":\"Portal NPM\",\"description\":\"Not\u00edcias em Primeira M\u00e3o\",\"potentialAction\":[{\"@type\":\"SearchAction\",\"target\":{\"@type\":\"EntryPoint\",\"urlTemplate\":\"https:\/\/portalnpm.com\/?s={search_term_string}\"},\"query-input\":\"required name=search_term_string\"}],\"inLanguage\":\"pt-BR\"},{\"@type\":\"Person\",\"@id\":\"https:\/\/portalnpm.com\/#\/schema\/person\/49313e563cfdefcc167f1ee4c017c294\",\"name\":\"Genival Barbosa\",\"image\":{\"@type\":\"ImageObject\",\"inLanguage\":\"pt-BR\",\"@id\":\"https:\/\/portalnpm.com\/#\/schema\/person\/image\/\",\"url\":\"https:\/\/portalnpm.com\/wp-content\/uploads\/2024\/02\/avatar_user_2_1707743258-96x96.jpeg\",\"contentUrl\":\"https:\/\/portalnpm.com\/wp-content\/uploads\/2024\/02\/avatar_user_2_1707743258-96x96.jpeg\",\"caption\":\"Genival Barbosa\"},\"url\":\"https:\/\/portalnpm.com\/index.php\/author\/genival\/\"}]}<\/script>\n<!-- \/ Yoast SEO plugin. -->","yoast_head_json":{"title":"Sobe para 19 total de mortos em \u00f4nibus que caiu de ponte em MG","robots":{"index":"index","follow":"follow","max-snippet":"max-snippet:-1","max-image-preview":"max-image-preview:large","max-video-preview":"max-video-preview:-1"},"canonical":"https:\/\/portalnpm.com\/index.php\/2020\/12\/06\/sobe-para-19-total-de-mortos-em-onibus-que-caiu-de-ponte-em-mg\/","og_locale":"pt_BR","og_type":"article","og_title":"Sobe para 19 total de mortos em \u00f4nibus que caiu de ponte em MG","og_description":"Subiu para 19 o n\u00famero de mortos no acidente de \u00f4nibus em Jo\u00e3o Monlevade, na BR-38, perto da entrada para Dom Silv\u00e9rio, em Minas Gerais, nesta sexta-feira (4). Maria Luiza de Olieveira, de 56 anos, que estava internada no Hospital Santa Margarida, morreu na noite deste s\u00e1bado (5). Segundo a assessoria da unidade de sa\u00fade, &hellip;","og_url":"https:\/\/portalnpm.com\/index.php\/2020\/12\/06\/sobe-para-19-total-de-mortos-em-onibus-que-caiu-de-ponte-em-mg\/","og_site_name":"Portal NPM","article_published_time":"2020-12-06T21:47:43+00:00","og_image":[{"width":790,"height":518,"url":"https:\/\/portalnpm.com\/wp-content\/uploads\/2024\/01\/e345a60fdf996ba1b4a64ca391ed25be.jpg","type":"image\/jpeg"}],"author":"Genival Barbosa","twitter_card":"summary_large_image","twitter_misc":{"Escrito por":"Genival Barbosa","Est. tempo de leitura":"2 minutos"},"schema":{"@context":"https:\/\/schema.org","@graph":[{"@type":"WebPage","@id":"https:\/\/portalnpm.com\/index.php\/2020\/12\/06\/sobe-para-19-total-de-mortos-em-onibus-que-caiu-de-ponte-em-mg\/","url":"https:\/\/portalnpm.com\/index.php\/2020\/12\/06\/sobe-para-19-total-de-mortos-em-onibus-que-caiu-de-ponte-em-mg\/","name":"Sobe para 19 total de mortos em \u00f4nibus que caiu de ponte em MG","isPartOf":{"@id":"https:\/\/portalnpm.com\/#website"},"primaryImageOfPage":{"@id":"https:\/\/portalnpm.com\/index.php\/2020\/12\/06\/sobe-para-19-total-de-mortos-em-onibus-que-caiu-de-ponte-em-mg\/#primaryimage"},"image":{"@id":"https:\/\/portalnpm.com\/index.php\/2020\/12\/06\/sobe-para-19-total-de-mortos-em-onibus-que-caiu-de-ponte-em-mg\/#primaryimage"},"thumbnailUrl":"https:\/\/portalnpm.com\/wp-content\/uploads\/2024\/01\/e345a60fdf996ba1b4a64ca391ed25be.jpg","datePublished":"2020-12-06T21:47:43+00:00","dateModified":"2020-12-06T21:47:43+00:00","author":{"@id":"https:\/\/portalnpm.com\/#\/schema\/person\/49313e563cfdefcc167f1ee4c017c294"},"breadcrumb":{"@id":"https:\/\/portalnpm.com\/index.php\/2020\/12\/06\/sobe-para-19-total-de-mortos-em-onibus-que-caiu-de-ponte-em-mg\/#breadcrumb"},"inLanguage":"pt-BR","potentialAction":[{"@type":"ReadAction","target":["https:\/\/portalnpm.com\/index.php\/2020\/12\/06\/sobe-para-19-total-de-mortos-em-onibus-que-caiu-de-ponte-em-mg\/"]}]},{"@type":"ImageObject","inLanguage":"pt-BR","@id":"https:\/\/portalnpm.com\/index.php\/2020\/12\/06\/sobe-para-19-total-de-mortos-em-onibus-que-caiu-de-ponte-em-mg\/#primaryimage","url":"https:\/\/portalnpm.com\/wp-content\/uploads\/2024\/01\/e345a60fdf996ba1b4a64ca391ed25be.jpg","contentUrl":"https:\/\/portalnpm.com\/wp-content\/uploads\/2024\/01\/e345a60fdf996ba1b4a64ca391ed25be.jpg","width":790,"height":518},{"@type":"BreadcrumbList","@id":"https:\/\/portalnpm.com\/index.php\/2020\/12\/06\/sobe-para-19-total-de-mortos-em-onibus-que-caiu-de-ponte-em-mg\/#breadcrumb","itemListElement":[{"@type":"ListItem","position":1,"name":"In\u00edcio","item":"https:\/\/portalnpm.com\/"},{"@type":"ListItem","position":2,"name":"Sobe para 19 total de mortos em \u00f4nibus que caiu de ponte em MG"}]},{"@type":"WebSite","@id":"https:\/\/portalnpm.com\/#website","url":"https:\/\/portalnpm.com\/","name":"Portal NPM","description":"Not\u00edcias em Primeira M\u00e3o","potentialAction":[{"@type":"SearchAction","target":{"@type":"EntryPoint","urlTemplate":"https:\/\/portalnpm.com\/?s={search_term_string}"},"query-input":"required name=search_term_string"}],"inLanguage":"pt-BR"},{"@type":"Person","@id":"https:\/\/portalnpm.com\/#\/schema\/person\/49313e563cfdefcc167f1ee4c017c294","name":"Genival Barbosa","image":{"@type":"ImageObject","inLanguage":"pt-BR","@id":"https:\/\/portalnpm.com\/#\/schema\/person\/image\/","url":"https:\/\/portalnpm.com\/wp-content\/uploads\/2024\/02\/avatar_user_2_1707743258-96x96.jpeg","contentUrl":"https:\/\/portalnpm.com\/wp-content\/uploads\/2024\/02\/avatar_user_2_1707743258-96x96.jpeg","caption":"Genival Barbosa"},"url":"https:\/\/portalnpm.com\/index.php\/author\/genival\/"}]}},"jetpack_sharing_enabled":true,"jetpack_featured_media_url":"https:\/\/portalnpm.com\/wp-content\/uploads\/2024\/01\/e345a60fdf996ba1b4a64ca391ed25be.jpg","_links":{"self":[{"href":"https:\/\/portalnpm.com\/index.php\/wp-json\/wp\/v2\/posts\/59921"}],"collection":[{"href":"https:\/\/portalnpm.com\/index.php\/wp-json\/wp\/v2\/posts"}],"about":[{"href":"https:\/\/portalnpm.com\/index.php\/wp-json\/wp\/v2\/types\/post"}],"author":[{"embeddable":true,"href":"https:\/\/portalnpm.com\/index.php\/wp-json\/wp\/v2\/users\/2"}],"replies":[{"embeddable":true,"href":"https:\/\/portalnpm.com\/index.php\/wp-json\/wp\/v2\/comments?post=59921"}],"version-history":[{"count":0,"href":"https:\/\/portalnpm.com\/index.php\/wp-json\/wp\/v2\/posts\/59921\/revisions"}],"wp:featuredmedia":[{"embeddable":true,"href":"https:\/\/portalnpm.com\/index.php\/wp-json\/wp\/v2\/media\/59922"}],"wp:attachment":[{"href":"https:\/\/portalnpm.com\/index.php\/wp-json\/wp\/v2\/media?parent=59921"}],"wp:term":[{"taxonomy":"category","embeddable":true,"href":"https:\/\/portalnpm.com\/index.php\/wp-json\/wp\/v2\/categories?post=59921"},{"taxonomy":"post_tag","embeddable":true,"href":"https:\/\/portalnpm.com\/index.php\/wp-json\/wp\/v2\/tags?post=59921"}],"curies":[{"name":"wp","href":"https:\/\/api.w.org\/{rel}","templated":true}]}}