{"id":60044,"date":"2020-12-08T09:46:15","date_gmt":"2020-12-08T12:46:15","guid":{"rendered":"https:\/\/portalnpm.com\/index.php\/2020\/12\/08\/disputa-pela-presidencia-da-appm-tem-sete-pre-candidatos-veja-os-nomes\/"},"modified":"2020-12-08T09:46:15","modified_gmt":"2020-12-08T12:46:15","slug":"disputa-pela-presidencia-da-appm-tem-sete-pre-candidatos-veja-os-nomes","status":"publish","type":"post","link":"https:\/\/portalnpm.com\/index.php\/2020\/12\/08\/disputa-pela-presidencia-da-appm-tem-sete-pre-candidatos-veja-os-nomes\/","title":{"rendered":"Disputa pela presid\u00eancia da APPM tem sete pr\u00e9-candidatos; veja os nomes"},"content":{"rendered":"<p style=\"text-align: justify;\">Ao menos sete prefeitos j\u00e1 apresentaram seus nomes na disputa pela presid\u00eancia da Associa\u00e7\u00e3o Piauiense de Munic\u00edpios (APPM). A elei\u00e7\u00e3o acontece no dia 8 de janeiro e definir\u00e1 a diretoria da entidade no bi\u00eanio 2021-2022. As chapas podem ser inscritas at\u00e9 2 de janeiro.<\/p>\n<p style=\"text-align: justify;\">\n<p style=\"text-align: justify;\">\n<p style=\"text-align: justify;\">Dos pr\u00e9-candidatos, o prefeito Tairo Mesquita (Republicanos), de Santo In\u00e1cio do Piau\u00ed, \u00e9 o mais forte at\u00e9 o momento. Tamb\u00e9m colocaram seus nomes os prefeitos Toninho de Caridade (PSD), de Caridade do Piau\u00ed, Naerton Moura (Progressistas), de Sussuapara, Paulo C\u00e9sar (Progressistas), de Francin\u00f3polis, Joel Rodrigues (Progressistas), de Floriano, Erivelto Barros (Progressistas), de Bocaina, e o prefeito Z\u00e9 Fernando (PSD), de Nossa Senhora dos Rem\u00e9dios.<\/p>\n<p style=\"text-align: justify;\">O presidente da comiss\u00e3o eleitoral e procurador da APPM, F\u00e1bio Viana, explica que para a composi\u00e7\u00e3o da chapa s\u00e3o necess\u00e1rios 51 nomes. S\u00e3o dez ocupantes dos cargos da diretoria, cinco membros do Conselho Deliberativo, seis membros do Conselho Fiscal e mais dois representantes de cada uma das 15 microrregi\u00f5es do Piau\u00ed.<\/p>\n<p style=\"text-align: justify;\">No ato da inscri\u00e7\u00e3o, as chapas ter\u00e3o de apresentar um termo de consentimento assinado por cada um dos candidatos integrantes, para evitar o registro sem autoriza\u00e7\u00e3o dos prefeitos.<\/p>\n<p style=\"text-align: justify;\">Todos os prefeitos de munic\u00edpios filiados \u00e0 entidade h\u00e1, pelo menos, um ano podem disputar a reelei\u00e7\u00e3o. O atual presidente da APPM, prefeito de \u00c1gua Branca, Jonas Moura, pela regra, poderia disputar a reelei\u00e7\u00e3o. Mas seu mandato encerra neste m\u00eas de dezembro, e suas pretens\u00f5es pol\u00edticas passam por uma candidatura proporcional em 2022.<\/p>\n<p style=\"text-align: justify;\">Fonte: Meio Norte<\/p>\n","protected":false},"excerpt":{"rendered":"<p>Ao menos sete prefeitos j\u00e1 apresentaram seus nomes na disputa pela presid\u00eancia da Associa\u00e7\u00e3o Piauiense de Munic\u00edpios (APPM). A elei\u00e7\u00e3o acontece no dia 8 de janeiro e definir\u00e1 a diretoria da entidade no bi\u00eanio 2021-2022. As chapas podem ser inscritas at\u00e9 2 de janeiro. Dos pr\u00e9-candidatos, o prefeito Tairo Mesquita (Republicanos), de Santo In\u00e1cio do &hellip;<\/p>\n","protected":false},"author":2,"featured_media":28383,"comment_status":"open","ping_status":"open","sticky":false,"template":"","format":"standard","meta":{"content-type":"","rop_custom_images_group":[],"rop_custom_messages_group":[],"rop_publish_now":"initial","rop_publish_now_accounts":{"facebook_2648258775420054_1618374048415101":""},"rop_publish_now_history":[],"rop_publish_now_status":"pending","footnotes":"","_jetpack_memberships_contains_paid_content":false},"categories":[188,130],"tags":[8097,8098,8099],"yoast_head":"<!-- This site is optimized with the Yoast SEO plugin v22.3 - https:\/\/yoast.com\/wordpress\/plugins\/seo\/ -->\n<title>Disputa pela presid\u00eancia da APPM tem sete pr\u00e9-candidatos; veja os nomes<\/title>\n<meta name=\"robots\" content=\"index, follow, max-snippet:-1, max-image-preview:large, max-video-preview:-1\" \/>\n<link rel=\"canonical\" href=\"https:\/\/portalnpm.com\/index.php\/2020\/12\/08\/disputa-pela-presidencia-da-appm-tem-sete-pre-candidatos-veja-os-nomes\/\" \/>\n<meta property=\"og:locale\" content=\"pt_BR\" \/>\n<meta property=\"og:type\" content=\"article\" \/>\n<meta property=\"og:title\" content=\"Disputa pela presid\u00eancia da APPM tem sete pr\u00e9-candidatos; veja os nomes\" \/>\n<meta property=\"og:description\" content=\"Ao menos sete prefeitos j\u00e1 apresentaram seus nomes na disputa pela presid\u00eancia da Associa\u00e7\u00e3o Piauiense de Munic\u00edpios (APPM). A elei\u00e7\u00e3o acontece no dia 8 de janeiro e definir\u00e1 a diretoria da entidade no bi\u00eanio 2021-2022. As chapas podem ser inscritas at\u00e9 2 de janeiro. Dos pr\u00e9-candidatos, o prefeito Tairo Mesquita (Republicanos), de Santo In\u00e1cio do &hellip;\" \/>\n<meta property=\"og:url\" content=\"https:\/\/portalnpm.com\/index.php\/2020\/12\/08\/disputa-pela-presidencia-da-appm-tem-sete-pre-candidatos-veja-os-nomes\/\" \/>\n<meta property=\"og:site_name\" content=\"Portal NPM\" \/>\n<meta property=\"article:published_time\" content=\"2020-12-08T12:46:15+00:00\" \/>\n<meta name=\"author\" content=\"Genival Barbosa\" \/>\n<meta name=\"twitter:card\" content=\"summary_large_image\" \/>\n<meta name=\"twitter:label1\" content=\"Escrito por\" \/>\n\t<meta name=\"twitter:data1\" content=\"Genival Barbosa\" \/>\n\t<meta name=\"twitter:label2\" content=\"Est. tempo de leitura\" \/>\n\t<meta name=\"twitter:data2\" content=\"1 minuto\" \/>\n<script type=\"application\/ld+json\" class=\"yoast-schema-graph\">{\"@context\":\"https:\/\/schema.org\",\"@graph\":[{\"@type\":\"WebPage\",\"@id\":\"https:\/\/portalnpm.com\/index.php\/2020\/12\/08\/disputa-pela-presidencia-da-appm-tem-sete-pre-candidatos-veja-os-nomes\/\",\"url\":\"https:\/\/portalnpm.com\/index.php\/2020\/12\/08\/disputa-pela-presidencia-da-appm-tem-sete-pre-candidatos-veja-os-nomes\/\",\"name\":\"Disputa pela presid\u00eancia da APPM tem sete pr\u00e9-candidatos; veja os nomes\",\"isPartOf\":{\"@id\":\"https:\/\/portalnpm.com\/#website\"},\"primaryImageOfPage\":{\"@id\":\"https:\/\/portalnpm.com\/index.php\/2020\/12\/08\/disputa-pela-presidencia-da-appm-tem-sete-pre-candidatos-veja-os-nomes\/#primaryimage\"},\"image\":{\"@id\":\"https:\/\/portalnpm.com\/index.php\/2020\/12\/08\/disputa-pela-presidencia-da-appm-tem-sete-pre-candidatos-veja-os-nomes\/#primaryimage\"},\"thumbnailUrl\":\"\",\"datePublished\":\"2020-12-08T12:46:15+00:00\",\"dateModified\":\"2020-12-08T12:46:15+00:00\",\"author\":{\"@id\":\"https:\/\/portalnpm.com\/#\/schema\/person\/49313e563cfdefcc167f1ee4c017c294\"},\"breadcrumb\":{\"@id\":\"https:\/\/portalnpm.com\/index.php\/2020\/12\/08\/disputa-pela-presidencia-da-appm-tem-sete-pre-candidatos-veja-os-nomes\/#breadcrumb\"},\"inLanguage\":\"pt-BR\",\"potentialAction\":[{\"@type\":\"ReadAction\",\"target\":[\"https:\/\/portalnpm.com\/index.php\/2020\/12\/08\/disputa-pela-presidencia-da-appm-tem-sete-pre-candidatos-veja-os-nomes\/\"]}]},{\"@type\":\"ImageObject\",\"inLanguage\":\"pt-BR\",\"@id\":\"https:\/\/portalnpm.com\/index.php\/2020\/12\/08\/disputa-pela-presidencia-da-appm-tem-sete-pre-candidatos-veja-os-nomes\/#primaryimage\",\"url\":\"\",\"contentUrl\":\"\"},{\"@type\":\"BreadcrumbList\",\"@id\":\"https:\/\/portalnpm.com\/index.php\/2020\/12\/08\/disputa-pela-presidencia-da-appm-tem-sete-pre-candidatos-veja-os-nomes\/#breadcrumb\",\"itemListElement\":[{\"@type\":\"ListItem\",\"position\":1,\"name\":\"In\u00edcio\",\"item\":\"https:\/\/portalnpm.com\/\"},{\"@type\":\"ListItem\",\"position\":2,\"name\":\"Disputa pela presid\u00eancia da APPM tem sete pr\u00e9-candidatos; veja os nomes\"}]},{\"@type\":\"WebSite\",\"@id\":\"https:\/\/portalnpm.com\/#website\",\"url\":\"https:\/\/portalnpm.com\/\",\"name\":\"Portal NPM\",\"description\":\"Not\u00edcias em Primeira M\u00e3o\",\"potentialAction\":[{\"@type\":\"SearchAction\",\"target\":{\"@type\":\"EntryPoint\",\"urlTemplate\":\"https:\/\/portalnpm.com\/?s={search_term_string}\"},\"query-input\":\"required name=search_term_string\"}],\"inLanguage\":\"pt-BR\"},{\"@type\":\"Person\",\"@id\":\"https:\/\/portalnpm.com\/#\/schema\/person\/49313e563cfdefcc167f1ee4c017c294\",\"name\":\"Genival Barbosa\",\"image\":{\"@type\":\"ImageObject\",\"inLanguage\":\"pt-BR\",\"@id\":\"https:\/\/portalnpm.com\/#\/schema\/person\/image\/\",\"url\":\"https:\/\/portalnpm.com\/wp-content\/uploads\/2024\/02\/avatar_user_2_1707743258-96x96.jpeg\",\"contentUrl\":\"https:\/\/portalnpm.com\/wp-content\/uploads\/2024\/02\/avatar_user_2_1707743258-96x96.jpeg\",\"caption\":\"Genival Barbosa\"},\"url\":\"https:\/\/portalnpm.com\/index.php\/author\/genival\/\"}]}<\/script>\n<!-- \/ Yoast SEO plugin. -->","yoast_head_json":{"title":"Disputa pela presid\u00eancia da APPM tem sete pr\u00e9-candidatos; veja os nomes","robots":{"index":"index","follow":"follow","max-snippet":"max-snippet:-1","max-image-preview":"max-image-preview:large","max-video-preview":"max-video-preview:-1"},"canonical":"https:\/\/portalnpm.com\/index.php\/2020\/12\/08\/disputa-pela-presidencia-da-appm-tem-sete-pre-candidatos-veja-os-nomes\/","og_locale":"pt_BR","og_type":"article","og_title":"Disputa pela presid\u00eancia da APPM tem sete pr\u00e9-candidatos; veja os nomes","og_description":"Ao menos sete prefeitos j\u00e1 apresentaram seus nomes na disputa pela presid\u00eancia da Associa\u00e7\u00e3o Piauiense de Munic\u00edpios (APPM). A elei\u00e7\u00e3o acontece no dia 8 de janeiro e definir\u00e1 a diretoria da entidade no bi\u00eanio 2021-2022. As chapas podem ser inscritas at\u00e9 2 de janeiro. Dos pr\u00e9-candidatos, o prefeito Tairo Mesquita (Republicanos), de Santo In\u00e1cio do &hellip;","og_url":"https:\/\/portalnpm.com\/index.php\/2020\/12\/08\/disputa-pela-presidencia-da-appm-tem-sete-pre-candidatos-veja-os-nomes\/","og_site_name":"Portal NPM","article_published_time":"2020-12-08T12:46:15+00:00","author":"Genival Barbosa","twitter_card":"summary_large_image","twitter_misc":{"Escrito por":"Genival Barbosa","Est. tempo de leitura":"1 minuto"},"schema":{"@context":"https:\/\/schema.org","@graph":[{"@type":"WebPage","@id":"https:\/\/portalnpm.com\/index.php\/2020\/12\/08\/disputa-pela-presidencia-da-appm-tem-sete-pre-candidatos-veja-os-nomes\/","url":"https:\/\/portalnpm.com\/index.php\/2020\/12\/08\/disputa-pela-presidencia-da-appm-tem-sete-pre-candidatos-veja-os-nomes\/","name":"Disputa pela presid\u00eancia da APPM tem sete pr\u00e9-candidatos; veja os nomes","isPartOf":{"@id":"https:\/\/portalnpm.com\/#website"},"primaryImageOfPage":{"@id":"https:\/\/portalnpm.com\/index.php\/2020\/12\/08\/disputa-pela-presidencia-da-appm-tem-sete-pre-candidatos-veja-os-nomes\/#primaryimage"},"image":{"@id":"https:\/\/portalnpm.com\/index.php\/2020\/12\/08\/disputa-pela-presidencia-da-appm-tem-sete-pre-candidatos-veja-os-nomes\/#primaryimage"},"thumbnailUrl":"","datePublished":"2020-12-08T12:46:15+00:00","dateModified":"2020-12-08T12:46:15+00:00","author":{"@id":"https:\/\/portalnpm.com\/#\/schema\/person\/49313e563cfdefcc167f1ee4c017c294"},"breadcrumb":{"@id":"https:\/\/portalnpm.com\/index.php\/2020\/12\/08\/disputa-pela-presidencia-da-appm-tem-sete-pre-candidatos-veja-os-nomes\/#breadcrumb"},"inLanguage":"pt-BR","potentialAction":[{"@type":"ReadAction","target":["https:\/\/portalnpm.com\/index.php\/2020\/12\/08\/disputa-pela-presidencia-da-appm-tem-sete-pre-candidatos-veja-os-nomes\/"]}]},{"@type":"ImageObject","inLanguage":"pt-BR","@id":"https:\/\/portalnpm.com\/index.php\/2020\/12\/08\/disputa-pela-presidencia-da-appm-tem-sete-pre-candidatos-veja-os-nomes\/#primaryimage","url":"","contentUrl":""},{"@type":"BreadcrumbList","@id":"https:\/\/portalnpm.com\/index.php\/2020\/12\/08\/disputa-pela-presidencia-da-appm-tem-sete-pre-candidatos-veja-os-nomes\/#breadcrumb","itemListElement":[{"@type":"ListItem","position":1,"name":"In\u00edcio","item":"https:\/\/portalnpm.com\/"},{"@type":"ListItem","position":2,"name":"Disputa pela presid\u00eancia da APPM tem sete pr\u00e9-candidatos; veja os nomes"}]},{"@type":"WebSite","@id":"https:\/\/portalnpm.com\/#website","url":"https:\/\/portalnpm.com\/","name":"Portal NPM","description":"Not\u00edcias em Primeira M\u00e3o","potentialAction":[{"@type":"SearchAction","target":{"@type":"EntryPoint","urlTemplate":"https:\/\/portalnpm.com\/?s={search_term_string}"},"query-input":"required name=search_term_string"}],"inLanguage":"pt-BR"},{"@type":"Person","@id":"https:\/\/portalnpm.com\/#\/schema\/person\/49313e563cfdefcc167f1ee4c017c294","name":"Genival Barbosa","image":{"@type":"ImageObject","inLanguage":"pt-BR","@id":"https:\/\/portalnpm.com\/#\/schema\/person\/image\/","url":"https:\/\/portalnpm.com\/wp-content\/uploads\/2024\/02\/avatar_user_2_1707743258-96x96.jpeg","contentUrl":"https:\/\/portalnpm.com\/wp-content\/uploads\/2024\/02\/avatar_user_2_1707743258-96x96.jpeg","caption":"Genival Barbosa"},"url":"https:\/\/portalnpm.com\/index.php\/author\/genival\/"}]}},"jetpack_sharing_enabled":true,"jetpack_featured_media_url":"","_links":{"self":[{"href":"https:\/\/portalnpm.com\/index.php\/wp-json\/wp\/v2\/posts\/60044"}],"collection":[{"href":"https:\/\/portalnpm.com\/index.php\/wp-json\/wp\/v2\/posts"}],"about":[{"href":"https:\/\/portalnpm.com\/index.php\/wp-json\/wp\/v2\/types\/post"}],"author":[{"embeddable":true,"href":"https:\/\/portalnpm.com\/index.php\/wp-json\/wp\/v2\/users\/2"}],"replies":[{"embeddable":true,"href":"https:\/\/portalnpm.com\/index.php\/wp-json\/wp\/v2\/comments?post=60044"}],"version-history":[{"count":0,"href":"https:\/\/portalnpm.com\/index.php\/wp-json\/wp\/v2\/posts\/60044\/revisions"}],"wp:featuredmedia":[{"embeddable":true,"href":"https:\/\/portalnpm.com\/index.php\/wp-json\/"}],"wp:attachment":[{"href":"https:\/\/portalnpm.com\/index.php\/wp-json\/wp\/v2\/media?parent=60044"}],"wp:term":[{"taxonomy":"category","embeddable":true,"href":"https:\/\/portalnpm.com\/index.php\/wp-json\/wp\/v2\/categories?post=60044"},{"taxonomy":"post_tag","embeddable":true,"href":"https:\/\/portalnpm.com\/index.php\/wp-json\/wp\/v2\/tags?post=60044"}],"curies":[{"name":"wp","href":"https:\/\/api.w.org\/{rel}","templated":true}]}}