{"id":6006,"date":"2019-03-06T10:59:24","date_gmt":"2019-03-06T13:59:24","guid":{"rendered":"http:\/\/srv.portalnpm.com.br\/?p=6006"},"modified":"2019-03-06T10:59:24","modified_gmt":"2019-03-06T13:59:24","slug":"corrente-do-pt-articula-saida-de-gleisi-hoffmann-da-presidencia-do-partido","status":"publish","type":"post","link":"https:\/\/portalnpm.com\/index.php\/2019\/03\/06\/corrente-do-pt-articula-saida-de-gleisi-hoffmann-da-presidencia-do-partido\/","title":{"rendered":"Corrente do PT articula sa\u00edda de Gleisi Hoffmann da presid\u00eancia do partido"},"content":{"rendered":"<blockquote><p><span style=\"color: #0000ff;\">CNB tenta convencer Lula a desistir de apoiar novo mandato da deputada \u00e0 frente do partido<\/span><\/p><\/blockquote>\n<p style=\"text-align: justify;\">Preocupada com o futuro do\u00a0PT\u00a0, a corrente majorit\u00e1ria Construindo Um Novo Brasil (CNB) come\u00e7ou um movimento para convencer o ex-presidente\u00a0Lula\u00a0a desistir de seu plano de ajudar a eleger a atual presidente,\u00a0Gleisi Hoffmann\u00a0, para um novo mandato \u00e0 frente da legenda.<\/p>\n<p style=\"text-align: justify;\">Para quem o visita na Superintend\u00eancia da Pol\u00edcia Federal do Paran\u00e1, em Curitiba, Lula tem sido firme na defesa de Gleisi, uma das principais entusiastas da bandeira \u201cLula livre\u201d. A elei\u00e7\u00e3o para a presid\u00eancia do PT ainda n\u00e3o tem data, mas a expectativa \u00e9 que ocorra no segundo semestre.<\/p>\n<p style=\"text-align: justify;\">L\u00edderes da CNB acusam Gleisi de tomar decis\u00f5es sem consultar os demais membros da dire\u00e7\u00e3o. Dizem que isso aconteceu, em janeiro, quando ela foi \u00e0 posse de Nicol\u00e1s Maduro na Venezuela.<\/p>\n<p style=\"text-align: justify;\">O epis\u00f3dio gerou at\u00e9 uma discuss\u00e3o com o candidato derrotado do partido \u00e0 Presid\u00eancia, Fernando Haddad, na \u00faltima reuni\u00e3o da executiva, no m\u00eas passado. Haddad foi questionado sobre as cr\u00edticas que fez a Gleisi numa entrevista e respondeu que via problema no fato de ela n\u00e3o ter ouvido a legenda. Gleisi rebateu dizendo que o PT j\u00e1 tinha uma posi\u00e7\u00e3o sobre a Venezuela.<\/p>\n<p style=\"text-align: justify;\">Em 2018, quando tentava se cacifar para substituir Lula como candidato do PT a presidente, Haddad, que sempre teve uma atua\u00e7\u00e3o independente, se aproximou da CNB. Parte das lideran\u00e7as da corrente defende que ele assuma o comando da sigla. Ele resiste \u00e0 ideia.<\/p>\n<p style=\"text-align: justify;\">Em\u00a0entrevista \u00e0 \u201c\u00c9poca\u201d na semana passada\u00a0, Haddad mais uma vez afirmou n\u00e3o ter interesse em presidir o PT porque pretende seguir com sua vida de professor. Disse que Gleisi tem condi\u00e7\u00f5es de dirigir a legenda, mas, antes de uma defini\u00e7\u00e3o sobre isso, o PT deveria discutir os rumos que seguir\u00e1 diante da nova conjuntura.\u00a0 Para o ex-prefeito, o novo presidente deve ter o\u00a0perfil para seguir as novas diretrizes.<\/p>\n<p style=\"text-align: justify;\">Parlamentares ligados \u00e0 CNB se queixaram da atua\u00e7\u00e3o de Gleisi, que \u00e9 deputada federal pelo Paran\u00e1, na condu\u00e7\u00e3o das negocia\u00e7\u00f5es para apoiar Marcelo Freixo (PSOL-RJ) para presid\u00eancia da C\u00e2mara. Parte do grupo queria Alessandro Molon (PSB-RJ).<\/p>\n<p style=\"text-align: justify;\">Para lideran\u00e7as da\u00a0 CNB, os dois casos ilustram um modelo de dire\u00e7\u00e3o que impede o partido de reconquistar setores da sociedade mais pr\u00f3ximos do centro. A atua\u00e7\u00e3o de Gleisi seria voltada apenas para a esquerda. Diante do governo de Jair Bolsonaro, a avalia\u00e7\u00e3o \u00e9 que a legenda precisa de novos canais de di\u00e1logo e, sem isso, ter\u00e1 o seu futuro eleitoral comprometido.<\/p>\n<p style=\"text-align: justify;\">O GLOBO ouviu cr\u00edticas a Gleisi de cinco parlamentares ou integrantes da dire\u00e7\u00e3o do PT que integram a CNB. Nenhum deles, por\u00e9m, aceitou falar publicamente sobre o tema, numa demonstra\u00e7\u00e3o do receio de contrariar Lula.<\/p>\n<p style=\"text-align: justify;\"><span style=\"color: #0000ff;\">Eleita ap\u00f3s impeachment<\/span><\/p>\n<p style=\"text-align: justify;\">Questionada sobre as cr\u00edticas, a assessoria de Gleisi informou que ela n\u00e3o iria debater \u201ccom supostos personagens que se movem nas sombras e se escondem no anonimato\u201d. Em nota, disse que a decis\u00e3o de ir \u00e0 posse de Maduro correspondeu a decis\u00f5es coletivas com apoio de Lula. Afirmou que a alian\u00e7a com Freixo foi decidida pela coordena\u00e7\u00e3o e lideran\u00e7as da bancada.<\/p>\n<p style=\"text-align: justify;\">Gleisi foi eleita para comandar o PT em 2017.\u00a0Por causa da conjuntura incerta depois do impeachment da presidente Dilma Rousseff, o partido decidiu, na \u00e9poca, que mandato deveria ser de dois anos e n\u00e3o de quatro, como vinha ocorrendo at\u00e9 ent\u00e3o.<\/p>\n<p style=\"text-align: justify;\">Na ocasi\u00e3o, a legenda tamb\u00e9m\u00a0desistiu da elei\u00e7\u00e3o direta, em que todos os filiados t\u00eam direto a voto, e optou por uma vota\u00e7\u00e3o realizada por delegados. Agora, est\u00e1 previsto, para antes da escolha da nova dire\u00e7\u00e3o, um plebiscito para definir sobre a\u00a0volta ou n\u00e3o do processo de elei\u00e7\u00e3o direta. O novo mandato seria, a princ\u00edpio, de quatro anos.<\/p>\n<p style=\"text-align: justify;\">A escolha de Gleisi em 2017 foi costurado por Lula num momento em que o\u00a0PT vivia riscos de fragmenta\u00e7\u00e3o e um movimento intitulado &#8220;Muda PT&#8221;, que tinha objetivo de desbancar a CNB, ganhava for\u00e7a internamente. A CNB apoiou a paranaense, mas o desgaste com a corrente teve in\u00edcio logo em seus primeiros meses no cargo.<\/p>\n<p style=\"text-align: justify;\">Uma dificuldade apontada pelos integrantes da corrente \u00e9 que um novo nome para presidir o PT teria que ser constru\u00eddo sem a a\u00a0participa\u00e7\u00e3ao direta de Lula, ao contr\u00e1rio do que sempre ocorreu na hist\u00f3ria do partido.<\/p>\n<p style=\"text-align: justify;\"><strong>FONTE: O Globo\u00a0<\/strong><\/p>\n","protected":false},"excerpt":{"rendered":"<p>CNB tenta convencer Lula a desistir de apoiar novo mandato da deputada \u00e0 frente do partido Preocupada com o futuro do\u00a0PT\u00a0, a corrente majorit\u00e1ria Construindo Um Novo Brasil (CNB) come\u00e7ou um movimento para convencer o ex-presidente\u00a0Lula\u00a0a desistir de seu plano de ajudar a eleger a atual presidente,\u00a0Gleisi Hoffmann\u00a0, para um novo mandato \u00e0 frente da &hellip;<\/p>\n","protected":false},"author":3,"featured_media":6007,"comment_status":"open","ping_status":"open","sticky":false,"template":"","format":"standard","meta":{"content-type":"","rop_custom_images_group":[],"rop_custom_messages_group":[],"rop_publish_now":"initial","rop_publish_now_accounts":{"facebook_2648258775420054_1618374048415101":""},"rop_publish_now_history":[],"rop_publish_now_status":"pending","footnotes":"","_jetpack_memberships_contains_paid_content":false},"categories":[113,130],"tags":[1358,702,403],"yoast_head":"<!-- This site is optimized with the Yoast SEO plugin v22.3 - https:\/\/yoast.com\/wordpress\/plugins\/seo\/ -->\n<title>Corrente do PT articula sa\u00edda de Gleisi Hoffmann da presid\u00eancia do partido - Portal NPM<\/title>\n<meta name=\"robots\" content=\"index, follow, max-snippet:-1, max-image-preview:large, max-video-preview:-1\" \/>\n<link rel=\"canonical\" href=\"https:\/\/portalnpm.com\/index.php\/2019\/03\/06\/corrente-do-pt-articula-saida-de-gleisi-hoffmann-da-presidencia-do-partido\/\" \/>\n<meta property=\"og:locale\" content=\"pt_BR\" \/>\n<meta property=\"og:type\" content=\"article\" \/>\n<meta property=\"og:title\" content=\"Corrente do PT articula sa\u00edda de Gleisi Hoffmann da presid\u00eancia do partido - Portal NPM\" \/>\n<meta property=\"og:description\" content=\"CNB tenta convencer Lula a desistir de apoiar novo mandato da deputada \u00e0 frente do partido Preocupada com o futuro do\u00a0PT\u00a0, a corrente majorit\u00e1ria Construindo Um Novo Brasil (CNB) come\u00e7ou um movimento para convencer o ex-presidente\u00a0Lula\u00a0a desistir de seu plano de ajudar a eleger a atual presidente,\u00a0Gleisi Hoffmann\u00a0, para um novo mandato \u00e0 frente da &hellip;\" \/>\n<meta property=\"og:url\" content=\"https:\/\/portalnpm.com\/index.php\/2019\/03\/06\/corrente-do-pt-articula-saida-de-gleisi-hoffmann-da-presidencia-do-partido\/\" \/>\n<meta property=\"og:site_name\" content=\"Portal NPM\" \/>\n<meta property=\"article:published_time\" content=\"2019-03-06T13:59:24+00:00\" \/>\n<meta name=\"author\" content=\"Luis Alberto\" \/>\n<meta name=\"twitter:card\" content=\"summary_large_image\" \/>\n<meta name=\"twitter:label1\" content=\"Escrito por\" \/>\n\t<meta name=\"twitter:data1\" content=\"Luis Alberto\" \/>\n\t<meta name=\"twitter:label2\" content=\"Est. tempo de leitura\" \/>\n\t<meta name=\"twitter:data2\" content=\"4 minutos\" \/>\n<script type=\"application\/ld+json\" class=\"yoast-schema-graph\">{\"@context\":\"https:\/\/schema.org\",\"@graph\":[{\"@type\":\"WebPage\",\"@id\":\"https:\/\/portalnpm.com\/index.php\/2019\/03\/06\/corrente-do-pt-articula-saida-de-gleisi-hoffmann-da-presidencia-do-partido\/\",\"url\":\"https:\/\/portalnpm.com\/index.php\/2019\/03\/06\/corrente-do-pt-articula-saida-de-gleisi-hoffmann-da-presidencia-do-partido\/\",\"name\":\"Corrente do PT articula sa\u00edda de Gleisi Hoffmann da presid\u00eancia do partido - Portal NPM\",\"isPartOf\":{\"@id\":\"https:\/\/portalnpm.com\/#website\"},\"primaryImageOfPage\":{\"@id\":\"https:\/\/portalnpm.com\/index.php\/2019\/03\/06\/corrente-do-pt-articula-saida-de-gleisi-hoffmann-da-presidencia-do-partido\/#primaryimage\"},\"image\":{\"@id\":\"https:\/\/portalnpm.com\/index.php\/2019\/03\/06\/corrente-do-pt-articula-saida-de-gleisi-hoffmann-da-presidencia-do-partido\/#primaryimage\"},\"thumbnailUrl\":\"\",\"datePublished\":\"2019-03-06T13:59:24+00:00\",\"dateModified\":\"2019-03-06T13:59:24+00:00\",\"author\":{\"@id\":\"https:\/\/portalnpm.com\/#\/schema\/person\/5c8006acdf71774cd4e7a5ab98482152\"},\"breadcrumb\":{\"@id\":\"https:\/\/portalnpm.com\/index.php\/2019\/03\/06\/corrente-do-pt-articula-saida-de-gleisi-hoffmann-da-presidencia-do-partido\/#breadcrumb\"},\"inLanguage\":\"pt-BR\",\"potentialAction\":[{\"@type\":\"ReadAction\",\"target\":[\"https:\/\/portalnpm.com\/index.php\/2019\/03\/06\/corrente-do-pt-articula-saida-de-gleisi-hoffmann-da-presidencia-do-partido\/\"]}]},{\"@type\":\"ImageObject\",\"inLanguage\":\"pt-BR\",\"@id\":\"https:\/\/portalnpm.com\/index.php\/2019\/03\/06\/corrente-do-pt-articula-saida-de-gleisi-hoffmann-da-presidencia-do-partido\/#primaryimage\",\"url\":\"\",\"contentUrl\":\"\"},{\"@type\":\"BreadcrumbList\",\"@id\":\"https:\/\/portalnpm.com\/index.php\/2019\/03\/06\/corrente-do-pt-articula-saida-de-gleisi-hoffmann-da-presidencia-do-partido\/#breadcrumb\",\"itemListElement\":[{\"@type\":\"ListItem\",\"position\":1,\"name\":\"In\u00edcio\",\"item\":\"https:\/\/portalnpm.com\/\"},{\"@type\":\"ListItem\",\"position\":2,\"name\":\"Corrente do PT articula sa\u00edda de Gleisi Hoffmann da presid\u00eancia do partido\"}]},{\"@type\":\"WebSite\",\"@id\":\"https:\/\/portalnpm.com\/#website\",\"url\":\"https:\/\/portalnpm.com\/\",\"name\":\"Portal NPM\",\"description\":\"Not\u00edcias em Primeira M\u00e3o\",\"potentialAction\":[{\"@type\":\"SearchAction\",\"target\":{\"@type\":\"EntryPoint\",\"urlTemplate\":\"https:\/\/portalnpm.com\/?s={search_term_string}\"},\"query-input\":\"required name=search_term_string\"}],\"inLanguage\":\"pt-BR\"},{\"@type\":\"Person\",\"@id\":\"https:\/\/portalnpm.com\/#\/schema\/person\/5c8006acdf71774cd4e7a5ab98482152\",\"name\":\"Luis Alberto\",\"image\":{\"@type\":\"ImageObject\",\"inLanguage\":\"pt-BR\",\"@id\":\"https:\/\/portalnpm.com\/#\/schema\/person\/image\/\",\"url\":\"https:\/\/portalnpm.com\/wp-content\/uploads\/2024\/12\/avatar_user_3_1734699769-96x96.jpeg\",\"contentUrl\":\"https:\/\/portalnpm.com\/wp-content\/uploads\/2024\/12\/avatar_user_3_1734699769-96x96.jpeg\",\"caption\":\"Luis Alberto\"},\"description\":\"Editor-geral do Portal NPM, \u00e9 formado como T\u00e9cnico em Seguran\u00e7a do Trabalho pela Escola Metropolitana de Cursos T\u00e9cnicos. Det\u00e9m ainda licenciatura em Educa\u00e7\u00e3o F\u00edsica e bacharelado em Ci\u00eancias Pol\u00edticas, ambos obtidos pela institui\u00e7\u00e3o Anhanguera\/UNOPAR.\",\"url\":\"https:\/\/portalnpm.com\/index.php\/author\/pereira\/\"}]}<\/script>\n<!-- \/ Yoast SEO plugin. -->","yoast_head_json":{"title":"Corrente do PT articula sa\u00edda de Gleisi Hoffmann da presid\u00eancia do partido - Portal NPM","robots":{"index":"index","follow":"follow","max-snippet":"max-snippet:-1","max-image-preview":"max-image-preview:large","max-video-preview":"max-video-preview:-1"},"canonical":"https:\/\/portalnpm.com\/index.php\/2019\/03\/06\/corrente-do-pt-articula-saida-de-gleisi-hoffmann-da-presidencia-do-partido\/","og_locale":"pt_BR","og_type":"article","og_title":"Corrente do PT articula sa\u00edda de Gleisi Hoffmann da presid\u00eancia do partido - Portal NPM","og_description":"CNB tenta convencer Lula a desistir de apoiar novo mandato da deputada \u00e0 frente do partido Preocupada com o futuro do\u00a0PT\u00a0, a corrente majorit\u00e1ria Construindo Um Novo Brasil (CNB) come\u00e7ou um movimento para convencer o ex-presidente\u00a0Lula\u00a0a desistir de seu plano de ajudar a eleger a atual presidente,\u00a0Gleisi Hoffmann\u00a0, para um novo mandato \u00e0 frente da &hellip;","og_url":"https:\/\/portalnpm.com\/index.php\/2019\/03\/06\/corrente-do-pt-articula-saida-de-gleisi-hoffmann-da-presidencia-do-partido\/","og_site_name":"Portal NPM","article_published_time":"2019-03-06T13:59:24+00:00","author":"Luis Alberto","twitter_card":"summary_large_image","twitter_misc":{"Escrito por":"Luis Alberto","Est. tempo de leitura":"4 minutos"},"schema":{"@context":"https:\/\/schema.org","@graph":[{"@type":"WebPage","@id":"https:\/\/portalnpm.com\/index.php\/2019\/03\/06\/corrente-do-pt-articula-saida-de-gleisi-hoffmann-da-presidencia-do-partido\/","url":"https:\/\/portalnpm.com\/index.php\/2019\/03\/06\/corrente-do-pt-articula-saida-de-gleisi-hoffmann-da-presidencia-do-partido\/","name":"Corrente do PT articula sa\u00edda de Gleisi Hoffmann da presid\u00eancia do partido - Portal NPM","isPartOf":{"@id":"https:\/\/portalnpm.com\/#website"},"primaryImageOfPage":{"@id":"https:\/\/portalnpm.com\/index.php\/2019\/03\/06\/corrente-do-pt-articula-saida-de-gleisi-hoffmann-da-presidencia-do-partido\/#primaryimage"},"image":{"@id":"https:\/\/portalnpm.com\/index.php\/2019\/03\/06\/corrente-do-pt-articula-saida-de-gleisi-hoffmann-da-presidencia-do-partido\/#primaryimage"},"thumbnailUrl":"","datePublished":"2019-03-06T13:59:24+00:00","dateModified":"2019-03-06T13:59:24+00:00","author":{"@id":"https:\/\/portalnpm.com\/#\/schema\/person\/5c8006acdf71774cd4e7a5ab98482152"},"breadcrumb":{"@id":"https:\/\/portalnpm.com\/index.php\/2019\/03\/06\/corrente-do-pt-articula-saida-de-gleisi-hoffmann-da-presidencia-do-partido\/#breadcrumb"},"inLanguage":"pt-BR","potentialAction":[{"@type":"ReadAction","target":["https:\/\/portalnpm.com\/index.php\/2019\/03\/06\/corrente-do-pt-articula-saida-de-gleisi-hoffmann-da-presidencia-do-partido\/"]}]},{"@type":"ImageObject","inLanguage":"pt-BR","@id":"https:\/\/portalnpm.com\/index.php\/2019\/03\/06\/corrente-do-pt-articula-saida-de-gleisi-hoffmann-da-presidencia-do-partido\/#primaryimage","url":"","contentUrl":""},{"@type":"BreadcrumbList","@id":"https:\/\/portalnpm.com\/index.php\/2019\/03\/06\/corrente-do-pt-articula-saida-de-gleisi-hoffmann-da-presidencia-do-partido\/#breadcrumb","itemListElement":[{"@type":"ListItem","position":1,"name":"In\u00edcio","item":"https:\/\/portalnpm.com\/"},{"@type":"ListItem","position":2,"name":"Corrente do PT articula sa\u00edda de Gleisi Hoffmann da presid\u00eancia do partido"}]},{"@type":"WebSite","@id":"https:\/\/portalnpm.com\/#website","url":"https:\/\/portalnpm.com\/","name":"Portal NPM","description":"Not\u00edcias em Primeira M\u00e3o","potentialAction":[{"@type":"SearchAction","target":{"@type":"EntryPoint","urlTemplate":"https:\/\/portalnpm.com\/?s={search_term_string}"},"query-input":"required name=search_term_string"}],"inLanguage":"pt-BR"},{"@type":"Person","@id":"https:\/\/portalnpm.com\/#\/schema\/person\/5c8006acdf71774cd4e7a5ab98482152","name":"Luis Alberto","image":{"@type":"ImageObject","inLanguage":"pt-BR","@id":"https:\/\/portalnpm.com\/#\/schema\/person\/image\/","url":"https:\/\/portalnpm.com\/wp-content\/uploads\/2024\/12\/avatar_user_3_1734699769-96x96.jpeg","contentUrl":"https:\/\/portalnpm.com\/wp-content\/uploads\/2024\/12\/avatar_user_3_1734699769-96x96.jpeg","caption":"Luis Alberto"},"description":"Editor-geral do Portal NPM, \u00e9 formado como T\u00e9cnico em Seguran\u00e7a do Trabalho pela Escola Metropolitana de Cursos T\u00e9cnicos. Det\u00e9m ainda licenciatura em Educa\u00e7\u00e3o F\u00edsica e bacharelado em Ci\u00eancias Pol\u00edticas, ambos obtidos pela institui\u00e7\u00e3o Anhanguera\/UNOPAR.","url":"https:\/\/portalnpm.com\/index.php\/author\/pereira\/"}]}},"jetpack_sharing_enabled":true,"jetpack_featured_media_url":"","_links":{"self":[{"href":"https:\/\/portalnpm.com\/index.php\/wp-json\/wp\/v2\/posts\/6006"}],"collection":[{"href":"https:\/\/portalnpm.com\/index.php\/wp-json\/wp\/v2\/posts"}],"about":[{"href":"https:\/\/portalnpm.com\/index.php\/wp-json\/wp\/v2\/types\/post"}],"author":[{"embeddable":true,"href":"https:\/\/portalnpm.com\/index.php\/wp-json\/wp\/v2\/users\/3"}],"replies":[{"embeddable":true,"href":"https:\/\/portalnpm.com\/index.php\/wp-json\/wp\/v2\/comments?post=6006"}],"version-history":[{"count":0,"href":"https:\/\/portalnpm.com\/index.php\/wp-json\/wp\/v2\/posts\/6006\/revisions"}],"wp:featuredmedia":[{"embeddable":true,"href":"https:\/\/portalnpm.com\/index.php\/wp-json\/"}],"wp:attachment":[{"href":"https:\/\/portalnpm.com\/index.php\/wp-json\/wp\/v2\/media?parent=6006"}],"wp:term":[{"taxonomy":"category","embeddable":true,"href":"https:\/\/portalnpm.com\/index.php\/wp-json\/wp\/v2\/categories?post=6006"},{"taxonomy":"post_tag","embeddable":true,"href":"https:\/\/portalnpm.com\/index.php\/wp-json\/wp\/v2\/tags?post=6006"}],"curies":[{"name":"wp","href":"https:\/\/api.w.org\/{rel}","templated":true}]}}