{"id":6027,"date":"2019-03-06T15:31:40","date_gmt":"2019-03-06T18:31:40","guid":{"rendered":"http:\/\/srv.portalnpm.com.br\/?p=6027"},"modified":"2019-03-06T15:31:40","modified_gmt":"2019-03-06T18:31:40","slug":"jovem-operario-que-morreu-apos-sofrer-acidente-em-obra-na-republica-dominicana-sera-sepultado-no-piaui","status":"publish","type":"post","link":"https:\/\/portalnpm.com\/index.php\/2019\/03\/06\/jovem-operario-que-morreu-apos-sofrer-acidente-em-obra-na-republica-dominicana-sera-sepultado-no-piaui\/","title":{"rendered":"Jovem oper\u00e1rio que morreu ap\u00f3s sofrer acidente em obra na Rep\u00fablica Dominicana ser\u00e1 sepultado no Piau\u00ed"},"content":{"rendered":"<p style=\"text-align: justify;\">O corpo do oper\u00e1rio piauiense Ant\u00f4nio Cledson dos Santos, 35 anos, que faleceu na tarde desta ter\u00e7a-feira, 05 de mar\u00e7o, no distrito de Punta Cana, na Rep\u00fablica Dominicana, ser\u00e1 trasladado para ser sepultado no Piau\u00ed. A informa\u00e7\u00e3o foi confirmada pela fam\u00edlia.<\/p>\n<p style=\"text-align: justify;\">Um irm\u00e3o de Ant\u00f4nio Cledson que o acompanhava durante o tratamento est\u00e1 negociando com a empresa Odebrecht e o consulado dominicano todos os procedimentos necess\u00e1rios para o traslado do corpo que pode durar de quatro a cinco dias.<\/p>\n<figure id=\"attachment_6028\" aria-describedby=\"caption-attachment-6028\" style=\"width: 300px\" class=\"wp-caption alignnone\"><img fetchpriority=\"high\" decoding=\"async\" class=\"size-medium wp-image-6028\" src=\"http:\/\/portalnpm.com.br\/wp-content\/uploads\/2019\/03\/46460903_269662963693199_577328623460024320_n-501x420-300x251.jpg\" alt=\"\" width=\"300\" height=\"251\" \/><figcaption id=\"caption-attachment-6028\" class=\"wp-caption-text\">Ant\u00f4nio Cledson com a esposa e filho \u2013 Foto: Reprodu\u00e7\u00e3o\/Facebook<\/figcaption><\/figure>\n<p style=\"text-align: justify;\">A fam\u00edlia informou \u00e0 reda\u00e7\u00e3o do <em><strong>Portal \u00c9 Not\u00edcias<\/strong><\/em> que o corpo de Ant\u00f4nio Cledson quando chegar ao Piau\u00ed ser\u00e1 velado inicialmente no munic\u00edpio de S\u00e3o Juli\u00e3o e depois ser\u00e1 conduzido para a sua cidade natal, Passagem Franca do Piau\u00ed, onde ser\u00e1 sepultado.<\/p>\n<p style=\"text-align: justify;\">Ant\u00f4nio Cledson dos Santos, o \u201cKelel\u00e9u\u201d, tinha 35 anos de idade e faleceu ap\u00f3s cair de um andaime num complexo industrial na Rep\u00fablica Dominicana, no dia 02 de fevereiro. Na \u00e9poca, ele chegou a ser socorrido, passou por procedimento cir\u00fargico, mas veio a \u00f3bito um m\u00eas depois do acidente. A not\u00edcia do falecimento de \u201cKelel\u00e9u\u201d comoveu toda a popula\u00e7\u00e3o de S\u00e3o Juli\u00e3o \u2013 PI. Ele deixa esposa e um filho menor de idade.<\/p>\n<p><strong>FONTE<\/strong>: Portal \u00c9 Not\u00edcias<\/p>\n<hr \/>\n<p><strong>ACOMPANHE O PORTAL NPM NAS REDES SOCIAIS E VISITE NOSSO CANAL:<\/strong><\/p>\n<p><a href=\"https:\/\/www.facebook.com\/PortalNPM\/\">https:\/\/www.facebook.com\/PortalNPM\/<\/a><\/p>\n<p><a href=\"https:\/\/www.youtube.com\/channel\/UCpVEqwH3Pt07DvGBk7z3Vcg\">https:\/\/www.youtube.com\/channel\/UCpVEqwH3Pt07DvGBk7z3Vcg<\/a><\/p>\n","protected":false},"excerpt":{"rendered":"<p>O corpo do oper\u00e1rio piauiense Ant\u00f4nio Cledson dos Santos, 35 anos, que faleceu na tarde desta ter\u00e7a-feira, 05 de mar\u00e7o, no distrito de Punta Cana, na Rep\u00fablica Dominicana, ser\u00e1 trasladado para ser sepultado no Piau\u00ed. A informa\u00e7\u00e3o foi confirmada pela fam\u00edlia. Um irm\u00e3o de Ant\u00f4nio Cledson que o acompanhava durante o tratamento est\u00e1 negociando com &hellip;<\/p>\n","protected":false},"author":8,"featured_media":6029,"comment_status":"open","ping_status":"open","sticky":false,"template":"","format":"standard","meta":{"content-type":"","rop_custom_images_group":[],"rop_custom_messages_group":[],"rop_publish_now":"initial","rop_publish_now_accounts":{"facebook_2648258775420054_1618374048415101":""},"rop_publish_now_history":[],"rop_publish_now_status":"pending","footnotes":"","_jetpack_memberships_contains_paid_content":false},"categories":[113,109,136],"tags":[154,172,2337],"yoast_head":"<!-- This site is optimized with the Yoast SEO plugin v22.3 - https:\/\/yoast.com\/wordpress\/plugins\/seo\/ -->\n<title>Jovem oper\u00e1rio que morreu ap\u00f3s sofrer acidente em obra na Rep\u00fablica Dominicana ser\u00e1 sepultado no Piau\u00ed - Portal NPM<\/title>\n<meta name=\"robots\" content=\"index, follow, max-snippet:-1, max-image-preview:large, max-video-preview:-1\" \/>\n<link rel=\"canonical\" href=\"https:\/\/portalnpm.com\/index.php\/2019\/03\/06\/jovem-operario-que-morreu-apos-sofrer-acidente-em-obra-na-republica-dominicana-sera-sepultado-no-piaui\/\" \/>\n<meta property=\"og:locale\" content=\"pt_BR\" \/>\n<meta property=\"og:type\" content=\"article\" \/>\n<meta property=\"og:title\" content=\"Jovem oper\u00e1rio que morreu ap\u00f3s sofrer acidente em obra na Rep\u00fablica Dominicana ser\u00e1 sepultado no Piau\u00ed - Portal NPM\" \/>\n<meta property=\"og:description\" content=\"O corpo do oper\u00e1rio piauiense Ant\u00f4nio Cledson dos Santos, 35 anos, que faleceu na tarde desta ter\u00e7a-feira, 05 de mar\u00e7o, no distrito de Punta Cana, na Rep\u00fablica Dominicana, ser\u00e1 trasladado para ser sepultado no Piau\u00ed. A informa\u00e7\u00e3o foi confirmada pela fam\u00edlia. Um irm\u00e3o de Ant\u00f4nio Cledson que o acompanhava durante o tratamento est\u00e1 negociando com &hellip;\" \/>\n<meta property=\"og:url\" content=\"https:\/\/portalnpm.com\/index.php\/2019\/03\/06\/jovem-operario-que-morreu-apos-sofrer-acidente-em-obra-na-republica-dominicana-sera-sepultado-no-piaui\/\" \/>\n<meta property=\"og:site_name\" content=\"Portal NPM\" \/>\n<meta property=\"article:published_time\" content=\"2019-03-06T18:31:40+00:00\" \/>\n<meta name=\"author\" content=\"Zenilton Lima\" \/>\n<meta name=\"twitter:card\" content=\"summary_large_image\" \/>\n<meta name=\"twitter:label1\" content=\"Escrito por\" \/>\n\t<meta name=\"twitter:data1\" content=\"Zenilton Lima\" \/>\n\t<meta name=\"twitter:label2\" content=\"Est. tempo de leitura\" \/>\n\t<meta name=\"twitter:data2\" content=\"1 minuto\" \/>\n<script type=\"application\/ld+json\" class=\"yoast-schema-graph\">{\"@context\":\"https:\/\/schema.org\",\"@graph\":[{\"@type\":\"WebPage\",\"@id\":\"https:\/\/portalnpm.com\/index.php\/2019\/03\/06\/jovem-operario-que-morreu-apos-sofrer-acidente-em-obra-na-republica-dominicana-sera-sepultado-no-piaui\/\",\"url\":\"https:\/\/portalnpm.com\/index.php\/2019\/03\/06\/jovem-operario-que-morreu-apos-sofrer-acidente-em-obra-na-republica-dominicana-sera-sepultado-no-piaui\/\",\"name\":\"Jovem oper\u00e1rio que morreu ap\u00f3s sofrer acidente em obra na Rep\u00fablica Dominicana ser\u00e1 sepultado no Piau\u00ed - Portal NPM\",\"isPartOf\":{\"@id\":\"https:\/\/portalnpm.com\/#website\"},\"primaryImageOfPage\":{\"@id\":\"https:\/\/portalnpm.com\/index.php\/2019\/03\/06\/jovem-operario-que-morreu-apos-sofrer-acidente-em-obra-na-republica-dominicana-sera-sepultado-no-piaui\/#primaryimage\"},\"image\":{\"@id\":\"https:\/\/portalnpm.com\/index.php\/2019\/03\/06\/jovem-operario-que-morreu-apos-sofrer-acidente-em-obra-na-republica-dominicana-sera-sepultado-no-piaui\/#primaryimage\"},\"thumbnailUrl\":\"\",\"datePublished\":\"2019-03-06T18:31:40+00:00\",\"dateModified\":\"2019-03-06T18:31:40+00:00\",\"author\":{\"@id\":\"https:\/\/portalnpm.com\/#\/schema\/person\/35cb55186eae3f074b6783da6d35591e\"},\"breadcrumb\":{\"@id\":\"https:\/\/portalnpm.com\/index.php\/2019\/03\/06\/jovem-operario-que-morreu-apos-sofrer-acidente-em-obra-na-republica-dominicana-sera-sepultado-no-piaui\/#breadcrumb\"},\"inLanguage\":\"pt-BR\",\"potentialAction\":[{\"@type\":\"ReadAction\",\"target\":[\"https:\/\/portalnpm.com\/index.php\/2019\/03\/06\/jovem-operario-que-morreu-apos-sofrer-acidente-em-obra-na-republica-dominicana-sera-sepultado-no-piaui\/\"]}]},{\"@type\":\"ImageObject\",\"inLanguage\":\"pt-BR\",\"@id\":\"https:\/\/portalnpm.com\/index.php\/2019\/03\/06\/jovem-operario-que-morreu-apos-sofrer-acidente-em-obra-na-republica-dominicana-sera-sepultado-no-piaui\/#primaryimage\",\"url\":\"\",\"contentUrl\":\"\"},{\"@type\":\"BreadcrumbList\",\"@id\":\"https:\/\/portalnpm.com\/index.php\/2019\/03\/06\/jovem-operario-que-morreu-apos-sofrer-acidente-em-obra-na-republica-dominicana-sera-sepultado-no-piaui\/#breadcrumb\",\"itemListElement\":[{\"@type\":\"ListItem\",\"position\":1,\"name\":\"In\u00edcio\",\"item\":\"https:\/\/portalnpm.com\/\"},{\"@type\":\"ListItem\",\"position\":2,\"name\":\"Jovem oper\u00e1rio que morreu ap\u00f3s sofrer acidente em obra na Rep\u00fablica Dominicana ser\u00e1 sepultado no Piau\u00ed\"}]},{\"@type\":\"WebSite\",\"@id\":\"https:\/\/portalnpm.com\/#website\",\"url\":\"https:\/\/portalnpm.com\/\",\"name\":\"Portal NPM\",\"description\":\"Not\u00edcias em Primeira M\u00e3o\",\"potentialAction\":[{\"@type\":\"SearchAction\",\"target\":{\"@type\":\"EntryPoint\",\"urlTemplate\":\"https:\/\/portalnpm.com\/?s={search_term_string}\"},\"query-input\":\"required name=search_term_string\"}],\"inLanguage\":\"pt-BR\"},{\"@type\":\"Person\",\"@id\":\"https:\/\/portalnpm.com\/#\/schema\/person\/35cb55186eae3f074b6783da6d35591e\",\"name\":\"Zenilton Lima\",\"image\":{\"@type\":\"ImageObject\",\"inLanguage\":\"pt-BR\",\"@id\":\"https:\/\/portalnpm.com\/#\/schema\/person\/image\/\",\"url\":\"https:\/\/portalnpm.com\/wp-content\/uploads\/2024\/12\/avatar_user_8_1733658137-96x96.jpeg\",\"contentUrl\":\"https:\/\/portalnpm.com\/wp-content\/uploads\/2024\/12\/avatar_user_8_1733658137-96x96.jpeg\",\"caption\":\"Zenilton Lima\"},\"url\":\"https:\/\/portalnpm.com\/index.php\/author\/zenilton\/\"}]}<\/script>\n<!-- \/ Yoast SEO plugin. -->","yoast_head_json":{"title":"Jovem oper\u00e1rio que morreu ap\u00f3s sofrer acidente em obra na Rep\u00fablica Dominicana ser\u00e1 sepultado no Piau\u00ed - Portal NPM","robots":{"index":"index","follow":"follow","max-snippet":"max-snippet:-1","max-image-preview":"max-image-preview:large","max-video-preview":"max-video-preview:-1"},"canonical":"https:\/\/portalnpm.com\/index.php\/2019\/03\/06\/jovem-operario-que-morreu-apos-sofrer-acidente-em-obra-na-republica-dominicana-sera-sepultado-no-piaui\/","og_locale":"pt_BR","og_type":"article","og_title":"Jovem oper\u00e1rio que morreu ap\u00f3s sofrer acidente em obra na Rep\u00fablica Dominicana ser\u00e1 sepultado no Piau\u00ed - Portal NPM","og_description":"O corpo do oper\u00e1rio piauiense Ant\u00f4nio Cledson dos Santos, 35 anos, que faleceu na tarde desta ter\u00e7a-feira, 05 de mar\u00e7o, no distrito de Punta Cana, na Rep\u00fablica Dominicana, ser\u00e1 trasladado para ser sepultado no Piau\u00ed. A informa\u00e7\u00e3o foi confirmada pela fam\u00edlia. Um irm\u00e3o de Ant\u00f4nio Cledson que o acompanhava durante o tratamento est\u00e1 negociando com &hellip;","og_url":"https:\/\/portalnpm.com\/index.php\/2019\/03\/06\/jovem-operario-que-morreu-apos-sofrer-acidente-em-obra-na-republica-dominicana-sera-sepultado-no-piaui\/","og_site_name":"Portal NPM","article_published_time":"2019-03-06T18:31:40+00:00","author":"Zenilton Lima","twitter_card":"summary_large_image","twitter_misc":{"Escrito por":"Zenilton Lima","Est. tempo de leitura":"1 minuto"},"schema":{"@context":"https:\/\/schema.org","@graph":[{"@type":"WebPage","@id":"https:\/\/portalnpm.com\/index.php\/2019\/03\/06\/jovem-operario-que-morreu-apos-sofrer-acidente-em-obra-na-republica-dominicana-sera-sepultado-no-piaui\/","url":"https:\/\/portalnpm.com\/index.php\/2019\/03\/06\/jovem-operario-que-morreu-apos-sofrer-acidente-em-obra-na-republica-dominicana-sera-sepultado-no-piaui\/","name":"Jovem oper\u00e1rio que morreu ap\u00f3s sofrer acidente em obra na Rep\u00fablica Dominicana ser\u00e1 sepultado no Piau\u00ed - Portal NPM","isPartOf":{"@id":"https:\/\/portalnpm.com\/#website"},"primaryImageOfPage":{"@id":"https:\/\/portalnpm.com\/index.php\/2019\/03\/06\/jovem-operario-que-morreu-apos-sofrer-acidente-em-obra-na-republica-dominicana-sera-sepultado-no-piaui\/#primaryimage"},"image":{"@id":"https:\/\/portalnpm.com\/index.php\/2019\/03\/06\/jovem-operario-que-morreu-apos-sofrer-acidente-em-obra-na-republica-dominicana-sera-sepultado-no-piaui\/#primaryimage"},"thumbnailUrl":"","datePublished":"2019-03-06T18:31:40+00:00","dateModified":"2019-03-06T18:31:40+00:00","author":{"@id":"https:\/\/portalnpm.com\/#\/schema\/person\/35cb55186eae3f074b6783da6d35591e"},"breadcrumb":{"@id":"https:\/\/portalnpm.com\/index.php\/2019\/03\/06\/jovem-operario-que-morreu-apos-sofrer-acidente-em-obra-na-republica-dominicana-sera-sepultado-no-piaui\/#breadcrumb"},"inLanguage":"pt-BR","potentialAction":[{"@type":"ReadAction","target":["https:\/\/portalnpm.com\/index.php\/2019\/03\/06\/jovem-operario-que-morreu-apos-sofrer-acidente-em-obra-na-republica-dominicana-sera-sepultado-no-piaui\/"]}]},{"@type":"ImageObject","inLanguage":"pt-BR","@id":"https:\/\/portalnpm.com\/index.php\/2019\/03\/06\/jovem-operario-que-morreu-apos-sofrer-acidente-em-obra-na-republica-dominicana-sera-sepultado-no-piaui\/#primaryimage","url":"","contentUrl":""},{"@type":"BreadcrumbList","@id":"https:\/\/portalnpm.com\/index.php\/2019\/03\/06\/jovem-operario-que-morreu-apos-sofrer-acidente-em-obra-na-republica-dominicana-sera-sepultado-no-piaui\/#breadcrumb","itemListElement":[{"@type":"ListItem","position":1,"name":"In\u00edcio","item":"https:\/\/portalnpm.com\/"},{"@type":"ListItem","position":2,"name":"Jovem oper\u00e1rio que morreu ap\u00f3s sofrer acidente em obra na Rep\u00fablica Dominicana ser\u00e1 sepultado no Piau\u00ed"}]},{"@type":"WebSite","@id":"https:\/\/portalnpm.com\/#website","url":"https:\/\/portalnpm.com\/","name":"Portal NPM","description":"Not\u00edcias em Primeira M\u00e3o","potentialAction":[{"@type":"SearchAction","target":{"@type":"EntryPoint","urlTemplate":"https:\/\/portalnpm.com\/?s={search_term_string}"},"query-input":"required name=search_term_string"}],"inLanguage":"pt-BR"},{"@type":"Person","@id":"https:\/\/portalnpm.com\/#\/schema\/person\/35cb55186eae3f074b6783da6d35591e","name":"Zenilton Lima","image":{"@type":"ImageObject","inLanguage":"pt-BR","@id":"https:\/\/portalnpm.com\/#\/schema\/person\/image\/","url":"https:\/\/portalnpm.com\/wp-content\/uploads\/2024\/12\/avatar_user_8_1733658137-96x96.jpeg","contentUrl":"https:\/\/portalnpm.com\/wp-content\/uploads\/2024\/12\/avatar_user_8_1733658137-96x96.jpeg","caption":"Zenilton Lima"},"url":"https:\/\/portalnpm.com\/index.php\/author\/zenilton\/"}]}},"jetpack_sharing_enabled":true,"jetpack_featured_media_url":"","_links":{"self":[{"href":"https:\/\/portalnpm.com\/index.php\/wp-json\/wp\/v2\/posts\/6027"}],"collection":[{"href":"https:\/\/portalnpm.com\/index.php\/wp-json\/wp\/v2\/posts"}],"about":[{"href":"https:\/\/portalnpm.com\/index.php\/wp-json\/wp\/v2\/types\/post"}],"author":[{"embeddable":true,"href":"https:\/\/portalnpm.com\/index.php\/wp-json\/wp\/v2\/users\/8"}],"replies":[{"embeddable":true,"href":"https:\/\/portalnpm.com\/index.php\/wp-json\/wp\/v2\/comments?post=6027"}],"version-history":[{"count":0,"href":"https:\/\/portalnpm.com\/index.php\/wp-json\/wp\/v2\/posts\/6027\/revisions"}],"wp:featuredmedia":[{"embeddable":true,"href":"https:\/\/portalnpm.com\/index.php\/wp-json\/"}],"wp:attachment":[{"href":"https:\/\/portalnpm.com\/index.php\/wp-json\/wp\/v2\/media?parent=6027"}],"wp:term":[{"taxonomy":"category","embeddable":true,"href":"https:\/\/portalnpm.com\/index.php\/wp-json\/wp\/v2\/categories?post=6027"},{"taxonomy":"post_tag","embeddable":true,"href":"https:\/\/portalnpm.com\/index.php\/wp-json\/wp\/v2\/tags?post=6027"}],"curies":[{"name":"wp","href":"https:\/\/api.w.org\/{rel}","templated":true}]}}