{"id":60305,"date":"2020-12-12T11:44:49","date_gmt":"2020-12-12T14:44:49","guid":{"rendered":"https:\/\/portalnpm.com\/index.php\/2020\/12\/12\/deputado-julio-cesar-diz-que-psd-quer-participar-de-chapa-majoritaria-de-2022\/"},"modified":"2020-12-12T11:44:49","modified_gmt":"2020-12-12T14:44:49","slug":"deputado-julio-cesar-diz-que-psd-quer-participar-de-chapa-majoritaria-de-2022","status":"publish","type":"post","link":"https:\/\/portalnpm.com\/index.php\/2020\/12\/12\/deputado-julio-cesar-diz-que-psd-quer-participar-de-chapa-majoritaria-de-2022\/","title":{"rendered":"Deputado J\u00falio C\u00e9sar diz que PSD quer participar de chapa majorit\u00e1ria de 2022"},"content":{"rendered":"<p style=\"text-align: justify;\">O presidente estadual do PSD, deputado J\u00falio C\u00e9sar Lima, afirma que pelo tamanho que a sigla alcan\u00e7ou na elei\u00e7\u00e3o municipal, o partido tem credenciais para disputar uma vaga na chapa majorit\u00e1ria que ser\u00e1 montada pelo PT e MDB em 2022. Nos bastidores, a informa\u00e7\u00e3o \u00e9 que o PSD poder\u00e1 indicar o vice.<\/p>\n<p style=\"text-align: justify;\">\n<p style=\"text-align: justify;\">\n<p style=\"text-align: justify;\">O nome cotado \u00e9 do deputado estadual, Georgiano Neto. O PT dever\u00e1 indicar o governador Wellington Dias (PT) para disputar o Senado. E o MDB discute nomes para a disputa pelo governo do estado.<\/p>\n<p style=\"text-align: justify;\">\u201cO PSD \u00e9 o segundo maior partido do Piau\u00ed. Elegemos 40 prefeitos de 220 munic\u00edpios. O partido expressivo e temos376 vereadores, tivemos uma participa\u00e7\u00e3o at\u00e9 surpreendente para os outros partidos concorrentes. Temos credibilidade. Tudo que prometemos, cumprimos. Isso transmite confian\u00e7a para os liderados, prefeitos, vice, os vereadores e candidatos a vereador. Por isso que eu e o deputado Georgiano, somos apenas os dois,\u00a0 transmitimos confian\u00e7a e seguran\u00e7a para aqueles que representamos e atra\u00edmos muito, que eram representados por outras lideran\u00e7as. Todo partido quer crescer. Queremos crescer. O principal \u00e9 ter condi\u00e7\u00f5es de servir. Evidentemente, sendo o partido na dimens\u00e3o do PSD, todos t\u00eam interesse que o partido participe de uma chapa majorit\u00e1ria\u201d, disse.<\/p>\n<p style=\"text-align: justify;\">Gest\u00e3o de Dr. Pessoa<\/p>\n<p style=\"text-align: justify;\">Sobre a participa\u00e7\u00e3o da legenda na gest\u00e3o do prefeito eleito, Dr. Pessoa, J\u00falio C\u00e9sar afirma que n\u00e3o h\u00e1 nada definido. Ele diz que o partido n\u00e3o faz disputa por cargos.<\/p>\n<p style=\"text-align: justify;\">\u201cFomos para o Dr. Pessoa por uma op\u00e7\u00e3o. Ele j\u00e1 foi do nosso partido e conhecemos muito bem. A base do governo, praticamente toda, apoiou Dr. Pessoa e n\u00f3 pertencemos \u00e0 base do governo. Agora esse problema de disputa, de ocupa\u00e7\u00e3o de espa\u00e7os dentro do governo \u00e9 uma decis\u00e3o do prefeito. Ainda n\u00e3o conversamos\u00a0 sobre isso. Esperamos ter uma conversa na pr\u00f3xima semana, mas n\u00e3o \u00e9 o objetivo principal do apoio que demos a ele. Temos que assumir o compromisso de manter nosso compromisso de aumentar as receitas, efici\u00eancia e buscar o melhor para o povo\u201d, disse.<\/p>\n<p style=\"text-align: justify;\">O nome cotado do PSD para ocupar um cargo \u00e9 de Simone Pereira. Ela foi a candidata do partido a prefeita no primeiro turno.<\/p>\n<p style=\"text-align: justify;\">\u201cO interesse \u00e9 que ele fa\u00e7a uma grande gest\u00e3o. Esse \u00e9 o grande interesse do nosso partido. As outras s\u00e3o consequ\u00eancias. N\u00e3o discuto do interesse partid\u00e1rio. Mas acima de tudo do interesse do povo. A Simone \u00e9 uma mulher muito preparada. Onde passou mostrou efici\u00eancia e compet\u00eancia. J\u00e1 foi subsecret\u00e1ria da prefeitura. A Simone \u00e9 um grande nome. Se for escolhida, \u00e9 pela compet\u00eancia que tem\u201d, afirmou.<\/p>\n<p style=\"text-align: justify;\">Fonte: Cidade Verde<\/p>\n","protected":false},"excerpt":{"rendered":"<p>O presidente estadual do PSD, deputado J\u00falio C\u00e9sar Lima, afirma que pelo tamanho que a sigla alcan\u00e7ou na elei\u00e7\u00e3o municipal, o partido tem credenciais para disputar uma vaga na chapa majorit\u00e1ria que ser\u00e1 montada pelo PT e MDB em 2022. Nos bastidores, a informa\u00e7\u00e3o \u00e9 que o PSD poder\u00e1 indicar o vice. O nome cotado &hellip;<\/p>\n","protected":false},"author":2,"featured_media":28583,"comment_status":"open","ping_status":"open","sticky":false,"template":"","format":"standard","meta":{"content-type":"","rop_custom_images_group":[],"rop_custom_messages_group":[],"rop_publish_now":"initial","rop_publish_now_accounts":{"facebook_2648258775420054_1618374048415101":""},"rop_publish_now_history":[],"rop_publish_now_status":"pending","footnotes":"","_jetpack_memberships_contains_paid_content":false},"categories":[113,130],"tags":[8291,8292,8293],"yoast_head":"<!-- This site is optimized with the Yoast SEO plugin v22.3 - https:\/\/yoast.com\/wordpress\/plugins\/seo\/ -->\n<title>Deputado J\u00falio C\u00e9sar diz que PSD quer participar de chapa majorit\u00e1ria de 2022<\/title>\n<meta name=\"robots\" content=\"index, follow, max-snippet:-1, max-image-preview:large, max-video-preview:-1\" \/>\n<link rel=\"canonical\" href=\"https:\/\/portalnpm.com\/index.php\/2020\/12\/12\/deputado-julio-cesar-diz-que-psd-quer-participar-de-chapa-majoritaria-de-2022\/\" \/>\n<meta property=\"og:locale\" content=\"pt_BR\" \/>\n<meta property=\"og:type\" content=\"article\" \/>\n<meta property=\"og:title\" content=\"Deputado J\u00falio C\u00e9sar diz que PSD quer participar de chapa majorit\u00e1ria de 2022\" \/>\n<meta property=\"og:description\" content=\"O presidente estadual do PSD, deputado J\u00falio C\u00e9sar Lima, afirma que pelo tamanho que a sigla alcan\u00e7ou na elei\u00e7\u00e3o municipal, o partido tem credenciais para disputar uma vaga na chapa majorit\u00e1ria que ser\u00e1 montada pelo PT e MDB em 2022. Nos bastidores, a informa\u00e7\u00e3o \u00e9 que o PSD poder\u00e1 indicar o vice. O nome cotado &hellip;\" \/>\n<meta property=\"og:url\" content=\"https:\/\/portalnpm.com\/index.php\/2020\/12\/12\/deputado-julio-cesar-diz-que-psd-quer-participar-de-chapa-majoritaria-de-2022\/\" \/>\n<meta property=\"og:site_name\" content=\"Portal NPM\" \/>\n<meta property=\"article:published_time\" content=\"2020-12-12T14:44:49+00:00\" \/>\n<meta name=\"author\" content=\"Genival Barbosa\" \/>\n<meta name=\"twitter:card\" content=\"summary_large_image\" \/>\n<meta name=\"twitter:label1\" content=\"Escrito por\" \/>\n\t<meta name=\"twitter:data1\" content=\"Genival Barbosa\" \/>\n\t<meta name=\"twitter:label2\" content=\"Est. tempo de leitura\" \/>\n\t<meta name=\"twitter:data2\" content=\"2 minutos\" \/>\n<script type=\"application\/ld+json\" class=\"yoast-schema-graph\">{\"@context\":\"https:\/\/schema.org\",\"@graph\":[{\"@type\":\"WebPage\",\"@id\":\"https:\/\/portalnpm.com\/index.php\/2020\/12\/12\/deputado-julio-cesar-diz-que-psd-quer-participar-de-chapa-majoritaria-de-2022\/\",\"url\":\"https:\/\/portalnpm.com\/index.php\/2020\/12\/12\/deputado-julio-cesar-diz-que-psd-quer-participar-de-chapa-majoritaria-de-2022\/\",\"name\":\"Deputado J\u00falio C\u00e9sar diz que PSD quer participar de chapa majorit\u00e1ria de 2022\",\"isPartOf\":{\"@id\":\"https:\/\/portalnpm.com\/#website\"},\"primaryImageOfPage\":{\"@id\":\"https:\/\/portalnpm.com\/index.php\/2020\/12\/12\/deputado-julio-cesar-diz-que-psd-quer-participar-de-chapa-majoritaria-de-2022\/#primaryimage\"},\"image\":{\"@id\":\"https:\/\/portalnpm.com\/index.php\/2020\/12\/12\/deputado-julio-cesar-diz-que-psd-quer-participar-de-chapa-majoritaria-de-2022\/#primaryimage\"},\"thumbnailUrl\":\"\",\"datePublished\":\"2020-12-12T14:44:49+00:00\",\"dateModified\":\"2020-12-12T14:44:49+00:00\",\"author\":{\"@id\":\"https:\/\/portalnpm.com\/#\/schema\/person\/49313e563cfdefcc167f1ee4c017c294\"},\"breadcrumb\":{\"@id\":\"https:\/\/portalnpm.com\/index.php\/2020\/12\/12\/deputado-julio-cesar-diz-que-psd-quer-participar-de-chapa-majoritaria-de-2022\/#breadcrumb\"},\"inLanguage\":\"pt-BR\",\"potentialAction\":[{\"@type\":\"ReadAction\",\"target\":[\"https:\/\/portalnpm.com\/index.php\/2020\/12\/12\/deputado-julio-cesar-diz-que-psd-quer-participar-de-chapa-majoritaria-de-2022\/\"]}]},{\"@type\":\"ImageObject\",\"inLanguage\":\"pt-BR\",\"@id\":\"https:\/\/portalnpm.com\/index.php\/2020\/12\/12\/deputado-julio-cesar-diz-que-psd-quer-participar-de-chapa-majoritaria-de-2022\/#primaryimage\",\"url\":\"\",\"contentUrl\":\"\"},{\"@type\":\"BreadcrumbList\",\"@id\":\"https:\/\/portalnpm.com\/index.php\/2020\/12\/12\/deputado-julio-cesar-diz-que-psd-quer-participar-de-chapa-majoritaria-de-2022\/#breadcrumb\",\"itemListElement\":[{\"@type\":\"ListItem\",\"position\":1,\"name\":\"In\u00edcio\",\"item\":\"https:\/\/portalnpm.com\/\"},{\"@type\":\"ListItem\",\"position\":2,\"name\":\"Deputado J\u00falio C\u00e9sar diz que PSD quer participar de chapa majorit\u00e1ria de 2022\"}]},{\"@type\":\"WebSite\",\"@id\":\"https:\/\/portalnpm.com\/#website\",\"url\":\"https:\/\/portalnpm.com\/\",\"name\":\"Portal NPM\",\"description\":\"Not\u00edcias em Primeira M\u00e3o\",\"potentialAction\":[{\"@type\":\"SearchAction\",\"target\":{\"@type\":\"EntryPoint\",\"urlTemplate\":\"https:\/\/portalnpm.com\/?s={search_term_string}\"},\"query-input\":\"required name=search_term_string\"}],\"inLanguage\":\"pt-BR\"},{\"@type\":\"Person\",\"@id\":\"https:\/\/portalnpm.com\/#\/schema\/person\/49313e563cfdefcc167f1ee4c017c294\",\"name\":\"Genival Barbosa\",\"image\":{\"@type\":\"ImageObject\",\"inLanguage\":\"pt-BR\",\"@id\":\"https:\/\/portalnpm.com\/#\/schema\/person\/image\/\",\"url\":\"https:\/\/portalnpm.com\/wp-content\/uploads\/2024\/02\/avatar_user_2_1707743258-96x96.jpeg\",\"contentUrl\":\"https:\/\/portalnpm.com\/wp-content\/uploads\/2024\/02\/avatar_user_2_1707743258-96x96.jpeg\",\"caption\":\"Genival Barbosa\"},\"url\":\"https:\/\/portalnpm.com\/index.php\/author\/genival\/\"}]}<\/script>\n<!-- \/ Yoast SEO plugin. -->","yoast_head_json":{"title":"Deputado J\u00falio C\u00e9sar diz que PSD quer participar de chapa majorit\u00e1ria de 2022","robots":{"index":"index","follow":"follow","max-snippet":"max-snippet:-1","max-image-preview":"max-image-preview:large","max-video-preview":"max-video-preview:-1"},"canonical":"https:\/\/portalnpm.com\/index.php\/2020\/12\/12\/deputado-julio-cesar-diz-que-psd-quer-participar-de-chapa-majoritaria-de-2022\/","og_locale":"pt_BR","og_type":"article","og_title":"Deputado J\u00falio C\u00e9sar diz que PSD quer participar de chapa majorit\u00e1ria de 2022","og_description":"O presidente estadual do PSD, deputado J\u00falio C\u00e9sar Lima, afirma que pelo tamanho que a sigla alcan\u00e7ou na elei\u00e7\u00e3o municipal, o partido tem credenciais para disputar uma vaga na chapa majorit\u00e1ria que ser\u00e1 montada pelo PT e MDB em 2022. Nos bastidores, a informa\u00e7\u00e3o \u00e9 que o PSD poder\u00e1 indicar o vice. O nome cotado &hellip;","og_url":"https:\/\/portalnpm.com\/index.php\/2020\/12\/12\/deputado-julio-cesar-diz-que-psd-quer-participar-de-chapa-majoritaria-de-2022\/","og_site_name":"Portal NPM","article_published_time":"2020-12-12T14:44:49+00:00","author":"Genival Barbosa","twitter_card":"summary_large_image","twitter_misc":{"Escrito por":"Genival Barbosa","Est. tempo de leitura":"2 minutos"},"schema":{"@context":"https:\/\/schema.org","@graph":[{"@type":"WebPage","@id":"https:\/\/portalnpm.com\/index.php\/2020\/12\/12\/deputado-julio-cesar-diz-que-psd-quer-participar-de-chapa-majoritaria-de-2022\/","url":"https:\/\/portalnpm.com\/index.php\/2020\/12\/12\/deputado-julio-cesar-diz-que-psd-quer-participar-de-chapa-majoritaria-de-2022\/","name":"Deputado J\u00falio C\u00e9sar diz que PSD quer participar de chapa majorit\u00e1ria de 2022","isPartOf":{"@id":"https:\/\/portalnpm.com\/#website"},"primaryImageOfPage":{"@id":"https:\/\/portalnpm.com\/index.php\/2020\/12\/12\/deputado-julio-cesar-diz-que-psd-quer-participar-de-chapa-majoritaria-de-2022\/#primaryimage"},"image":{"@id":"https:\/\/portalnpm.com\/index.php\/2020\/12\/12\/deputado-julio-cesar-diz-que-psd-quer-participar-de-chapa-majoritaria-de-2022\/#primaryimage"},"thumbnailUrl":"","datePublished":"2020-12-12T14:44:49+00:00","dateModified":"2020-12-12T14:44:49+00:00","author":{"@id":"https:\/\/portalnpm.com\/#\/schema\/person\/49313e563cfdefcc167f1ee4c017c294"},"breadcrumb":{"@id":"https:\/\/portalnpm.com\/index.php\/2020\/12\/12\/deputado-julio-cesar-diz-que-psd-quer-participar-de-chapa-majoritaria-de-2022\/#breadcrumb"},"inLanguage":"pt-BR","potentialAction":[{"@type":"ReadAction","target":["https:\/\/portalnpm.com\/index.php\/2020\/12\/12\/deputado-julio-cesar-diz-que-psd-quer-participar-de-chapa-majoritaria-de-2022\/"]}]},{"@type":"ImageObject","inLanguage":"pt-BR","@id":"https:\/\/portalnpm.com\/index.php\/2020\/12\/12\/deputado-julio-cesar-diz-que-psd-quer-participar-de-chapa-majoritaria-de-2022\/#primaryimage","url":"","contentUrl":""},{"@type":"BreadcrumbList","@id":"https:\/\/portalnpm.com\/index.php\/2020\/12\/12\/deputado-julio-cesar-diz-que-psd-quer-participar-de-chapa-majoritaria-de-2022\/#breadcrumb","itemListElement":[{"@type":"ListItem","position":1,"name":"In\u00edcio","item":"https:\/\/portalnpm.com\/"},{"@type":"ListItem","position":2,"name":"Deputado J\u00falio C\u00e9sar diz que PSD quer participar de chapa majorit\u00e1ria de 2022"}]},{"@type":"WebSite","@id":"https:\/\/portalnpm.com\/#website","url":"https:\/\/portalnpm.com\/","name":"Portal NPM","description":"Not\u00edcias em Primeira M\u00e3o","potentialAction":[{"@type":"SearchAction","target":{"@type":"EntryPoint","urlTemplate":"https:\/\/portalnpm.com\/?s={search_term_string}"},"query-input":"required name=search_term_string"}],"inLanguage":"pt-BR"},{"@type":"Person","@id":"https:\/\/portalnpm.com\/#\/schema\/person\/49313e563cfdefcc167f1ee4c017c294","name":"Genival Barbosa","image":{"@type":"ImageObject","inLanguage":"pt-BR","@id":"https:\/\/portalnpm.com\/#\/schema\/person\/image\/","url":"https:\/\/portalnpm.com\/wp-content\/uploads\/2024\/02\/avatar_user_2_1707743258-96x96.jpeg","contentUrl":"https:\/\/portalnpm.com\/wp-content\/uploads\/2024\/02\/avatar_user_2_1707743258-96x96.jpeg","caption":"Genival Barbosa"},"url":"https:\/\/portalnpm.com\/index.php\/author\/genival\/"}]}},"jetpack_sharing_enabled":true,"jetpack_featured_media_url":"","_links":{"self":[{"href":"https:\/\/portalnpm.com\/index.php\/wp-json\/wp\/v2\/posts\/60305"}],"collection":[{"href":"https:\/\/portalnpm.com\/index.php\/wp-json\/wp\/v2\/posts"}],"about":[{"href":"https:\/\/portalnpm.com\/index.php\/wp-json\/wp\/v2\/types\/post"}],"author":[{"embeddable":true,"href":"https:\/\/portalnpm.com\/index.php\/wp-json\/wp\/v2\/users\/2"}],"replies":[{"embeddable":true,"href":"https:\/\/portalnpm.com\/index.php\/wp-json\/wp\/v2\/comments?post=60305"}],"version-history":[{"count":0,"href":"https:\/\/portalnpm.com\/index.php\/wp-json\/wp\/v2\/posts\/60305\/revisions"}],"wp:featuredmedia":[{"embeddable":true,"href":"https:\/\/portalnpm.com\/index.php\/wp-json\/"}],"wp:attachment":[{"href":"https:\/\/portalnpm.com\/index.php\/wp-json\/wp\/v2\/media?parent=60305"}],"wp:term":[{"taxonomy":"category","embeddable":true,"href":"https:\/\/portalnpm.com\/index.php\/wp-json\/wp\/v2\/categories?post=60305"},{"taxonomy":"post_tag","embeddable":true,"href":"https:\/\/portalnpm.com\/index.php\/wp-json\/wp\/v2\/tags?post=60305"}],"curies":[{"name":"wp","href":"https:\/\/api.w.org\/{rel}","templated":true}]}}