{"id":60326,"date":"2020-12-13T08:37:25","date_gmt":"2020-12-13T11:37:25","guid":{"rendered":"https:\/\/portalnpm.com\/index.php\/2020\/12\/13\/rodrigo-maia-demora-da-vacina-e-maior-erro-politico-de-bolsonaro\/"},"modified":"2020-12-13T08:37:25","modified_gmt":"2020-12-13T11:37:25","slug":"rodrigo-maia-demora-da-vacina-e-maior-erro-politico-de-bolsonaro","status":"publish","type":"post","link":"https:\/\/portalnpm.com\/index.php\/2020\/12\/13\/rodrigo-maia-demora-da-vacina-e-maior-erro-politico-de-bolsonaro\/","title":{"rendered":"Rodrigo Maia: &#8216;Demora da vacina \u00e9 maior erro pol\u00edtico de Bolsonaro&#8217;"},"content":{"rendered":"<p style=\"text-align: justify;\">O presidente da C\u00e2mara, Rodrigo Maia (DEM-RJ), disse que o maior erro pol\u00edtico cometido pelo governo at\u00e9 agora foi n\u00e3o se preparar para comprar a vacina contra o novo coronav\u00edrus. &#8220;Isso pode impactar o projeto de reelei\u00e7\u00e3o&#8221;, afirmou ele, numa refer\u00eancia aos planos do presidente Jair Bolsonaro para 2022. &#8220;Esse \u00e9 o tema que pode gerar o maior dano de imagem. As pessoas est\u00e3o come\u00e7ando a entrar em p\u00e2nico, em desespero&#8221;.<\/p>\n<p style=\"text-align: justify;\">\n<p style=\"text-align: justify;\">\n<p style=\"text-align: justify;\">Prestes a terminar seu mandato como presidente da C\u00e2mara, Maia disse ao Estad\u00e3o que o governo est\u00e1 criando um &#8220;balc\u00e3o&#8221; de neg\u00f3cios na C\u00e2mara para eleger o seu sucessor. Na sua avalia\u00e7\u00e3o, o ministro da Economia, Paulo Guedes, se engana ao imaginar que Bolsonaro interfere na disputa no Congresso, marcada para fevereiro de 2021, porque quer tocar as reformas. &#8220;Bolsonaro quer tocar a agenda ideol\u00f3gica&#8221;, observou.<\/p>\n<p style=\"text-align: justify;\">O deputado contou ter ouvido o rival Arthur Lira (Progressistas-AL) chamar Guedes de &#8220;vendedor de redes&#8221; &#8211; algu\u00e9m que fala muito, mas entrega pouco. L\u00edder do Centr\u00e3o, Lira \u00e9 candidato ao comando da C\u00e2mara com apoio do Pal\u00e1cio do Planalto. &#8220;Uma vit\u00f3ria do candidato do Bolsonaro o recoloca no processo pol\u00edtico&#8221;, afirmou Maia.<\/p>\n<p style=\"text-align: justify;\"><strong>O senhor teve covid-19. Pode nos contar como foi?<\/strong><\/p>\n<p style=\"text-align: justify;\">Passei alguns dias muito dif\u00edceis, com pulm\u00e3o bastante contaminado, muito cansa\u00e7o. Fiz fisioterapia pulmonar todos os dias. Quase fui internado. Tive o atendimento de hospital privado. Mas a maioria da popula\u00e7\u00e3o n\u00e3o tem a mesma estrutura. Por isso que todos os procedimentos de m\u00e1scara, \u00e1lcool em gel, algum isolamento s\u00e3o importantes para que a rede p\u00fablica n\u00e3o entre em colapso.<\/p>\n<p style=\"text-align: justify;\"><strong>O Pa\u00eds assiste a uma briga pol\u00edtica em torno da vacina e o governo n\u00e3o comprou uma seringa at\u00e9 agora. Como sair disso?<\/strong><\/p>\n<p style=\"text-align: justify;\">A vacina \u00e9 o ponto mais cr\u00edtico do governo, o mais grave at\u00e9 hoje na sua rela\u00e7\u00e3o com a sociedade. A demora na compra da vacina \u00e9 o maior erro pol\u00edtico de Bolsonaro. Esse \u00e9 o tema que pode gerar o maior dano de imagem para o presidente. Faz voltar na mem\u00f3ria das pessoas todos os erros do governo, desde o in\u00edcio da pandemia. Isso pode impactar o projeto de reelei\u00e7\u00e3o. Certamente, ele (Bolsonaro) tem pesquisa. E, se ele tem, est\u00e1 com essa mesma informa\u00e7\u00e3o. As pessoas est\u00e3o come\u00e7ando a entrar em p\u00e2nico, em desespero. E a\u00ed ele isenta a importa\u00e7\u00e3o de armas. Precisa tratar sem paix\u00e3o, sem ideologia, esquecer o conflito com o governador de S\u00e3o Paulo.<\/p>\n<p style=\"text-align: justify;\"><strong>A C\u00e2mara pode assumir esse papel, como fez no in\u00edcio da pandemia, com rela\u00e7\u00e3o aos recursos emergenciais?<\/strong><\/p>\n<p style=\"text-align: justify;\">Eu disse ao presidente que o Congresso e o governo deveriam construir um caminho sobre a quest\u00e3o da vacina. N\u00e3o \u00e9 poss\u00edvel que daqui a pouco tenha brasileiro viajando ao exterior para tomar a vacina, enquanto a maior parte da popula\u00e7\u00e3o aqui fica sem vacina, com a taxa de letalidade aumentando por falta de leitos.<\/p>\n<p style=\"text-align: justify;\"><strong>O sr. entende que ser\u00e1 necess\u00e1rio algum tipo de lockdown nas festas de fim de ano?<\/strong><\/p>\n<p style=\"text-align: justify;\">Se no Rio de Janeiro tem 99% dos leitos ocupados, voc\u00ea tem que ter uma a\u00e7\u00e3o do prefeito e do governador de mais restri\u00e7\u00f5es. N\u00e3o falo de lockdown.<\/p>\n<p style=\"text-align: justify;\"><strong>O presidente pode ser processado por crime de responsabilidade por causa do discurso negacionista na pandemia?<\/strong><\/p>\n<p style=\"text-align: justify;\">Que ele pode ter influenciado um menor isolamento em momentos importantes, isso pode. Mas \u00e9 uma quest\u00e3o muito t\u00e9cnica. Algu\u00e9m vai ter que vincular o discurso dele ao fato de as pessoas irem \u00e0s ruas e isso ter gerado mais mortes. N\u00e3o \u00e9 uma coisa f\u00e1cil de pegar.<\/p>\n<p style=\"text-align: justify;\"><strong>O sr. deixar\u00e1 o comando da C\u00e2mara com quase 50 pedidos de impeachment n\u00e3o analisados. S\u00e3o mesmo improcedentes?<\/strong><\/p>\n<p style=\"text-align: justify;\">Com a crise que n\u00f3s j\u00e1 temos, se a gente fosse entrar para esse tipo de conflito&#8230; E o impeachment \u00e9 um julgamento pol\u00edtico. Querendo ou n\u00e3o, \u00e9 a realidade. Ele n\u00e3o pode ser um instrumento para estar na gaveta e ser utilizado em cada conflito.<\/p>\n<p style=\"text-align: justify;\"><strong>O sr. manifestou o receio de que uma vit\u00f3ria do deputado Arthur Lira na disputa pelo comando da C\u00e2mara signifique uma agenda ideol\u00f3gica para os pr\u00f3ximos dois anos. Qual o risco?<\/strong><\/p>\n<p style=\"text-align: justify;\">Se voc\u00ea olhar os candidatos, todos votaram a pauta mais liberal na economia. Se todos dariam conforto ao governo em rela\u00e7\u00e3o a isso, por que o presidente quer interferir? Bolsonaro quer tocar a agenda ideol\u00f3gica, a pauta de costumes, do voto impresso. Ele quer essa agenda que foi travada nos \u00faltimos dois anos pela minha presid\u00eancia.<\/p>\n<p style=\"text-align: justify;\"><strong>Como o plen\u00e1rio reagir\u00e1 se o seu sucessor tentar impor essa agenda ideol\u00f3gica?<\/strong><\/p>\n<p style=\"text-align: justify;\">Sempre h\u00e1 um limite para aquelas agendas que o governo quer. Da forma como Bolsonaro est\u00e1 entrando, com o Pal\u00e1cio recebendo parlamentares, oferecendo emendas, dessa forma muito escrachada, corre o risco de ter um ambiente menos confort\u00e1vel para as pautas relevantes.<\/p>\n<p style=\"text-align: justify;\"><strong>O que leva o sr. a crer que os deputados v\u00e3o abrir m\u00e3o de tantas benesses em nome de um discurso de independ\u00eancia?<\/strong><\/p>\n<p style=\"text-align: justify;\">Tenho certeza de que a maioria da C\u00e2mara entende que a valoriza\u00e7\u00e3o vale muito mais do que achar que parlamentares est\u00e3o \u00e0 venda. Se eles liberam emendas e acham que com isso o candidato do governo ganha, eles diminuem a import\u00e2ncia dos parlamentares. Esse troca-troca \u00e9 um atraso.<\/p>\n<p style=\"text-align: justify;\"><strong>O sr. entende que isso \u00e9 uma tentativa de compra de votos dos parlamentares?<\/strong><\/p>\n<p style=\"text-align: justify;\">Do ponto de vista do governo, d\u00e1 a impress\u00e3o de que eles acham que, criando um balc\u00e3o, v\u00e3o conseguir eleger o presidente da C\u00e2mara. Se essas pr\u00e1ticas prevalecerem, voc\u00ea ter\u00e1 um governo pressionado e chantageado de forma permanente.<\/p>\n<p style=\"text-align: justify;\"><strong>A elei\u00e7\u00e3o para a presid\u00eancia da C\u00e2mara \u00e9 mais um teste para a disputa de 2022?<\/strong><\/p>\n<p style=\"text-align: justify;\">Uma vit\u00f3ria do candidato do Bolsonaro o recoloca no processo pol\u00edtico. A principal derrota dele foi a ruptura dessa rede populista nacionalista internacional com a derrota do Trump (Donald Trump, presidente dos EUA). Depois, a sinaliza\u00e7\u00e3o das elei\u00e7\u00f5es municipais. E agora tem elei\u00e7\u00e3o da C\u00e2mara. O resultado vai ter um simbolismo.<\/p>\n<p style=\"text-align: justify;\"><strong>O ministro da Economia, Paulo Guedes, aposta em Arthur Lira para tocar sua agenda na C\u00e2mara. O que o sr. acha desse apoio?<\/strong><\/p>\n<p style=\"text-align: justify;\">Quem me deu a melhor frase sobre o ministro da Economia foi o pr\u00f3prio Arthur Lira. No in\u00edcio do governo, a gente teve uma conversa e o candidato do Bolsonaro disse para mim: &#8220;Rodrigo, esquece o Paulo Guedes, o Paulo \u00e9 um vendedor de redes.&#8221; De fato, tem que admitir que o candidato do Bolsonaro tem alguma vis\u00e3o de futuro. Parece que \u00e9 um vendedor de redes mesmo, n\u00e9? Nada acontece.<\/p>\n<p style=\"text-align: justify;\">\n<p style=\"text-align: justify;\"><em>Estad\u00e3o Conte\u00fado<\/em><\/p>\n","protected":false},"excerpt":{"rendered":"<p>O presidente da C\u00e2mara, Rodrigo Maia (DEM-RJ), disse que o maior erro pol\u00edtico cometido pelo governo at\u00e9 agora foi n\u00e3o se preparar para comprar a vacina contra o novo coronav\u00edrus. &#8220;Isso pode impactar o projeto de reelei\u00e7\u00e3o&#8221;, afirmou ele, numa refer\u00eancia aos planos do presidente Jair Bolsonaro para 2022. &#8220;Esse \u00e9 o tema que pode &hellip;<\/p>\n","protected":false},"author":2,"featured_media":60327,"comment_status":"open","ping_status":"open","sticky":false,"template":"","format":"standard","meta":{"content-type":"","rop_custom_images_group":[],"rop_custom_messages_group":[],"rop_publish_now":"initial","rop_publish_now_accounts":{"facebook_2648258775420054_1618374048415101":""},"rop_publish_now_history":[],"rop_publish_now_status":"pending","footnotes":"","_jetpack_memberships_contains_paid_content":false},"categories":[113],"tags":[8314,8315,8316,1966],"yoast_head":"<!-- This site is optimized with the Yoast SEO plugin v22.3 - https:\/\/yoast.com\/wordpress\/plugins\/seo\/ -->\n<title>Rodrigo Maia: &#039;Demora da vacina \u00e9 maior erro pol\u00edtico de Bolsonaro&#039;<\/title>\n<meta name=\"robots\" content=\"index, follow, max-snippet:-1, max-image-preview:large, max-video-preview:-1\" \/>\n<link rel=\"canonical\" href=\"https:\/\/portalnpm.com\/index.php\/2020\/12\/13\/rodrigo-maia-demora-da-vacina-e-maior-erro-politico-de-bolsonaro\/\" \/>\n<meta property=\"og:locale\" content=\"pt_BR\" \/>\n<meta property=\"og:type\" content=\"article\" \/>\n<meta property=\"og:title\" content=\"Rodrigo Maia: &#039;Demora da vacina \u00e9 maior erro pol\u00edtico de Bolsonaro&#039;\" \/>\n<meta property=\"og:description\" content=\"O presidente da C\u00e2mara, Rodrigo Maia (DEM-RJ), disse que o maior erro pol\u00edtico cometido pelo governo at\u00e9 agora foi n\u00e3o se preparar para comprar a vacina contra o novo coronav\u00edrus. &#8220;Isso pode impactar o projeto de reelei\u00e7\u00e3o&#8221;, afirmou ele, numa refer\u00eancia aos planos do presidente Jair Bolsonaro para 2022. &#8220;Esse \u00e9 o tema que pode &hellip;\" \/>\n<meta property=\"og:url\" content=\"https:\/\/portalnpm.com\/index.php\/2020\/12\/13\/rodrigo-maia-demora-da-vacina-e-maior-erro-politico-de-bolsonaro\/\" \/>\n<meta property=\"og:site_name\" content=\"Portal NPM\" \/>\n<meta property=\"article:published_time\" content=\"2020-12-13T11:37:25+00:00\" \/>\n<meta property=\"og:image\" content=\"https:\/\/portalnpm.com\/wp-content\/uploads\/2024\/01\/45ce7739e69d7f1782c2cf5ebd6f3404.jpg\" \/>\n\t<meta property=\"og:image:width\" content=\"790\" \/>\n\t<meta property=\"og:image:height\" content=\"527\" \/>\n\t<meta property=\"og:image:type\" content=\"image\/jpeg\" \/>\n<meta name=\"author\" content=\"Genival Barbosa\" \/>\n<meta name=\"twitter:card\" content=\"summary_large_image\" \/>\n<meta name=\"twitter:label1\" content=\"Escrito por\" \/>\n\t<meta name=\"twitter:data1\" content=\"Genival Barbosa\" \/>\n\t<meta name=\"twitter:label2\" content=\"Est. tempo de leitura\" \/>\n\t<meta name=\"twitter:data2\" content=\"6 minutos\" \/>\n<script type=\"application\/ld+json\" class=\"yoast-schema-graph\">{\"@context\":\"https:\/\/schema.org\",\"@graph\":[{\"@type\":\"WebPage\",\"@id\":\"https:\/\/portalnpm.com\/index.php\/2020\/12\/13\/rodrigo-maia-demora-da-vacina-e-maior-erro-politico-de-bolsonaro\/\",\"url\":\"https:\/\/portalnpm.com\/index.php\/2020\/12\/13\/rodrigo-maia-demora-da-vacina-e-maior-erro-politico-de-bolsonaro\/\",\"name\":\"Rodrigo Maia: 'Demora da vacina \u00e9 maior erro pol\u00edtico de Bolsonaro'\",\"isPartOf\":{\"@id\":\"https:\/\/portalnpm.com\/#website\"},\"primaryImageOfPage\":{\"@id\":\"https:\/\/portalnpm.com\/index.php\/2020\/12\/13\/rodrigo-maia-demora-da-vacina-e-maior-erro-politico-de-bolsonaro\/#primaryimage\"},\"image\":{\"@id\":\"https:\/\/portalnpm.com\/index.php\/2020\/12\/13\/rodrigo-maia-demora-da-vacina-e-maior-erro-politico-de-bolsonaro\/#primaryimage\"},\"thumbnailUrl\":\"https:\/\/portalnpm.com\/wp-content\/uploads\/2024\/01\/45ce7739e69d7f1782c2cf5ebd6f3404.jpg\",\"datePublished\":\"2020-12-13T11:37:25+00:00\",\"dateModified\":\"2020-12-13T11:37:25+00:00\",\"author\":{\"@id\":\"https:\/\/portalnpm.com\/#\/schema\/person\/49313e563cfdefcc167f1ee4c017c294\"},\"breadcrumb\":{\"@id\":\"https:\/\/portalnpm.com\/index.php\/2020\/12\/13\/rodrigo-maia-demora-da-vacina-e-maior-erro-politico-de-bolsonaro\/#breadcrumb\"},\"inLanguage\":\"pt-BR\",\"potentialAction\":[{\"@type\":\"ReadAction\",\"target\":[\"https:\/\/portalnpm.com\/index.php\/2020\/12\/13\/rodrigo-maia-demora-da-vacina-e-maior-erro-politico-de-bolsonaro\/\"]}]},{\"@type\":\"ImageObject\",\"inLanguage\":\"pt-BR\",\"@id\":\"https:\/\/portalnpm.com\/index.php\/2020\/12\/13\/rodrigo-maia-demora-da-vacina-e-maior-erro-politico-de-bolsonaro\/#primaryimage\",\"url\":\"https:\/\/portalnpm.com\/wp-content\/uploads\/2024\/01\/45ce7739e69d7f1782c2cf5ebd6f3404.jpg\",\"contentUrl\":\"https:\/\/portalnpm.com\/wp-content\/uploads\/2024\/01\/45ce7739e69d7f1782c2cf5ebd6f3404.jpg\",\"width\":790,\"height\":527},{\"@type\":\"BreadcrumbList\",\"@id\":\"https:\/\/portalnpm.com\/index.php\/2020\/12\/13\/rodrigo-maia-demora-da-vacina-e-maior-erro-politico-de-bolsonaro\/#breadcrumb\",\"itemListElement\":[{\"@type\":\"ListItem\",\"position\":1,\"name\":\"In\u00edcio\",\"item\":\"https:\/\/portalnpm.com\/\"},{\"@type\":\"ListItem\",\"position\":2,\"name\":\"Rodrigo Maia: &#8216;Demora da vacina \u00e9 maior erro pol\u00edtico de Bolsonaro&#8217;\"}]},{\"@type\":\"WebSite\",\"@id\":\"https:\/\/portalnpm.com\/#website\",\"url\":\"https:\/\/portalnpm.com\/\",\"name\":\"Portal NPM\",\"description\":\"Not\u00edcias em Primeira M\u00e3o\",\"potentialAction\":[{\"@type\":\"SearchAction\",\"target\":{\"@type\":\"EntryPoint\",\"urlTemplate\":\"https:\/\/portalnpm.com\/?s={search_term_string}\"},\"query-input\":\"required name=search_term_string\"}],\"inLanguage\":\"pt-BR\"},{\"@type\":\"Person\",\"@id\":\"https:\/\/portalnpm.com\/#\/schema\/person\/49313e563cfdefcc167f1ee4c017c294\",\"name\":\"Genival Barbosa\",\"image\":{\"@type\":\"ImageObject\",\"inLanguage\":\"pt-BR\",\"@id\":\"https:\/\/portalnpm.com\/#\/schema\/person\/image\/\",\"url\":\"https:\/\/portalnpm.com\/wp-content\/uploads\/2024\/02\/avatar_user_2_1707743258-96x96.jpeg\",\"contentUrl\":\"https:\/\/portalnpm.com\/wp-content\/uploads\/2024\/02\/avatar_user_2_1707743258-96x96.jpeg\",\"caption\":\"Genival Barbosa\"},\"url\":\"https:\/\/portalnpm.com\/index.php\/author\/genival\/\"}]}<\/script>\n<!-- \/ Yoast SEO plugin. -->","yoast_head_json":{"title":"Rodrigo Maia: 'Demora da vacina \u00e9 maior erro pol\u00edtico de Bolsonaro'","robots":{"index":"index","follow":"follow","max-snippet":"max-snippet:-1","max-image-preview":"max-image-preview:large","max-video-preview":"max-video-preview:-1"},"canonical":"https:\/\/portalnpm.com\/index.php\/2020\/12\/13\/rodrigo-maia-demora-da-vacina-e-maior-erro-politico-de-bolsonaro\/","og_locale":"pt_BR","og_type":"article","og_title":"Rodrigo Maia: 'Demora da vacina \u00e9 maior erro pol\u00edtico de Bolsonaro'","og_description":"O presidente da C\u00e2mara, Rodrigo Maia (DEM-RJ), disse que o maior erro pol\u00edtico cometido pelo governo at\u00e9 agora foi n\u00e3o se preparar para comprar a vacina contra o novo coronav\u00edrus. &#8220;Isso pode impactar o projeto de reelei\u00e7\u00e3o&#8221;, afirmou ele, numa refer\u00eancia aos planos do presidente Jair Bolsonaro para 2022. &#8220;Esse \u00e9 o tema que pode &hellip;","og_url":"https:\/\/portalnpm.com\/index.php\/2020\/12\/13\/rodrigo-maia-demora-da-vacina-e-maior-erro-politico-de-bolsonaro\/","og_site_name":"Portal NPM","article_published_time":"2020-12-13T11:37:25+00:00","og_image":[{"width":790,"height":527,"url":"https:\/\/portalnpm.com\/wp-content\/uploads\/2024\/01\/45ce7739e69d7f1782c2cf5ebd6f3404.jpg","type":"image\/jpeg"}],"author":"Genival Barbosa","twitter_card":"summary_large_image","twitter_misc":{"Escrito por":"Genival Barbosa","Est. tempo de leitura":"6 minutos"},"schema":{"@context":"https:\/\/schema.org","@graph":[{"@type":"WebPage","@id":"https:\/\/portalnpm.com\/index.php\/2020\/12\/13\/rodrigo-maia-demora-da-vacina-e-maior-erro-politico-de-bolsonaro\/","url":"https:\/\/portalnpm.com\/index.php\/2020\/12\/13\/rodrigo-maia-demora-da-vacina-e-maior-erro-politico-de-bolsonaro\/","name":"Rodrigo Maia: 'Demora da vacina \u00e9 maior erro pol\u00edtico de Bolsonaro'","isPartOf":{"@id":"https:\/\/portalnpm.com\/#website"},"primaryImageOfPage":{"@id":"https:\/\/portalnpm.com\/index.php\/2020\/12\/13\/rodrigo-maia-demora-da-vacina-e-maior-erro-politico-de-bolsonaro\/#primaryimage"},"image":{"@id":"https:\/\/portalnpm.com\/index.php\/2020\/12\/13\/rodrigo-maia-demora-da-vacina-e-maior-erro-politico-de-bolsonaro\/#primaryimage"},"thumbnailUrl":"https:\/\/portalnpm.com\/wp-content\/uploads\/2024\/01\/45ce7739e69d7f1782c2cf5ebd6f3404.jpg","datePublished":"2020-12-13T11:37:25+00:00","dateModified":"2020-12-13T11:37:25+00:00","author":{"@id":"https:\/\/portalnpm.com\/#\/schema\/person\/49313e563cfdefcc167f1ee4c017c294"},"breadcrumb":{"@id":"https:\/\/portalnpm.com\/index.php\/2020\/12\/13\/rodrigo-maia-demora-da-vacina-e-maior-erro-politico-de-bolsonaro\/#breadcrumb"},"inLanguage":"pt-BR","potentialAction":[{"@type":"ReadAction","target":["https:\/\/portalnpm.com\/index.php\/2020\/12\/13\/rodrigo-maia-demora-da-vacina-e-maior-erro-politico-de-bolsonaro\/"]}]},{"@type":"ImageObject","inLanguage":"pt-BR","@id":"https:\/\/portalnpm.com\/index.php\/2020\/12\/13\/rodrigo-maia-demora-da-vacina-e-maior-erro-politico-de-bolsonaro\/#primaryimage","url":"https:\/\/portalnpm.com\/wp-content\/uploads\/2024\/01\/45ce7739e69d7f1782c2cf5ebd6f3404.jpg","contentUrl":"https:\/\/portalnpm.com\/wp-content\/uploads\/2024\/01\/45ce7739e69d7f1782c2cf5ebd6f3404.jpg","width":790,"height":527},{"@type":"BreadcrumbList","@id":"https:\/\/portalnpm.com\/index.php\/2020\/12\/13\/rodrigo-maia-demora-da-vacina-e-maior-erro-politico-de-bolsonaro\/#breadcrumb","itemListElement":[{"@type":"ListItem","position":1,"name":"In\u00edcio","item":"https:\/\/portalnpm.com\/"},{"@type":"ListItem","position":2,"name":"Rodrigo Maia: &#8216;Demora da vacina \u00e9 maior erro pol\u00edtico de Bolsonaro&#8217;"}]},{"@type":"WebSite","@id":"https:\/\/portalnpm.com\/#website","url":"https:\/\/portalnpm.com\/","name":"Portal NPM","description":"Not\u00edcias em Primeira M\u00e3o","potentialAction":[{"@type":"SearchAction","target":{"@type":"EntryPoint","urlTemplate":"https:\/\/portalnpm.com\/?s={search_term_string}"},"query-input":"required name=search_term_string"}],"inLanguage":"pt-BR"},{"@type":"Person","@id":"https:\/\/portalnpm.com\/#\/schema\/person\/49313e563cfdefcc167f1ee4c017c294","name":"Genival Barbosa","image":{"@type":"ImageObject","inLanguage":"pt-BR","@id":"https:\/\/portalnpm.com\/#\/schema\/person\/image\/","url":"https:\/\/portalnpm.com\/wp-content\/uploads\/2024\/02\/avatar_user_2_1707743258-96x96.jpeg","contentUrl":"https:\/\/portalnpm.com\/wp-content\/uploads\/2024\/02\/avatar_user_2_1707743258-96x96.jpeg","caption":"Genival Barbosa"},"url":"https:\/\/portalnpm.com\/index.php\/author\/genival\/"}]}},"jetpack_sharing_enabled":true,"jetpack_featured_media_url":"https:\/\/portalnpm.com\/wp-content\/uploads\/2024\/01\/45ce7739e69d7f1782c2cf5ebd6f3404.jpg","_links":{"self":[{"href":"https:\/\/portalnpm.com\/index.php\/wp-json\/wp\/v2\/posts\/60326"}],"collection":[{"href":"https:\/\/portalnpm.com\/index.php\/wp-json\/wp\/v2\/posts"}],"about":[{"href":"https:\/\/portalnpm.com\/index.php\/wp-json\/wp\/v2\/types\/post"}],"author":[{"embeddable":true,"href":"https:\/\/portalnpm.com\/index.php\/wp-json\/wp\/v2\/users\/2"}],"replies":[{"embeddable":true,"href":"https:\/\/portalnpm.com\/index.php\/wp-json\/wp\/v2\/comments?post=60326"}],"version-history":[{"count":0,"href":"https:\/\/portalnpm.com\/index.php\/wp-json\/wp\/v2\/posts\/60326\/revisions"}],"wp:featuredmedia":[{"embeddable":true,"href":"https:\/\/portalnpm.com\/index.php\/wp-json\/wp\/v2\/media\/60327"}],"wp:attachment":[{"href":"https:\/\/portalnpm.com\/index.php\/wp-json\/wp\/v2\/media?parent=60326"}],"wp:term":[{"taxonomy":"category","embeddable":true,"href":"https:\/\/portalnpm.com\/index.php\/wp-json\/wp\/v2\/categories?post=60326"},{"taxonomy":"post_tag","embeddable":true,"href":"https:\/\/portalnpm.com\/index.php\/wp-json\/wp\/v2\/tags?post=60326"}],"curies":[{"name":"wp","href":"https:\/\/api.w.org\/{rel}","templated":true}]}}